{"id":29948,"date":"2025-07-07T17:23:22","date_gmt":"2025-07-07T15:23:22","guid":{"rendered":"https:\/\/www.lapurla.ch\/empowerment-von-familien-wie-gelingt-das-in-der-praxis"},"modified":"2025-07-07T17:33:35","modified_gmt":"2025-07-07T15:33:35","slug":"empowerment-von-familien-wie-gelingt-das-in-der-praxis","status":"publish","type":"post","link":"https:\/\/www.lapurla.ch\/it\/empowerment-von-familien-wie-gelingt-das-in-der-praxis","title":{"rendered":"Empowerment von Familien \u2013 Wie gelingt das in der Praxis? (2025)"},"content":{"rendered":"\n<p>Die Publikation von a:primo zeigt auf, wie eine ressourcenorientierte Begleitung Familien dabei unterst\u00fctzen kann, positive Ver\u00e4nderungen in ihrem Alltag zu erreichen.<\/p>\n\n\n\n<p>Acht Eltern, die am Programm schritt:weise teilgenommen haben, berichten in der Publikation \u00fcber ihre Erfahrungen. Sie teilen, was sie dazu motivierte, neue Wege in der Erziehung zu gehen, welche Unterst\u00fctzung sie als besonders hilfreich empfunden haben und welche Rahmenbedingungen entscheidend f\u00fcr sie waren. Ihre pers\u00f6nlichen Geschichten zeigen eindrucksvoll, wie Empowerment dabei hilft, das Handlungspotenzial und die Selbstbestimmung der Familien zu st\u00e4rken.<\/p>\n\n\n\n<p><a href=\"https:\/\/www.lapurla.ch\/wp-content\/uploads\/2025\/07\/a-primopublikationempowermentdefinal.pdf\">Zur Publikation<\/a><\/p>\n\n\n\n<p><a href=\"https:\/\/www.a-primo.ch\/de\">Mehr zu a:primo<\/a><\/p>\n","protected":false},"excerpt":{"rendered":"<p>Die Publikation von a:primo zeigt auf, wie eine ressourcenorientierte Begleitung Familien dabei unterst\u00fctzen kann, positive Ver\u00e4nderungen in ihrem Alltag zu erreichen. Acht Eltern, die am Programm schritt:weise teilgenommen haben, berichten in der Publikation \u00fcber ihre Erfahrungen. Sie teilen, was sie dazu motivierte, neue Wege in der Erziehung zu gehen, welche Unterst\u00fctzung sie als besonders hilfreich [&hellip;]<\/p>\n","protected":false},"author":5,"featured_media":29941,"comment_status":"closed","ping_status":"open","sticky":false,"template":"","format":"standard","meta":{"_acf_changed":false,"latitude":"","longitude":"","kurzbeschreibung":"","datum_von":"","footnotes":""},"categories":[5],"tags":[],"lapurla_category":[158],"class_list":["post-29948","post","type-post","status-publish","format-standard","has-post-thumbnail","hentry","category-non-categorizzato","lapurla_category-fachliche-grundlagen-it"],"acf":[],"yoast_head":"<!-- This site is optimized with the Yoast SEO plugin v27.2 - https:\/\/yoast.com\/product\/yoast-seo-wordpress\/ -->\n<title>Empowerment von Familien \u2013 Wie gelingt das in der Praxis? (2025) &#8211; Lapurla<\/title>\n<meta name=\"description\" content=\"Die Publikation von a:primo zeigt auf, wie eine ressourcenorientierte Begleitung Familien dabei unterst\u00fctzen kann, positive Ver\u00e4nderungen in ihrem Alltag zu erreichen.\" \/>\n<meta name=\"robots\" content=\"index, follow, max-snippet:-1, max-image-preview:large, max-video-preview:-1\" \/>\n<link rel=\"canonical\" href=\"https:\/\/www.lapurla.ch\/it\/empowerment-von-familien-wie-gelingt-das-in-der-praxis\" \/>\n<meta property=\"og:locale\" content=\"it_IT\" \/>\n<meta property=\"og:type\" content=\"article\" \/>\n<meta property=\"og:title\" content=\"Empowerment von Familien \u2013 Wie gelingt das in der Praxis? (2025) &#8211; Lapurla\" \/>\n<meta property=\"og:description\" content=\"Die Publikation von a:primo zeigt auf, wie eine ressourcenorientierte Begleitung Familien dabei unterst\u00fctzen kann, positive Ver\u00e4nderungen in ihrem Alltag zu erreichen.\" \/>\n<meta property=\"og:url\" content=\"https:\/\/www.lapurla.ch\/it\/empowerment-von-familien-wie-gelingt-das-in-der-praxis\" \/>\n<meta property=\"og:site_name\" content=\"Lapurla\" \/>\n<meta property=\"article:published_time\" content=\"2025-07-07T15:23:22+00:00\" \/>\n<meta property=\"article:modified_time\" content=\"2025-07-07T15:33:35+00:00\" \/>\n<meta property=\"og:image\" content=\"https:\/\/www.lapurla.ch\/wp-content\/uploads\/2025\/07\/LapurlaIconsPublikationenEmpowerment-von-Familien.png\" \/>\n\t<meta property=\"og:image:width\" content=\"1000\" \/>\n\t<meta property=\"og:image:height\" content=\"563\" \/>\n\t<meta property=\"og:image:type\" content=\"image\/png\" \/>\n<meta name=\"author\" content=\"Karin Kraus\" \/>\n<meta name=\"twitter:card\" content=\"summary_large_image\" \/>\n<meta name=\"twitter:label1\" content=\"Scritto da\" \/>\n\t<meta name=\"twitter:data1\" content=\"Karin Kraus\" \/>\n\t<meta name=\"twitter:label2\" content=\"Tempo di lettura stimato\" \/>\n\t<meta name=\"twitter:data2\" content=\"1 minuto\" \/>\n<script type=\"application\/ld+json\" class=\"yoast-schema-graph\">{\"@context\":\"https:\/\/schema.org\",\"@graph\":[{\"@type\":\"Article\",\"@id\":\"https:\/\/www.lapurla.ch\/it\/empowerment-von-familien-wie-gelingt-das-in-der-praxis#article\",\"isPartOf\":{\"@id\":\"https:\/\/www.lapurla.ch\/it\/empowerment-von-familien-wie-gelingt-das-in-der-praxis\"},\"author\":{\"name\":\"Karin Kraus\",\"@id\":\"https:\/\/www.lapurla.ch\/#\/schema\/person\/8f6bdc0c9c653ecf768d328f5c7ff511\"},\"headline\":\"Empowerment von Familien \u2013 Wie gelingt das in der Praxis? (2025)\",\"datePublished\":\"2025-07-07T15:23:22+00:00\",\"dateModified\":\"2025-07-07T15:33:35+00:00\",\"mainEntityOfPage\":{\"@id\":\"https:\/\/www.lapurla.ch\/it\/empowerment-von-familien-wie-gelingt-das-in-der-praxis\"},\"wordCount\":105,\"publisher\":{\"@id\":\"https:\/\/www.lapurla.ch\/#organization\"},\"image\":{\"@id\":\"https:\/\/www.lapurla.ch\/it\/empowerment-von-familien-wie-gelingt-das-in-der-praxis#primaryimage\"},\"thumbnailUrl\":\"https:\/\/www.lapurla.ch\/wp-content\/uploads\/2025\/07\/LapurlaIconsPublikationenEmpowerment-von-Familien.png\",\"articleSection\":[\"Non categorizzato\"],\"inLanguage\":\"it-IT\"},{\"@type\":\"WebPage\",\"@id\":\"https:\/\/www.lapurla.ch\/it\/empowerment-von-familien-wie-gelingt-das-in-der-praxis\",\"url\":\"https:\/\/www.lapurla.ch\/it\/empowerment-von-familien-wie-gelingt-das-in-der-praxis\",\"name\":\"Empowerment von Familien \u2013 Wie gelingt das in der Praxis? (2025) &#8211; Lapurla\",\"isPartOf\":{\"@id\":\"https:\/\/www.lapurla.ch\/#website\"},\"primaryImageOfPage\":{\"@id\":\"https:\/\/www.lapurla.ch\/it\/empowerment-von-familien-wie-gelingt-das-in-der-praxis#primaryimage\"},\"image\":{\"@id\":\"https:\/\/www.lapurla.ch\/it\/empowerment-von-familien-wie-gelingt-das-in-der-praxis#primaryimage\"},\"thumbnailUrl\":\"https:\/\/www.lapurla.ch\/wp-content\/uploads\/2025\/07\/LapurlaIconsPublikationenEmpowerment-von-Familien.png\",\"datePublished\":\"2025-07-07T15:23:22+00:00\",\"dateModified\":\"2025-07-07T15:33:35+00:00\",\"description\":\"Die Publikation von a:primo zeigt auf, wie eine ressourcenorientierte Begleitung Familien dabei unterst\u00fctzen kann, positive Ver\u00e4nderungen in ihrem Alltag zu erreichen.\",\"breadcrumb\":{\"@id\":\"https:\/\/www.lapurla.ch\/it\/empowerment-von-familien-wie-gelingt-das-in-der-praxis#breadcrumb\"},\"inLanguage\":\"it-IT\",\"potentialAction\":[{\"@type\":\"ReadAction\",\"target\":[\"https:\/\/www.lapurla.ch\/it\/empowerment-von-familien-wie-gelingt-das-in-der-praxis\"]}]},{\"@type\":\"ImageObject\",\"inLanguage\":\"it-IT\",\"@id\":\"https:\/\/www.lapurla.ch\/it\/empowerment-von-familien-wie-gelingt-das-in-der-praxis#primaryimage\",\"url\":\"https:\/\/www.lapurla.ch\/wp-content\/uploads\/2025\/07\/LapurlaIconsPublikationenEmpowerment-von-Familien.png\",\"contentUrl\":\"https:\/\/www.lapurla.ch\/wp-content\/uploads\/2025\/07\/LapurlaIconsPublikationenEmpowerment-von-Familien.png\",\"width\":1000,\"height\":563},{\"@type\":\"BreadcrumbList\",\"@id\":\"https:\/\/www.lapurla.ch\/it\/empowerment-von-familien-wie-gelingt-das-in-der-praxis#breadcrumb\",\"itemListElement\":[{\"@type\":\"ListItem\",\"position\":1,\"name\":\"Startseite\",\"item\":\"https:\/\/www.lapurla.ch\/it\"},{\"@type\":\"ListItem\",\"position\":2,\"name\":\"Empowerment von Familien \u2013 Wie gelingt das in der Praxis? (2025)\"}]},{\"@type\":\"WebSite\",\"@id\":\"https:\/\/www.lapurla.ch\/#website\",\"url\":\"https:\/\/www.lapurla.ch\/\",\"name\":\"Lapurla\",\"description\":\"\",\"publisher\":{\"@id\":\"https:\/\/www.lapurla.ch\/#organization\"},\"potentialAction\":[{\"@type\":\"SearchAction\",\"target\":{\"@type\":\"EntryPoint\",\"urlTemplate\":\"https:\/\/www.lapurla.ch\/?s={search_term_string}\"},\"query-input\":{\"@type\":\"PropertyValueSpecification\",\"valueRequired\":true,\"valueName\":\"search_term_string\"}}],\"inLanguage\":\"it-IT\"},{\"@type\":\"Organization\",\"@id\":\"https:\/\/www.lapurla.ch\/#organization\",\"name\":\"Lapurla\",\"url\":\"https:\/\/www.lapurla.ch\/\",\"logo\":{\"@type\":\"ImageObject\",\"inLanguage\":\"it-IT\",\"@id\":\"https:\/\/www.lapurla.ch\/#\/schema\/logo\/image\/\",\"url\":\"https:\/\/www.lapurla.ch\/wp-content\/uploads\/2022\/03\/cropped-favicon.png\",\"contentUrl\":\"https:\/\/www.lapurla.ch\/wp-content\/uploads\/2022\/03\/cropped-favicon.png\",\"width\":512,\"height\":512,\"caption\":\"Lapurla\"},\"image\":{\"@id\":\"https:\/\/www.lapurla.ch\/#\/schema\/logo\/image\/\"}},{\"@type\":\"Person\",\"@id\":\"https:\/\/www.lapurla.ch\/#\/schema\/person\/8f6bdc0c9c653ecf768d328f5c7ff511\",\"name\":\"Karin Kraus\",\"image\":{\"@type\":\"ImageObject\",\"inLanguage\":\"it-IT\",\"@id\":\"https:\/\/secure.gravatar.com\/avatar\/ab8a2fb78e2cb7d74fb8bcc625de7c798150fc258046abd14fee7557d356221a?s=96&d=mm&r=g\",\"url\":\"https:\/\/secure.gravatar.com\/avatar\/ab8a2fb78e2cb7d74fb8bcc625de7c798150fc258046abd14fee7557d356221a?s=96&d=mm&r=g\",\"contentUrl\":\"https:\/\/secure.gravatar.com\/avatar\/ab8a2fb78e2cb7d74fb8bcc625de7c798150fc258046abd14fee7557d356221a?s=96&d=mm&r=g\",\"caption\":\"Karin Kraus\"},\"url\":\"https:\/\/www.lapurla.ch\/it\/author\/kkraus\"}]}<\/script>\n<!-- \/ Yoast SEO plugin. -->","yoast_head_json":{"title":"Empowerment von Familien \u2013 Wie gelingt das in der Praxis? (2025) &#8211; Lapurla","description":"Die Publikation von a:primo zeigt auf, wie eine ressourcenorientierte Begleitung Familien dabei unterst\u00fctzen kann, positive Ver\u00e4nderungen in ihrem Alltag zu erreichen.","robots":{"index":"index","follow":"follow","max-snippet":"max-snippet:-1","max-image-preview":"max-image-preview:large","max-video-preview":"max-video-preview:-1"},"canonical":"https:\/\/www.lapurla.ch\/it\/empowerment-von-familien-wie-gelingt-das-in-der-praxis","og_locale":"it_IT","og_type":"article","og_title":"Empowerment von Familien \u2013 Wie gelingt das in der Praxis? (2025) &#8211; Lapurla","og_description":"Die Publikation von a:primo zeigt auf, wie eine ressourcenorientierte Begleitung Familien dabei unterst\u00fctzen kann, positive Ver\u00e4nderungen in ihrem Alltag zu erreichen.","og_url":"https:\/\/www.lapurla.ch\/it\/empowerment-von-familien-wie-gelingt-das-in-der-praxis","og_site_name":"Lapurla","article_published_time":"2025-07-07T15:23:22+00:00","article_modified_time":"2025-07-07T15:33:35+00:00","og_image":[{"width":1000,"height":563,"url":"https:\/\/www.lapurla.ch\/wp-content\/uploads\/2025\/07\/LapurlaIconsPublikationenEmpowerment-von-Familien.png","type":"image\/png"}],"author":"Karin Kraus","twitter_card":"summary_large_image","twitter_misc":{"Scritto da":"Karin Kraus","Tempo di lettura stimato":"1 minuto"},"schema":{"@context":"https:\/\/schema.org","@graph":[{"@type":"Article","@id":"https:\/\/www.lapurla.ch\/it\/empowerment-von-familien-wie-gelingt-das-in-der-praxis#article","isPartOf":{"@id":"https:\/\/www.lapurla.ch\/it\/empowerment-von-familien-wie-gelingt-das-in-der-praxis"},"author":{"name":"Karin Kraus","@id":"https:\/\/www.lapurla.ch\/#\/schema\/person\/8f6bdc0c9c653ecf768d328f5c7ff511"},"headline":"Empowerment von Familien \u2013 Wie gelingt das in der Praxis? (2025)","datePublished":"2025-07-07T15:23:22+00:00","dateModified":"2025-07-07T15:33:35+00:00","mainEntityOfPage":{"@id":"https:\/\/www.lapurla.ch\/it\/empowerment-von-familien-wie-gelingt-das-in-der-praxis"},"wordCount":105,"publisher":{"@id":"https:\/\/www.lapurla.ch\/#organization"},"image":{"@id":"https:\/\/www.lapurla.ch\/it\/empowerment-von-familien-wie-gelingt-das-in-der-praxis#primaryimage"},"thumbnailUrl":"https:\/\/www.lapurla.ch\/wp-content\/uploads\/2025\/07\/LapurlaIconsPublikationenEmpowerment-von-Familien.png","articleSection":["Non categorizzato"],"inLanguage":"it-IT"},{"@type":"WebPage","@id":"https:\/\/www.lapurla.ch\/it\/empowerment-von-familien-wie-gelingt-das-in-der-praxis","url":"https:\/\/www.lapurla.ch\/it\/empowerment-von-familien-wie-gelingt-das-in-der-praxis","name":"Empowerment von Familien \u2013 Wie gelingt das in der Praxis? (2025) &#8211; Lapurla","isPartOf":{"@id":"https:\/\/www.lapurla.ch\/#website"},"primaryImageOfPage":{"@id":"https:\/\/www.lapurla.ch\/it\/empowerment-von-familien-wie-gelingt-das-in-der-praxis#primaryimage"},"image":{"@id":"https:\/\/www.lapurla.ch\/it\/empowerment-von-familien-wie-gelingt-das-in-der-praxis#primaryimage"},"thumbnailUrl":"https:\/\/www.lapurla.ch\/wp-content\/uploads\/2025\/07\/LapurlaIconsPublikationenEmpowerment-von-Familien.png","datePublished":"2025-07-07T15:23:22+00:00","dateModified":"2025-07-07T15:33:35+00:00","description":"Die Publikation von a:primo zeigt auf, wie eine ressourcenorientierte Begleitung Familien dabei unterst\u00fctzen kann, positive Ver\u00e4nderungen in ihrem Alltag zu erreichen.","breadcrumb":{"@id":"https:\/\/www.lapurla.ch\/it\/empowerment-von-familien-wie-gelingt-das-in-der-praxis#breadcrumb"},"inLanguage":"it-IT","potentialAction":[{"@type":"ReadAction","target":["https:\/\/www.lapurla.ch\/it\/empowerment-von-familien-wie-gelingt-das-in-der-praxis"]}]},{"@type":"ImageObject","inLanguage":"it-IT","@id":"https:\/\/www.lapurla.ch\/it\/empowerment-von-familien-wie-gelingt-das-in-der-praxis#primaryimage","url":"https:\/\/www.lapurla.ch\/wp-content\/uploads\/2025\/07\/LapurlaIconsPublikationenEmpowerment-von-Familien.png","contentUrl":"https:\/\/www.lapurla.ch\/wp-content\/uploads\/2025\/07\/LapurlaIconsPublikationenEmpowerment-von-Familien.png","width":1000,"height":563},{"@type":"BreadcrumbList","@id":"https:\/\/www.lapurla.ch\/it\/empowerment-von-familien-wie-gelingt-das-in-der-praxis#breadcrumb","itemListElement":[{"@type":"ListItem","position":1,"name":"Startseite","item":"https:\/\/www.lapurla.ch\/it"},{"@type":"ListItem","position":2,"name":"Empowerment von Familien \u2013 Wie gelingt das in der Praxis? (2025)"}]},{"@type":"WebSite","@id":"https:\/\/www.lapurla.ch\/#website","url":"https:\/\/www.lapurla.ch\/","name":"Lapurla","description":"","publisher":{"@id":"https:\/\/www.lapurla.ch\/#organization"},"potentialAction":[{"@type":"SearchAction","target":{"@type":"EntryPoint","urlTemplate":"https:\/\/www.lapurla.ch\/?s={search_term_string}"},"query-input":{"@type":"PropertyValueSpecification","valueRequired":true,"valueName":"search_term_string"}}],"inLanguage":"it-IT"},{"@type":"Organization","@id":"https:\/\/www.lapurla.ch\/#organization","name":"Lapurla","url":"https:\/\/www.lapurla.ch\/","logo":{"@type":"ImageObject","inLanguage":"it-IT","@id":"https:\/\/www.lapurla.ch\/#\/schema\/logo\/image\/","url":"https:\/\/www.lapurla.ch\/wp-content\/uploads\/2022\/03\/cropped-favicon.png","contentUrl":"https:\/\/www.lapurla.ch\/wp-content\/uploads\/2022\/03\/cropped-favicon.png","width":512,"height":512,"caption":"Lapurla"},"image":{"@id":"https:\/\/www.lapurla.ch\/#\/schema\/logo\/image\/"}},{"@type":"Person","@id":"https:\/\/www.lapurla.ch\/#\/schema\/person\/8f6bdc0c9c653ecf768d328f5c7ff511","name":"Karin Kraus","image":{"@type":"ImageObject","inLanguage":"it-IT","@id":"https:\/\/secure.gravatar.com\/avatar\/ab8a2fb78e2cb7d74fb8bcc625de7c798150fc258046abd14fee7557d356221a?s=96&d=mm&r=g","url":"https:\/\/secure.gravatar.com\/avatar\/ab8a2fb78e2cb7d74fb8bcc625de7c798150fc258046abd14fee7557d356221a?s=96&d=mm&r=g","contentUrl":"https:\/\/secure.gravatar.com\/avatar\/ab8a2fb78e2cb7d74fb8bcc625de7c798150fc258046abd14fee7557d356221a?s=96&d=mm&r=g","caption":"Karin Kraus"},"url":"https:\/\/www.lapurla.ch\/it\/author\/kkraus"}]}},"_links":{"self":[{"href":"https:\/\/www.lapurla.ch\/it\/wp-json\/wp\/v2\/posts\/29948","targetHints":{"allow":["GET"]}}],"collection":[{"href":"https:\/\/www.lapurla.ch\/it\/wp-json\/wp\/v2\/posts"}],"about":[{"href":"https:\/\/www.lapurla.ch\/it\/wp-json\/wp\/v2\/types\/post"}],"author":[{"embeddable":true,"href":"https:\/\/www.lapurla.ch\/it\/wp-json\/wp\/v2\/users\/5"}],"replies":[{"embeddable":true,"href":"https:\/\/www.lapurla.ch\/it\/wp-json\/wp\/v2\/comments?post=29948"}],"version-history":[{"count":2,"href":"https:\/\/www.lapurla.ch\/it\/wp-json\/wp\/v2\/posts\/29948\/revisions"}],"predecessor-version":[{"id":29961,"href":"https:\/\/www.lapurla.ch\/it\/wp-json\/wp\/v2\/posts\/29948\/revisions\/29961"}],"wp:featuredmedia":[{"embeddable":true,"href":"https:\/\/www.lapurla.ch\/it\/wp-json\/wp\/v2\/media\/29941"}],"wp:attachment":[{"href":"https:\/\/www.lapurla.ch\/it\/wp-json\/wp\/v2\/media?parent=29948"}],"wp:term":[{"taxonomy":"category","embeddable":true,"href":"https:\/\/www.lapurla.ch\/it\/wp-json\/wp\/v2\/categories?post=29948"},{"taxonomy":"post_tag","embeddable":true,"href":"https:\/\/www.lapurla.ch\/it\/wp-json\/wp\/v2\/tags?post=29948"},{"taxonomy":"lapurla_category","embeddable":true,"href":"https:\/\/www.lapurla.ch\/it\/wp-json\/wp\/v2\/lapurla_category?post=29948"}],"curies":[{"name":"wp","href":"https:\/\/api.w.org\/{rel}","templated":true}]}}