{"id":15696,"date":"2022-06-28T17:45:21","date_gmt":"2022-06-28T15:45:21","guid":{"rendered":"https:\/\/www.lapurla.ch\/future-skills-vier-szenarien-fuer-morgen-und-was-wir-dafuer-koennen-muessen\/"},"modified":"2023-03-09T18:15:41","modified_gmt":"2023-03-09T17:15:41","slug":"future-skills-vier-szenarien-fuer-morgen-und-was-wir-dafuer-koennen-muessen","status":"publish","type":"post","link":"https:\/\/www.lapurla.ch\/it\/future-skills-vier-szenarien-fuer-morgen-und-was-wir-dafuer-koennen-muessen","title":{"rendered":"Competenze per il futuro &#8211; Quattro scenari per il domani e ci\u00f2 che dobbiamo essere in grado di fare (2020)"},"content":{"rendered":"\n<p>Was erwartet unsere Kinder? Die Zukunft scheint so ungewiss wie schon lange nicht mehr. Eltern und das Bildungswesen, welche Kinder und Jugendliche \u00abfit f\u00fcr die Zukunft\u00bb machen sollen, sind besonders herausgefordert. W\u00e4hrend \u00fcber Jahrzehnte von mehr Wohlstand, Fortschritt und Freiheit ausgegangen wurde, scheint die Zeit der Linearit\u00e4t endg\u00fcltig vorbei.<\/p>\n\n<p>Die neue GDI-Studie \u00abFuture Skills\u00bb entwirft vier Szenarien f\u00fcr das Jahr 2050 und leitet davon ab, welche F\u00e4higkeiten f\u00fcr diese Zuk\u00fcnfte notwendig sind. Lapurla schafft Formate und\u00a0Rahmenbedingungen, in denen diese\u00a0Kompetenzen ab der fr\u00fchen Kindheit ge\u00fcbt werden k\u00f6nnen:<\/p>\n\n<p><strong>Selbst-Kompetenzen<\/strong><\/p>\n\n<ul class=\"wp-block-list\">\n<li>Eigenantrieb &amp; Selbstverantwortung<\/li>\n\n\n\n<li>Anpassungsf\u00e4higkeit<\/li>\n\n\n\n<li>Introspektion und Reflexion eigener Gef\u00fchle, Bed\u00fcrfnisse und Interessen<\/li>\n<\/ul>\n\n<p><strong>Explorationswillen<\/strong><\/p>\n\n<ul class=\"wp-block-list\">\n<li>Neugier<\/li>\n\n\n\n<li>Kreativit\u00e4t &amp; Fantasie<\/li>\n\n\n\n<li>Formulierung von gesellschaftlichen Zielen<\/li>\n\n\n\n<li>K\u00fcnstlerische Ausdrucksf\u00e4higkeit<\/li>\n<\/ul>\n\n<p><strong>Werte<\/strong><\/p>\n\n<ul class=\"wp-block-list\">\n<li>Bereitschaft, sich f\u00fcr die Gemeinschaft zu engagieren<\/li>\n\n\n\n<li>Wertsch\u00e4tzung nicht-materieller Ressourcen<\/li>\n\n\n\n<li>Reflektieren\/Hinterfragen von gesellschaftlichen Wertvorstellungen<\/li>\n<\/ul>\n\n<p>Hrsg: Gottlieb Duttweiler Institut, 2020<\/p>\n\n<p><a href=\"https:\/\/gdi.ch\/en\/publications\/studies\/future-skills-pdf-2020-d#attr=\" target=\"_blank\" rel=\"noreferrer noopener\">Mehr Informationen<\/a><\/p>\n","protected":false},"excerpt":{"rendered":"<p>Die neue GDI-Studie \u00abFuture Skills\u00bb entwirft vier Szenarien f\u00fcr das Jahr 2050 und leitet davon ab, welche F\u00e4higkeiten f\u00fcr diese Zuk\u00fcnfte notwendig sind. <\/p>\n","protected":false},"author":5,"featured_media":6171,"comment_status":"open","ping_status":"open","sticky":false,"template":"","format":"standard","meta":{"_acf_changed":false,"latitude":"","longitude":"","kurzbeschreibung":"","datum_von":"","footnotes":""},"categories":[5],"tags":[],"lapurla_category":[154,156],"class_list":["post-15696","post","type-post","status-publish","format-standard","has-post-thumbnail","hentry","category-non-categorizzato","lapurla_category-publikationen-it","lapurla_category-politische-grundlagen-it"],"acf":[],"yoast_head":"<!-- This site is optimized with the Yoast SEO plugin v27.2 - https:\/\/yoast.com\/product\/yoast-seo-wordpress\/ -->\n<title>Competenze per il futuro - Quattro scenari per il domani e ci\u00f2 che dobbiamo essere in grado di fare (2020) &#8211; Lapurla<\/title>\n<meta name=\"robots\" content=\"index, follow, max-snippet:-1, max-image-preview:large, max-video-preview:-1\" \/>\n<link rel=\"canonical\" href=\"https:\/\/www.lapurla.ch\/it\/future-skills-vier-szenarien-fuer-morgen-und-was-wir-dafuer-koennen-muessen\" \/>\n<meta property=\"og:locale\" content=\"it_IT\" \/>\n<meta property=\"og:type\" content=\"article\" \/>\n<meta property=\"og:title\" content=\"Competenze per il futuro - Quattro scenari per il domani e ci\u00f2 che dobbiamo essere in grado di fare (2020) &#8211; Lapurla\" \/>\n<meta property=\"og:description\" content=\"Die neue GDI-Studie \u00abFuture Skills\u00bb entwirft vier Szenarien f\u00fcr das Jahr 2050 und leitet davon ab, welche F\u00e4higkeiten f\u00fcr diese Zuk\u00fcnfte notwendig sind.\" \/>\n<meta property=\"og:url\" content=\"https:\/\/www.lapurla.ch\/it\/future-skills-vier-szenarien-fuer-morgen-und-was-wir-dafuer-koennen-muessen\" \/>\n<meta property=\"og:site_name\" content=\"Lapurla\" \/>\n<meta property=\"article:published_time\" content=\"2022-06-28T15:45:21+00:00\" \/>\n<meta property=\"article:modified_time\" content=\"2023-03-09T17:15:41+00:00\" \/>\n<meta property=\"og:image\" content=\"https:\/\/www.lapurla.ch\/wp-content\/uploads\/2022\/07\/LapurlaFutureSkills.png\" \/>\n\t<meta property=\"og:image:width\" content=\"1000\" \/>\n\t<meta property=\"og:image:height\" content=\"563\" \/>\n\t<meta property=\"og:image:type\" content=\"image\/png\" \/>\n<meta name=\"author\" content=\"Karin Kraus\" \/>\n<meta name=\"twitter:card\" content=\"summary_large_image\" \/>\n<meta name=\"twitter:label1\" content=\"Scritto da\" \/>\n\t<meta name=\"twitter:data1\" content=\"Karin Kraus\" \/>\n\t<meta name=\"twitter:label2\" content=\"Tempo di lettura stimato\" \/>\n\t<meta name=\"twitter:data2\" content=\"1 minuto\" \/>\n<script type=\"application\/ld+json\" class=\"yoast-schema-graph\">{\"@context\":\"https:\/\/schema.org\",\"@graph\":[{\"@type\":\"Article\",\"@id\":\"https:\/\/www.lapurla.ch\/it\/future-skills-vier-szenarien-fuer-morgen-und-was-wir-dafuer-koennen-muessen#article\",\"isPartOf\":{\"@id\":\"https:\/\/www.lapurla.ch\/it\/future-skills-vier-szenarien-fuer-morgen-und-was-wir-dafuer-koennen-muessen\"},\"author\":{\"name\":\"Karin Kraus\",\"@id\":\"https:\/\/www.lapurla.ch\/#\/schema\/person\/8f6bdc0c9c653ecf768d328f5c7ff511\"},\"headline\":\"Competenze per il futuro &#8211; Quattro scenari per il domani e ci\u00f2 che dobbiamo essere in grado di fare (2020)\",\"datePublished\":\"2022-06-28T15:45:21+00:00\",\"dateModified\":\"2023-03-09T17:15:41+00:00\",\"mainEntityOfPage\":{\"@id\":\"https:\/\/www.lapurla.ch\/it\/future-skills-vier-szenarien-fuer-morgen-und-was-wir-dafuer-koennen-muessen\"},\"wordCount\":171,\"commentCount\":0,\"publisher\":{\"@id\":\"https:\/\/www.lapurla.ch\/#organization\"},\"image\":{\"@id\":\"https:\/\/www.lapurla.ch\/it\/future-skills-vier-szenarien-fuer-morgen-und-was-wir-dafuer-koennen-muessen#primaryimage\"},\"thumbnailUrl\":\"https:\/\/www.lapurla.ch\/wp-content\/uploads\/2022\/07\/LapurlaFutureSkills.png\",\"articleSection\":[\"Non categorizzato\"],\"inLanguage\":\"it-IT\",\"potentialAction\":[{\"@type\":\"CommentAction\",\"name\":\"Comment\",\"target\":[\"https:\/\/www.lapurla.ch\/it\/future-skills-vier-szenarien-fuer-morgen-und-was-wir-dafuer-koennen-muessen#respond\"]}]},{\"@type\":\"WebPage\",\"@id\":\"https:\/\/www.lapurla.ch\/it\/future-skills-vier-szenarien-fuer-morgen-und-was-wir-dafuer-koennen-muessen\",\"url\":\"https:\/\/www.lapurla.ch\/it\/future-skills-vier-szenarien-fuer-morgen-und-was-wir-dafuer-koennen-muessen\",\"name\":\"Competenze per il futuro - Quattro scenari per il domani e ci\u00f2 che dobbiamo essere in grado di fare (2020) &#8211; Lapurla\",\"isPartOf\":{\"@id\":\"https:\/\/www.lapurla.ch\/#website\"},\"primaryImageOfPage\":{\"@id\":\"https:\/\/www.lapurla.ch\/it\/future-skills-vier-szenarien-fuer-morgen-und-was-wir-dafuer-koennen-muessen#primaryimage\"},\"image\":{\"@id\":\"https:\/\/www.lapurla.ch\/it\/future-skills-vier-szenarien-fuer-morgen-und-was-wir-dafuer-koennen-muessen#primaryimage\"},\"thumbnailUrl\":\"https:\/\/www.lapurla.ch\/wp-content\/uploads\/2022\/07\/LapurlaFutureSkills.png\",\"datePublished\":\"2022-06-28T15:45:21+00:00\",\"dateModified\":\"2023-03-09T17:15:41+00:00\",\"breadcrumb\":{\"@id\":\"https:\/\/www.lapurla.ch\/it\/future-skills-vier-szenarien-fuer-morgen-und-was-wir-dafuer-koennen-muessen#breadcrumb\"},\"inLanguage\":\"it-IT\",\"potentialAction\":[{\"@type\":\"ReadAction\",\"target\":[\"https:\/\/www.lapurla.ch\/it\/future-skills-vier-szenarien-fuer-morgen-und-was-wir-dafuer-koennen-muessen\"]}]},{\"@type\":\"ImageObject\",\"inLanguage\":\"it-IT\",\"@id\":\"https:\/\/www.lapurla.ch\/it\/future-skills-vier-szenarien-fuer-morgen-und-was-wir-dafuer-koennen-muessen#primaryimage\",\"url\":\"https:\/\/www.lapurla.ch\/wp-content\/uploads\/2022\/07\/LapurlaFutureSkills.png\",\"contentUrl\":\"https:\/\/www.lapurla.ch\/wp-content\/uploads\/2022\/07\/LapurlaFutureSkills.png\",\"width\":1000,\"height\":563},{\"@type\":\"BreadcrumbList\",\"@id\":\"https:\/\/www.lapurla.ch\/it\/future-skills-vier-szenarien-fuer-morgen-und-was-wir-dafuer-koennen-muessen#breadcrumb\",\"itemListElement\":[{\"@type\":\"ListItem\",\"position\":1,\"name\":\"Startseite\",\"item\":\"https:\/\/www.lapurla.ch\/it\"},{\"@type\":\"ListItem\",\"position\":2,\"name\":\"Competenze per il futuro &#8211; Quattro scenari per il domani e ci\u00f2 che dobbiamo essere in grado di fare (2020)\"}]},{\"@type\":\"WebSite\",\"@id\":\"https:\/\/www.lapurla.ch\/#website\",\"url\":\"https:\/\/www.lapurla.ch\/\",\"name\":\"Lapurla\",\"description\":\"\",\"publisher\":{\"@id\":\"https:\/\/www.lapurla.ch\/#organization\"},\"potentialAction\":[{\"@type\":\"SearchAction\",\"target\":{\"@type\":\"EntryPoint\",\"urlTemplate\":\"https:\/\/www.lapurla.ch\/?s={search_term_string}\"},\"query-input\":{\"@type\":\"PropertyValueSpecification\",\"valueRequired\":true,\"valueName\":\"search_term_string\"}}],\"inLanguage\":\"it-IT\"},{\"@type\":\"Organization\",\"@id\":\"https:\/\/www.lapurla.ch\/#organization\",\"name\":\"Lapurla\",\"url\":\"https:\/\/www.lapurla.ch\/\",\"logo\":{\"@type\":\"ImageObject\",\"inLanguage\":\"it-IT\",\"@id\":\"https:\/\/www.lapurla.ch\/#\/schema\/logo\/image\/\",\"url\":\"https:\/\/www.lapurla.ch\/wp-content\/uploads\/2022\/03\/cropped-favicon.png\",\"contentUrl\":\"https:\/\/www.lapurla.ch\/wp-content\/uploads\/2022\/03\/cropped-favicon.png\",\"width\":512,\"height\":512,\"caption\":\"Lapurla\"},\"image\":{\"@id\":\"https:\/\/www.lapurla.ch\/#\/schema\/logo\/image\/\"}},{\"@type\":\"Person\",\"@id\":\"https:\/\/www.lapurla.ch\/#\/schema\/person\/8f6bdc0c9c653ecf768d328f5c7ff511\",\"name\":\"Karin Kraus\",\"image\":{\"@type\":\"ImageObject\",\"inLanguage\":\"it-IT\",\"@id\":\"https:\/\/secure.gravatar.com\/avatar\/ab8a2fb78e2cb7d74fb8bcc625de7c798150fc258046abd14fee7557d356221a?s=96&d=mm&r=g\",\"url\":\"https:\/\/secure.gravatar.com\/avatar\/ab8a2fb78e2cb7d74fb8bcc625de7c798150fc258046abd14fee7557d356221a?s=96&d=mm&r=g\",\"contentUrl\":\"https:\/\/secure.gravatar.com\/avatar\/ab8a2fb78e2cb7d74fb8bcc625de7c798150fc258046abd14fee7557d356221a?s=96&d=mm&r=g\",\"caption\":\"Karin Kraus\"},\"url\":\"https:\/\/www.lapurla.ch\/it\/author\/kkraus\"}]}<\/script>\n<!-- \/ Yoast SEO plugin. -->","yoast_head_json":{"title":"Competenze per il futuro - Quattro scenari per il domani e ci\u00f2 che dobbiamo essere in grado di fare (2020) &#8211; Lapurla","robots":{"index":"index","follow":"follow","max-snippet":"max-snippet:-1","max-image-preview":"max-image-preview:large","max-video-preview":"max-video-preview:-1"},"canonical":"https:\/\/www.lapurla.ch\/it\/future-skills-vier-szenarien-fuer-morgen-und-was-wir-dafuer-koennen-muessen","og_locale":"it_IT","og_type":"article","og_title":"Competenze per il futuro - Quattro scenari per il domani e ci\u00f2 che dobbiamo essere in grado di fare (2020) &#8211; Lapurla","og_description":"Die neue GDI-Studie \u00abFuture Skills\u00bb entwirft vier Szenarien f\u00fcr das Jahr 2050 und leitet davon ab, welche F\u00e4higkeiten f\u00fcr diese Zuk\u00fcnfte notwendig sind.","og_url":"https:\/\/www.lapurla.ch\/it\/future-skills-vier-szenarien-fuer-morgen-und-was-wir-dafuer-koennen-muessen","og_site_name":"Lapurla","article_published_time":"2022-06-28T15:45:21+00:00","article_modified_time":"2023-03-09T17:15:41+00:00","og_image":[{"width":1000,"height":563,"url":"https:\/\/www.lapurla.ch\/wp-content\/uploads\/2022\/07\/LapurlaFutureSkills.png","type":"image\/png"}],"author":"Karin Kraus","twitter_card":"summary_large_image","twitter_misc":{"Scritto da":"Karin Kraus","Tempo di lettura stimato":"1 minuto"},"schema":{"@context":"https:\/\/schema.org","@graph":[{"@type":"Article","@id":"https:\/\/www.lapurla.ch\/it\/future-skills-vier-szenarien-fuer-morgen-und-was-wir-dafuer-koennen-muessen#article","isPartOf":{"@id":"https:\/\/www.lapurla.ch\/it\/future-skills-vier-szenarien-fuer-morgen-und-was-wir-dafuer-koennen-muessen"},"author":{"name":"Karin Kraus","@id":"https:\/\/www.lapurla.ch\/#\/schema\/person\/8f6bdc0c9c653ecf768d328f5c7ff511"},"headline":"Competenze per il futuro &#8211; Quattro scenari per il domani e ci\u00f2 che dobbiamo essere in grado di fare (2020)","datePublished":"2022-06-28T15:45:21+00:00","dateModified":"2023-03-09T17:15:41+00:00","mainEntityOfPage":{"@id":"https:\/\/www.lapurla.ch\/it\/future-skills-vier-szenarien-fuer-morgen-und-was-wir-dafuer-koennen-muessen"},"wordCount":171,"commentCount":0,"publisher":{"@id":"https:\/\/www.lapurla.ch\/#organization"},"image":{"@id":"https:\/\/www.lapurla.ch\/it\/future-skills-vier-szenarien-fuer-morgen-und-was-wir-dafuer-koennen-muessen#primaryimage"},"thumbnailUrl":"https:\/\/www.lapurla.ch\/wp-content\/uploads\/2022\/07\/LapurlaFutureSkills.png","articleSection":["Non categorizzato"],"inLanguage":"it-IT","potentialAction":[{"@type":"CommentAction","name":"Comment","target":["https:\/\/www.lapurla.ch\/it\/future-skills-vier-szenarien-fuer-morgen-und-was-wir-dafuer-koennen-muessen#respond"]}]},{"@type":"WebPage","@id":"https:\/\/www.lapurla.ch\/it\/future-skills-vier-szenarien-fuer-morgen-und-was-wir-dafuer-koennen-muessen","url":"https:\/\/www.lapurla.ch\/it\/future-skills-vier-szenarien-fuer-morgen-und-was-wir-dafuer-koennen-muessen","name":"Competenze per il futuro - Quattro scenari per il domani e ci\u00f2 che dobbiamo essere in grado di fare (2020) &#8211; Lapurla","isPartOf":{"@id":"https:\/\/www.lapurla.ch\/#website"},"primaryImageOfPage":{"@id":"https:\/\/www.lapurla.ch\/it\/future-skills-vier-szenarien-fuer-morgen-und-was-wir-dafuer-koennen-muessen#primaryimage"},"image":{"@id":"https:\/\/www.lapurla.ch\/it\/future-skills-vier-szenarien-fuer-morgen-und-was-wir-dafuer-koennen-muessen#primaryimage"},"thumbnailUrl":"https:\/\/www.lapurla.ch\/wp-content\/uploads\/2022\/07\/LapurlaFutureSkills.png","datePublished":"2022-06-28T15:45:21+00:00","dateModified":"2023-03-09T17:15:41+00:00","breadcrumb":{"@id":"https:\/\/www.lapurla.ch\/it\/future-skills-vier-szenarien-fuer-morgen-und-was-wir-dafuer-koennen-muessen#breadcrumb"},"inLanguage":"it-IT","potentialAction":[{"@type":"ReadAction","target":["https:\/\/www.lapurla.ch\/it\/future-skills-vier-szenarien-fuer-morgen-und-was-wir-dafuer-koennen-muessen"]}]},{"@type":"ImageObject","inLanguage":"it-IT","@id":"https:\/\/www.lapurla.ch\/it\/future-skills-vier-szenarien-fuer-morgen-und-was-wir-dafuer-koennen-muessen#primaryimage","url":"https:\/\/www.lapurla.ch\/wp-content\/uploads\/2022\/07\/LapurlaFutureSkills.png","contentUrl":"https:\/\/www.lapurla.ch\/wp-content\/uploads\/2022\/07\/LapurlaFutureSkills.png","width":1000,"height":563},{"@type":"BreadcrumbList","@id":"https:\/\/www.lapurla.ch\/it\/future-skills-vier-szenarien-fuer-morgen-und-was-wir-dafuer-koennen-muessen#breadcrumb","itemListElement":[{"@type":"ListItem","position":1,"name":"Startseite","item":"https:\/\/www.lapurla.ch\/it"},{"@type":"ListItem","position":2,"name":"Competenze per il futuro &#8211; Quattro scenari per il domani e ci\u00f2 che dobbiamo essere in grado di fare (2020)"}]},{"@type":"WebSite","@id":"https:\/\/www.lapurla.ch\/#website","url":"https:\/\/www.lapurla.ch\/","name":"Lapurla","description":"","publisher":{"@id":"https:\/\/www.lapurla.ch\/#organization"},"potentialAction":[{"@type":"SearchAction","target":{"@type":"EntryPoint","urlTemplate":"https:\/\/www.lapurla.ch\/?s={search_term_string}"},"query-input":{"@type":"PropertyValueSpecification","valueRequired":true,"valueName":"search_term_string"}}],"inLanguage":"it-IT"},{"@type":"Organization","@id":"https:\/\/www.lapurla.ch\/#organization","name":"Lapurla","url":"https:\/\/www.lapurla.ch\/","logo":{"@type":"ImageObject","inLanguage":"it-IT","@id":"https:\/\/www.lapurla.ch\/#\/schema\/logo\/image\/","url":"https:\/\/www.lapurla.ch\/wp-content\/uploads\/2022\/03\/cropped-favicon.png","contentUrl":"https:\/\/www.lapurla.ch\/wp-content\/uploads\/2022\/03\/cropped-favicon.png","width":512,"height":512,"caption":"Lapurla"},"image":{"@id":"https:\/\/www.lapurla.ch\/#\/schema\/logo\/image\/"}},{"@type":"Person","@id":"https:\/\/www.lapurla.ch\/#\/schema\/person\/8f6bdc0c9c653ecf768d328f5c7ff511","name":"Karin Kraus","image":{"@type":"ImageObject","inLanguage":"it-IT","@id":"https:\/\/secure.gravatar.com\/avatar\/ab8a2fb78e2cb7d74fb8bcc625de7c798150fc258046abd14fee7557d356221a?s=96&d=mm&r=g","url":"https:\/\/secure.gravatar.com\/avatar\/ab8a2fb78e2cb7d74fb8bcc625de7c798150fc258046abd14fee7557d356221a?s=96&d=mm&r=g","contentUrl":"https:\/\/secure.gravatar.com\/avatar\/ab8a2fb78e2cb7d74fb8bcc625de7c798150fc258046abd14fee7557d356221a?s=96&d=mm&r=g","caption":"Karin Kraus"},"url":"https:\/\/www.lapurla.ch\/it\/author\/kkraus"}]}},"_links":{"self":[{"href":"https:\/\/www.lapurla.ch\/it\/wp-json\/wp\/v2\/posts\/15696","targetHints":{"allow":["GET"]}}],"collection":[{"href":"https:\/\/www.lapurla.ch\/it\/wp-json\/wp\/v2\/posts"}],"about":[{"href":"https:\/\/www.lapurla.ch\/it\/wp-json\/wp\/v2\/types\/post"}],"author":[{"embeddable":true,"href":"https:\/\/www.lapurla.ch\/it\/wp-json\/wp\/v2\/users\/5"}],"replies":[{"embeddable":true,"href":"https:\/\/www.lapurla.ch\/it\/wp-json\/wp\/v2\/comments?post=15696"}],"version-history":[{"count":4,"href":"https:\/\/www.lapurla.ch\/it\/wp-json\/wp\/v2\/posts\/15696\/revisions"}],"predecessor-version":[{"id":15707,"href":"https:\/\/www.lapurla.ch\/it\/wp-json\/wp\/v2\/posts\/15696\/revisions\/15707"}],"wp:featuredmedia":[{"embeddable":true,"href":"https:\/\/www.lapurla.ch\/it\/wp-json\/wp\/v2\/media\/6171"}],"wp:attachment":[{"href":"https:\/\/www.lapurla.ch\/it\/wp-json\/wp\/v2\/media?parent=15696"}],"wp:term":[{"taxonomy":"category","embeddable":true,"href":"https:\/\/www.lapurla.ch\/it\/wp-json\/wp\/v2\/categories?post=15696"},{"taxonomy":"post_tag","embeddable":true,"href":"https:\/\/www.lapurla.ch\/it\/wp-json\/wp\/v2\/tags?post=15696"},{"taxonomy":"lapurla_category","embeddable":true,"href":"https:\/\/www.lapurla.ch\/it\/wp-json\/wp\/v2\/lapurla_category?post=15696"}],"curies":[{"name":"wp","href":"https:\/\/api.w.org\/{rel}","templated":true}]}}