{"id":11076,"date":"2022-06-28T18:07:07","date_gmt":"2022-06-28T16:07:07","guid":{"rendered":"https:\/\/lapurla.ch\/?p=11076"},"modified":"2022-09-07T23:01:58","modified_gmt":"2022-09-07T21:01:58","slug":"messaggio-federale-sulla-cultura-2016-2020","status":"publish","type":"post","link":"https:\/\/www.lapurla.ch\/it\/messaggio-federale-sulla-cultura-2016-2020","title":{"rendered":"Messaggio federale sulla cultura 2016-2020"},"content":{"rendered":"\n<p>Il rafforzamento della partecipazione culturale \u00e8 uno dei tre pilastri strategici della politica culturale della Confederazione. Rafforzare la partecipazione culturale significa stimolare un confronto individuale e collettivo con la cultura e una collaborazione attiva alla vita culturale. Chi partecipa alla vita culturale acquisisce consapevolezza delle proprie radici culturali, sviluppa una propria identit\u00e0 culturale e contribuisce cos\u00ec alla pluralit\u00e0 culturale della Svizzera.<\/p>\n\n\n\n<p><a href=\"http:\/\/www.bak.admin.ch\/bak\/de\/home\/sprachen-und-gesellschaft\/kulturelle-teilhabe.html\" target=\"_blank\" rel=\"noreferrer noopener\"><strong>Messaggio federale sulla cultura 2016-2020<\/strong><\/a><\/p>\n","protected":false},"excerpt":{"rendered":"<p>Il rafforzamento della partecipazione culturale \u00e8 uno dei tre pilastri strategici della politica culturale della Confederazione. Rafforzare la partecipazione culturale significa stimolare un confronto individuale e collettivo con la cultura e una collaborazione attiva alla vita culturale. Chi partecipa alla vita culturale acquisisce consapevolezza delle proprie radici culturali, sviluppa una propria identit\u00e0 culturale e contribuisce [&hellip;]<\/p>\n","protected":false},"author":5,"featured_media":7669,"comment_status":"open","ping_status":"open","sticky":false,"template":"","format":"standard","meta":{"_acf_changed":false,"latitude":"","longitude":"","kurzbeschreibung":"","datum_von":"","footnotes":""},"categories":[5],"tags":[],"lapurla_category":[154,156],"class_list":["post-11076","post","type-post","status-publish","format-standard","has-post-thumbnail","hentry","category-non-categorizzato","lapurla_category-publikationen-it","lapurla_category-politische-grundlagen-it"],"acf":[],"yoast_head":"<!-- This site is optimized with the Yoast SEO plugin v27.2 - https:\/\/yoast.com\/product\/yoast-seo-wordpress\/ -->\n<title>Messaggio federale sulla cultura 2016-2020 &#8211; Lapurla<\/title>\n<meta name=\"robots\" content=\"index, follow, max-snippet:-1, max-image-preview:large, max-video-preview:-1\" \/>\n<link rel=\"canonical\" href=\"https:\/\/www.lapurla.ch\/it\/messaggio-federale-sulla-cultura-2016-2020\" \/>\n<meta property=\"og:locale\" content=\"it_IT\" \/>\n<meta property=\"og:type\" content=\"article\" \/>\n<meta property=\"og:title\" content=\"Messaggio federale sulla cultura 2016-2020 &#8211; Lapurla\" \/>\n<meta property=\"og:description\" content=\"Il rafforzamento della partecipazione culturale \u00e8 uno dei tre pilastri strategici della politica culturale della Confederazione. Rafforzare la partecipazione culturale significa stimolare un confronto individuale e collettivo con la cultura e una collaborazione attiva alla vita culturale. Chi partecipa alla vita culturale acquisisce consapevolezza delle proprie radici culturali, sviluppa una propria identit\u00e0 culturale e contribuisce [&hellip;]\" \/>\n<meta property=\"og:url\" content=\"https:\/\/www.lapurla.ch\/it\/messaggio-federale-sulla-cultura-2016-2020\" \/>\n<meta property=\"og:site_name\" content=\"Lapurla\" \/>\n<meta property=\"article:published_time\" content=\"2022-06-28T16:07:07+00:00\" \/>\n<meta property=\"article:modified_time\" content=\"2022-09-07T21:01:58+00:00\" \/>\n<meta property=\"og:image\" content=\"https:\/\/www.lapurla.ch\/wp-content\/uploads\/2022\/06\/LapurlaPublikationenBAK.png\" \/>\n\t<meta property=\"og:image:width\" content=\"1000\" \/>\n\t<meta property=\"og:image:height\" content=\"563\" \/>\n\t<meta property=\"og:image:type\" content=\"image\/png\" \/>\n<meta name=\"author\" content=\"Karin Kraus\" \/>\n<meta name=\"twitter:card\" content=\"summary_large_image\" \/>\n<meta name=\"twitter:label1\" content=\"Scritto da\" \/>\n\t<meta name=\"twitter:data1\" content=\"Karin Kraus\" \/>\n<script type=\"application\/ld+json\" class=\"yoast-schema-graph\">{\"@context\":\"https:\/\/schema.org\",\"@graph\":[{\"@type\":\"Article\",\"@id\":\"https:\/\/www.lapurla.ch\/it\/messaggio-federale-sulla-cultura-2016-2020#article\",\"isPartOf\":{\"@id\":\"https:\/\/www.lapurla.ch\/it\/messaggio-federale-sulla-cultura-2016-2020\"},\"author\":{\"name\":\"Karin Kraus\",\"@id\":\"https:\/\/www.lapurla.ch\/#\/schema\/person\/8f6bdc0c9c653ecf768d328f5c7ff511\"},\"headline\":\"Messaggio federale sulla cultura 2016-2020\",\"datePublished\":\"2022-06-28T16:07:07+00:00\",\"dateModified\":\"2022-09-07T21:01:58+00:00\",\"mainEntityOfPage\":{\"@id\":\"https:\/\/www.lapurla.ch\/it\/messaggio-federale-sulla-cultura-2016-2020\"},\"wordCount\":70,\"commentCount\":0,\"publisher\":{\"@id\":\"https:\/\/www.lapurla.ch\/#organization\"},\"image\":{\"@id\":\"https:\/\/www.lapurla.ch\/it\/messaggio-federale-sulla-cultura-2016-2020#primaryimage\"},\"thumbnailUrl\":\"https:\/\/www.lapurla.ch\/wp-content\/uploads\/2022\/06\/LapurlaPublikationenBAK.png\",\"articleSection\":[\"Non categorizzato\"],\"inLanguage\":\"it-IT\",\"potentialAction\":[{\"@type\":\"CommentAction\",\"name\":\"Comment\",\"target\":[\"https:\/\/www.lapurla.ch\/it\/messaggio-federale-sulla-cultura-2016-2020#respond\"]}]},{\"@type\":\"WebPage\",\"@id\":\"https:\/\/www.lapurla.ch\/it\/messaggio-federale-sulla-cultura-2016-2020\",\"url\":\"https:\/\/www.lapurla.ch\/it\/messaggio-federale-sulla-cultura-2016-2020\",\"name\":\"Messaggio federale sulla cultura 2016-2020 &#8211; Lapurla\",\"isPartOf\":{\"@id\":\"https:\/\/www.lapurla.ch\/#website\"},\"primaryImageOfPage\":{\"@id\":\"https:\/\/www.lapurla.ch\/it\/messaggio-federale-sulla-cultura-2016-2020#primaryimage\"},\"image\":{\"@id\":\"https:\/\/www.lapurla.ch\/it\/messaggio-federale-sulla-cultura-2016-2020#primaryimage\"},\"thumbnailUrl\":\"https:\/\/www.lapurla.ch\/wp-content\/uploads\/2022\/06\/LapurlaPublikationenBAK.png\",\"datePublished\":\"2022-06-28T16:07:07+00:00\",\"dateModified\":\"2022-09-07T21:01:58+00:00\",\"breadcrumb\":{\"@id\":\"https:\/\/www.lapurla.ch\/it\/messaggio-federale-sulla-cultura-2016-2020#breadcrumb\"},\"inLanguage\":\"it-IT\",\"potentialAction\":[{\"@type\":\"ReadAction\",\"target\":[\"https:\/\/www.lapurla.ch\/it\/messaggio-federale-sulla-cultura-2016-2020\"]}]},{\"@type\":\"ImageObject\",\"inLanguage\":\"it-IT\",\"@id\":\"https:\/\/www.lapurla.ch\/it\/messaggio-federale-sulla-cultura-2016-2020#primaryimage\",\"url\":\"https:\/\/www.lapurla.ch\/wp-content\/uploads\/2022\/06\/LapurlaPublikationenBAK.png\",\"contentUrl\":\"https:\/\/www.lapurla.ch\/wp-content\/uploads\/2022\/06\/LapurlaPublikationenBAK.png\",\"width\":1000,\"height\":563},{\"@type\":\"BreadcrumbList\",\"@id\":\"https:\/\/www.lapurla.ch\/it\/messaggio-federale-sulla-cultura-2016-2020#breadcrumb\",\"itemListElement\":[{\"@type\":\"ListItem\",\"position\":1,\"name\":\"Startseite\",\"item\":\"https:\/\/www.lapurla.ch\/it\"},{\"@type\":\"ListItem\",\"position\":2,\"name\":\"Messaggio federale sulla cultura 2016-2020\"}]},{\"@type\":\"WebSite\",\"@id\":\"https:\/\/www.lapurla.ch\/#website\",\"url\":\"https:\/\/www.lapurla.ch\/\",\"name\":\"Lapurla\",\"description\":\"\",\"publisher\":{\"@id\":\"https:\/\/www.lapurla.ch\/#organization\"},\"potentialAction\":[{\"@type\":\"SearchAction\",\"target\":{\"@type\":\"EntryPoint\",\"urlTemplate\":\"https:\/\/www.lapurla.ch\/?s={search_term_string}\"},\"query-input\":{\"@type\":\"PropertyValueSpecification\",\"valueRequired\":true,\"valueName\":\"search_term_string\"}}],\"inLanguage\":\"it-IT\"},{\"@type\":\"Organization\",\"@id\":\"https:\/\/www.lapurla.ch\/#organization\",\"name\":\"Lapurla\",\"url\":\"https:\/\/www.lapurla.ch\/\",\"logo\":{\"@type\":\"ImageObject\",\"inLanguage\":\"it-IT\",\"@id\":\"https:\/\/www.lapurla.ch\/#\/schema\/logo\/image\/\",\"url\":\"https:\/\/www.lapurla.ch\/wp-content\/uploads\/2022\/03\/cropped-favicon.png\",\"contentUrl\":\"https:\/\/www.lapurla.ch\/wp-content\/uploads\/2022\/03\/cropped-favicon.png\",\"width\":512,\"height\":512,\"caption\":\"Lapurla\"},\"image\":{\"@id\":\"https:\/\/www.lapurla.ch\/#\/schema\/logo\/image\/\"}},{\"@type\":\"Person\",\"@id\":\"https:\/\/www.lapurla.ch\/#\/schema\/person\/8f6bdc0c9c653ecf768d328f5c7ff511\",\"name\":\"Karin Kraus\",\"image\":{\"@type\":\"ImageObject\",\"inLanguage\":\"it-IT\",\"@id\":\"https:\/\/secure.gravatar.com\/avatar\/ab8a2fb78e2cb7d74fb8bcc625de7c798150fc258046abd14fee7557d356221a?s=96&d=mm&r=g\",\"url\":\"https:\/\/secure.gravatar.com\/avatar\/ab8a2fb78e2cb7d74fb8bcc625de7c798150fc258046abd14fee7557d356221a?s=96&d=mm&r=g\",\"contentUrl\":\"https:\/\/secure.gravatar.com\/avatar\/ab8a2fb78e2cb7d74fb8bcc625de7c798150fc258046abd14fee7557d356221a?s=96&d=mm&r=g\",\"caption\":\"Karin Kraus\"},\"url\":\"https:\/\/www.lapurla.ch\/it\/author\/kkraus\"}]}<\/script>\n<!-- \/ Yoast SEO plugin. -->","yoast_head_json":{"title":"Messaggio federale sulla cultura 2016-2020 &#8211; Lapurla","robots":{"index":"index","follow":"follow","max-snippet":"max-snippet:-1","max-image-preview":"max-image-preview:large","max-video-preview":"max-video-preview:-1"},"canonical":"https:\/\/www.lapurla.ch\/it\/messaggio-federale-sulla-cultura-2016-2020","og_locale":"it_IT","og_type":"article","og_title":"Messaggio federale sulla cultura 2016-2020 &#8211; Lapurla","og_description":"Il rafforzamento della partecipazione culturale \u00e8 uno dei tre pilastri strategici della politica culturale della Confederazione. Rafforzare la partecipazione culturale significa stimolare un confronto individuale e collettivo con la cultura e una collaborazione attiva alla vita culturale. Chi partecipa alla vita culturale acquisisce consapevolezza delle proprie radici culturali, sviluppa una propria identit\u00e0 culturale e contribuisce [&hellip;]","og_url":"https:\/\/www.lapurla.ch\/it\/messaggio-federale-sulla-cultura-2016-2020","og_site_name":"Lapurla","article_published_time":"2022-06-28T16:07:07+00:00","article_modified_time":"2022-09-07T21:01:58+00:00","og_image":[{"width":1000,"height":563,"url":"https:\/\/www.lapurla.ch\/wp-content\/uploads\/2022\/06\/LapurlaPublikationenBAK.png","type":"image\/png"}],"author":"Karin Kraus","twitter_card":"summary_large_image","twitter_misc":{"Scritto da":"Karin Kraus"},"schema":{"@context":"https:\/\/schema.org","@graph":[{"@type":"Article","@id":"https:\/\/www.lapurla.ch\/it\/messaggio-federale-sulla-cultura-2016-2020#article","isPartOf":{"@id":"https:\/\/www.lapurla.ch\/it\/messaggio-federale-sulla-cultura-2016-2020"},"author":{"name":"Karin Kraus","@id":"https:\/\/www.lapurla.ch\/#\/schema\/person\/8f6bdc0c9c653ecf768d328f5c7ff511"},"headline":"Messaggio federale sulla cultura 2016-2020","datePublished":"2022-06-28T16:07:07+00:00","dateModified":"2022-09-07T21:01:58+00:00","mainEntityOfPage":{"@id":"https:\/\/www.lapurla.ch\/it\/messaggio-federale-sulla-cultura-2016-2020"},"wordCount":70,"commentCount":0,"publisher":{"@id":"https:\/\/www.lapurla.ch\/#organization"},"image":{"@id":"https:\/\/www.lapurla.ch\/it\/messaggio-federale-sulla-cultura-2016-2020#primaryimage"},"thumbnailUrl":"https:\/\/www.lapurla.ch\/wp-content\/uploads\/2022\/06\/LapurlaPublikationenBAK.png","articleSection":["Non categorizzato"],"inLanguage":"it-IT","potentialAction":[{"@type":"CommentAction","name":"Comment","target":["https:\/\/www.lapurla.ch\/it\/messaggio-federale-sulla-cultura-2016-2020#respond"]}]},{"@type":"WebPage","@id":"https:\/\/www.lapurla.ch\/it\/messaggio-federale-sulla-cultura-2016-2020","url":"https:\/\/www.lapurla.ch\/it\/messaggio-federale-sulla-cultura-2016-2020","name":"Messaggio federale sulla cultura 2016-2020 &#8211; Lapurla","isPartOf":{"@id":"https:\/\/www.lapurla.ch\/#website"},"primaryImageOfPage":{"@id":"https:\/\/www.lapurla.ch\/it\/messaggio-federale-sulla-cultura-2016-2020#primaryimage"},"image":{"@id":"https:\/\/www.lapurla.ch\/it\/messaggio-federale-sulla-cultura-2016-2020#primaryimage"},"thumbnailUrl":"https:\/\/www.lapurla.ch\/wp-content\/uploads\/2022\/06\/LapurlaPublikationenBAK.png","datePublished":"2022-06-28T16:07:07+00:00","dateModified":"2022-09-07T21:01:58+00:00","breadcrumb":{"@id":"https:\/\/www.lapurla.ch\/it\/messaggio-federale-sulla-cultura-2016-2020#breadcrumb"},"inLanguage":"it-IT","potentialAction":[{"@type":"ReadAction","target":["https:\/\/www.lapurla.ch\/it\/messaggio-federale-sulla-cultura-2016-2020"]}]},{"@type":"ImageObject","inLanguage":"it-IT","@id":"https:\/\/www.lapurla.ch\/it\/messaggio-federale-sulla-cultura-2016-2020#primaryimage","url":"https:\/\/www.lapurla.ch\/wp-content\/uploads\/2022\/06\/LapurlaPublikationenBAK.png","contentUrl":"https:\/\/www.lapurla.ch\/wp-content\/uploads\/2022\/06\/LapurlaPublikationenBAK.png","width":1000,"height":563},{"@type":"BreadcrumbList","@id":"https:\/\/www.lapurla.ch\/it\/messaggio-federale-sulla-cultura-2016-2020#breadcrumb","itemListElement":[{"@type":"ListItem","position":1,"name":"Startseite","item":"https:\/\/www.lapurla.ch\/it"},{"@type":"ListItem","position":2,"name":"Messaggio federale sulla cultura 2016-2020"}]},{"@type":"WebSite","@id":"https:\/\/www.lapurla.ch\/#website","url":"https:\/\/www.lapurla.ch\/","name":"Lapurla","description":"","publisher":{"@id":"https:\/\/www.lapurla.ch\/#organization"},"potentialAction":[{"@type":"SearchAction","target":{"@type":"EntryPoint","urlTemplate":"https:\/\/www.lapurla.ch\/?s={search_term_string}"},"query-input":{"@type":"PropertyValueSpecification","valueRequired":true,"valueName":"search_term_string"}}],"inLanguage":"it-IT"},{"@type":"Organization","@id":"https:\/\/www.lapurla.ch\/#organization","name":"Lapurla","url":"https:\/\/www.lapurla.ch\/","logo":{"@type":"ImageObject","inLanguage":"it-IT","@id":"https:\/\/www.lapurla.ch\/#\/schema\/logo\/image\/","url":"https:\/\/www.lapurla.ch\/wp-content\/uploads\/2022\/03\/cropped-favicon.png","contentUrl":"https:\/\/www.lapurla.ch\/wp-content\/uploads\/2022\/03\/cropped-favicon.png","width":512,"height":512,"caption":"Lapurla"},"image":{"@id":"https:\/\/www.lapurla.ch\/#\/schema\/logo\/image\/"}},{"@type":"Person","@id":"https:\/\/www.lapurla.ch\/#\/schema\/person\/8f6bdc0c9c653ecf768d328f5c7ff511","name":"Karin Kraus","image":{"@type":"ImageObject","inLanguage":"it-IT","@id":"https:\/\/secure.gravatar.com\/avatar\/ab8a2fb78e2cb7d74fb8bcc625de7c798150fc258046abd14fee7557d356221a?s=96&d=mm&r=g","url":"https:\/\/secure.gravatar.com\/avatar\/ab8a2fb78e2cb7d74fb8bcc625de7c798150fc258046abd14fee7557d356221a?s=96&d=mm&r=g","contentUrl":"https:\/\/secure.gravatar.com\/avatar\/ab8a2fb78e2cb7d74fb8bcc625de7c798150fc258046abd14fee7557d356221a?s=96&d=mm&r=g","caption":"Karin Kraus"},"url":"https:\/\/www.lapurla.ch\/it\/author\/kkraus"}]}},"_links":{"self":[{"href":"https:\/\/www.lapurla.ch\/it\/wp-json\/wp\/v2\/posts\/11076","targetHints":{"allow":["GET"]}}],"collection":[{"href":"https:\/\/www.lapurla.ch\/it\/wp-json\/wp\/v2\/posts"}],"about":[{"href":"https:\/\/www.lapurla.ch\/it\/wp-json\/wp\/v2\/types\/post"}],"author":[{"embeddable":true,"href":"https:\/\/www.lapurla.ch\/it\/wp-json\/wp\/v2\/users\/5"}],"replies":[{"embeddable":true,"href":"https:\/\/www.lapurla.ch\/it\/wp-json\/wp\/v2\/comments?post=11076"}],"version-history":[{"count":1,"href":"https:\/\/www.lapurla.ch\/it\/wp-json\/wp\/v2\/posts\/11076\/revisions"}],"predecessor-version":[{"id":11077,"href":"https:\/\/www.lapurla.ch\/it\/wp-json\/wp\/v2\/posts\/11076\/revisions\/11077"}],"wp:featuredmedia":[{"embeddable":true,"href":"https:\/\/www.lapurla.ch\/it\/wp-json\/wp\/v2\/media\/7669"}],"wp:attachment":[{"href":"https:\/\/www.lapurla.ch\/it\/wp-json\/wp\/v2\/media?parent=11076"}],"wp:term":[{"taxonomy":"category","embeddable":true,"href":"https:\/\/www.lapurla.ch\/it\/wp-json\/wp\/v2\/categories?post=11076"},{"taxonomy":"post_tag","embeddable":true,"href":"https:\/\/www.lapurla.ch\/it\/wp-json\/wp\/v2\/tags?post=11076"},{"taxonomy":"lapurla_category","embeddable":true,"href":"https:\/\/www.lapurla.ch\/it\/wp-json\/wp\/v2\/lapurla_category?post=11076"}],"curies":[{"name":"wp","href":"https:\/\/api.w.org\/{rel}","templated":true}]}}