{"id":36012,"date":"2026-09-01T09:36:38","date_gmt":"2026-09-01T07:36:38","guid":{"rendered":"https:\/\/www.lapurla.ch\/news\/natur-und-du-wenn-der-weg-zum-erlebnisraum-wird"},"modified":"2026-09-01T10:33:08","modified_gmt":"2026-09-01T08:33:08","slug":"natur-und-du-wenn-der-weg-zum-erlebnisraum-wird","status":"publish","type":"news","link":"https:\/\/www.lapurla.ch\/it\/news\/natur-und-du-wenn-der-weg-zum-erlebnisraum-wird","title":{"rendered":"La natura. E voi? \u2013 Quando il cammino diventa uno spazio di esplorazione"},"content":{"rendered":"\n<figure class=\"wp-block-image size-large\"><img loading=\"lazy\" decoding=\"async\" width=\"1024\" height=\"768\" src=\"https:\/\/www.lapurla.ch\/wp-content\/uploads\/2026\/09\/FotoNaturunddu2-1-1024x768.jpeg\" alt=\"\" class=\"wp-image-35967\" srcset=\"https:\/\/www.lapurla.ch\/wp-content\/uploads\/2026\/09\/FotoNaturunddu2-1-1024x768.jpeg 1024w, https:\/\/www.lapurla.ch\/wp-content\/uploads\/2026\/09\/FotoNaturunddu2-1-300x225.jpeg 300w, https:\/\/www.lapurla.ch\/wp-content\/uploads\/2026\/09\/FotoNaturunddu2-1-768x576.jpeg 768w, https:\/\/www.lapurla.ch\/wp-content\/uploads\/2026\/09\/FotoNaturunddu2-1-1536x1152.jpeg 1536w, https:\/\/www.lapurla.ch\/wp-content\/uploads\/2026\/09\/FotoNaturunddu2-1.jpeg 2048w\" sizes=\"auto, (max-width: 1024px) 100vw, 1024px\" \/><\/figure>\n\n\n\n<p class=\"wp-block-paragraph\"><\/p>\n\n\n\n<p class=\"wp-block-paragraph\">Quanto poco occorra affinch\u00e9 bambine, bambini e adulti possano meravigliarsi, esplorare insieme e immergersi in uno stato di FLOW \u00e8 emerso chiaramente durante l\u2019esperienza nella natura \u00abLa natura. E voi?\u00bb al Park im Gr\u00fcene di R\u00fcschlikon.<\/p>\n\n\n\n<p class=\"wp-block-paragraph\">Lapurla ha sviluppato la proposta per bambine e bambini da 0 a 4 anni e le persone adulte che li accompagnano su mandato del Percento culturale Migros. L\u2019attivit\u00e0 \u00e8 stata condotta da Nicole Rocchetti, corresponsabile del FiZ Familienzentrum Wetzikon, diplomata del CAS Kulturelle Bildung e membro della rete Lapurla, insieme all\u2019artista Manuel Trachsel.<\/p>\n\n\n\n<hr class=\"wp-block-separator has-alpha-channel-opacity\"\/>\n\n\n\n<h3 class=\"wp-block-heading\"><strong>Lasciarsi alle spalle la quotidianit\u00e0<\/strong><\/h3>\n\n\n\n<p class=\"wp-block-paragraph\">All\u2019inizio, le famiglie sono state invitate a lasciarsi alle spalle la quotidianit\u00e0 per qualche istante, a vivere pienamente il presente e a seguire la curiosit\u00e0 delle bambine e dei bambini. Anche gli adulti hanno potuto riscoprire la propria curiosit\u00e0, sperimentare ed esplorare la natura con tutti i sensi.<\/p>\n\n\n\n<p class=\"wp-block-paragraph\">Muniti di piccoli cestini, bambine, bambini e adulti si sono incamminati attraverso il parco, raccogliendo foglie, fiori, pietre, rami e altri tesori.<\/p>\n\n\n\n<p class=\"wp-block-paragraph\">Ben presto \u00e8 apparso chiaro che la passeggiata era molto pi\u00f9 di un semplice tragitto verso le postazioni esplorative preparate: \u00e8 diventata uno dei momenti pi\u00f9 significativi della mattinata.<\/p>\n\n\n\n<p class=\"wp-block-paragraph\">Le bambine e i bambini hanno osservato i colori delle foglie, respirato i profumi del bosco, toccato pietre arrotondate e spigolose e guardato come cadevano fuori dai cestini. Hanno constatato che i rami pi\u00f9 grandi non vi entravano e cercato le proprie soluzioni per riuscire comunque a portarli con s\u00e9.<\/p>\n\n\n\n<hr class=\"wp-block-separator has-alpha-channel-opacity\"\/>\n\n\n\n<h3 class=\"wp-block-heading\"><strong>Seguire la curiosit\u00e0 delle bambine e dei bambini<\/strong><\/h3>\n\n\n\n<p class=\"wp-block-paragraph\">Anche una statua in ottone al centro del prato ha attirato la loro attenzione. Hanno scoperto che la superficie esposta al sole era pi\u00f9 calda di quella all\u2019ombra, provato quanti cestini la statua riusciva a sostenere e posto domande sul corpo umano.<\/p>\n\n\n\n<p class=\"wp-block-paragraph\">Presso il laghetto incantato, anatre, ragni, zanzare, il getto d\u2019acqua e il terreno sempre pi\u00f9 morbido hanno offerto ulteriori occasioni di esplorazione: quanto posso avvicinarmi all\u2019acqua senza bagnarmi le scarpe? Perch\u00e9 il terreno diventa sempre pi\u00f9 morbido? E quanto \u00e8 calda l\u2019acqua?<\/p>\n\n\n\n<p class=\"wp-block-paragraph\">Prendendosi il tempo di seguire gli interessi delle bambine e dei bambini, gli adulti hanno permesso a nuove domande ed esperienze di nascere da semplici osservazioni quotidiane.<\/p>\n\n\n\n<p class=\"wp-block-paragraph\">\u00abIl cammino \u00e8 la meta\u00bb \u00e8 diventato qualcosa di concretamente percepibile nel corso della mattinata. Alcune persone accompagnatrici hanno raccontato in seguito che questa esperienza aveva aperto loro gli occhi. Ora desiderano prendersi pi\u00f9 consapevolmente il tempo, anche nella loro quotidianit\u00e0 spesso frenetica, per seguire il ritmo e la curiosit\u00e0 delle bambine e dei bambini.<\/p>\n\n\n\n<hr class=\"wp-block-separator has-alpha-channel-opacity\"\/>\n\n\n\n<h3 class=\"wp-block-heading\"><strong>Raccogliere, classificare e trovare soluzioni<\/strong><\/h3>\n\n\n\n<p class=\"wp-block-paragraph\">Nelle postazioni preparate, le bambine e i bambini hanno disposto i propri tesori naturali, li hanno classificati secondo il colore, la grandezza o le caratteristiche e hanno esplorato ci\u00f2 che era grande o piccolo, duro o morbido.<\/p>\n\n\n\n<p class=\"wp-block-paragraph\">Una pellicola adesiva invitava a creare immagini con gli elementi raccolti. Ma non tutto vi rimaneva attaccato. Come fissare comunque un grande ramo? Oppure sarebbe stato pi\u00f9 adatto a un\u2019altra postazione? Queste piccole difficolt\u00e0 hanno stimolato la ricerca di soluzioni personali.<\/p>\n\n\n\n<p class=\"wp-block-paragraph\">Su una tavola di legno con aperture di diverse dimensioni, le bambine e i bambini potevano inserire gli oggetti raccolti. Sono cos\u00ec sorte nuove domande: perch\u00e9 il dito entra in un foro, mentre la pietra preferita no?<\/p>\n\n\n\n<p class=\"wp-block-paragraph\">Particolarmente affascinante \u00e8 stata una scatola in plexiglas nella quale lasciar cadere gli oggetti raccolti. Alcuni raggiungevano rapidamente il fondo producendo un suono, mentre altri rimanevano incastrati. Gli spazi che si formavano invitavano a proseguire l\u2019esplorazione: \u00e8 possibile spingere gli oggetti verso il basso? Come \u2013 e con che cosa?<\/p>\n\n\n\n<hr class=\"wp-block-separator has-alpha-channel-opacity\"\/>\n\n\n\n<h3 class=\"wp-block-heading\"><strong>Osservare attentamente e riconoscere il FLOW<\/strong><\/h3>\n\n\n\n<p class=\"wp-block-paragraph\">Questi momenti hanno offerto l\u2019opportunit\u00e0 di osservare attentamente insieme agli adulti: che cosa sta facendo la bambina o il bambino? Come procede? Quando \u00e8 utile offrire sostegno \u2013 e come farlo affinch\u00e9 il successo rimanga il suo?<\/p>\n\n\n\n<p class=\"wp-block-paragraph\">Gli adulti sono stati incoraggiati a non intervenire troppo rapidamente, ma a concedere tempo alle bambine e ai bambini, accompagnandoli nella ricerca delle proprie soluzioni e celebrando insieme le loro scoperte.<\/p>\n\n\n\n<p class=\"wp-block-paragraph\">Nel corso della mattinata sono cos\u00ec nati numerosi momenti di FLOW, sia per le bambine e i bambini sia per gli adulti. Per Nicole Rocchetti, uno dei momenti pi\u00f9 significativi \u00e8 stato poter richiamare l\u2019attenzione delle persone accompagnatrici, proprio in quegli istanti, sulla profonda concentrazione dei loro bambini.<\/p>\n\n\n\n<p class=\"wp-block-paragraph\">La reazione di una madre, che alla fine ha ringraziato Nicole con le lacrime agli occhi e un abbraccio, ha mostrato quanto possa essere profonda un\u2019esperienza di questo tipo:<\/p>\n\n\n\n<p class=\"wp-block-paragraph\">\u00abIn fondo non occorre molto: tempo, presenza e autentica curiosit\u00e0.\u00bb<\/p>\n\n\n\n<p class=\"wp-block-paragraph\">\u00abLa natura. E voi?\u00bb ha reso tangibile come il tempo, l\u2019attenzione e un atteggiamento aperto possano creare preziosi spazi di apprendimento. Bambine, bambini e adulti hanno esplorato insieme la natura, scoprendo che le esperienze pi\u00f9 intense nascono talvolta proprio l\u00e0 dove non ci sono n\u00e9 un obiettivo prestabilito n\u00e9 un risultato predefinito.<\/p>\n\n\n\n<p class=\"wp-block-paragraph\">Foto: Nicole Rocchetti<\/p>\n","protected":false},"excerpt":{"rendered":"<p>Quanto poco occorra affinch\u00e9 bambine, bambini e adulti possano meravigliarsi, esplorare insieme e immergersi in uno stato di FLOW \u00e8 emerso chiaramente durante l\u2019esperienza nella natura \u00abLa natura. E voi?\u00bb al Park im Gr\u00fcene di R\u00fcschlikon. Lapurla ha sviluppato la proposta per bambine e bambini da 0 a 4 anni e le persone adulte che [&hellip;]<\/p>\n","protected":false},"featured_media":35946,"template":"","meta":{"_acf_changed":false,"latitude":"","longitude":"","kurzbeschreibung":"Che cosa accade quando gli adulti si lasciano alle spalle la quotidianit\u00e0 per qualche istante e seguono la curiosit\u00e0 delle bambine e dei bambini? Durante l\u2019esperienza nella natura \u00abLa natura. E voi?\u00bb, gi\u00e0 la passeggiata condivisa attraverso il Park im Gr\u00fcene si \u00e8 trasformata in un sorprendente spazio di esplorazione, ricco di scoperte, domande e momenti di FLOW.","datum_von":"","footnotes":""},"categories":[],"class_list":["post-36012","news","type-news","status-publish","has-post-thumbnail","hentry"],"acf":[],"yoast_head":"<!-- This site is optimized with the Yoast SEO plugin v28.2 - https:\/\/yoast.com\/product\/yoast-seo-wordpress\/ -->\n<title>La natura. E voi? \u2013 Quando il cammino diventa uno spazio di esplorazione &#8211; Lapurla<\/title>\n<meta name=\"description\" content=\"Natur. Und du? \u2013 Wenn der Weg zum Erlebnisraum wird\" \/>\n<meta name=\"robots\" content=\"index, follow, max-snippet:-1, max-image-preview:large, max-video-preview:-1\" \/>\n<link rel=\"canonical\" href=\"https:\/\/www.lapurla.ch\/it\/news\/natur-und-du-wenn-der-weg-zum-erlebnisraum-wird\" \/>\n<meta property=\"og:locale\" content=\"it_IT\" \/>\n<meta property=\"og:type\" content=\"article\" \/>\n<meta property=\"og:title\" content=\"La natura. E voi? \u2013 Quando il cammino diventa uno spazio di esplorazione &#8211; Lapurla\" \/>\n<meta property=\"og:description\" content=\"Natur. Und du? \u2013 Wenn der Weg zum Erlebnisraum wird\" \/>\n<meta property=\"og:url\" content=\"https:\/\/www.lapurla.ch\/it\/news\/natur-und-du-wenn-der-weg-zum-erlebnisraum-wird\" \/>\n<meta property=\"og:site_name\" content=\"Lapurla\" \/>\n<meta property=\"article:modified_time\" content=\"2026-09-01T08:33:08+00:00\" \/>\n<meta property=\"og:image\" content=\"https:\/\/www.lapurla.ch\/wp-content\/uploads\/2026\/09\/FotoNaturunddu.jpeg\" \/>\n\t<meta property=\"og:image:width\" content=\"1536\" \/>\n\t<meta property=\"og:image:height\" content=\"2048\" \/>\n\t<meta property=\"og:image:type\" content=\"image\/jpeg\" \/>\n<meta name=\"twitter:card\" content=\"summary_large_image\" \/>\n<meta name=\"twitter:label1\" content=\"Tempo di lettura stimato\" \/>\n\t<meta name=\"twitter:data1\" content=\"5 minuti\" \/>\n<script type=\"application\/ld+json\" class=\"yoast-schema-graph\">{\"@context\":\"https:\\\/\\\/schema.org\",\"@graph\":[{\"@type\":\"WebPage\",\"@id\":\"https:\\\/\\\/www.lapurla.ch\\\/it\\\/news\\\/natur-und-du-wenn-der-weg-zum-erlebnisraum-wird\",\"url\":\"https:\\\/\\\/www.lapurla.ch\\\/it\\\/news\\\/natur-und-du-wenn-der-weg-zum-erlebnisraum-wird\",\"name\":\"La natura. E voi? \u2013 Quando il cammino diventa uno spazio di esplorazione &#8211; Lapurla\",\"isPartOf\":{\"@id\":\"https:\\\/\\\/www.lapurla.ch\\\/#website\"},\"primaryImageOfPage\":{\"@id\":\"https:\\\/\\\/www.lapurla.ch\\\/it\\\/news\\\/natur-und-du-wenn-der-weg-zum-erlebnisraum-wird#primaryimage\"},\"image\":{\"@id\":\"https:\\\/\\\/www.lapurla.ch\\\/it\\\/news\\\/natur-und-du-wenn-der-weg-zum-erlebnisraum-wird#primaryimage\"},\"thumbnailUrl\":\"https:\\\/\\\/www.lapurla.ch\\\/wp-content\\\/uploads\\\/2026\\\/09\\\/FotoNaturunddu.jpeg\",\"datePublished\":\"2026-09-01T07:36:38+00:00\",\"dateModified\":\"2026-09-01T08:33:08+00:00\",\"description\":\"Natur. Und du? \u2013 Wenn der Weg zum Erlebnisraum wird\",\"breadcrumb\":{\"@id\":\"https:\\\/\\\/www.lapurla.ch\\\/it\\\/news\\\/natur-und-du-wenn-der-weg-zum-erlebnisraum-wird#breadcrumb\"},\"inLanguage\":\"it-IT\",\"potentialAction\":[{\"@type\":\"ReadAction\",\"target\":[\"https:\\\/\\\/www.lapurla.ch\\\/it\\\/news\\\/natur-und-du-wenn-der-weg-zum-erlebnisraum-wird\"]}]},{\"@type\":\"ImageObject\",\"inLanguage\":\"it-IT\",\"@id\":\"https:\\\/\\\/www.lapurla.ch\\\/it\\\/news\\\/natur-und-du-wenn-der-weg-zum-erlebnisraum-wird#primaryimage\",\"url\":\"https:\\\/\\\/www.lapurla.ch\\\/wp-content\\\/uploads\\\/2026\\\/09\\\/FotoNaturunddu.jpeg\",\"contentUrl\":\"https:\\\/\\\/www.lapurla.ch\\\/wp-content\\\/uploads\\\/2026\\\/09\\\/FotoNaturunddu.jpeg\",\"width\":1536,\"height\":2048},{\"@type\":\"BreadcrumbList\",\"@id\":\"https:\\\/\\\/www.lapurla.ch\\\/it\\\/news\\\/natur-und-du-wenn-der-weg-zum-erlebnisraum-wird#breadcrumb\",\"itemListElement\":[{\"@type\":\"ListItem\",\"position\":1,\"name\":\"Startseite\",\"item\":\"https:\\\/\\\/www.lapurla.ch\\\/it\"},{\"@type\":\"ListItem\",\"position\":2,\"name\":\"News\",\"item\":\"https:\\\/\\\/www.lapurla.ch\\\/news\"},{\"@type\":\"ListItem\",\"position\":3,\"name\":\"La natura. E voi? \u2013 Quando il cammino diventa uno spazio di esplorazione\"}]},{\"@type\":\"WebSite\",\"@id\":\"https:\\\/\\\/www.lapurla.ch\\\/#website\",\"url\":\"https:\\\/\\\/www.lapurla.ch\\\/\",\"name\":\"Lapurla\",\"description\":\"\",\"publisher\":{\"@id\":\"https:\\\/\\\/www.lapurla.ch\\\/#organization\"},\"potentialAction\":[{\"@type\":\"SearchAction\",\"target\":{\"@type\":\"EntryPoint\",\"urlTemplate\":\"https:\\\/\\\/www.lapurla.ch\\\/?s={search_term_string}\"},\"query-input\":{\"@type\":\"PropertyValueSpecification\",\"valueRequired\":true,\"valueName\":\"search_term_string\"}}],\"inLanguage\":\"it-IT\"},{\"@type\":\"Organization\",\"@id\":\"https:\\\/\\\/www.lapurla.ch\\\/#organization\",\"name\":\"Lapurla\",\"url\":\"https:\\\/\\\/www.lapurla.ch\\\/\",\"logo\":{\"@type\":\"ImageObject\",\"inLanguage\":\"it-IT\",\"@id\":\"https:\\\/\\\/www.lapurla.ch\\\/#\\\/schema\\\/logo\\\/image\\\/\",\"url\":\"https:\\\/\\\/www.lapurla.ch\\\/wp-content\\\/uploads\\\/2022\\\/03\\\/cropped-favicon.png\",\"contentUrl\":\"https:\\\/\\\/www.lapurla.ch\\\/wp-content\\\/uploads\\\/2022\\\/03\\\/cropped-favicon.png\",\"width\":512,\"height\":512,\"caption\":\"Lapurla\"},\"image\":{\"@id\":\"https:\\\/\\\/www.lapurla.ch\\\/#\\\/schema\\\/logo\\\/image\\\/\"}}]}<\/script>\n<!-- \/ Yoast SEO plugin. -->","yoast_head_json":{"title":"La natura. E voi? \u2013 Quando il cammino diventa uno spazio di esplorazione &#8211; Lapurla","description":"Natur. Und du? \u2013 Wenn der Weg zum Erlebnisraum wird","robots":{"index":"index","follow":"follow","max-snippet":"max-snippet:-1","max-image-preview":"max-image-preview:large","max-video-preview":"max-video-preview:-1"},"canonical":"https:\/\/www.lapurla.ch\/it\/news\/natur-und-du-wenn-der-weg-zum-erlebnisraum-wird","og_locale":"it_IT","og_type":"article","og_title":"La natura. E voi? \u2013 Quando il cammino diventa uno spazio di esplorazione &#8211; Lapurla","og_description":"Natur. Und du? \u2013 Wenn der Weg zum Erlebnisraum wird","og_url":"https:\/\/www.lapurla.ch\/it\/news\/natur-und-du-wenn-der-weg-zum-erlebnisraum-wird","og_site_name":"Lapurla","article_modified_time":"2026-09-01T08:33:08+00:00","og_image":[{"width":1536,"height":2048,"url":"https:\/\/www.lapurla.ch\/wp-content\/uploads\/2026\/09\/FotoNaturunddu.jpeg","type":"image\/jpeg"}],"twitter_card":"summary_large_image","twitter_misc":{"Tempo di lettura stimato":"5 minuti"},"schema":{"@context":"https:\/\/schema.org","@graph":[{"@type":"WebPage","@id":"https:\/\/www.lapurla.ch\/it\/news\/natur-und-du-wenn-der-weg-zum-erlebnisraum-wird","url":"https:\/\/www.lapurla.ch\/it\/news\/natur-und-du-wenn-der-weg-zum-erlebnisraum-wird","name":"La natura. E voi? \u2013 Quando il cammino diventa uno spazio di esplorazione &#8211; Lapurla","isPartOf":{"@id":"https:\/\/www.lapurla.ch\/#website"},"primaryImageOfPage":{"@id":"https:\/\/www.lapurla.ch\/it\/news\/natur-und-du-wenn-der-weg-zum-erlebnisraum-wird#primaryimage"},"image":{"@id":"https:\/\/www.lapurla.ch\/it\/news\/natur-und-du-wenn-der-weg-zum-erlebnisraum-wird#primaryimage"},"thumbnailUrl":"https:\/\/www.lapurla.ch\/wp-content\/uploads\/2026\/09\/FotoNaturunddu.jpeg","datePublished":"2026-09-01T07:36:38+00:00","dateModified":"2026-09-01T08:33:08+00:00","description":"Natur. Und du? \u2013 Wenn der Weg zum Erlebnisraum wird","breadcrumb":{"@id":"https:\/\/www.lapurla.ch\/it\/news\/natur-und-du-wenn-der-weg-zum-erlebnisraum-wird#breadcrumb"},"inLanguage":"it-IT","potentialAction":[{"@type":"ReadAction","target":["https:\/\/www.lapurla.ch\/it\/news\/natur-und-du-wenn-der-weg-zum-erlebnisraum-wird"]}]},{"@type":"ImageObject","inLanguage":"it-IT","@id":"https:\/\/www.lapurla.ch\/it\/news\/natur-und-du-wenn-der-weg-zum-erlebnisraum-wird#primaryimage","url":"https:\/\/www.lapurla.ch\/wp-content\/uploads\/2026\/09\/FotoNaturunddu.jpeg","contentUrl":"https:\/\/www.lapurla.ch\/wp-content\/uploads\/2026\/09\/FotoNaturunddu.jpeg","width":1536,"height":2048},{"@type":"BreadcrumbList","@id":"https:\/\/www.lapurla.ch\/it\/news\/natur-und-du-wenn-der-weg-zum-erlebnisraum-wird#breadcrumb","itemListElement":[{"@type":"ListItem","position":1,"name":"Startseite","item":"https:\/\/www.lapurla.ch\/it"},{"@type":"ListItem","position":2,"name":"News","item":"https:\/\/www.lapurla.ch\/news"},{"@type":"ListItem","position":3,"name":"La natura. E voi? \u2013 Quando il cammino diventa uno spazio di esplorazione"}]},{"@type":"WebSite","@id":"https:\/\/www.lapurla.ch\/#website","url":"https:\/\/www.lapurla.ch\/","name":"Lapurla","description":"","publisher":{"@id":"https:\/\/www.lapurla.ch\/#organization"},"potentialAction":[{"@type":"SearchAction","target":{"@type":"EntryPoint","urlTemplate":"https:\/\/www.lapurla.ch\/?s={search_term_string}"},"query-input":{"@type":"PropertyValueSpecification","valueRequired":true,"valueName":"search_term_string"}}],"inLanguage":"it-IT"},{"@type":"Organization","@id":"https:\/\/www.lapurla.ch\/#organization","name":"Lapurla","url":"https:\/\/www.lapurla.ch\/","logo":{"@type":"ImageObject","inLanguage":"it-IT","@id":"https:\/\/www.lapurla.ch\/#\/schema\/logo\/image\/","url":"https:\/\/www.lapurla.ch\/wp-content\/uploads\/2022\/03\/cropped-favicon.png","contentUrl":"https:\/\/www.lapurla.ch\/wp-content\/uploads\/2022\/03\/cropped-favicon.png","width":512,"height":512,"caption":"Lapurla"},"image":{"@id":"https:\/\/www.lapurla.ch\/#\/schema\/logo\/image\/"}}]}},"_links":{"self":[{"href":"https:\/\/www.lapurla.ch\/it\/wp-json\/wp\/v2\/news\/36012","targetHints":{"allow":["GET"]}}],"collection":[{"href":"https:\/\/www.lapurla.ch\/it\/wp-json\/wp\/v2\/news"}],"about":[{"href":"https:\/\/www.lapurla.ch\/it\/wp-json\/wp\/v2\/types\/news"}],"version-history":[{"count":4,"href":"https:\/\/www.lapurla.ch\/it\/wp-json\/wp\/v2\/news\/36012\/revisions"}],"predecessor-version":[{"id":36023,"href":"https:\/\/www.lapurla.ch\/it\/wp-json\/wp\/v2\/news\/36012\/revisions\/36023"}],"wp:featuredmedia":[{"embeddable":true,"href":"https:\/\/www.lapurla.ch\/it\/wp-json\/wp\/v2\/media\/35946"}],"wp:attachment":[{"href":"https:\/\/www.lapurla.ch\/it\/wp-json\/wp\/v2\/media?parent=36012"}],"wp:term":[{"taxonomy":"category","embeddable":true,"href":"https:\/\/www.lapurla.ch\/it\/wp-json\/wp\/v2\/categories?post=36012"}],"curies":[{"name":"wp","href":"https:\/\/api.w.org\/{rel}","templated":true}]}}