{"id":32066,"date":"2025-12-03T17:48:50","date_gmt":"2025-12-03T16:48:50","guid":{"rendered":"https:\/\/www.lapurla.ch\/?post_type=news&#038;p=32066"},"modified":"2025-12-04T15:22:35","modified_gmt":"2025-12-04T14:22:35","slug":"nuovo-documento-base-inteso-come-guida-orientativa-sulla-rete-incentrata-sulla-famiglia","status":"publish","type":"news","link":"https:\/\/www.lapurla.ch\/it\/news\/nuovo-documento-base-inteso-come-guida-orientativa-sulla-rete-incentrata-sulla-famiglia","title":{"rendered":"Nuovo documento base inteso come guida orientativa sulla Rete incentrata sulla famiglia"},"content":{"rendered":"\n<p>Alleanza Infanzia, a:primo e RADIX desiderano diffondere l&#8217;approccio della rete incentrata sulla famiglia insieme ai propri membri e partner in Svizzera e promuoverne l&#8217;implementazione. Insieme hanno elaborato un documento di base sull&#8217;approccio.<\/p>\n\n\n\n<p id=\"viewer-hf5tz20113\">Il <a href=\"https:\/\/www.lapurla.ch\/wp-content\/uploads\/2025\/12\/ef033c6caf678aa1314c5da858a913406ea125.pdf\">documento base inteso<\/a> presenta l&#8217;approccio della Rete incentrata sulla famiglia come concetto globale, fornisce argomenti e basi giuridiche nonch\u00e9 indicazioni utili per l&#8217;attuazione. Lo sviluppo \u00e8 stato reso possibile grazie al generoso sostegno finanziario della Fondazione Mercator Schweiz nell&#8217;ambito del progetto \u201cStarting Strong Together\u201d.<\/p>\n\n\n\n<p id=\"viewer-4526u13596\">In Svizzera c\u2019\u00e8 un grande interesse in merito al concetto di \u201cSostegno familiare precoce\u201d, gi\u00e0<\/p>\n\n\n\n<p id=\"viewer-r0cnd13600\">affermato nei paesi vicini come la Germania, l\u2019Austria e l\u2019Alto Adige. Si tratta di affrontare le difficolt\u00e0 legate alla gravidanza e alla genitorialit\u00e0 il pi\u00f9 presto possibile, prima che possano compromettere lo sviluppo dei bambini. In questo modo, ai bambini vengono offerte opportunit\u00e0 di crescita pi\u00f9 eque. In Svizzera, questo concetto viene discusso con il termine di \u201cRete incentrata sulla famiglia\u201d.<\/p>\n\n\n\n<p id=\"viewer-0ivp314116\">Alcuni Cantoni, citt\u00e0 e Comuni sono gi\u00e0 impegnati nell\u2019attuazione del concetto o ne pianificano l\u2019introduzione. Il documento di base tiene conto dei diversi sviluppi nelle varie regioni linguistiche. Lo sviluppo della Rete incentrata sulla famiglia in Svizzera \u00e8 ancora agli inizi, pertanto, il presente documento riflette l\u2019attuale comprensione del tema.<\/p>\n\n\n\n<p id=\"viewer-o17ob14472\">Il documento \u00e8 rivolto a esperti dell\u2019amministrazione pubblica e dei servizi dedicati alla prima infanzia, nonch\u00e9 a rappresentanti del mondo politico. A loro spetta la responsabilit\u00e0 di plasmare un ambiente adatto alla vita delle famiglie e dei bambini. Essi contribuiscono in modo determinante a garantire che tutti abbiano accesso al sostegno che desiderano, di cui hanno bisogno e che sono in grado di gestire.<\/p>\n\n\n\n<h2 class=\"wp-block-heading\">FLOWmobil come incubatore per la creazione di reti incentrate sulla famiglia nella pratica<\/h2>\n\n\n\n<p>Con il nostro progetto FLOWmobil vogliamo raggiungere le famiglie che finora non hanno avuto accesso alle offerte culturali. FLOWmobil offre spazi creativi per i pi\u00f9 piccoli, ispira i genitori a svolgere ulteriori attivit\u00e0 a casa e promuove la creazione di reti comunitarie tra partner centrali che offrono sostegno alle famiglie. <a href=\"https:\/\/www.lapurla.ch\/it\/flowmobil-kurz-erklaert\">Maggiori informazioni<\/a><\/p>\n\n\n\n<h2 class=\"wp-block-heading\" id=\"viewer-2lvka22680\">Ulteriori informazioni<\/h2>\n\n\n\n<p id=\"viewer-8mlvt20176\">Ulteriori informazioni utili e spunti pratici sulla Rete incentrata sulla famiglia sono disponibili sul portale web <a href=\"http:\/\/www.rete-incentrata-sulla-famiglia.ch\/\" target=\"_blank\" rel=\"noreferrer noopener\"><u>www.rete-incentrata-sulla-famiglia.ch<\/u><\/a> dell&#8217;Ufficio federale della sanit\u00e0 pubblica e di Alleanza Infanzia.<\/p>\n","protected":false},"excerpt":{"rendered":"<p>Alleanza Infanzia, a:primo e RADIX desiderano diffondere l&#8217;approccio della rete incentrata sulla famiglia insieme ai propri membri e partner in Svizzera e promuoverne l&#8217;implementazione. Insieme hanno elaborato un documento di base sull&#8217;approccio. Il documento base inteso presenta l&#8217;approccio della Rete incentrata sulla famiglia come concetto globale, fornisce argomenti e basi giuridiche nonch\u00e9 indicazioni utili per [&hellip;]<\/p>\n","protected":false},"featured_media":32044,"template":"","meta":{"_acf_changed":false,"latitude":"","longitude":"","kurzbeschreibung":"Il documento di base presenta il networking incentrato sulla famiglia come concetto globale, fornisce argomenti e basi giuridiche, nonch\u00e9 indicazioni utili per l'implementazione. Con il nostro progetto modello FLOWmobil ci orientiamo su questa base.","datum_von":"","footnotes":""},"categories":[],"class_list":["post-32066","news","type-news","status-publish","has-post-thumbnail","hentry"],"acf":[],"yoast_head":"<!-- This site is optimized with the Yoast SEO plugin v27.2 - https:\/\/yoast.com\/product\/yoast-seo-wordpress\/ -->\n<title>Nuovo documento base inteso come guida orientativa sulla Rete incentrata sulla famiglia &#8211; Lapurla<\/title>\n<meta name=\"robots\" content=\"index, follow, max-snippet:-1, max-image-preview:large, max-video-preview:-1\" \/>\n<link rel=\"canonical\" href=\"https:\/\/www.lapurla.ch\/it\/news\/nuovo-documento-base-inteso-come-guida-orientativa-sulla-rete-incentrata-sulla-famiglia\" \/>\n<meta property=\"og:locale\" content=\"it_IT\" \/>\n<meta property=\"og:type\" content=\"article\" \/>\n<meta property=\"og:title\" content=\"Nuovo documento base inteso come guida orientativa sulla Rete incentrata sulla famiglia &#8211; Lapurla\" \/>\n<meta property=\"og:description\" content=\"Alleanza Infanzia, a:primo e RADIX desiderano diffondere l&#8217;approccio della rete incentrata sulla famiglia insieme ai propri membri e partner in Svizzera e promuoverne l&#8217;implementazione. Insieme hanno elaborato un documento di base sull&#8217;approccio. Il documento base inteso presenta l&#8217;approccio della Rete incentrata sulla famiglia come concetto globale, fornisce argomenti e basi giuridiche nonch\u00e9 indicazioni utili per [&hellip;]\" \/>\n<meta property=\"og:url\" content=\"https:\/\/www.lapurla.ch\/it\/news\/nuovo-documento-base-inteso-come-guida-orientativa-sulla-rete-incentrata-sulla-famiglia\" \/>\n<meta property=\"og:site_name\" content=\"Lapurla\" \/>\n<meta property=\"article:modified_time\" content=\"2025-12-04T14:22:35+00:00\" \/>\n<meta property=\"og:image\" content=\"https:\/\/www.lapurla.ch\/wp-content\/uploads\/2025\/12\/LapurlaIconsPublikationenGrundlagenFamilinezentrierte-Vernetzung-1-scaled.png\" \/>\n\t<meta property=\"og:image:width\" content=\"1\" \/>\n\t<meta property=\"og:image:height\" content=\"1\" \/>\n\t<meta property=\"og:image:type\" content=\"image\/png\" \/>\n<meta name=\"twitter:card\" content=\"summary_large_image\" \/>\n<meta name=\"twitter:label1\" content=\"Tempo di lettura stimato\" \/>\n\t<meta name=\"twitter:data1\" content=\"3 minuti\" \/>\n<script type=\"application\/ld+json\" class=\"yoast-schema-graph\">{\"@context\":\"https:\/\/schema.org\",\"@graph\":[{\"@type\":\"WebPage\",\"@id\":\"https:\/\/www.lapurla.ch\/it\/news\/nuovo-documento-base-inteso-come-guida-orientativa-sulla-rete-incentrata-sulla-famiglia\",\"url\":\"https:\/\/www.lapurla.ch\/it\/news\/nuovo-documento-base-inteso-come-guida-orientativa-sulla-rete-incentrata-sulla-famiglia\",\"name\":\"Nuovo documento base inteso come guida orientativa sulla Rete incentrata sulla famiglia &#8211; Lapurla\",\"isPartOf\":{\"@id\":\"https:\/\/www.lapurla.ch\/#website\"},\"primaryImageOfPage\":{\"@id\":\"https:\/\/www.lapurla.ch\/it\/news\/nuovo-documento-base-inteso-come-guida-orientativa-sulla-rete-incentrata-sulla-famiglia#primaryimage\"},\"image\":{\"@id\":\"https:\/\/www.lapurla.ch\/it\/news\/nuovo-documento-base-inteso-come-guida-orientativa-sulla-rete-incentrata-sulla-famiglia#primaryimage\"},\"thumbnailUrl\":\"https:\/\/www.lapurla.ch\/wp-content\/uploads\/2025\/12\/LapurlaIconsPublikationenGrundlagenFamilinezentrierte-Vernetzung-1-scaled.png\",\"datePublished\":\"2025-12-03T16:48:50+00:00\",\"dateModified\":\"2025-12-04T14:22:35+00:00\",\"breadcrumb\":{\"@id\":\"https:\/\/www.lapurla.ch\/it\/news\/nuovo-documento-base-inteso-come-guida-orientativa-sulla-rete-incentrata-sulla-famiglia#breadcrumb\"},\"inLanguage\":\"it-IT\",\"potentialAction\":[{\"@type\":\"ReadAction\",\"target\":[\"https:\/\/www.lapurla.ch\/it\/news\/nuovo-documento-base-inteso-come-guida-orientativa-sulla-rete-incentrata-sulla-famiglia\"]}]},{\"@type\":\"ImageObject\",\"inLanguage\":\"it-IT\",\"@id\":\"https:\/\/www.lapurla.ch\/it\/news\/nuovo-documento-base-inteso-come-guida-orientativa-sulla-rete-incentrata-sulla-famiglia#primaryimage\",\"url\":\"https:\/\/www.lapurla.ch\/wp-content\/uploads\/2025\/12\/LapurlaIconsPublikationenGrundlagenFamilinezentrierte-Vernetzung-1-scaled.png\",\"contentUrl\":\"https:\/\/www.lapurla.ch\/wp-content\/uploads\/2025\/12\/LapurlaIconsPublikationenGrundlagenFamilinezentrierte-Vernetzung-1-scaled.png\"},{\"@type\":\"BreadcrumbList\",\"@id\":\"https:\/\/www.lapurla.ch\/it\/news\/nuovo-documento-base-inteso-come-guida-orientativa-sulla-rete-incentrata-sulla-famiglia#breadcrumb\",\"itemListElement\":[{\"@type\":\"ListItem\",\"position\":1,\"name\":\"Startseite\",\"item\":\"https:\/\/www.lapurla.ch\/it\"},{\"@type\":\"ListItem\",\"position\":2,\"name\":\"News\",\"item\":\"https:\/\/www.lapurla.ch\/news\"},{\"@type\":\"ListItem\",\"position\":3,\"name\":\"Nuovo documento base inteso come guida orientativa sulla Rete incentrata sulla famiglia\"}]},{\"@type\":\"WebSite\",\"@id\":\"https:\/\/www.lapurla.ch\/#website\",\"url\":\"https:\/\/www.lapurla.ch\/\",\"name\":\"Lapurla\",\"description\":\"\",\"publisher\":{\"@id\":\"https:\/\/www.lapurla.ch\/#organization\"},\"potentialAction\":[{\"@type\":\"SearchAction\",\"target\":{\"@type\":\"EntryPoint\",\"urlTemplate\":\"https:\/\/www.lapurla.ch\/?s={search_term_string}\"},\"query-input\":{\"@type\":\"PropertyValueSpecification\",\"valueRequired\":true,\"valueName\":\"search_term_string\"}}],\"inLanguage\":\"it-IT\"},{\"@type\":\"Organization\",\"@id\":\"https:\/\/www.lapurla.ch\/#organization\",\"name\":\"Lapurla\",\"url\":\"https:\/\/www.lapurla.ch\/\",\"logo\":{\"@type\":\"ImageObject\",\"inLanguage\":\"it-IT\",\"@id\":\"https:\/\/www.lapurla.ch\/#\/schema\/logo\/image\/\",\"url\":\"https:\/\/www.lapurla.ch\/wp-content\/uploads\/2022\/03\/cropped-favicon.png\",\"contentUrl\":\"https:\/\/www.lapurla.ch\/wp-content\/uploads\/2022\/03\/cropped-favicon.png\",\"width\":512,\"height\":512,\"caption\":\"Lapurla\"},\"image\":{\"@id\":\"https:\/\/www.lapurla.ch\/#\/schema\/logo\/image\/\"}}]}<\/script>\n<!-- \/ Yoast SEO plugin. -->","yoast_head_json":{"title":"Nuovo documento base inteso come guida orientativa sulla Rete incentrata sulla famiglia &#8211; Lapurla","robots":{"index":"index","follow":"follow","max-snippet":"max-snippet:-1","max-image-preview":"max-image-preview:large","max-video-preview":"max-video-preview:-1"},"canonical":"https:\/\/www.lapurla.ch\/it\/news\/nuovo-documento-base-inteso-come-guida-orientativa-sulla-rete-incentrata-sulla-famiglia","og_locale":"it_IT","og_type":"article","og_title":"Nuovo documento base inteso come guida orientativa sulla Rete incentrata sulla famiglia &#8211; Lapurla","og_description":"Alleanza Infanzia, a:primo e RADIX desiderano diffondere l&#8217;approccio della rete incentrata sulla famiglia insieme ai propri membri e partner in Svizzera e promuoverne l&#8217;implementazione. Insieme hanno elaborato un documento di base sull&#8217;approccio. Il documento base inteso presenta l&#8217;approccio della Rete incentrata sulla famiglia come concetto globale, fornisce argomenti e basi giuridiche nonch\u00e9 indicazioni utili per [&hellip;]","og_url":"https:\/\/www.lapurla.ch\/it\/news\/nuovo-documento-base-inteso-come-guida-orientativa-sulla-rete-incentrata-sulla-famiglia","og_site_name":"Lapurla","article_modified_time":"2025-12-04T14:22:35+00:00","og_image":[{"url":"https:\/\/www.lapurla.ch\/wp-content\/uploads\/2025\/12\/LapurlaIconsPublikationenGrundlagenFamilinezentrierte-Vernetzung-1-scaled.png","width":1,"height":1,"type":"image\/png"}],"twitter_card":"summary_large_image","twitter_misc":{"Tempo di lettura stimato":"3 minuti"},"schema":{"@context":"https:\/\/schema.org","@graph":[{"@type":"WebPage","@id":"https:\/\/www.lapurla.ch\/it\/news\/nuovo-documento-base-inteso-come-guida-orientativa-sulla-rete-incentrata-sulla-famiglia","url":"https:\/\/www.lapurla.ch\/it\/news\/nuovo-documento-base-inteso-come-guida-orientativa-sulla-rete-incentrata-sulla-famiglia","name":"Nuovo documento base inteso come guida orientativa sulla Rete incentrata sulla famiglia &#8211; Lapurla","isPartOf":{"@id":"https:\/\/www.lapurla.ch\/#website"},"primaryImageOfPage":{"@id":"https:\/\/www.lapurla.ch\/it\/news\/nuovo-documento-base-inteso-come-guida-orientativa-sulla-rete-incentrata-sulla-famiglia#primaryimage"},"image":{"@id":"https:\/\/www.lapurla.ch\/it\/news\/nuovo-documento-base-inteso-come-guida-orientativa-sulla-rete-incentrata-sulla-famiglia#primaryimage"},"thumbnailUrl":"https:\/\/www.lapurla.ch\/wp-content\/uploads\/2025\/12\/LapurlaIconsPublikationenGrundlagenFamilinezentrierte-Vernetzung-1-scaled.png","datePublished":"2025-12-03T16:48:50+00:00","dateModified":"2025-12-04T14:22:35+00:00","breadcrumb":{"@id":"https:\/\/www.lapurla.ch\/it\/news\/nuovo-documento-base-inteso-come-guida-orientativa-sulla-rete-incentrata-sulla-famiglia#breadcrumb"},"inLanguage":"it-IT","potentialAction":[{"@type":"ReadAction","target":["https:\/\/www.lapurla.ch\/it\/news\/nuovo-documento-base-inteso-come-guida-orientativa-sulla-rete-incentrata-sulla-famiglia"]}]},{"@type":"ImageObject","inLanguage":"it-IT","@id":"https:\/\/www.lapurla.ch\/it\/news\/nuovo-documento-base-inteso-come-guida-orientativa-sulla-rete-incentrata-sulla-famiglia#primaryimage","url":"https:\/\/www.lapurla.ch\/wp-content\/uploads\/2025\/12\/LapurlaIconsPublikationenGrundlagenFamilinezentrierte-Vernetzung-1-scaled.png","contentUrl":"https:\/\/www.lapurla.ch\/wp-content\/uploads\/2025\/12\/LapurlaIconsPublikationenGrundlagenFamilinezentrierte-Vernetzung-1-scaled.png"},{"@type":"BreadcrumbList","@id":"https:\/\/www.lapurla.ch\/it\/news\/nuovo-documento-base-inteso-come-guida-orientativa-sulla-rete-incentrata-sulla-famiglia#breadcrumb","itemListElement":[{"@type":"ListItem","position":1,"name":"Startseite","item":"https:\/\/www.lapurla.ch\/it"},{"@type":"ListItem","position":2,"name":"News","item":"https:\/\/www.lapurla.ch\/news"},{"@type":"ListItem","position":3,"name":"Nuovo documento base inteso come guida orientativa sulla Rete incentrata sulla famiglia"}]},{"@type":"WebSite","@id":"https:\/\/www.lapurla.ch\/#website","url":"https:\/\/www.lapurla.ch\/","name":"Lapurla","description":"","publisher":{"@id":"https:\/\/www.lapurla.ch\/#organization"},"potentialAction":[{"@type":"SearchAction","target":{"@type":"EntryPoint","urlTemplate":"https:\/\/www.lapurla.ch\/?s={search_term_string}"},"query-input":{"@type":"PropertyValueSpecification","valueRequired":true,"valueName":"search_term_string"}}],"inLanguage":"it-IT"},{"@type":"Organization","@id":"https:\/\/www.lapurla.ch\/#organization","name":"Lapurla","url":"https:\/\/www.lapurla.ch\/","logo":{"@type":"ImageObject","inLanguage":"it-IT","@id":"https:\/\/www.lapurla.ch\/#\/schema\/logo\/image\/","url":"https:\/\/www.lapurla.ch\/wp-content\/uploads\/2022\/03\/cropped-favicon.png","contentUrl":"https:\/\/www.lapurla.ch\/wp-content\/uploads\/2022\/03\/cropped-favicon.png","width":512,"height":512,"caption":"Lapurla"},"image":{"@id":"https:\/\/www.lapurla.ch\/#\/schema\/logo\/image\/"}}]}},"_links":{"self":[{"href":"https:\/\/www.lapurla.ch\/it\/wp-json\/wp\/v2\/news\/32066","targetHints":{"allow":["GET"]}}],"collection":[{"href":"https:\/\/www.lapurla.ch\/it\/wp-json\/wp\/v2\/news"}],"about":[{"href":"https:\/\/www.lapurla.ch\/it\/wp-json\/wp\/v2\/types\/news"}],"version-history":[{"count":3,"href":"https:\/\/www.lapurla.ch\/it\/wp-json\/wp\/v2\/news\/32066\/revisions"}],"predecessor-version":[{"id":32077,"href":"https:\/\/www.lapurla.ch\/it\/wp-json\/wp\/v2\/news\/32066\/revisions\/32077"}],"wp:featuredmedia":[{"embeddable":true,"href":"https:\/\/www.lapurla.ch\/it\/wp-json\/wp\/v2\/media\/32044"}],"wp:attachment":[{"href":"https:\/\/www.lapurla.ch\/it\/wp-json\/wp\/v2\/media?parent=32066"}],"wp:term":[{"taxonomy":"category","embeddable":true,"href":"https:\/\/www.lapurla.ch\/it\/wp-json\/wp\/v2\/categories?post=32066"}],"curies":[{"name":"wp","href":"https:\/\/api.w.org\/{rel}","templated":true}]}}