{"id":30941,"date":"2025-10-01T08:55:48","date_gmt":"2025-10-01T06:55:48","guid":{"rendered":"https:\/\/www.lapurla.ch\/?post_type=news&#038;p=30941"},"modified":"2025-10-02T17:10:00","modified_gmt":"2025-10-02T15:10:00","slug":"partner-di-rete-intrinsic","status":"publish","type":"news","link":"https:\/\/www.lapurla.ch\/it\/news\/partner-di-rete-intrinsic","title":{"rendered":"Partner di rete \u00abIntrinsic\u00bb"},"content":{"rendered":"\n<p>\u00c8 con grande piacere che vi presentiamo il nostro nuovo partner di rete: \u00ab<a href=\"https:\/\/www.intrinsic.ch\" target=\"_blank\" rel=\"noreferrer noopener\">Intrinsic<\/a>\u00bb.<\/p>\n\n\n\n<p>Intrinsic Learning Lab AG promuove e sviluppa culture dell&#8217;apprendimento.<br>Intrinsic organizza viaggi di studio con scuole e aziende.<br>Perch\u00e9 oggi ci\u00f2 che conta \u00e8 come impariamo, non ci\u00f2 che sappiamo.<\/p>\n\n\n\n<p>La motivazione di \u00abIntrinsic\u00bb per la partnership con Lapurla \u00e8 la seguente:<\/p>\n\n\n\n<p>\u00abCi\u00f2 che i bambini vivono nei loro primi anni di vita influenza il modo in cui in seguito interagiscono con se stessi, con gli altri e con il mondo. L&#8217;educazione della prima infanzia apre spazi in cui la personalit\u00e0 pu\u00f2 crescere attraverso esperienze personali, decisioni libere e creazione comune. \u00c8 qui che inizia la responsabilit\u00e0. Ed \u00e8 qui che entra in gioco Intrinsic: perch\u00e9 le grandi sfide del nostro tempo hanno bisogno di persone che siano interiormente libere, creative e capaci di agire\u00bb.<\/p>\n\n\n\n<p>Siamo molto lieti di questa preziosa e arricchente collaborazione con la visione che anche la scuola si ispiri alla prima infanzia, come funziona l&#8217;apprendimento intrinsecamente motivato e stranamente efficace. Lapurla e Intrinsic vogliono imparare l&#8217;uno dall&#8217;altro e insieme per un&#8217;istruzione orientata al futuro.<\/p>\n\n\n\n<p><a href=\"https:\/\/www.lapurla.ch\/it\/netzwerkpartner\">I partner di rete di Lapurla<\/a><\/p>\n","protected":false},"excerpt":{"rendered":"<p>\u00c8 con grande piacere che vi presentiamo il nostro nuovo partner di rete: \u00abIntrinsic\u00bb. Intrinsic Learning Lab AG promuove e sviluppa culture dell&#8217;apprendimento.Intrinsic organizza viaggi di studio con scuole e aziende.Perch\u00e9 oggi ci\u00f2 che conta \u00e8 come impariamo, non ci\u00f2 che sappiamo. La motivazione di \u00abIntrinsic\u00bb per la partnership con Lapurla \u00e8 la seguente: \u00abCi\u00f2 [&hellip;]<\/p>\n","protected":false},"featured_media":30929,"template":"","meta":{"_acf_changed":false,"latitude":"","longitude":"","kurzbeschreibung":"\u00c8 con grande piacere che presentiamo il nostro nuovo partner di rete \u00abIntrinsic\u00bb: Intrinsic avvia e sviluppa nuove culture dell'apprendimento, perch\u00e9 oggi ci\u00f2 che conta \u00e8 come impariamo, non ci\u00f2 che sappiamo. Lapurla e Intrinsic vogliono imparare l'uno dall'altro e insieme come funziona l'istruzione orientata al futuro.","datum_von":"","footnotes":""},"categories":[],"class_list":["post-30941","news","type-news","status-publish","has-post-thumbnail","hentry"],"acf":[],"yoast_head":"<!-- This site is optimized with the Yoast SEO plugin v27.2 - https:\/\/yoast.com\/product\/yoast-seo-wordpress\/ -->\n<title>Partner di rete \u00abIntrinsic\u00bb &#8211; Lapurla<\/title>\n<meta name=\"robots\" content=\"index, follow, max-snippet:-1, max-image-preview:large, max-video-preview:-1\" \/>\n<link rel=\"canonical\" href=\"https:\/\/www.lapurla.ch\/it\/news\/partner-di-rete-intrinsic\" \/>\n<meta property=\"og:locale\" content=\"it_IT\" \/>\n<meta property=\"og:type\" content=\"article\" \/>\n<meta property=\"og:title\" content=\"Partner di rete \u00abIntrinsic\u00bb &#8211; Lapurla\" \/>\n<meta property=\"og:description\" content=\"\u00c8 con grande piacere che vi presentiamo il nostro nuovo partner di rete: \u00abIntrinsic\u00bb. Intrinsic Learning Lab AG promuove e sviluppa culture dell&#8217;apprendimento.Intrinsic organizza viaggi di studio con scuole e aziende.Perch\u00e9 oggi ci\u00f2 che conta \u00e8 come impariamo, non ci\u00f2 che sappiamo. La motivazione di \u00abIntrinsic\u00bb per la partnership con Lapurla \u00e8 la seguente: \u00abCi\u00f2 [&hellip;]\" \/>\n<meta property=\"og:url\" content=\"https:\/\/www.lapurla.ch\/it\/news\/partner-di-rete-intrinsic\" \/>\n<meta property=\"og:site_name\" content=\"Lapurla\" \/>\n<meta property=\"article:modified_time\" content=\"2025-10-02T15:10:00+00:00\" \/>\n<meta property=\"og:image\" content=\"https:\/\/www.lapurla.ch\/wp-content\/uploads\/2025\/10\/ZitateNetzwerkpartner3-scaled.jpg\" \/>\n\t<meta property=\"og:image:width\" content=\"2560\" \/>\n\t<meta property=\"og:image:height\" content=\"1920\" \/>\n\t<meta property=\"og:image:type\" content=\"image\/jpeg\" \/>\n<meta name=\"twitter:card\" content=\"summary_large_image\" \/>\n<meta name=\"twitter:label1\" content=\"Tempo di lettura stimato\" \/>\n\t<meta name=\"twitter:data1\" content=\"2 minuti\" \/>\n<script type=\"application\/ld+json\" class=\"yoast-schema-graph\">{\"@context\":\"https:\/\/schema.org\",\"@graph\":[{\"@type\":\"WebPage\",\"@id\":\"https:\/\/www.lapurla.ch\/it\/news\/partner-di-rete-intrinsic\",\"url\":\"https:\/\/www.lapurla.ch\/it\/news\/partner-di-rete-intrinsic\",\"name\":\"Partner di rete \u00abIntrinsic\u00bb &#8211; Lapurla\",\"isPartOf\":{\"@id\":\"https:\/\/www.lapurla.ch\/#website\"},\"primaryImageOfPage\":{\"@id\":\"https:\/\/www.lapurla.ch\/it\/news\/partner-di-rete-intrinsic#primaryimage\"},\"image\":{\"@id\":\"https:\/\/www.lapurla.ch\/it\/news\/partner-di-rete-intrinsic#primaryimage\"},\"thumbnailUrl\":\"https:\/\/www.lapurla.ch\/wp-content\/uploads\/2025\/10\/ZitateNetzwerkpartner3-scaled.jpg\",\"datePublished\":\"2025-10-01T06:55:48+00:00\",\"dateModified\":\"2025-10-02T15:10:00+00:00\",\"breadcrumb\":{\"@id\":\"https:\/\/www.lapurla.ch\/it\/news\/partner-di-rete-intrinsic#breadcrumb\"},\"inLanguage\":\"it-IT\",\"potentialAction\":[{\"@type\":\"ReadAction\",\"target\":[\"https:\/\/www.lapurla.ch\/it\/news\/partner-di-rete-intrinsic\"]}]},{\"@type\":\"ImageObject\",\"inLanguage\":\"it-IT\",\"@id\":\"https:\/\/www.lapurla.ch\/it\/news\/partner-di-rete-intrinsic#primaryimage\",\"url\":\"https:\/\/www.lapurla.ch\/wp-content\/uploads\/2025\/10\/ZitateNetzwerkpartner3-scaled.jpg\",\"contentUrl\":\"https:\/\/www.lapurla.ch\/wp-content\/uploads\/2025\/10\/ZitateNetzwerkpartner3-scaled.jpg\",\"width\":2560,\"height\":1920},{\"@type\":\"BreadcrumbList\",\"@id\":\"https:\/\/www.lapurla.ch\/it\/news\/partner-di-rete-intrinsic#breadcrumb\",\"itemListElement\":[{\"@type\":\"ListItem\",\"position\":1,\"name\":\"Startseite\",\"item\":\"https:\/\/www.lapurla.ch\/it\"},{\"@type\":\"ListItem\",\"position\":2,\"name\":\"News\",\"item\":\"https:\/\/www.lapurla.ch\/news\"},{\"@type\":\"ListItem\",\"position\":3,\"name\":\"Partner di rete \u00abIntrinsic\u00bb\"}]},{\"@type\":\"WebSite\",\"@id\":\"https:\/\/www.lapurla.ch\/#website\",\"url\":\"https:\/\/www.lapurla.ch\/\",\"name\":\"Lapurla\",\"description\":\"\",\"publisher\":{\"@id\":\"https:\/\/www.lapurla.ch\/#organization\"},\"potentialAction\":[{\"@type\":\"SearchAction\",\"target\":{\"@type\":\"EntryPoint\",\"urlTemplate\":\"https:\/\/www.lapurla.ch\/?s={search_term_string}\"},\"query-input\":{\"@type\":\"PropertyValueSpecification\",\"valueRequired\":true,\"valueName\":\"search_term_string\"}}],\"inLanguage\":\"it-IT\"},{\"@type\":\"Organization\",\"@id\":\"https:\/\/www.lapurla.ch\/#organization\",\"name\":\"Lapurla\",\"url\":\"https:\/\/www.lapurla.ch\/\",\"logo\":{\"@type\":\"ImageObject\",\"inLanguage\":\"it-IT\",\"@id\":\"https:\/\/www.lapurla.ch\/#\/schema\/logo\/image\/\",\"url\":\"https:\/\/www.lapurla.ch\/wp-content\/uploads\/2022\/03\/cropped-favicon.png\",\"contentUrl\":\"https:\/\/www.lapurla.ch\/wp-content\/uploads\/2022\/03\/cropped-favicon.png\",\"width\":512,\"height\":512,\"caption\":\"Lapurla\"},\"image\":{\"@id\":\"https:\/\/www.lapurla.ch\/#\/schema\/logo\/image\/\"}}]}<\/script>\n<!-- \/ Yoast SEO plugin. -->","yoast_head_json":{"title":"Partner di rete \u00abIntrinsic\u00bb &#8211; Lapurla","robots":{"index":"index","follow":"follow","max-snippet":"max-snippet:-1","max-image-preview":"max-image-preview:large","max-video-preview":"max-video-preview:-1"},"canonical":"https:\/\/www.lapurla.ch\/it\/news\/partner-di-rete-intrinsic","og_locale":"it_IT","og_type":"article","og_title":"Partner di rete \u00abIntrinsic\u00bb &#8211; Lapurla","og_description":"\u00c8 con grande piacere che vi presentiamo il nostro nuovo partner di rete: \u00abIntrinsic\u00bb. Intrinsic Learning Lab AG promuove e sviluppa culture dell&#8217;apprendimento.Intrinsic organizza viaggi di studio con scuole e aziende.Perch\u00e9 oggi ci\u00f2 che conta \u00e8 come impariamo, non ci\u00f2 che sappiamo. La motivazione di \u00abIntrinsic\u00bb per la partnership con Lapurla \u00e8 la seguente: \u00abCi\u00f2 [&hellip;]","og_url":"https:\/\/www.lapurla.ch\/it\/news\/partner-di-rete-intrinsic","og_site_name":"Lapurla","article_modified_time":"2025-10-02T15:10:00+00:00","og_image":[{"width":2560,"height":1920,"url":"https:\/\/www.lapurla.ch\/wp-content\/uploads\/2025\/10\/ZitateNetzwerkpartner3-scaled.jpg","type":"image\/jpeg"}],"twitter_card":"summary_large_image","twitter_misc":{"Tempo di lettura stimato":"2 minuti"},"schema":{"@context":"https:\/\/schema.org","@graph":[{"@type":"WebPage","@id":"https:\/\/www.lapurla.ch\/it\/news\/partner-di-rete-intrinsic","url":"https:\/\/www.lapurla.ch\/it\/news\/partner-di-rete-intrinsic","name":"Partner di rete \u00abIntrinsic\u00bb &#8211; Lapurla","isPartOf":{"@id":"https:\/\/www.lapurla.ch\/#website"},"primaryImageOfPage":{"@id":"https:\/\/www.lapurla.ch\/it\/news\/partner-di-rete-intrinsic#primaryimage"},"image":{"@id":"https:\/\/www.lapurla.ch\/it\/news\/partner-di-rete-intrinsic#primaryimage"},"thumbnailUrl":"https:\/\/www.lapurla.ch\/wp-content\/uploads\/2025\/10\/ZitateNetzwerkpartner3-scaled.jpg","datePublished":"2025-10-01T06:55:48+00:00","dateModified":"2025-10-02T15:10:00+00:00","breadcrumb":{"@id":"https:\/\/www.lapurla.ch\/it\/news\/partner-di-rete-intrinsic#breadcrumb"},"inLanguage":"it-IT","potentialAction":[{"@type":"ReadAction","target":["https:\/\/www.lapurla.ch\/it\/news\/partner-di-rete-intrinsic"]}]},{"@type":"ImageObject","inLanguage":"it-IT","@id":"https:\/\/www.lapurla.ch\/it\/news\/partner-di-rete-intrinsic#primaryimage","url":"https:\/\/www.lapurla.ch\/wp-content\/uploads\/2025\/10\/ZitateNetzwerkpartner3-scaled.jpg","contentUrl":"https:\/\/www.lapurla.ch\/wp-content\/uploads\/2025\/10\/ZitateNetzwerkpartner3-scaled.jpg","width":2560,"height":1920},{"@type":"BreadcrumbList","@id":"https:\/\/www.lapurla.ch\/it\/news\/partner-di-rete-intrinsic#breadcrumb","itemListElement":[{"@type":"ListItem","position":1,"name":"Startseite","item":"https:\/\/www.lapurla.ch\/it"},{"@type":"ListItem","position":2,"name":"News","item":"https:\/\/www.lapurla.ch\/news"},{"@type":"ListItem","position":3,"name":"Partner di rete \u00abIntrinsic\u00bb"}]},{"@type":"WebSite","@id":"https:\/\/www.lapurla.ch\/#website","url":"https:\/\/www.lapurla.ch\/","name":"Lapurla","description":"","publisher":{"@id":"https:\/\/www.lapurla.ch\/#organization"},"potentialAction":[{"@type":"SearchAction","target":{"@type":"EntryPoint","urlTemplate":"https:\/\/www.lapurla.ch\/?s={search_term_string}"},"query-input":{"@type":"PropertyValueSpecification","valueRequired":true,"valueName":"search_term_string"}}],"inLanguage":"it-IT"},{"@type":"Organization","@id":"https:\/\/www.lapurla.ch\/#organization","name":"Lapurla","url":"https:\/\/www.lapurla.ch\/","logo":{"@type":"ImageObject","inLanguage":"it-IT","@id":"https:\/\/www.lapurla.ch\/#\/schema\/logo\/image\/","url":"https:\/\/www.lapurla.ch\/wp-content\/uploads\/2022\/03\/cropped-favicon.png","contentUrl":"https:\/\/www.lapurla.ch\/wp-content\/uploads\/2022\/03\/cropped-favicon.png","width":512,"height":512,"caption":"Lapurla"},"image":{"@id":"https:\/\/www.lapurla.ch\/#\/schema\/logo\/image\/"}}]}},"_links":{"self":[{"href":"https:\/\/www.lapurla.ch\/it\/wp-json\/wp\/v2\/news\/30941","targetHints":{"allow":["GET"]}}],"collection":[{"href":"https:\/\/www.lapurla.ch\/it\/wp-json\/wp\/v2\/news"}],"about":[{"href":"https:\/\/www.lapurla.ch\/it\/wp-json\/wp\/v2\/types\/news"}],"version-history":[{"count":3,"href":"https:\/\/www.lapurla.ch\/it\/wp-json\/wp\/v2\/news\/30941\/revisions"}],"predecessor-version":[{"id":30996,"href":"https:\/\/www.lapurla.ch\/it\/wp-json\/wp\/v2\/news\/30941\/revisions\/30996"}],"wp:featuredmedia":[{"embeddable":true,"href":"https:\/\/www.lapurla.ch\/it\/wp-json\/wp\/v2\/media\/30929"}],"wp:attachment":[{"href":"https:\/\/www.lapurla.ch\/it\/wp-json\/wp\/v2\/media?parent=30941"}],"wp:term":[{"taxonomy":"category","embeddable":true,"href":"https:\/\/www.lapurla.ch\/it\/wp-json\/wp\/v2\/categories?post=30941"}],"curies":[{"name":"wp","href":"https:\/\/api.w.org\/{rel}","templated":true}]}}