{"id":30838,"date":"2025-09-29T14:39:24","date_gmt":"2025-09-29T12:39:24","guid":{"rendered":"https:\/\/www.lapurla.ch\/news\/pilotprojekt-flowmobil-in-wetzikon-ein-vielversprechender-start"},"modified":"2025-09-29T15:03:27","modified_gmt":"2025-09-29T13:03:27","slug":"pilotprojekt-flowmobil-in-wetzikon-ein-vielversprechender-start","status":"publish","type":"news","link":"https:\/\/www.lapurla.ch\/it\/news\/pilotprojekt-flowmobil-in-wetzikon-ein-vielversprechender-start","title":{"rendered":"Progetto pilota FLOWmobil a Wetzikon \u2013 un inizio promettente!"},"content":{"rendered":"\n<p>A settembre il nuovo&nbsp;<strong>progetto pilota FLOWmobil<\/strong>&nbsp;ha preso avvio in collaborazione con il centro famiglia FiZ a Wetzikon \u2013 un lancio di grande successo.<\/p>\n\n\n\n<p>Gi\u00e0 circa&nbsp;<strong>40 famiglie<\/strong>&nbsp;hanno partecipato e vissuto preziosi&nbsp;<strong>momenti FLOW<\/strong>, in cui bambini e adulti hanno potuto scoprire, creare e meravigliarsi insieme.<\/p>\n\n\n\n<p>La collaborazione con la\u00a0<strong>consulente per genitori<\/strong>\u00a0(<a href=\"https:\/\/fizwetzikon.ch\/angebote\/muetter-und-vaeterberatung\/\">M\u00fctter- und V\u00e4terberatung<\/a>) si \u00e8 rivelata particolarmente arricchente \u2013 sia per le famiglie che per il team in tandem.<\/p>\n\n\n\n<p>Sono gi\u00e0 previsti nuovi incontri. Siamo felici di questa prosecuzione e ringraziamo di cuore&nbsp;<strong>Nicole Rocchetti (FiZ Wetzikon)<\/strong>&nbsp;per il suo grande impegno.<\/p>\n\n\n\n<ul class=\"wp-block-list\">\n<li><a href=\"https:\/\/www.lapurla.ch\/it\/projekte\">Progetti modello<\/a><\/li>\n<\/ul>\n\n\n\n<ul class=\"wp-block-list\">\n<li><a href=\"https:\/\/www.lapurla.ch\/it\/flowmobil-kurz-erklaert\">FLOWmobil spiegato brevemente<\/a><\/li>\n<\/ul>\n\n\n\n<div id=\"bildergalerie-block_4325b2aa9cd763e762039e7e9a09b88b\" class=\"mod-bildergalerie\">\n            <div class=\"col-12\">\n\t\t    \n<div class=\"mod-slider\">\n\t        <div id=\"slider-9f13d645-eaf3-4aa1-af6c-189c5a3e7296\" class=\"swiper\">\n            <div class=\"swiper-wrapper\">\n\t\t\t\t                    <div class=\"swiper-slide\">\n                        <figure>\n\t\t\t\t\t\t\t<div class=\"a-image \">       <picture class=\"a-image__picture\">       \t<source width=\"1296\" height=\"972\" media=\"(min-width: 1400px)\" srcset=\"https:\/\/www.lapurla.ch\/wp-content\/uploads\/2025\/09\/FotoFlowmobilWetzikon1-1296x972c.jpg 1x, https:\/\/www.lapurla.ch\/wp-content\/uploads\/2025\/09\/FotoFlowmobilWetzikon1-2592x1944c.jpg 2x\">           <source width=\"1116\" height=\"837\" media=\"(min-width: 1200px)\" srcset=\"https:\/\/www.lapurla.ch\/wp-content\/uploads\/2025\/09\/FotoFlowmobilWetzikon1-1116x837c.jpg 1x, https:\/\/www.lapurla.ch\/wp-content\/uploads\/2025\/09\/FotoFlowmobilWetzikon1-2232x1674c.jpg 2x\">           <source width=\"936\" height=\"702\" media=\"(min-width: 992px)\" srcset=\"https:\/\/www.lapurla.ch\/wp-content\/uploads\/2025\/09\/FotoFlowmobilWetzikon1-936x702c.jpg  1x, https:\/\/www.lapurla.ch\/wp-content\/uploads\/2025\/09\/FotoFlowmobilWetzikon1-1872x1404c.jpg 2x\">           <source width=\"696\" height=\"522\" media=\"(min-width: 768px)\" srcset=\"https:\/\/www.lapurla.ch\/wp-content\/uploads\/2025\/09\/FotoFlowmobilWetzikon1-696x522c.jpg 1x, https:\/\/www.lapurla.ch\/wp-content\/uploads\/2025\/09\/FotoFlowmobilWetzikon1-1392x1044c.jpg 2x\">           <source width=\"516\" height=\"387\" media=\"(min-width: 576px)\" srcset=\"https:\/\/www.lapurla.ch\/wp-content\/uploads\/2025\/09\/FotoFlowmobilWetzikon1-516x387c.jpg 1x, https:\/\/www.lapurla.ch\/wp-content\/uploads\/2025\/09\/FotoFlowmobilWetzikon1-1032x774c.jpg 2x\">           <img loading=\"lazy\" decoding=\"async\" width=\"550\" height=\"413\"           class=\"a-image__image\"           src=\"https:\/\/www.lapurla.ch\/wp-content\/uploads\/2025\/09\/FotoFlowmobilWetzikon1-550x413c.jpg\" data-srcset=\"https:\/\/www.lapurla.ch\/wp-content\/uploads\/2025\/09\/FotoFlowmobilWetzikon1-1100x826c.jpg 2x\" alt=\"Foto: N.Rocchetti\"\/>       <\/picture> <\/div>                            <figcaption>\n\t\t\t\t\t\t\t\tFoto: N.Rocchetti                            <\/figcaption>\n                        <\/figure>\n                    <\/div>\n\t\t\t\t                    <div class=\"swiper-slide\">\n                        <figure>\n\t\t\t\t\t\t\t<div class=\"a-image \">       <picture class=\"a-image__picture\">       \t<source width=\"1296\" height=\"972\" media=\"(min-width: 1400px)\" srcset=\"https:\/\/www.lapurla.ch\/wp-content\/uploads\/2025\/09\/FotoFlowmobilWetzikon2-e1759149816478-1296x972c.jpg 1x, https:\/\/www.lapurla.ch\/wp-content\/uploads\/2025\/09\/FotoFlowmobilWetzikon2-e1759149816478-2592x1944c.jpg 2x\">           <source width=\"1116\" height=\"837\" media=\"(min-width: 1200px)\" srcset=\"https:\/\/www.lapurla.ch\/wp-content\/uploads\/2025\/09\/FotoFlowmobilWetzikon2-e1759149816478-1116x837c.jpg 1x, https:\/\/www.lapurla.ch\/wp-content\/uploads\/2025\/09\/FotoFlowmobilWetzikon2-e1759149816478-2232x1674c.jpg 2x\">           <source width=\"936\" height=\"702\" media=\"(min-width: 992px)\" srcset=\"https:\/\/www.lapurla.ch\/wp-content\/uploads\/2025\/09\/FotoFlowmobilWetzikon2-e1759149816478-936x702c.jpg  1x, https:\/\/www.lapurla.ch\/wp-content\/uploads\/2025\/09\/FotoFlowmobilWetzikon2-e1759149816478-1872x1404c.jpg 2x\">           <source width=\"696\" height=\"522\" media=\"(min-width: 768px)\" srcset=\"https:\/\/www.lapurla.ch\/wp-content\/uploads\/2025\/09\/FotoFlowmobilWetzikon2-e1759149816478-696x522c.jpg 1x, https:\/\/www.lapurla.ch\/wp-content\/uploads\/2025\/09\/FotoFlowmobilWetzikon2-e1759149816478-1392x1044c.jpg 2x\">           <source width=\"516\" height=\"387\" media=\"(min-width: 576px)\" srcset=\"https:\/\/www.lapurla.ch\/wp-content\/uploads\/2025\/09\/FotoFlowmobilWetzikon2-e1759149816478-516x387c.jpg 1x, https:\/\/www.lapurla.ch\/wp-content\/uploads\/2025\/09\/FotoFlowmobilWetzikon2-e1759149816478-1032x774c.jpg 2x\">           <img loading=\"lazy\" decoding=\"async\" width=\"550\" height=\"413\"           class=\"a-image__image\"           src=\"https:\/\/www.lapurla.ch\/wp-content\/uploads\/2025\/09\/FotoFlowmobilWetzikon2-e1759149816478-550x413c.jpg\" data-srcset=\"https:\/\/www.lapurla.ch\/wp-content\/uploads\/2025\/09\/FotoFlowmobilWetzikon2-e1759149816478-1100x826c.jpg 2x\" alt=\"Foto: N.Rocchetti\"\/>       <\/picture> <\/div>                            <figcaption>\n\t\t\t\t\t\t\t\tFoto: N.Rocchetti                            <\/figcaption>\n                        <\/figure>\n                    <\/div>\n\t\t\t\t            <\/div>\n            <div class=\"container\">\n                <div class=\"row\">\n                    <div class=\"col-12 position-relative\">\n                        <div class=\"pagination\"><\/div>\n                        <div class=\"button-wrapper\">\n                            <button class=\"swiper-button-prev\">\n\t\t\t\t\t\t\t\t<svg class=\"svg-icon icon-arrow-left\" xmlns=\"http:\/\/www.w3.org\/2000\/svg\"><use xmlns:xlink=\"http:\/\/www.w3.org\/1999\/xlink\" xlink:href=\"https:\/\/www.lapurla.ch\/wp-content\/themes\/lapurla\/dist\/icons.svg?f27dc72#arrow-left\"><\/use><\/svg>                                <span class=\"visually-hidden\">Indietro <\/span>\n                            <\/button>\n                            <button class=\"swiper-button-next\">\n\t\t\t\t\t\t\t\t<svg class=\"svg-icon icon-arrow-right\" xmlns=\"http:\/\/www.w3.org\/2000\/svg\"><use xmlns:xlink=\"http:\/\/www.w3.org\/1999\/xlink\" xlink:href=\"https:\/\/www.lapurla.ch\/wp-content\/themes\/lapurla\/dist\/icons.svg?f27dc72#arrow-right\"><\/use><\/svg>                                <span class=\"visually-hidden\">Avanti<\/span>\n                            <\/button>\n                        <\/div>\n                    <\/div>\n                <\/div>\n            <\/div>\n        <\/div>\n\t<\/div>\n        <\/div>\n    <\/div>\n","protected":false},"excerpt":{"rendered":"<p>A settembre il nuovo&nbsp;progetto pilota FLOWmobil&nbsp;ha preso avvio in collaborazione con il centro famiglia FiZ a Wetzikon \u2013 un lancio di grande successo. Gi\u00e0 circa&nbsp;40 famiglie&nbsp;hanno partecipato e vissuto preziosi&nbsp;momenti FLOW, in cui bambini e adulti hanno potuto scoprire, creare e meravigliarsi insieme. La collaborazione con la\u00a0consulente per genitori\u00a0(M\u00fctter- und V\u00e4terberatung) si \u00e8 rivelata particolarmente [&hellip;]<\/p>\n","protected":false},"featured_media":30529,"template":"","meta":{"_acf_changed":false,"latitude":"","longitude":"","kurzbeschreibung":"A settembre il nuovo progetto pilota FLOWmobil ha preso avvio in collaborazione con il centro famiglia FiZ a Wetzikon \u2013 un lancio di grande successo!","datum_von":"","footnotes":""},"categories":[],"class_list":["post-30838","news","type-news","status-publish","has-post-thumbnail","hentry"],"acf":[],"yoast_head":"<!-- This site is optimized with the Yoast SEO plugin v27.2 - https:\/\/yoast.com\/product\/yoast-seo-wordpress\/ -->\n<title>Progetto pilota FLOWmobil a Wetzikon \u2013 un inizio promettente! &#8211; Lapurla<\/title>\n<meta name=\"robots\" content=\"index, follow, max-snippet:-1, max-image-preview:large, max-video-preview:-1\" \/>\n<link rel=\"canonical\" href=\"https:\/\/www.lapurla.ch\/it\/news\/pilotprojekt-flowmobil-in-wetzikon-ein-vielversprechender-start\" \/>\n<meta property=\"og:locale\" content=\"it_IT\" \/>\n<meta property=\"og:type\" content=\"article\" \/>\n<meta property=\"og:title\" content=\"Progetto pilota FLOWmobil a Wetzikon \u2013 un inizio promettente! &#8211; Lapurla\" \/>\n<meta property=\"og:description\" content=\"A settembre il nuovo&nbsp;progetto pilota FLOWmobil&nbsp;ha preso avvio in collaborazione con il centro famiglia FiZ a Wetzikon \u2013 un lancio di grande successo. Gi\u00e0 circa&nbsp;40 famiglie&nbsp;hanno partecipato e vissuto preziosi&nbsp;momenti FLOW, in cui bambini e adulti hanno potuto scoprire, creare e meravigliarsi insieme. La collaborazione con la\u00a0consulente per genitori\u00a0(M\u00fctter- und V\u00e4terberatung) si \u00e8 rivelata particolarmente [&hellip;]\" \/>\n<meta property=\"og:url\" content=\"https:\/\/www.lapurla.ch\/it\/news\/pilotprojekt-flowmobil-in-wetzikon-ein-vielversprechender-start\" \/>\n<meta property=\"og:site_name\" content=\"Lapurla\" \/>\n<meta property=\"article:modified_time\" content=\"2025-09-29T13:03:27+00:00\" \/>\n<meta property=\"og:image\" content=\"https:\/\/www.lapurla.ch\/wp-content\/uploads\/2025\/08\/LapurlaFLOWmobil-FiZ-Wetzikon2025.jpg\" \/>\n\t<meta property=\"og:image:width\" content=\"2000\" \/>\n\t<meta property=\"og:image:height\" content=\"924\" \/>\n\t<meta property=\"og:image:type\" content=\"image\/jpeg\" \/>\n<meta name=\"twitter:card\" content=\"summary_large_image\" \/>\n<meta name=\"twitter:label1\" content=\"Tempo di lettura stimato\" \/>\n\t<meta name=\"twitter:data1\" content=\"1 minuto\" \/>\n<script type=\"application\/ld+json\" class=\"yoast-schema-graph\">{\"@context\":\"https:\/\/schema.org\",\"@graph\":[{\"@type\":\"WebPage\",\"@id\":\"https:\/\/www.lapurla.ch\/it\/news\/pilotprojekt-flowmobil-in-wetzikon-ein-vielversprechender-start\",\"url\":\"https:\/\/www.lapurla.ch\/it\/news\/pilotprojekt-flowmobil-in-wetzikon-ein-vielversprechender-start\",\"name\":\"Progetto pilota FLOWmobil a Wetzikon \u2013 un inizio promettente! &#8211; Lapurla\",\"isPartOf\":{\"@id\":\"https:\/\/www.lapurla.ch\/#website\"},\"primaryImageOfPage\":{\"@id\":\"https:\/\/www.lapurla.ch\/it\/news\/pilotprojekt-flowmobil-in-wetzikon-ein-vielversprechender-start#primaryimage\"},\"image\":{\"@id\":\"https:\/\/www.lapurla.ch\/it\/news\/pilotprojekt-flowmobil-in-wetzikon-ein-vielversprechender-start#primaryimage\"},\"thumbnailUrl\":\"https:\/\/www.lapurla.ch\/wp-content\/uploads\/2025\/08\/LapurlaFLOWmobil-FiZ-Wetzikon2025.jpg\",\"datePublished\":\"2025-09-29T12:39:24+00:00\",\"dateModified\":\"2025-09-29T13:03:27+00:00\",\"breadcrumb\":{\"@id\":\"https:\/\/www.lapurla.ch\/it\/news\/pilotprojekt-flowmobil-in-wetzikon-ein-vielversprechender-start#breadcrumb\"},\"inLanguage\":\"it-IT\",\"potentialAction\":[{\"@type\":\"ReadAction\",\"target\":[\"https:\/\/www.lapurla.ch\/it\/news\/pilotprojekt-flowmobil-in-wetzikon-ein-vielversprechender-start\"]}]},{\"@type\":\"ImageObject\",\"inLanguage\":\"it-IT\",\"@id\":\"https:\/\/www.lapurla.ch\/it\/news\/pilotprojekt-flowmobil-in-wetzikon-ein-vielversprechender-start#primaryimage\",\"url\":\"https:\/\/www.lapurla.ch\/wp-content\/uploads\/2025\/08\/LapurlaFLOWmobil-FiZ-Wetzikon2025.jpg\",\"contentUrl\":\"https:\/\/www.lapurla.ch\/wp-content\/uploads\/2025\/08\/LapurlaFLOWmobil-FiZ-Wetzikon2025.jpg\",\"width\":2000,\"height\":924},{\"@type\":\"BreadcrumbList\",\"@id\":\"https:\/\/www.lapurla.ch\/it\/news\/pilotprojekt-flowmobil-in-wetzikon-ein-vielversprechender-start#breadcrumb\",\"itemListElement\":[{\"@type\":\"ListItem\",\"position\":1,\"name\":\"Startseite\",\"item\":\"https:\/\/www.lapurla.ch\/it\"},{\"@type\":\"ListItem\",\"position\":2,\"name\":\"News\",\"item\":\"https:\/\/www.lapurla.ch\/news\"},{\"@type\":\"ListItem\",\"position\":3,\"name\":\"Progetto pilota FLOWmobil a Wetzikon \u2013 un inizio promettente!\"}]},{\"@type\":\"WebSite\",\"@id\":\"https:\/\/www.lapurla.ch\/#website\",\"url\":\"https:\/\/www.lapurla.ch\/\",\"name\":\"Lapurla\",\"description\":\"\",\"publisher\":{\"@id\":\"https:\/\/www.lapurla.ch\/#organization\"},\"potentialAction\":[{\"@type\":\"SearchAction\",\"target\":{\"@type\":\"EntryPoint\",\"urlTemplate\":\"https:\/\/www.lapurla.ch\/?s={search_term_string}\"},\"query-input\":{\"@type\":\"PropertyValueSpecification\",\"valueRequired\":true,\"valueName\":\"search_term_string\"}}],\"inLanguage\":\"it-IT\"},{\"@type\":\"Organization\",\"@id\":\"https:\/\/www.lapurla.ch\/#organization\",\"name\":\"Lapurla\",\"url\":\"https:\/\/www.lapurla.ch\/\",\"logo\":{\"@type\":\"ImageObject\",\"inLanguage\":\"it-IT\",\"@id\":\"https:\/\/www.lapurla.ch\/#\/schema\/logo\/image\/\",\"url\":\"https:\/\/www.lapurla.ch\/wp-content\/uploads\/2022\/03\/cropped-favicon.png\",\"contentUrl\":\"https:\/\/www.lapurla.ch\/wp-content\/uploads\/2022\/03\/cropped-favicon.png\",\"width\":512,\"height\":512,\"caption\":\"Lapurla\"},\"image\":{\"@id\":\"https:\/\/www.lapurla.ch\/#\/schema\/logo\/image\/\"}}]}<\/script>\n<!-- \/ Yoast SEO plugin. -->","yoast_head_json":{"title":"Progetto pilota FLOWmobil a Wetzikon \u2013 un inizio promettente! &#8211; Lapurla","robots":{"index":"index","follow":"follow","max-snippet":"max-snippet:-1","max-image-preview":"max-image-preview:large","max-video-preview":"max-video-preview:-1"},"canonical":"https:\/\/www.lapurla.ch\/it\/news\/pilotprojekt-flowmobil-in-wetzikon-ein-vielversprechender-start","og_locale":"it_IT","og_type":"article","og_title":"Progetto pilota FLOWmobil a Wetzikon \u2013 un inizio promettente! &#8211; Lapurla","og_description":"A settembre il nuovo&nbsp;progetto pilota FLOWmobil&nbsp;ha preso avvio in collaborazione con il centro famiglia FiZ a Wetzikon \u2013 un lancio di grande successo. Gi\u00e0 circa&nbsp;40 famiglie&nbsp;hanno partecipato e vissuto preziosi&nbsp;momenti FLOW, in cui bambini e adulti hanno potuto scoprire, creare e meravigliarsi insieme. La collaborazione con la\u00a0consulente per genitori\u00a0(M\u00fctter- und V\u00e4terberatung) si \u00e8 rivelata particolarmente [&hellip;]","og_url":"https:\/\/www.lapurla.ch\/it\/news\/pilotprojekt-flowmobil-in-wetzikon-ein-vielversprechender-start","og_site_name":"Lapurla","article_modified_time":"2025-09-29T13:03:27+00:00","og_image":[{"width":2000,"height":924,"url":"https:\/\/www.lapurla.ch\/wp-content\/uploads\/2025\/08\/LapurlaFLOWmobil-FiZ-Wetzikon2025.jpg","type":"image\/jpeg"}],"twitter_card":"summary_large_image","twitter_misc":{"Tempo di lettura stimato":"1 minuto"},"schema":{"@context":"https:\/\/schema.org","@graph":[{"@type":"WebPage","@id":"https:\/\/www.lapurla.ch\/it\/news\/pilotprojekt-flowmobil-in-wetzikon-ein-vielversprechender-start","url":"https:\/\/www.lapurla.ch\/it\/news\/pilotprojekt-flowmobil-in-wetzikon-ein-vielversprechender-start","name":"Progetto pilota FLOWmobil a Wetzikon \u2013 un inizio promettente! &#8211; Lapurla","isPartOf":{"@id":"https:\/\/www.lapurla.ch\/#website"},"primaryImageOfPage":{"@id":"https:\/\/www.lapurla.ch\/it\/news\/pilotprojekt-flowmobil-in-wetzikon-ein-vielversprechender-start#primaryimage"},"image":{"@id":"https:\/\/www.lapurla.ch\/it\/news\/pilotprojekt-flowmobil-in-wetzikon-ein-vielversprechender-start#primaryimage"},"thumbnailUrl":"https:\/\/www.lapurla.ch\/wp-content\/uploads\/2025\/08\/LapurlaFLOWmobil-FiZ-Wetzikon2025.jpg","datePublished":"2025-09-29T12:39:24+00:00","dateModified":"2025-09-29T13:03:27+00:00","breadcrumb":{"@id":"https:\/\/www.lapurla.ch\/it\/news\/pilotprojekt-flowmobil-in-wetzikon-ein-vielversprechender-start#breadcrumb"},"inLanguage":"it-IT","potentialAction":[{"@type":"ReadAction","target":["https:\/\/www.lapurla.ch\/it\/news\/pilotprojekt-flowmobil-in-wetzikon-ein-vielversprechender-start"]}]},{"@type":"ImageObject","inLanguage":"it-IT","@id":"https:\/\/www.lapurla.ch\/it\/news\/pilotprojekt-flowmobil-in-wetzikon-ein-vielversprechender-start#primaryimage","url":"https:\/\/www.lapurla.ch\/wp-content\/uploads\/2025\/08\/LapurlaFLOWmobil-FiZ-Wetzikon2025.jpg","contentUrl":"https:\/\/www.lapurla.ch\/wp-content\/uploads\/2025\/08\/LapurlaFLOWmobil-FiZ-Wetzikon2025.jpg","width":2000,"height":924},{"@type":"BreadcrumbList","@id":"https:\/\/www.lapurla.ch\/it\/news\/pilotprojekt-flowmobil-in-wetzikon-ein-vielversprechender-start#breadcrumb","itemListElement":[{"@type":"ListItem","position":1,"name":"Startseite","item":"https:\/\/www.lapurla.ch\/it"},{"@type":"ListItem","position":2,"name":"News","item":"https:\/\/www.lapurla.ch\/news"},{"@type":"ListItem","position":3,"name":"Progetto pilota FLOWmobil a Wetzikon \u2013 un inizio promettente!"}]},{"@type":"WebSite","@id":"https:\/\/www.lapurla.ch\/#website","url":"https:\/\/www.lapurla.ch\/","name":"Lapurla","description":"","publisher":{"@id":"https:\/\/www.lapurla.ch\/#organization"},"potentialAction":[{"@type":"SearchAction","target":{"@type":"EntryPoint","urlTemplate":"https:\/\/www.lapurla.ch\/?s={search_term_string}"},"query-input":{"@type":"PropertyValueSpecification","valueRequired":true,"valueName":"search_term_string"}}],"inLanguage":"it-IT"},{"@type":"Organization","@id":"https:\/\/www.lapurla.ch\/#organization","name":"Lapurla","url":"https:\/\/www.lapurla.ch\/","logo":{"@type":"ImageObject","inLanguage":"it-IT","@id":"https:\/\/www.lapurla.ch\/#\/schema\/logo\/image\/","url":"https:\/\/www.lapurla.ch\/wp-content\/uploads\/2022\/03\/cropped-favicon.png","contentUrl":"https:\/\/www.lapurla.ch\/wp-content\/uploads\/2022\/03\/cropped-favicon.png","width":512,"height":512,"caption":"Lapurla"},"image":{"@id":"https:\/\/www.lapurla.ch\/#\/schema\/logo\/image\/"}}]}},"_links":{"self":[{"href":"https:\/\/www.lapurla.ch\/it\/wp-json\/wp\/v2\/news\/30838","targetHints":{"allow":["GET"]}}],"collection":[{"href":"https:\/\/www.lapurla.ch\/it\/wp-json\/wp\/v2\/news"}],"about":[{"href":"https:\/\/www.lapurla.ch\/it\/wp-json\/wp\/v2\/types\/news"}],"version-history":[{"count":1,"href":"https:\/\/www.lapurla.ch\/it\/wp-json\/wp\/v2\/news\/30838\/revisions"}],"predecessor-version":[{"id":30842,"href":"https:\/\/www.lapurla.ch\/it\/wp-json\/wp\/v2\/news\/30838\/revisions\/30842"}],"wp:featuredmedia":[{"embeddable":true,"href":"https:\/\/www.lapurla.ch\/it\/wp-json\/wp\/v2\/media\/30529"}],"wp:attachment":[{"href":"https:\/\/www.lapurla.ch\/it\/wp-json\/wp\/v2\/media?parent=30838"}],"wp:term":[{"taxonomy":"category","embeddable":true,"href":"https:\/\/www.lapurla.ch\/it\/wp-json\/wp\/v2\/categories?post=30838"}],"curies":[{"name":"wp","href":"https:\/\/api.w.org\/{rel}","templated":true}]}}