{"id":28240,"date":"2025-03-27T11:50:44","date_gmt":"2025-03-27T10:50:44","guid":{"rendered":"https:\/\/www.lapurla.ch\/news\/netzwerkpartner-zeppelin-familien-startklar"},"modified":"2025-03-27T12:11:03","modified_gmt":"2025-03-27T11:11:03","slug":"netzwerkpartner-zeppelin-familien-startklar","status":"publish","type":"news","link":"https:\/\/www.lapurla.ch\/it\/news\/netzwerkpartner-zeppelin-familien-startklar","title":{"rendered":"Partner di rete \u00abzeppelin \u2013 familien startklar\u00bb"},"content":{"rendered":"\n<p>Siamo lieti di presentare il nostro nuovo partner di rete! <a href=\"https:\/\/zeppelin-familien.ch\" target=\"_blank\" rel=\"noreferrer noopener\">\u00abzeppelin &#8211; familien startklar\u00bb<\/a> accompagna, educa e rafforza le famiglie fin dall&#8217;inizio ed \u00e8 impegnata nell&#8217;intervento precoce fin dalla nascita.<\/p>\n\n\n\n<p>Sulla base di un rapporto di fiducia, i parent trainer certificati consigliano, educano e sostengono le famiglie con i loro bambini da 0 a 4 anni nel programma di sostegno all&#8217;intervento precoce di zeppelin utilizzando la metodologia \u00bbPAT &#8211; Learning with Parents\u00bb.<\/p>\n\n\n\n<p>\u00abzeppelin &#8211; familien startklar\u00bb \u00e8 uno dei partner di Lapura nel progetto \u00abFLOWmobil\u00bb. FLOWmobil si concentra sulle famiglie con bambini da 0 a 4 anni che non frequentano un asilo nido o un gruppo di gioco. Il progetto crea spazi creativi a bassa soglia nell&#8217;ambiente pubblico di tutti i giorni, promuove il lavoro di rete incentrato sulla famiglia a livello locale e crea collegamenti con le opportunit\u00e0 di partecipazione culturale locali. Siamo molto soddisfatti di questa collaborazione arricchente.<\/p>\n\n\n\n<blockquote class=\"wp-block-quote is-layout-flow wp-block-quote-is-layout-flow\">\n<p>\u00abzeppelin &#8211; familien startklar sostiene, educa e rafforza le famiglie con condizioni di partenza difficili. Ci concentriamo sul sostegno olistico dei bambini da parte dei loro genitori e assistenti, con l&#8217;obiettivo di raggiungere una maggiore uguaglianza di opportunit\u00e0.<br>Le famiglie vulnerabili, in particolare, spesso non hanno accesso alla libert\u00e0 culturale e creativa con i loro figli piccoli. \u00c8 quindi molto importante per noi sostenere Lapurla e mantenere una collaborazione attiva con il progetto FLOWmobil. Questi momenti creativi non solo rafforzano i bambini nella loro autoefficacia e nel loro comportamento esplorativo, ma anche i loro genitori e assistenti.\u00bb\u00a0<\/p>\n<cite>zeppelin \u2013 familien startklar<\/cite><\/blockquote>\n","protected":false},"excerpt":{"rendered":"<p>Siamo lieti di presentare il nostro nuovo partner di rete! \u00abzeppelin &#8211; familien startklar\u00bb accompagna, educa e rafforza le famiglie fin dall&#8217;inizio ed \u00e8 impegnata nell&#8217;intervento precoce fin dalla nascita. Sulla base di un rapporto di fiducia, i parent trainer certificati consigliano, educano e sostengono le famiglie con i loro bambini da 0 a 4 [&hellip;]<\/p>\n","protected":false},"featured_media":28254,"template":"","meta":{"_acf_changed":false,"latitude":"","longitude":"","kurzbeschreibung":"Siamo lieti di presentare il nostro nuovo partner di rete! \u00abzeppelin - familien startklar\u00bb sostiene, educa e rafforza le famiglie fin dall'inizio e si impegna per un sostegno precoce fin dalla nascita.","datum_von":"","footnotes":""},"categories":[],"class_list":["post-28240","news","type-news","status-publish","has-post-thumbnail","hentry"],"acf":[],"yoast_head":"<!-- This site is optimized with the Yoast SEO plugin v27.2 - https:\/\/yoast.com\/product\/yoast-seo-wordpress\/ -->\n<title>Partner di rete \u00abzeppelin \u2013 familien startklar\u00bb &#8211; Lapurla<\/title>\n<meta name=\"description\" content=\"Partner di rete \u00abzeppelin \u2013 familien startklar\u00bb. Siamo lieti di presentare il nostro nuovo partner di rete! \u201czeppelin - familien startklar\u201d sostiene, educa e rafforza le famiglie fin dall&#039;inizio e si impegna per un sostegno precoce fin dalla nascita.\" \/>\n<meta name=\"robots\" content=\"index, follow, max-snippet:-1, max-image-preview:large, max-video-preview:-1\" \/>\n<link rel=\"canonical\" href=\"https:\/\/www.lapurla.ch\/it\/news\/netzwerkpartner-zeppelin-familien-startklar\" \/>\n<meta property=\"og:locale\" content=\"it_IT\" \/>\n<meta property=\"og:type\" content=\"article\" \/>\n<meta property=\"og:title\" content=\"Partner di rete \u00abzeppelin \u2013 familien startklar\u00bb &#8211; Lapurla\" \/>\n<meta property=\"og:description\" content=\"Partner di rete \u00abzeppelin \u2013 familien startklar\u00bb. Siamo lieti di presentare il nostro nuovo partner di rete! \u201czeppelin - familien startklar\u201d sostiene, educa e rafforza le famiglie fin dall&#039;inizio e si impegna per un sostegno precoce fin dalla nascita.\" \/>\n<meta property=\"og:url\" content=\"https:\/\/www.lapurla.ch\/it\/news\/netzwerkpartner-zeppelin-familien-startklar\" \/>\n<meta property=\"og:site_name\" content=\"Lapurla\" \/>\n<meta property=\"article:modified_time\" content=\"2025-03-27T11:11:03+00:00\" \/>\n<meta property=\"og:image\" content=\"https:\/\/www.lapurla.ch\/wp-content\/uploads\/2025\/03\/zeppelinrechteckIT.jpg\" \/>\n\t<meta property=\"og:image:width\" content=\"1920\" \/>\n\t<meta property=\"og:image:height\" content=\"1440\" \/>\n\t<meta property=\"og:image:type\" content=\"image\/jpeg\" \/>\n<meta name=\"twitter:card\" content=\"summary_large_image\" \/>\n<meta name=\"twitter:label1\" content=\"Tempo di lettura stimato\" \/>\n\t<meta name=\"twitter:data1\" content=\"2 minuti\" \/>\n<script type=\"application\/ld+json\" class=\"yoast-schema-graph\">{\"@context\":\"https:\/\/schema.org\",\"@graph\":[{\"@type\":\"WebPage\",\"@id\":\"https:\/\/www.lapurla.ch\/it\/news\/netzwerkpartner-zeppelin-familien-startklar\",\"url\":\"https:\/\/www.lapurla.ch\/it\/news\/netzwerkpartner-zeppelin-familien-startklar\",\"name\":\"Partner di rete \u00abzeppelin \u2013 familien startklar\u00bb &#8211; Lapurla\",\"isPartOf\":{\"@id\":\"https:\/\/www.lapurla.ch\/#website\"},\"primaryImageOfPage\":{\"@id\":\"https:\/\/www.lapurla.ch\/it\/news\/netzwerkpartner-zeppelin-familien-startklar#primaryimage\"},\"image\":{\"@id\":\"https:\/\/www.lapurla.ch\/it\/news\/netzwerkpartner-zeppelin-familien-startklar#primaryimage\"},\"thumbnailUrl\":\"https:\/\/www.lapurla.ch\/wp-content\/uploads\/2025\/03\/zeppelinrechteckIT.jpg\",\"datePublished\":\"2025-03-27T10:50:44+00:00\",\"dateModified\":\"2025-03-27T11:11:03+00:00\",\"description\":\"Partner di rete \u00abzeppelin \u2013 familien startklar\u00bb. Siamo lieti di presentare il nostro nuovo partner di rete! \u201czeppelin - familien startklar\u201d sostiene, educa e rafforza le famiglie fin dall'inizio e si impegna per un sostegno precoce fin dalla nascita.\",\"breadcrumb\":{\"@id\":\"https:\/\/www.lapurla.ch\/it\/news\/netzwerkpartner-zeppelin-familien-startklar#breadcrumb\"},\"inLanguage\":\"it-IT\",\"potentialAction\":[{\"@type\":\"ReadAction\",\"target\":[\"https:\/\/www.lapurla.ch\/it\/news\/netzwerkpartner-zeppelin-familien-startklar\"]}]},{\"@type\":\"ImageObject\",\"inLanguage\":\"it-IT\",\"@id\":\"https:\/\/www.lapurla.ch\/it\/news\/netzwerkpartner-zeppelin-familien-startklar#primaryimage\",\"url\":\"https:\/\/www.lapurla.ch\/wp-content\/uploads\/2025\/03\/zeppelinrechteckIT.jpg\",\"contentUrl\":\"https:\/\/www.lapurla.ch\/wp-content\/uploads\/2025\/03\/zeppelinrechteckIT.jpg\",\"width\":1920,\"height\":1440},{\"@type\":\"BreadcrumbList\",\"@id\":\"https:\/\/www.lapurla.ch\/it\/news\/netzwerkpartner-zeppelin-familien-startklar#breadcrumb\",\"itemListElement\":[{\"@type\":\"ListItem\",\"position\":1,\"name\":\"Startseite\",\"item\":\"https:\/\/www.lapurla.ch\/it\"},{\"@type\":\"ListItem\",\"position\":2,\"name\":\"News\",\"item\":\"https:\/\/www.lapurla.ch\/news\"},{\"@type\":\"ListItem\",\"position\":3,\"name\":\"Partner di rete \u00abzeppelin \u2013 familien startklar\u00bb\"}]},{\"@type\":\"WebSite\",\"@id\":\"https:\/\/www.lapurla.ch\/#website\",\"url\":\"https:\/\/www.lapurla.ch\/\",\"name\":\"Lapurla\",\"description\":\"\",\"publisher\":{\"@id\":\"https:\/\/www.lapurla.ch\/#organization\"},\"potentialAction\":[{\"@type\":\"SearchAction\",\"target\":{\"@type\":\"EntryPoint\",\"urlTemplate\":\"https:\/\/www.lapurla.ch\/?s={search_term_string}\"},\"query-input\":{\"@type\":\"PropertyValueSpecification\",\"valueRequired\":true,\"valueName\":\"search_term_string\"}}],\"inLanguage\":\"it-IT\"},{\"@type\":\"Organization\",\"@id\":\"https:\/\/www.lapurla.ch\/#organization\",\"name\":\"Lapurla\",\"url\":\"https:\/\/www.lapurla.ch\/\",\"logo\":{\"@type\":\"ImageObject\",\"inLanguage\":\"it-IT\",\"@id\":\"https:\/\/www.lapurla.ch\/#\/schema\/logo\/image\/\",\"url\":\"https:\/\/www.lapurla.ch\/wp-content\/uploads\/2022\/03\/cropped-favicon.png\",\"contentUrl\":\"https:\/\/www.lapurla.ch\/wp-content\/uploads\/2022\/03\/cropped-favicon.png\",\"width\":512,\"height\":512,\"caption\":\"Lapurla\"},\"image\":{\"@id\":\"https:\/\/www.lapurla.ch\/#\/schema\/logo\/image\/\"}}]}<\/script>\n<!-- \/ Yoast SEO plugin. -->","yoast_head_json":{"title":"Partner di rete \u00abzeppelin \u2013 familien startklar\u00bb &#8211; Lapurla","description":"Partner di rete \u00abzeppelin \u2013 familien startklar\u00bb. Siamo lieti di presentare il nostro nuovo partner di rete! \u201czeppelin - familien startklar\u201d sostiene, educa e rafforza le famiglie fin dall'inizio e si impegna per un sostegno precoce fin dalla nascita.","robots":{"index":"index","follow":"follow","max-snippet":"max-snippet:-1","max-image-preview":"max-image-preview:large","max-video-preview":"max-video-preview:-1"},"canonical":"https:\/\/www.lapurla.ch\/it\/news\/netzwerkpartner-zeppelin-familien-startklar","og_locale":"it_IT","og_type":"article","og_title":"Partner di rete \u00abzeppelin \u2013 familien startklar\u00bb &#8211; Lapurla","og_description":"Partner di rete \u00abzeppelin \u2013 familien startklar\u00bb. Siamo lieti di presentare il nostro nuovo partner di rete! \u201czeppelin - familien startklar\u201d sostiene, educa e rafforza le famiglie fin dall'inizio e si impegna per un sostegno precoce fin dalla nascita.","og_url":"https:\/\/www.lapurla.ch\/it\/news\/netzwerkpartner-zeppelin-familien-startklar","og_site_name":"Lapurla","article_modified_time":"2025-03-27T11:11:03+00:00","og_image":[{"width":1920,"height":1440,"url":"https:\/\/www.lapurla.ch\/wp-content\/uploads\/2025\/03\/zeppelinrechteckIT.jpg","type":"image\/jpeg"}],"twitter_card":"summary_large_image","twitter_misc":{"Tempo di lettura stimato":"2 minuti"},"schema":{"@context":"https:\/\/schema.org","@graph":[{"@type":"WebPage","@id":"https:\/\/www.lapurla.ch\/it\/news\/netzwerkpartner-zeppelin-familien-startklar","url":"https:\/\/www.lapurla.ch\/it\/news\/netzwerkpartner-zeppelin-familien-startklar","name":"Partner di rete \u00abzeppelin \u2013 familien startklar\u00bb &#8211; Lapurla","isPartOf":{"@id":"https:\/\/www.lapurla.ch\/#website"},"primaryImageOfPage":{"@id":"https:\/\/www.lapurla.ch\/it\/news\/netzwerkpartner-zeppelin-familien-startklar#primaryimage"},"image":{"@id":"https:\/\/www.lapurla.ch\/it\/news\/netzwerkpartner-zeppelin-familien-startklar#primaryimage"},"thumbnailUrl":"https:\/\/www.lapurla.ch\/wp-content\/uploads\/2025\/03\/zeppelinrechteckIT.jpg","datePublished":"2025-03-27T10:50:44+00:00","dateModified":"2025-03-27T11:11:03+00:00","description":"Partner di rete \u00abzeppelin \u2013 familien startklar\u00bb. Siamo lieti di presentare il nostro nuovo partner di rete! \u201czeppelin - familien startklar\u201d sostiene, educa e rafforza le famiglie fin dall'inizio e si impegna per un sostegno precoce fin dalla nascita.","breadcrumb":{"@id":"https:\/\/www.lapurla.ch\/it\/news\/netzwerkpartner-zeppelin-familien-startklar#breadcrumb"},"inLanguage":"it-IT","potentialAction":[{"@type":"ReadAction","target":["https:\/\/www.lapurla.ch\/it\/news\/netzwerkpartner-zeppelin-familien-startklar"]}]},{"@type":"ImageObject","inLanguage":"it-IT","@id":"https:\/\/www.lapurla.ch\/it\/news\/netzwerkpartner-zeppelin-familien-startklar#primaryimage","url":"https:\/\/www.lapurla.ch\/wp-content\/uploads\/2025\/03\/zeppelinrechteckIT.jpg","contentUrl":"https:\/\/www.lapurla.ch\/wp-content\/uploads\/2025\/03\/zeppelinrechteckIT.jpg","width":1920,"height":1440},{"@type":"BreadcrumbList","@id":"https:\/\/www.lapurla.ch\/it\/news\/netzwerkpartner-zeppelin-familien-startklar#breadcrumb","itemListElement":[{"@type":"ListItem","position":1,"name":"Startseite","item":"https:\/\/www.lapurla.ch\/it"},{"@type":"ListItem","position":2,"name":"News","item":"https:\/\/www.lapurla.ch\/news"},{"@type":"ListItem","position":3,"name":"Partner di rete \u00abzeppelin \u2013 familien startklar\u00bb"}]},{"@type":"WebSite","@id":"https:\/\/www.lapurla.ch\/#website","url":"https:\/\/www.lapurla.ch\/","name":"Lapurla","description":"","publisher":{"@id":"https:\/\/www.lapurla.ch\/#organization"},"potentialAction":[{"@type":"SearchAction","target":{"@type":"EntryPoint","urlTemplate":"https:\/\/www.lapurla.ch\/?s={search_term_string}"},"query-input":{"@type":"PropertyValueSpecification","valueRequired":true,"valueName":"search_term_string"}}],"inLanguage":"it-IT"},{"@type":"Organization","@id":"https:\/\/www.lapurla.ch\/#organization","name":"Lapurla","url":"https:\/\/www.lapurla.ch\/","logo":{"@type":"ImageObject","inLanguage":"it-IT","@id":"https:\/\/www.lapurla.ch\/#\/schema\/logo\/image\/","url":"https:\/\/www.lapurla.ch\/wp-content\/uploads\/2022\/03\/cropped-favicon.png","contentUrl":"https:\/\/www.lapurla.ch\/wp-content\/uploads\/2022\/03\/cropped-favicon.png","width":512,"height":512,"caption":"Lapurla"},"image":{"@id":"https:\/\/www.lapurla.ch\/#\/schema\/logo\/image\/"}}]}},"_links":{"self":[{"href":"https:\/\/www.lapurla.ch\/it\/wp-json\/wp\/v2\/news\/28240","targetHints":{"allow":["GET"]}}],"collection":[{"href":"https:\/\/www.lapurla.ch\/it\/wp-json\/wp\/v2\/news"}],"about":[{"href":"https:\/\/www.lapurla.ch\/it\/wp-json\/wp\/v2\/types\/news"}],"version-history":[{"count":4,"href":"https:\/\/www.lapurla.ch\/it\/wp-json\/wp\/v2\/news\/28240\/revisions"}],"predecessor-version":[{"id":28260,"href":"https:\/\/www.lapurla.ch\/it\/wp-json\/wp\/v2\/news\/28240\/revisions\/28260"}],"wp:featuredmedia":[{"embeddable":true,"href":"https:\/\/www.lapurla.ch\/it\/wp-json\/wp\/v2\/media\/28254"}],"wp:attachment":[{"href":"https:\/\/www.lapurla.ch\/it\/wp-json\/wp\/v2\/media?parent=28240"}],"wp:term":[{"taxonomy":"category","embeddable":true,"href":"https:\/\/www.lapurla.ch\/it\/wp-json\/wp\/v2\/categories?post=28240"}],"curies":[{"name":"wp","href":"https:\/\/api.w.org\/{rel}","templated":true}]}}