{"id":20062,"date":"2023-10-26T11:16:55","date_gmt":"2023-10-26T09:16:55","guid":{"rendered":"https:\/\/www.lapurla.ch\/news\/rueckblick-netzwerktrefffen-assitej"},"modified":"2023-10-26T11:39:50","modified_gmt":"2023-10-26T09:39:50","slug":"bilancio-dellincontro-di-rete-assitej","status":"publish","type":"news","link":"https:\/\/www.lapurla.ch\/it\/news\/bilancio-dellincontro-di-rete-assitej","title":{"rendered":"Bilancio dell&#8217;incontro di rete \u00abArte e cultura dall&#8217;inizio\u00bb"},"content":{"rendered":"\n<p>L&#8217;Association Internationale du Th\u00e9\u00e2tre pour l&#8217;Enfance et la Jeunesse (<a href=\"https:\/\/www.assitej.li\/home\/\" target=\"_blank\" rel=\"noreferrer noopener\">ASSITEJ<\/a>) \u00e8 un&#8217;associazione mondiale fondata a Parigi nel 1965 per la salvaguardia, lo sviluppo e la promozione del teatro per bambini e ragazzi. L&#8217;ASSITEJ Lichtenstein ha invitato all&#8217;incontro di rete \u00abArte e cultura dalle origini\u00bb. L&#8217;attenzione era rivolta all&#8217;educazione estetica e alla partecipazione culturale per i bambini di et\u00e0 inferiore ai 4 anni. Karin Kraus ha tenuto il discorso chiave \u00abPi\u00f9 creativi fin dall&#8217;inizio\u00bb.\u00a0<\/p>\n\n\n\n<p>Per saperne di pi\u00f9 sull&#8217;incontro di rete, potete leggere l&#8217;<a href=\"https:\/\/www.lapurla.ch\/wp-content\/uploads\/2023\/09\/InterviewKarin-KrausLiechtensteiner-Vaterland26.09.2023.pdf\" target=\"_blank\" rel=\"noreferrer noopener\">intervista<\/a> a Karin Kraus e l&#8217;articolo di giornale <a href=\"https:\/\/www.lapurla.ch\/wp-content\/uploads\/2023\/10\/Kunst-von-Anfang-anVaterland30.09.2023.pdf\">\u00abKulturelle Fr\u00fchf\u00f6rderung <\/a><a href=\"https:\/\/www.lapurla.ch\/wp-content\/uploads\/2023\/10\/Kunst-von-Anfang-anVaterland30.09.2023.pdf\" target=\"_blank\" rel=\"noreferrer noopener\">als<\/a><a href=\"https:\/\/www.lapurla.ch\/wp-content\/uploads\/2023\/10\/Kunst-von-Anfang-anVaterland30.09.2023.pdf\"> Fundament\u00bb<\/a>.<\/p>\n\n\n\n<figure class=\"wp-block-image size-large\"><img loading=\"lazy\" decoding=\"async\" width=\"1024\" height=\"680\" src=\"https:\/\/www.lapurla.ch\/wp-content\/uploads\/2023\/10\/assitej-1024x680.jpg\" alt=\"\" class=\"wp-image-20054\" srcset=\"https:\/\/www.lapurla.ch\/wp-content\/uploads\/2023\/10\/assitej-1024x680.jpg 1024w, https:\/\/www.lapurla.ch\/wp-content\/uploads\/2023\/10\/assitej-300x199.jpg 300w, https:\/\/www.lapurla.ch\/wp-content\/uploads\/2023\/10\/assitej-768x510.jpg 768w, https:\/\/www.lapurla.ch\/wp-content\/uploads\/2023\/10\/assitej.jpg 1280w\" sizes=\"auto, (max-width: 1024px) 100vw, 1024px\" \/><\/figure>\n","protected":false},"excerpt":{"rendered":"<p>L&#8217;Association Internationale du Th\u00e9\u00e2tre pour l&#8217;Enfance et la Jeunesse (ASSITEJ) \u00e8 un&#8217;associazione mondiale fondata a Parigi nel 1965 per la salvaguardia, lo sviluppo e la promozione del teatro per bambini e ragazzi. L&#8217;ASSITEJ Lichtenstein ha invitato all&#8217;incontro di rete \u00abArte e cultura dalle origini\u00bb. L&#8217;attenzione era rivolta all&#8217;educazione estetica e alla partecipazione culturale per i [&hellip;]<\/p>\n","protected":false},"featured_media":20056,"template":"","meta":{"_acf_changed":false,"latitude":"","longitude":"","kurzbeschreibung":"L'ASSITEJ Lichtenstein ha invitato all'incontro di rete \u00abArte e cultura fin dall'inizio\u00bb. Il tema era l'educazione estetica e la partecipazione culturale per i bambini di et\u00e0 inferiore ai 4 anni. Scopri di pi\u00f9 qui!","datum_von":"","footnotes":""},"categories":[],"class_list":["post-20062","news","type-news","status-publish","has-post-thumbnail","hentry"],"acf":[],"yoast_head":"<!-- This site is optimized with the Yoast SEO plugin v27.2 - https:\/\/yoast.com\/product\/yoast-seo-wordpress\/ -->\n<title>Bilancio dell&#039;incontro di rete \u00abArte e cultura dall&#039;inizio\u00bb &#8211; Lapurla<\/title>\n<meta name=\"description\" content=\"L&#039;ASSITEJ Lichtenstein ha invitato all&#039;incontro di rete \u00abArte e cultura fin dall&#039;inizio\u00bb.\" \/>\n<meta name=\"robots\" content=\"index, follow, max-snippet:-1, max-image-preview:large, max-video-preview:-1\" \/>\n<link rel=\"canonical\" href=\"https:\/\/www.lapurla.ch\/it\/news\/bilancio-dellincontro-di-rete-assitej\" \/>\n<meta property=\"og:locale\" content=\"it_IT\" \/>\n<meta property=\"og:type\" content=\"article\" \/>\n<meta property=\"og:title\" content=\"Bilancio dell&#039;incontro di rete \u00abArte e cultura dall&#039;inizio\u00bb &#8211; Lapurla\" \/>\n<meta property=\"og:description\" content=\"L&#039;ASSITEJ Lichtenstein ha invitato all&#039;incontro di rete \u00abArte e cultura fin dall&#039;inizio\u00bb.\" \/>\n<meta property=\"og:url\" content=\"https:\/\/www.lapurla.ch\/it\/news\/bilancio-dellincontro-di-rete-assitej\" \/>\n<meta property=\"og:site_name\" content=\"Lapurla\" \/>\n<meta property=\"article:modified_time\" content=\"2023-10-26T09:39:50+00:00\" \/>\n<meta property=\"og:image\" content=\"https:\/\/www.lapurla.ch\/wp-content\/uploads\/2023\/10\/assitej.jpg\" \/>\n\t<meta property=\"og:image:width\" content=\"1280\" \/>\n\t<meta property=\"og:image:height\" content=\"850\" \/>\n\t<meta property=\"og:image:type\" content=\"image\/jpeg\" \/>\n<meta name=\"twitter:card\" content=\"summary_large_image\" \/>\n<meta name=\"twitter:label1\" content=\"Tempo di lettura stimato\" \/>\n\t<meta name=\"twitter:data1\" content=\"1 minuto\" \/>\n<script type=\"application\/ld+json\" class=\"yoast-schema-graph\">{\"@context\":\"https:\/\/schema.org\",\"@graph\":[{\"@type\":\"WebPage\",\"@id\":\"https:\/\/www.lapurla.ch\/it\/news\/bilancio-dellincontro-di-rete-assitej\",\"url\":\"https:\/\/www.lapurla.ch\/it\/news\/bilancio-dellincontro-di-rete-assitej\",\"name\":\"Bilancio dell'incontro di rete \u00abArte e cultura dall'inizio\u00bb &#8211; Lapurla\",\"isPartOf\":{\"@id\":\"https:\/\/www.lapurla.ch\/#website\"},\"primaryImageOfPage\":{\"@id\":\"https:\/\/www.lapurla.ch\/it\/news\/bilancio-dellincontro-di-rete-assitej#primaryimage\"},\"image\":{\"@id\":\"https:\/\/www.lapurla.ch\/it\/news\/bilancio-dellincontro-di-rete-assitej#primaryimage\"},\"thumbnailUrl\":\"https:\/\/www.lapurla.ch\/wp-content\/uploads\/2023\/10\/assitej.jpg\",\"datePublished\":\"2023-10-26T09:16:55+00:00\",\"dateModified\":\"2023-10-26T09:39:50+00:00\",\"description\":\"L'ASSITEJ Lichtenstein ha invitato all'incontro di rete \u00abArte e cultura fin dall'inizio\u00bb.\",\"breadcrumb\":{\"@id\":\"https:\/\/www.lapurla.ch\/it\/news\/bilancio-dellincontro-di-rete-assitej#breadcrumb\"},\"inLanguage\":\"it-IT\",\"potentialAction\":[{\"@type\":\"ReadAction\",\"target\":[\"https:\/\/www.lapurla.ch\/it\/news\/bilancio-dellincontro-di-rete-assitej\"]}]},{\"@type\":\"ImageObject\",\"inLanguage\":\"it-IT\",\"@id\":\"https:\/\/www.lapurla.ch\/it\/news\/bilancio-dellincontro-di-rete-assitej#primaryimage\",\"url\":\"https:\/\/www.lapurla.ch\/wp-content\/uploads\/2023\/10\/assitej.jpg\",\"contentUrl\":\"https:\/\/www.lapurla.ch\/wp-content\/uploads\/2023\/10\/assitej.jpg\",\"width\":1280,\"height\":850},{\"@type\":\"BreadcrumbList\",\"@id\":\"https:\/\/www.lapurla.ch\/it\/news\/bilancio-dellincontro-di-rete-assitej#breadcrumb\",\"itemListElement\":[{\"@type\":\"ListItem\",\"position\":1,\"name\":\"Startseite\",\"item\":\"https:\/\/www.lapurla.ch\/it\"},{\"@type\":\"ListItem\",\"position\":2,\"name\":\"News\",\"item\":\"https:\/\/www.lapurla.ch\/news\"},{\"@type\":\"ListItem\",\"position\":3,\"name\":\"Bilancio dell&#8217;incontro di rete \u00abArte e cultura dall&#8217;inizio\u00bb\"}]},{\"@type\":\"WebSite\",\"@id\":\"https:\/\/www.lapurla.ch\/#website\",\"url\":\"https:\/\/www.lapurla.ch\/\",\"name\":\"Lapurla\",\"description\":\"\",\"publisher\":{\"@id\":\"https:\/\/www.lapurla.ch\/#organization\"},\"potentialAction\":[{\"@type\":\"SearchAction\",\"target\":{\"@type\":\"EntryPoint\",\"urlTemplate\":\"https:\/\/www.lapurla.ch\/?s={search_term_string}\"},\"query-input\":{\"@type\":\"PropertyValueSpecification\",\"valueRequired\":true,\"valueName\":\"search_term_string\"}}],\"inLanguage\":\"it-IT\"},{\"@type\":\"Organization\",\"@id\":\"https:\/\/www.lapurla.ch\/#organization\",\"name\":\"Lapurla\",\"url\":\"https:\/\/www.lapurla.ch\/\",\"logo\":{\"@type\":\"ImageObject\",\"inLanguage\":\"it-IT\",\"@id\":\"https:\/\/www.lapurla.ch\/#\/schema\/logo\/image\/\",\"url\":\"https:\/\/www.lapurla.ch\/wp-content\/uploads\/2022\/03\/cropped-favicon.png\",\"contentUrl\":\"https:\/\/www.lapurla.ch\/wp-content\/uploads\/2022\/03\/cropped-favicon.png\",\"width\":512,\"height\":512,\"caption\":\"Lapurla\"},\"image\":{\"@id\":\"https:\/\/www.lapurla.ch\/#\/schema\/logo\/image\/\"}}]}<\/script>\n<!-- \/ Yoast SEO plugin. -->","yoast_head_json":{"title":"Bilancio dell'incontro di rete \u00abArte e cultura dall'inizio\u00bb &#8211; Lapurla","description":"L'ASSITEJ Lichtenstein ha invitato all'incontro di rete \u00abArte e cultura fin dall'inizio\u00bb.","robots":{"index":"index","follow":"follow","max-snippet":"max-snippet:-1","max-image-preview":"max-image-preview:large","max-video-preview":"max-video-preview:-1"},"canonical":"https:\/\/www.lapurla.ch\/it\/news\/bilancio-dellincontro-di-rete-assitej","og_locale":"it_IT","og_type":"article","og_title":"Bilancio dell'incontro di rete \u00abArte e cultura dall'inizio\u00bb &#8211; Lapurla","og_description":"L'ASSITEJ Lichtenstein ha invitato all'incontro di rete \u00abArte e cultura fin dall'inizio\u00bb.","og_url":"https:\/\/www.lapurla.ch\/it\/news\/bilancio-dellincontro-di-rete-assitej","og_site_name":"Lapurla","article_modified_time":"2023-10-26T09:39:50+00:00","og_image":[{"width":1280,"height":850,"url":"https:\/\/www.lapurla.ch\/wp-content\/uploads\/2023\/10\/assitej.jpg","type":"image\/jpeg"}],"twitter_card":"summary_large_image","twitter_misc":{"Tempo di lettura stimato":"1 minuto"},"schema":{"@context":"https:\/\/schema.org","@graph":[{"@type":"WebPage","@id":"https:\/\/www.lapurla.ch\/it\/news\/bilancio-dellincontro-di-rete-assitej","url":"https:\/\/www.lapurla.ch\/it\/news\/bilancio-dellincontro-di-rete-assitej","name":"Bilancio dell'incontro di rete \u00abArte e cultura dall'inizio\u00bb &#8211; Lapurla","isPartOf":{"@id":"https:\/\/www.lapurla.ch\/#website"},"primaryImageOfPage":{"@id":"https:\/\/www.lapurla.ch\/it\/news\/bilancio-dellincontro-di-rete-assitej#primaryimage"},"image":{"@id":"https:\/\/www.lapurla.ch\/it\/news\/bilancio-dellincontro-di-rete-assitej#primaryimage"},"thumbnailUrl":"https:\/\/www.lapurla.ch\/wp-content\/uploads\/2023\/10\/assitej.jpg","datePublished":"2023-10-26T09:16:55+00:00","dateModified":"2023-10-26T09:39:50+00:00","description":"L'ASSITEJ Lichtenstein ha invitato all'incontro di rete \u00abArte e cultura fin dall'inizio\u00bb.","breadcrumb":{"@id":"https:\/\/www.lapurla.ch\/it\/news\/bilancio-dellincontro-di-rete-assitej#breadcrumb"},"inLanguage":"it-IT","potentialAction":[{"@type":"ReadAction","target":["https:\/\/www.lapurla.ch\/it\/news\/bilancio-dellincontro-di-rete-assitej"]}]},{"@type":"ImageObject","inLanguage":"it-IT","@id":"https:\/\/www.lapurla.ch\/it\/news\/bilancio-dellincontro-di-rete-assitej#primaryimage","url":"https:\/\/www.lapurla.ch\/wp-content\/uploads\/2023\/10\/assitej.jpg","contentUrl":"https:\/\/www.lapurla.ch\/wp-content\/uploads\/2023\/10\/assitej.jpg","width":1280,"height":850},{"@type":"BreadcrumbList","@id":"https:\/\/www.lapurla.ch\/it\/news\/bilancio-dellincontro-di-rete-assitej#breadcrumb","itemListElement":[{"@type":"ListItem","position":1,"name":"Startseite","item":"https:\/\/www.lapurla.ch\/it"},{"@type":"ListItem","position":2,"name":"News","item":"https:\/\/www.lapurla.ch\/news"},{"@type":"ListItem","position":3,"name":"Bilancio dell&#8217;incontro di rete \u00abArte e cultura dall&#8217;inizio\u00bb"}]},{"@type":"WebSite","@id":"https:\/\/www.lapurla.ch\/#website","url":"https:\/\/www.lapurla.ch\/","name":"Lapurla","description":"","publisher":{"@id":"https:\/\/www.lapurla.ch\/#organization"},"potentialAction":[{"@type":"SearchAction","target":{"@type":"EntryPoint","urlTemplate":"https:\/\/www.lapurla.ch\/?s={search_term_string}"},"query-input":{"@type":"PropertyValueSpecification","valueRequired":true,"valueName":"search_term_string"}}],"inLanguage":"it-IT"},{"@type":"Organization","@id":"https:\/\/www.lapurla.ch\/#organization","name":"Lapurla","url":"https:\/\/www.lapurla.ch\/","logo":{"@type":"ImageObject","inLanguage":"it-IT","@id":"https:\/\/www.lapurla.ch\/#\/schema\/logo\/image\/","url":"https:\/\/www.lapurla.ch\/wp-content\/uploads\/2022\/03\/cropped-favicon.png","contentUrl":"https:\/\/www.lapurla.ch\/wp-content\/uploads\/2022\/03\/cropped-favicon.png","width":512,"height":512,"caption":"Lapurla"},"image":{"@id":"https:\/\/www.lapurla.ch\/#\/schema\/logo\/image\/"}}]}},"_links":{"self":[{"href":"https:\/\/www.lapurla.ch\/it\/wp-json\/wp\/v2\/news\/20062","targetHints":{"allow":["GET"]}}],"collection":[{"href":"https:\/\/www.lapurla.ch\/it\/wp-json\/wp\/v2\/news"}],"about":[{"href":"https:\/\/www.lapurla.ch\/it\/wp-json\/wp\/v2\/types\/news"}],"version-history":[{"count":4,"href":"https:\/\/www.lapurla.ch\/it\/wp-json\/wp\/v2\/news\/20062\/revisions"}],"predecessor-version":[{"id":20075,"href":"https:\/\/www.lapurla.ch\/it\/wp-json\/wp\/v2\/news\/20062\/revisions\/20075"}],"wp:featuredmedia":[{"embeddable":true,"href":"https:\/\/www.lapurla.ch\/it\/wp-json\/wp\/v2\/media\/20056"}],"wp:attachment":[{"href":"https:\/\/www.lapurla.ch\/it\/wp-json\/wp\/v2\/media?parent=20062"}],"wp:term":[{"taxonomy":"category","embeddable":true,"href":"https:\/\/www.lapurla.ch\/it\/wp-json\/wp\/v2\/categories?post=20062"}],"curies":[{"name":"wp","href":"https:\/\/api.w.org\/{rel}","templated":true}]}}