{"id":31749,"date":"2025-11-17T15:18:28","date_gmt":"2025-11-17T14:18:28","guid":{"rendered":"https:\/\/www.lapurla.ch\/parcours-p-ein-werkzeug-fuer-partizipative-kulturprojekte"},"modified":"2025-11-17T18:52:26","modified_gmt":"2025-11-17T17:52:26","slug":"parcours-p-ein-werkzeug-fuer-partizipative-kulturprojekte","status":"publish","type":"post","link":"https:\/\/www.lapurla.ch\/fr\/parcours-p-ein-werkzeug-fuer-partizipative-kulturprojekte","title":{"rendered":"Parcours P \u2013 Un outil pour des projets culturels participatifs (2025)"},"content":{"rendered":"\n<figure class=\"wp-block-image size-large\"><img loading=\"lazy\" decoding=\"async\" width=\"1024\" height=\"576\" src=\"https:\/\/www.lapurla.ch\/wp-content\/uploads\/2025\/11\/LapurlaIconsPublikationenParcours-PKVS-scaled.png-1-1024x576.jpeg\" alt=\"\" class=\"wp-image-31745\" srcset=\"https:\/\/www.lapurla.ch\/wp-content\/uploads\/2025\/11\/LapurlaIconsPublikationenParcours-PKVS-scaled.png-1-1024x576.jpeg 1024w, https:\/\/www.lapurla.ch\/wp-content\/uploads\/2025\/11\/LapurlaIconsPublikationenParcours-PKVS-scaled.png-1-300x169.jpeg 300w, https:\/\/www.lapurla.ch\/wp-content\/uploads\/2025\/11\/LapurlaIconsPublikationenParcours-PKVS-scaled.png-1-768x432.jpeg 768w, https:\/\/www.lapurla.ch\/wp-content\/uploads\/2025\/11\/LapurlaIconsPublikationenParcours-PKVS-scaled.png-1-1536x864.jpeg 1536w, https:\/\/www.lapurla.ch\/wp-content\/uploads\/2025\/11\/LapurlaIconsPublikationenParcours-PKVS-scaled.png-1-2048x1152.jpeg 2048w\" sizes=\"auto, (max-width: 1024px) 100vw, 1024px\" \/><\/figure>\n\n\n\n<p>L\u2019outil en ligne&nbsp;<strong>Parcours P<\/strong>&nbsp;soutient les professionnel\u00b7le\u00b7s de l\u2019\u00e9ducation culturelle et de la m\u00e9diation dans la&nbsp;<strong>planification, la r\u00e9flexion et la mise en \u0153uvre<\/strong>&nbsp;de projets culturels participatifs.<br>Il propose une structure claire, des questions-guides pratiques et du mat\u00e9riel utile pour d\u00e9velopper des projets&nbsp;<strong>avec<\/strong>&nbsp;des enfants, des jeunes ou des adultes.<\/p>\n\n\n\n<p>Lapurla recommande cet outil \u00e0 toutes les\u00a0professionnel\u00b7le\u00b7s\u00a0qui souhaitent enrichir leur pratique et aborder la participation comme un\u00a0<strong>processus cr\u00e9atif<\/strong>.<\/p>\n\n\n\n<p><a href=\"https:\/\/parcours-p.kultur-vermittlung.ch\/fr\">Vers l\u2019outil Parcours P<\/a><\/p>\n","protected":false},"excerpt":{"rendered":"<p>L\u2019outil en ligne&nbsp;Parcours P&nbsp;soutient les professionnel\u00b7le\u00b7s de l\u2019\u00e9ducation culturelle et de la m\u00e9diation dans la&nbsp;planification, la r\u00e9flexion et la mise en \u0153uvre&nbsp;de projets culturels participatifs.Il propose une structure claire, des questions-guides pratiques et du mat\u00e9riel utile pour d\u00e9velopper des projets&nbsp;avec&nbsp;des enfants, des jeunes ou des adultes. Lapurla recommande cet outil \u00e0 toutes les\u00a0professionnel\u00b7le\u00b7s\u00a0qui souhaitent enrichir [&hellip;]<\/p>\n","protected":false},"author":5,"featured_media":31763,"comment_status":"closed","ping_status":"open","sticky":false,"template":"","format":"standard","meta":{"_acf_changed":false,"latitude":"","longitude":"","kurzbeschreibung":"","datum_von":"","footnotes":""},"categories":[4],"tags":[],"lapurla_category":[153,157],"class_list":["post-31749","post","type-post","status-publish","format-standard","has-post-thumbnail","hentry","category-non-classifiee","lapurla_category-publikationen-fr","lapurla_category-fachliche-grundlagen-fr"],"acf":[],"yoast_head":"<!-- This site is optimized with the Yoast SEO plugin v27.2 - https:\/\/yoast.com\/product\/yoast-seo-wordpress\/ -->\n<title>Parcours P \u2013 Un outil pour des projets culturels participatifs (2025) &#8211; Lapurla<\/title>\n<meta name=\"robots\" content=\"index, follow, max-snippet:-1, max-image-preview:large, max-video-preview:-1\" \/>\n<link rel=\"canonical\" href=\"https:\/\/www.lapurla.ch\/fr\/parcours-p-ein-werkzeug-fuer-partizipative-kulturprojekte\" \/>\n<meta property=\"og:locale\" content=\"fr_FR\" \/>\n<meta property=\"og:type\" content=\"article\" \/>\n<meta property=\"og:title\" content=\"Parcours P \u2013 Un outil pour des projets culturels participatifs (2025) &#8211; Lapurla\" \/>\n<meta property=\"og:description\" content=\"L\u2019outil en ligne&nbsp;Parcours P&nbsp;soutient les professionnel\u00b7le\u00b7s de l\u2019\u00e9ducation culturelle et de la m\u00e9diation dans la&nbsp;planification, la r\u00e9flexion et la mise en \u0153uvre&nbsp;de projets culturels participatifs.Il propose une structure claire, des questions-guides pratiques et du mat\u00e9riel utile pour d\u00e9velopper des projets&nbsp;avec&nbsp;des enfants, des jeunes ou des adultes. Lapurla recommande cet outil \u00e0 toutes les\u00a0professionnel\u00b7le\u00b7s\u00a0qui souhaitent enrichir [&hellip;]\" \/>\n<meta property=\"og:url\" content=\"https:\/\/www.lapurla.ch\/fr\/parcours-p-ein-werkzeug-fuer-partizipative-kulturprojekte\" \/>\n<meta property=\"og:site_name\" content=\"Lapurla\" \/>\n<meta property=\"article:published_time\" content=\"2025-11-17T14:18:28+00:00\" \/>\n<meta property=\"article:modified_time\" content=\"2025-11-17T17:52:26+00:00\" \/>\n<meta property=\"og:image\" content=\"https:\/\/www.lapurla.ch\/wp-content\/uploads\/2025\/11\/LapurlaIconsPublikationenParcours-PKVS-2-scaled.png\" \/>\n\t<meta property=\"og:image:width\" content=\"2560\" \/>\n\t<meta property=\"og:image:height\" content=\"1440\" \/>\n\t<meta property=\"og:image:type\" content=\"image\/png\" \/>\n<meta name=\"author\" content=\"Karin Kraus\" \/>\n<meta name=\"twitter:card\" content=\"summary_large_image\" \/>\n<meta name=\"twitter:label1\" content=\"\u00c9crit par\" \/>\n\t<meta name=\"twitter:data1\" content=\"Karin Kraus\" \/>\n\t<meta name=\"twitter:label2\" content=\"Dur\u00e9e de lecture estim\u00e9e\" \/>\n\t<meta name=\"twitter:data2\" content=\"1 minute\" \/>\n<script type=\"application\/ld+json\" class=\"yoast-schema-graph\">{\"@context\":\"https:\/\/schema.org\",\"@graph\":[{\"@type\":\"Article\",\"@id\":\"https:\/\/www.lapurla.ch\/fr\/parcours-p-ein-werkzeug-fuer-partizipative-kulturprojekte#article\",\"isPartOf\":{\"@id\":\"https:\/\/www.lapurla.ch\/fr\/parcours-p-ein-werkzeug-fuer-partizipative-kulturprojekte\"},\"author\":{\"name\":\"Karin Kraus\",\"@id\":\"https:\/\/www.lapurla.ch\/#\/schema\/person\/8f6bdc0c9c653ecf768d328f5c7ff511\"},\"headline\":\"Parcours P \u2013 Un outil pour des projets culturels participatifs (2025)\",\"datePublished\":\"2025-11-17T14:18:28+00:00\",\"dateModified\":\"2025-11-17T17:52:26+00:00\",\"mainEntityOfPage\":{\"@id\":\"https:\/\/www.lapurla.ch\/fr\/parcours-p-ein-werkzeug-fuer-partizipative-kulturprojekte\"},\"wordCount\":104,\"publisher\":{\"@id\":\"https:\/\/www.lapurla.ch\/#organization\"},\"image\":{\"@id\":\"https:\/\/www.lapurla.ch\/fr\/parcours-p-ein-werkzeug-fuer-partizipative-kulturprojekte#primaryimage\"},\"thumbnailUrl\":\"https:\/\/www.lapurla.ch\/wp-content\/uploads\/2025\/11\/LapurlaIconsPublikationenParcours-PKVS-2-scaled.png\",\"articleSection\":[\"Non classifi\u00e9(e)\"],\"inLanguage\":\"fr-FR\"},{\"@type\":\"WebPage\",\"@id\":\"https:\/\/www.lapurla.ch\/fr\/parcours-p-ein-werkzeug-fuer-partizipative-kulturprojekte\",\"url\":\"https:\/\/www.lapurla.ch\/fr\/parcours-p-ein-werkzeug-fuer-partizipative-kulturprojekte\",\"name\":\"Parcours P \u2013 Un outil pour des projets culturels participatifs (2025) &#8211; Lapurla\",\"isPartOf\":{\"@id\":\"https:\/\/www.lapurla.ch\/#website\"},\"primaryImageOfPage\":{\"@id\":\"https:\/\/www.lapurla.ch\/fr\/parcours-p-ein-werkzeug-fuer-partizipative-kulturprojekte#primaryimage\"},\"image\":{\"@id\":\"https:\/\/www.lapurla.ch\/fr\/parcours-p-ein-werkzeug-fuer-partizipative-kulturprojekte#primaryimage\"},\"thumbnailUrl\":\"https:\/\/www.lapurla.ch\/wp-content\/uploads\/2025\/11\/LapurlaIconsPublikationenParcours-PKVS-2-scaled.png\",\"datePublished\":\"2025-11-17T14:18:28+00:00\",\"dateModified\":\"2025-11-17T17:52:26+00:00\",\"breadcrumb\":{\"@id\":\"https:\/\/www.lapurla.ch\/fr\/parcours-p-ein-werkzeug-fuer-partizipative-kulturprojekte#breadcrumb\"},\"inLanguage\":\"fr-FR\",\"potentialAction\":[{\"@type\":\"ReadAction\",\"target\":[\"https:\/\/www.lapurla.ch\/fr\/parcours-p-ein-werkzeug-fuer-partizipative-kulturprojekte\"]}]},{\"@type\":\"ImageObject\",\"inLanguage\":\"fr-FR\",\"@id\":\"https:\/\/www.lapurla.ch\/fr\/parcours-p-ein-werkzeug-fuer-partizipative-kulturprojekte#primaryimage\",\"url\":\"https:\/\/www.lapurla.ch\/wp-content\/uploads\/2025\/11\/LapurlaIconsPublikationenParcours-PKVS-2-scaled.png\",\"contentUrl\":\"https:\/\/www.lapurla.ch\/wp-content\/uploads\/2025\/11\/LapurlaIconsPublikationenParcours-PKVS-2-scaled.png\",\"width\":2560,\"height\":1440},{\"@type\":\"BreadcrumbList\",\"@id\":\"https:\/\/www.lapurla.ch\/fr\/parcours-p-ein-werkzeug-fuer-partizipative-kulturprojekte#breadcrumb\",\"itemListElement\":[{\"@type\":\"ListItem\",\"position\":1,\"name\":\"Startseite\",\"item\":\"https:\/\/www.lapurla.ch\/fr\"},{\"@type\":\"ListItem\",\"position\":2,\"name\":\"Parcours P \u2013 Un outil pour des projets culturels participatifs (2025)\"}]},{\"@type\":\"WebSite\",\"@id\":\"https:\/\/www.lapurla.ch\/#website\",\"url\":\"https:\/\/www.lapurla.ch\/\",\"name\":\"Lapurla\",\"description\":\"\",\"publisher\":{\"@id\":\"https:\/\/www.lapurla.ch\/#organization\"},\"potentialAction\":[{\"@type\":\"SearchAction\",\"target\":{\"@type\":\"EntryPoint\",\"urlTemplate\":\"https:\/\/www.lapurla.ch\/?s={search_term_string}\"},\"query-input\":{\"@type\":\"PropertyValueSpecification\",\"valueRequired\":true,\"valueName\":\"search_term_string\"}}],\"inLanguage\":\"fr-FR\"},{\"@type\":\"Organization\",\"@id\":\"https:\/\/www.lapurla.ch\/#organization\",\"name\":\"Lapurla\",\"url\":\"https:\/\/www.lapurla.ch\/\",\"logo\":{\"@type\":\"ImageObject\",\"inLanguage\":\"fr-FR\",\"@id\":\"https:\/\/www.lapurla.ch\/#\/schema\/logo\/image\/\",\"url\":\"https:\/\/www.lapurla.ch\/wp-content\/uploads\/2022\/03\/cropped-favicon.png\",\"contentUrl\":\"https:\/\/www.lapurla.ch\/wp-content\/uploads\/2022\/03\/cropped-favicon.png\",\"width\":512,\"height\":512,\"caption\":\"Lapurla\"},\"image\":{\"@id\":\"https:\/\/www.lapurla.ch\/#\/schema\/logo\/image\/\"}},{\"@type\":\"Person\",\"@id\":\"https:\/\/www.lapurla.ch\/#\/schema\/person\/8f6bdc0c9c653ecf768d328f5c7ff511\",\"name\":\"Karin Kraus\",\"image\":{\"@type\":\"ImageObject\",\"inLanguage\":\"fr-FR\",\"@id\":\"https:\/\/secure.gravatar.com\/avatar\/ab8a2fb78e2cb7d74fb8bcc625de7c798150fc258046abd14fee7557d356221a?s=96&d=mm&r=g\",\"url\":\"https:\/\/secure.gravatar.com\/avatar\/ab8a2fb78e2cb7d74fb8bcc625de7c798150fc258046abd14fee7557d356221a?s=96&d=mm&r=g\",\"contentUrl\":\"https:\/\/secure.gravatar.com\/avatar\/ab8a2fb78e2cb7d74fb8bcc625de7c798150fc258046abd14fee7557d356221a?s=96&d=mm&r=g\",\"caption\":\"Karin Kraus\"},\"url\":\"https:\/\/www.lapurla.ch\/fr\/author\/kkraus\"}]}<\/script>\n<!-- \/ Yoast SEO plugin. -->","yoast_head_json":{"title":"Parcours P \u2013 Un outil pour des projets culturels participatifs (2025) &#8211; Lapurla","robots":{"index":"index","follow":"follow","max-snippet":"max-snippet:-1","max-image-preview":"max-image-preview:large","max-video-preview":"max-video-preview:-1"},"canonical":"https:\/\/www.lapurla.ch\/fr\/parcours-p-ein-werkzeug-fuer-partizipative-kulturprojekte","og_locale":"fr_FR","og_type":"article","og_title":"Parcours P \u2013 Un outil pour des projets culturels participatifs (2025) &#8211; Lapurla","og_description":"L\u2019outil en ligne&nbsp;Parcours P&nbsp;soutient les professionnel\u00b7le\u00b7s de l\u2019\u00e9ducation culturelle et de la m\u00e9diation dans la&nbsp;planification, la r\u00e9flexion et la mise en \u0153uvre&nbsp;de projets culturels participatifs.Il propose une structure claire, des questions-guides pratiques et du mat\u00e9riel utile pour d\u00e9velopper des projets&nbsp;avec&nbsp;des enfants, des jeunes ou des adultes. Lapurla recommande cet outil \u00e0 toutes les\u00a0professionnel\u00b7le\u00b7s\u00a0qui souhaitent enrichir [&hellip;]","og_url":"https:\/\/www.lapurla.ch\/fr\/parcours-p-ein-werkzeug-fuer-partizipative-kulturprojekte","og_site_name":"Lapurla","article_published_time":"2025-11-17T14:18:28+00:00","article_modified_time":"2025-11-17T17:52:26+00:00","og_image":[{"width":2560,"height":1440,"url":"https:\/\/www.lapurla.ch\/wp-content\/uploads\/2025\/11\/LapurlaIconsPublikationenParcours-PKVS-2-scaled.png","type":"image\/png"}],"author":"Karin Kraus","twitter_card":"summary_large_image","twitter_misc":{"\u00c9crit par":"Karin Kraus","Dur\u00e9e de lecture estim\u00e9e":"1 minute"},"schema":{"@context":"https:\/\/schema.org","@graph":[{"@type":"Article","@id":"https:\/\/www.lapurla.ch\/fr\/parcours-p-ein-werkzeug-fuer-partizipative-kulturprojekte#article","isPartOf":{"@id":"https:\/\/www.lapurla.ch\/fr\/parcours-p-ein-werkzeug-fuer-partizipative-kulturprojekte"},"author":{"name":"Karin Kraus","@id":"https:\/\/www.lapurla.ch\/#\/schema\/person\/8f6bdc0c9c653ecf768d328f5c7ff511"},"headline":"Parcours P \u2013 Un outil pour des projets culturels participatifs (2025)","datePublished":"2025-11-17T14:18:28+00:00","dateModified":"2025-11-17T17:52:26+00:00","mainEntityOfPage":{"@id":"https:\/\/www.lapurla.ch\/fr\/parcours-p-ein-werkzeug-fuer-partizipative-kulturprojekte"},"wordCount":104,"publisher":{"@id":"https:\/\/www.lapurla.ch\/#organization"},"image":{"@id":"https:\/\/www.lapurla.ch\/fr\/parcours-p-ein-werkzeug-fuer-partizipative-kulturprojekte#primaryimage"},"thumbnailUrl":"https:\/\/www.lapurla.ch\/wp-content\/uploads\/2025\/11\/LapurlaIconsPublikationenParcours-PKVS-2-scaled.png","articleSection":["Non classifi\u00e9(e)"],"inLanguage":"fr-FR"},{"@type":"WebPage","@id":"https:\/\/www.lapurla.ch\/fr\/parcours-p-ein-werkzeug-fuer-partizipative-kulturprojekte","url":"https:\/\/www.lapurla.ch\/fr\/parcours-p-ein-werkzeug-fuer-partizipative-kulturprojekte","name":"Parcours P \u2013 Un outil pour des projets culturels participatifs (2025) &#8211; Lapurla","isPartOf":{"@id":"https:\/\/www.lapurla.ch\/#website"},"primaryImageOfPage":{"@id":"https:\/\/www.lapurla.ch\/fr\/parcours-p-ein-werkzeug-fuer-partizipative-kulturprojekte#primaryimage"},"image":{"@id":"https:\/\/www.lapurla.ch\/fr\/parcours-p-ein-werkzeug-fuer-partizipative-kulturprojekte#primaryimage"},"thumbnailUrl":"https:\/\/www.lapurla.ch\/wp-content\/uploads\/2025\/11\/LapurlaIconsPublikationenParcours-PKVS-2-scaled.png","datePublished":"2025-11-17T14:18:28+00:00","dateModified":"2025-11-17T17:52:26+00:00","breadcrumb":{"@id":"https:\/\/www.lapurla.ch\/fr\/parcours-p-ein-werkzeug-fuer-partizipative-kulturprojekte#breadcrumb"},"inLanguage":"fr-FR","potentialAction":[{"@type":"ReadAction","target":["https:\/\/www.lapurla.ch\/fr\/parcours-p-ein-werkzeug-fuer-partizipative-kulturprojekte"]}]},{"@type":"ImageObject","inLanguage":"fr-FR","@id":"https:\/\/www.lapurla.ch\/fr\/parcours-p-ein-werkzeug-fuer-partizipative-kulturprojekte#primaryimage","url":"https:\/\/www.lapurla.ch\/wp-content\/uploads\/2025\/11\/LapurlaIconsPublikationenParcours-PKVS-2-scaled.png","contentUrl":"https:\/\/www.lapurla.ch\/wp-content\/uploads\/2025\/11\/LapurlaIconsPublikationenParcours-PKVS-2-scaled.png","width":2560,"height":1440},{"@type":"BreadcrumbList","@id":"https:\/\/www.lapurla.ch\/fr\/parcours-p-ein-werkzeug-fuer-partizipative-kulturprojekte#breadcrumb","itemListElement":[{"@type":"ListItem","position":1,"name":"Startseite","item":"https:\/\/www.lapurla.ch\/fr"},{"@type":"ListItem","position":2,"name":"Parcours P \u2013 Un outil pour des projets culturels participatifs (2025)"}]},{"@type":"WebSite","@id":"https:\/\/www.lapurla.ch\/#website","url":"https:\/\/www.lapurla.ch\/","name":"Lapurla","description":"","publisher":{"@id":"https:\/\/www.lapurla.ch\/#organization"},"potentialAction":[{"@type":"SearchAction","target":{"@type":"EntryPoint","urlTemplate":"https:\/\/www.lapurla.ch\/?s={search_term_string}"},"query-input":{"@type":"PropertyValueSpecification","valueRequired":true,"valueName":"search_term_string"}}],"inLanguage":"fr-FR"},{"@type":"Organization","@id":"https:\/\/www.lapurla.ch\/#organization","name":"Lapurla","url":"https:\/\/www.lapurla.ch\/","logo":{"@type":"ImageObject","inLanguage":"fr-FR","@id":"https:\/\/www.lapurla.ch\/#\/schema\/logo\/image\/","url":"https:\/\/www.lapurla.ch\/wp-content\/uploads\/2022\/03\/cropped-favicon.png","contentUrl":"https:\/\/www.lapurla.ch\/wp-content\/uploads\/2022\/03\/cropped-favicon.png","width":512,"height":512,"caption":"Lapurla"},"image":{"@id":"https:\/\/www.lapurla.ch\/#\/schema\/logo\/image\/"}},{"@type":"Person","@id":"https:\/\/www.lapurla.ch\/#\/schema\/person\/8f6bdc0c9c653ecf768d328f5c7ff511","name":"Karin Kraus","image":{"@type":"ImageObject","inLanguage":"fr-FR","@id":"https:\/\/secure.gravatar.com\/avatar\/ab8a2fb78e2cb7d74fb8bcc625de7c798150fc258046abd14fee7557d356221a?s=96&d=mm&r=g","url":"https:\/\/secure.gravatar.com\/avatar\/ab8a2fb78e2cb7d74fb8bcc625de7c798150fc258046abd14fee7557d356221a?s=96&d=mm&r=g","contentUrl":"https:\/\/secure.gravatar.com\/avatar\/ab8a2fb78e2cb7d74fb8bcc625de7c798150fc258046abd14fee7557d356221a?s=96&d=mm&r=g","caption":"Karin Kraus"},"url":"https:\/\/www.lapurla.ch\/fr\/author\/kkraus"}]}},"_links":{"self":[{"href":"https:\/\/www.lapurla.ch\/fr\/wp-json\/wp\/v2\/posts\/31749","targetHints":{"allow":["GET"]}}],"collection":[{"href":"https:\/\/www.lapurla.ch\/fr\/wp-json\/wp\/v2\/posts"}],"about":[{"href":"https:\/\/www.lapurla.ch\/fr\/wp-json\/wp\/v2\/types\/post"}],"author":[{"embeddable":true,"href":"https:\/\/www.lapurla.ch\/fr\/wp-json\/wp\/v2\/users\/5"}],"replies":[{"embeddable":true,"href":"https:\/\/www.lapurla.ch\/fr\/wp-json\/wp\/v2\/comments?post=31749"}],"version-history":[{"count":3,"href":"https:\/\/www.lapurla.ch\/fr\/wp-json\/wp\/v2\/posts\/31749\/revisions"}],"predecessor-version":[{"id":31765,"href":"https:\/\/www.lapurla.ch\/fr\/wp-json\/wp\/v2\/posts\/31749\/revisions\/31765"}],"wp:featuredmedia":[{"embeddable":true,"href":"https:\/\/www.lapurla.ch\/fr\/wp-json\/wp\/v2\/media\/31763"}],"wp:attachment":[{"href":"https:\/\/www.lapurla.ch\/fr\/wp-json\/wp\/v2\/media?parent=31749"}],"wp:term":[{"taxonomy":"category","embeddable":true,"href":"https:\/\/www.lapurla.ch\/fr\/wp-json\/wp\/v2\/categories?post=31749"},{"taxonomy":"post_tag","embeddable":true,"href":"https:\/\/www.lapurla.ch\/fr\/wp-json\/wp\/v2\/tags?post=31749"},{"taxonomy":"lapurla_category","embeddable":true,"href":"https:\/\/www.lapurla.ch\/fr\/wp-json\/wp\/v2\/lapurla_category?post=31749"}],"curies":[{"name":"wp","href":"https:\/\/api.w.org\/{rel}","templated":true}]}}