{"id":29947,"date":"2025-07-07T17:23:22","date_gmt":"2025-07-07T15:23:22","guid":{"rendered":"https:\/\/www.lapurla.ch\/empowerment-von-familien-wie-gelingt-das-in-der-praxis"},"modified":"2025-07-07T17:32:50","modified_gmt":"2025-07-07T15:32:50","slug":"empowerment-von-familien-wie-gelingt-das-in-der-praxis","status":"publish","type":"post","link":"https:\/\/www.lapurla.ch\/fr\/empowerment-von-familien-wie-gelingt-das-in-der-praxis","title":{"rendered":"Empowerment des familles\u00a0: entre accompagnement et autod\u00e9termination (2025)"},"content":{"rendered":"\n<p>La publication d\u2019a:primo montre comment un accompagnement ax\u00e9 sur les ressources peut aider les familles \u00e0 g\u00e9n\u00e9rer des changements positifs dans plusieurs domaines de leur quotidien.<\/p>\n\n\n\n<p>Dans cette publication, huit parents ayant particip\u00e9 au programme \u00ab petits:pas \u00bb t\u00e9moignent de leur exp\u00e9rience. Ils partagent ce qui les a motiv\u00e9s \u00e0 explorer de nouvelles fa\u00e7ons de faire dans l&rsquo;\u00e9ducation de leurs enfants. Ils racontent le soutien qu&rsquo;ils ont trouv\u00e9 particuli\u00e8rement utile et les aspects de l\u2019accompagnement qui ont \u00e9t\u00e9 d\u00e9terminants pour eux. Leurs histoires personnelles montrent de mani\u00e8re touchante comment l&#8217;empowerment contribue \u00e0 renforcer le pouvoir d\u2019agir et l&rsquo;autod\u00e9termination des familles.<\/p>\n\n\n\n<p><a href=\"https:\/\/www.lapurla.ch\/wp-content\/uploads\/2025\/07\/a-primopublicationempowermentfrfinal.pdf\">Voir la publication<\/a><\/p>\n\n\n\n<p><a href=\"https:\/\/www.a-primo.ch\/fr\">En savoir plus sur a:primo<\/a><\/p>\n\n\n\n<p><\/p>\n","protected":false},"excerpt":{"rendered":"<p>La publication d\u2019a:primo montre comment un accompagnement ax\u00e9 sur les ressources peut aider les familles \u00e0 g\u00e9n\u00e9rer des changements positifs dans plusieurs domaines de leur quotidien. Dans cette publication, huit parents ayant particip\u00e9 au programme \u00ab petits:pas \u00bb t\u00e9moignent de leur exp\u00e9rience. Ils partagent ce qui les a motiv\u00e9s \u00e0 explorer de nouvelles fa\u00e7ons de [&hellip;]<\/p>\n","protected":false},"author":5,"featured_media":29940,"comment_status":"closed","ping_status":"open","sticky":false,"template":"","format":"standard","meta":{"_acf_changed":false,"latitude":"","longitude":"","kurzbeschreibung":"","datum_von":"","footnotes":""},"categories":[4],"tags":[],"lapurla_category":[157],"class_list":["post-29947","post","type-post","status-publish","format-standard","has-post-thumbnail","hentry","category-non-classifiee","lapurla_category-fachliche-grundlagen-fr"],"acf":[],"yoast_head":"<!-- This site is optimized with the Yoast SEO plugin v27.2 - https:\/\/yoast.com\/product\/yoast-seo-wordpress\/ -->\n<title>Empowerment des familles\u00a0: entre accompagnement et autod\u00e9termination (2025) &#8211; Lapurla<\/title>\n<meta name=\"description\" content=\"Die Publikation von a:primo zeigt auf, wie eine ressourcenorientierte Begleitung Familien dabei unterst\u00fctzen kann, positive Ver\u00e4nderungen in ihrem Alltag zu erreichen.\" \/>\n<meta name=\"robots\" content=\"index, follow, max-snippet:-1, max-image-preview:large, max-video-preview:-1\" \/>\n<link rel=\"canonical\" href=\"https:\/\/www.lapurla.ch\/fr\/empowerment-von-familien-wie-gelingt-das-in-der-praxis\" \/>\n<meta property=\"og:locale\" content=\"fr_FR\" \/>\n<meta property=\"og:type\" content=\"article\" \/>\n<meta property=\"og:title\" content=\"Empowerment des familles\u00a0: entre accompagnement et autod\u00e9termination (2025) &#8211; Lapurla\" \/>\n<meta property=\"og:description\" content=\"Die Publikation von a:primo zeigt auf, wie eine ressourcenorientierte Begleitung Familien dabei unterst\u00fctzen kann, positive Ver\u00e4nderungen in ihrem Alltag zu erreichen.\" \/>\n<meta property=\"og:url\" content=\"https:\/\/www.lapurla.ch\/fr\/empowerment-von-familien-wie-gelingt-das-in-der-praxis\" \/>\n<meta property=\"og:site_name\" content=\"Lapurla\" \/>\n<meta property=\"article:published_time\" content=\"2025-07-07T15:23:22+00:00\" \/>\n<meta property=\"article:modified_time\" content=\"2025-07-07T15:32:50+00:00\" \/>\n<meta property=\"og:image\" content=\"https:\/\/www.lapurla.ch\/wp-content\/uploads\/2025\/07\/LapurlaIconsPublikationenEmpowerment-von-Familien.png\" \/>\n\t<meta property=\"og:image:width\" content=\"1000\" \/>\n\t<meta property=\"og:image:height\" content=\"563\" \/>\n\t<meta property=\"og:image:type\" content=\"image\/png\" \/>\n<meta name=\"author\" content=\"Karin Kraus\" \/>\n<meta name=\"twitter:card\" content=\"summary_large_image\" \/>\n<meta name=\"twitter:label1\" content=\"\u00c9crit par\" \/>\n\t<meta name=\"twitter:data1\" content=\"Karin Kraus\" \/>\n\t<meta name=\"twitter:label2\" content=\"Dur\u00e9e de lecture estim\u00e9e\" \/>\n\t<meta name=\"twitter:data2\" content=\"1 minute\" \/>\n<script type=\"application\/ld+json\" class=\"yoast-schema-graph\">{\"@context\":\"https:\/\/schema.org\",\"@graph\":[{\"@type\":\"Article\",\"@id\":\"https:\/\/www.lapurla.ch\/fr\/empowerment-von-familien-wie-gelingt-das-in-der-praxis#article\",\"isPartOf\":{\"@id\":\"https:\/\/www.lapurla.ch\/fr\/empowerment-von-familien-wie-gelingt-das-in-der-praxis\"},\"author\":{\"name\":\"Karin Kraus\",\"@id\":\"https:\/\/www.lapurla.ch\/#\/schema\/person\/8f6bdc0c9c653ecf768d328f5c7ff511\"},\"headline\":\"Empowerment des familles\u00a0: entre accompagnement et autod\u00e9termination (2025)\",\"datePublished\":\"2025-07-07T15:23:22+00:00\",\"dateModified\":\"2025-07-07T15:32:50+00:00\",\"mainEntityOfPage\":{\"@id\":\"https:\/\/www.lapurla.ch\/fr\/empowerment-von-familien-wie-gelingt-das-in-der-praxis\"},\"wordCount\":131,\"publisher\":{\"@id\":\"https:\/\/www.lapurla.ch\/#organization\"},\"image\":{\"@id\":\"https:\/\/www.lapurla.ch\/fr\/empowerment-von-familien-wie-gelingt-das-in-der-praxis#primaryimage\"},\"thumbnailUrl\":\"https:\/\/www.lapurla.ch\/wp-content\/uploads\/2025\/07\/LapurlaIconsPublikationenEmpowerment-von-Familien.png\",\"articleSection\":[\"Non classifi\u00e9(e)\"],\"inLanguage\":\"fr-FR\"},{\"@type\":\"WebPage\",\"@id\":\"https:\/\/www.lapurla.ch\/fr\/empowerment-von-familien-wie-gelingt-das-in-der-praxis\",\"url\":\"https:\/\/www.lapurla.ch\/fr\/empowerment-von-familien-wie-gelingt-das-in-der-praxis\",\"name\":\"Empowerment des familles\u00a0: entre accompagnement et autod\u00e9termination (2025) &#8211; Lapurla\",\"isPartOf\":{\"@id\":\"https:\/\/www.lapurla.ch\/#website\"},\"primaryImageOfPage\":{\"@id\":\"https:\/\/www.lapurla.ch\/fr\/empowerment-von-familien-wie-gelingt-das-in-der-praxis#primaryimage\"},\"image\":{\"@id\":\"https:\/\/www.lapurla.ch\/fr\/empowerment-von-familien-wie-gelingt-das-in-der-praxis#primaryimage\"},\"thumbnailUrl\":\"https:\/\/www.lapurla.ch\/wp-content\/uploads\/2025\/07\/LapurlaIconsPublikationenEmpowerment-von-Familien.png\",\"datePublished\":\"2025-07-07T15:23:22+00:00\",\"dateModified\":\"2025-07-07T15:32:50+00:00\",\"description\":\"Die Publikation von a:primo zeigt auf, wie eine ressourcenorientierte Begleitung Familien dabei unterst\u00fctzen kann, positive Ver\u00e4nderungen in ihrem Alltag zu erreichen.\",\"breadcrumb\":{\"@id\":\"https:\/\/www.lapurla.ch\/fr\/empowerment-von-familien-wie-gelingt-das-in-der-praxis#breadcrumb\"},\"inLanguage\":\"fr-FR\",\"potentialAction\":[{\"@type\":\"ReadAction\",\"target\":[\"https:\/\/www.lapurla.ch\/fr\/empowerment-von-familien-wie-gelingt-das-in-der-praxis\"]}]},{\"@type\":\"ImageObject\",\"inLanguage\":\"fr-FR\",\"@id\":\"https:\/\/www.lapurla.ch\/fr\/empowerment-von-familien-wie-gelingt-das-in-der-praxis#primaryimage\",\"url\":\"https:\/\/www.lapurla.ch\/wp-content\/uploads\/2025\/07\/LapurlaIconsPublikationenEmpowerment-von-Familien.png\",\"contentUrl\":\"https:\/\/www.lapurla.ch\/wp-content\/uploads\/2025\/07\/LapurlaIconsPublikationenEmpowerment-von-Familien.png\",\"width\":1000,\"height\":563},{\"@type\":\"BreadcrumbList\",\"@id\":\"https:\/\/www.lapurla.ch\/fr\/empowerment-von-familien-wie-gelingt-das-in-der-praxis#breadcrumb\",\"itemListElement\":[{\"@type\":\"ListItem\",\"position\":1,\"name\":\"Startseite\",\"item\":\"https:\/\/www.lapurla.ch\/fr\"},{\"@type\":\"ListItem\",\"position\":2,\"name\":\"Empowerment des familles\u00a0: entre accompagnement et autod\u00e9termination (2025)\"}]},{\"@type\":\"WebSite\",\"@id\":\"https:\/\/www.lapurla.ch\/#website\",\"url\":\"https:\/\/www.lapurla.ch\/\",\"name\":\"Lapurla\",\"description\":\"\",\"publisher\":{\"@id\":\"https:\/\/www.lapurla.ch\/#organization\"},\"potentialAction\":[{\"@type\":\"SearchAction\",\"target\":{\"@type\":\"EntryPoint\",\"urlTemplate\":\"https:\/\/www.lapurla.ch\/?s={search_term_string}\"},\"query-input\":{\"@type\":\"PropertyValueSpecification\",\"valueRequired\":true,\"valueName\":\"search_term_string\"}}],\"inLanguage\":\"fr-FR\"},{\"@type\":\"Organization\",\"@id\":\"https:\/\/www.lapurla.ch\/#organization\",\"name\":\"Lapurla\",\"url\":\"https:\/\/www.lapurla.ch\/\",\"logo\":{\"@type\":\"ImageObject\",\"inLanguage\":\"fr-FR\",\"@id\":\"https:\/\/www.lapurla.ch\/#\/schema\/logo\/image\/\",\"url\":\"https:\/\/www.lapurla.ch\/wp-content\/uploads\/2022\/03\/cropped-favicon.png\",\"contentUrl\":\"https:\/\/www.lapurla.ch\/wp-content\/uploads\/2022\/03\/cropped-favicon.png\",\"width\":512,\"height\":512,\"caption\":\"Lapurla\"},\"image\":{\"@id\":\"https:\/\/www.lapurla.ch\/#\/schema\/logo\/image\/\"}},{\"@type\":\"Person\",\"@id\":\"https:\/\/www.lapurla.ch\/#\/schema\/person\/8f6bdc0c9c653ecf768d328f5c7ff511\",\"name\":\"Karin Kraus\",\"image\":{\"@type\":\"ImageObject\",\"inLanguage\":\"fr-FR\",\"@id\":\"https:\/\/secure.gravatar.com\/avatar\/ab8a2fb78e2cb7d74fb8bcc625de7c798150fc258046abd14fee7557d356221a?s=96&d=mm&r=g\",\"url\":\"https:\/\/secure.gravatar.com\/avatar\/ab8a2fb78e2cb7d74fb8bcc625de7c798150fc258046abd14fee7557d356221a?s=96&d=mm&r=g\",\"contentUrl\":\"https:\/\/secure.gravatar.com\/avatar\/ab8a2fb78e2cb7d74fb8bcc625de7c798150fc258046abd14fee7557d356221a?s=96&d=mm&r=g\",\"caption\":\"Karin Kraus\"},\"url\":\"https:\/\/www.lapurla.ch\/fr\/author\/kkraus\"}]}<\/script>\n<!-- \/ Yoast SEO plugin. -->","yoast_head_json":{"title":"Empowerment des familles\u00a0: entre accompagnement et autod\u00e9termination (2025) &#8211; Lapurla","description":"Die Publikation von a:primo zeigt auf, wie eine ressourcenorientierte Begleitung Familien dabei unterst\u00fctzen kann, positive Ver\u00e4nderungen in ihrem Alltag zu erreichen.","robots":{"index":"index","follow":"follow","max-snippet":"max-snippet:-1","max-image-preview":"max-image-preview:large","max-video-preview":"max-video-preview:-1"},"canonical":"https:\/\/www.lapurla.ch\/fr\/empowerment-von-familien-wie-gelingt-das-in-der-praxis","og_locale":"fr_FR","og_type":"article","og_title":"Empowerment des familles\u00a0: entre accompagnement et autod\u00e9termination (2025) &#8211; Lapurla","og_description":"Die Publikation von a:primo zeigt auf, wie eine ressourcenorientierte Begleitung Familien dabei unterst\u00fctzen kann, positive Ver\u00e4nderungen in ihrem Alltag zu erreichen.","og_url":"https:\/\/www.lapurla.ch\/fr\/empowerment-von-familien-wie-gelingt-das-in-der-praxis","og_site_name":"Lapurla","article_published_time":"2025-07-07T15:23:22+00:00","article_modified_time":"2025-07-07T15:32:50+00:00","og_image":[{"width":1000,"height":563,"url":"https:\/\/www.lapurla.ch\/wp-content\/uploads\/2025\/07\/LapurlaIconsPublikationenEmpowerment-von-Familien.png","type":"image\/png"}],"author":"Karin Kraus","twitter_card":"summary_large_image","twitter_misc":{"\u00c9crit par":"Karin Kraus","Dur\u00e9e de lecture estim\u00e9e":"1 minute"},"schema":{"@context":"https:\/\/schema.org","@graph":[{"@type":"Article","@id":"https:\/\/www.lapurla.ch\/fr\/empowerment-von-familien-wie-gelingt-das-in-der-praxis#article","isPartOf":{"@id":"https:\/\/www.lapurla.ch\/fr\/empowerment-von-familien-wie-gelingt-das-in-der-praxis"},"author":{"name":"Karin Kraus","@id":"https:\/\/www.lapurla.ch\/#\/schema\/person\/8f6bdc0c9c653ecf768d328f5c7ff511"},"headline":"Empowerment des familles\u00a0: entre accompagnement et autod\u00e9termination (2025)","datePublished":"2025-07-07T15:23:22+00:00","dateModified":"2025-07-07T15:32:50+00:00","mainEntityOfPage":{"@id":"https:\/\/www.lapurla.ch\/fr\/empowerment-von-familien-wie-gelingt-das-in-der-praxis"},"wordCount":131,"publisher":{"@id":"https:\/\/www.lapurla.ch\/#organization"},"image":{"@id":"https:\/\/www.lapurla.ch\/fr\/empowerment-von-familien-wie-gelingt-das-in-der-praxis#primaryimage"},"thumbnailUrl":"https:\/\/www.lapurla.ch\/wp-content\/uploads\/2025\/07\/LapurlaIconsPublikationenEmpowerment-von-Familien.png","articleSection":["Non classifi\u00e9(e)"],"inLanguage":"fr-FR"},{"@type":"WebPage","@id":"https:\/\/www.lapurla.ch\/fr\/empowerment-von-familien-wie-gelingt-das-in-der-praxis","url":"https:\/\/www.lapurla.ch\/fr\/empowerment-von-familien-wie-gelingt-das-in-der-praxis","name":"Empowerment des familles\u00a0: entre accompagnement et autod\u00e9termination (2025) &#8211; Lapurla","isPartOf":{"@id":"https:\/\/www.lapurla.ch\/#website"},"primaryImageOfPage":{"@id":"https:\/\/www.lapurla.ch\/fr\/empowerment-von-familien-wie-gelingt-das-in-der-praxis#primaryimage"},"image":{"@id":"https:\/\/www.lapurla.ch\/fr\/empowerment-von-familien-wie-gelingt-das-in-der-praxis#primaryimage"},"thumbnailUrl":"https:\/\/www.lapurla.ch\/wp-content\/uploads\/2025\/07\/LapurlaIconsPublikationenEmpowerment-von-Familien.png","datePublished":"2025-07-07T15:23:22+00:00","dateModified":"2025-07-07T15:32:50+00:00","description":"Die Publikation von a:primo zeigt auf, wie eine ressourcenorientierte Begleitung Familien dabei unterst\u00fctzen kann, positive Ver\u00e4nderungen in ihrem Alltag zu erreichen.","breadcrumb":{"@id":"https:\/\/www.lapurla.ch\/fr\/empowerment-von-familien-wie-gelingt-das-in-der-praxis#breadcrumb"},"inLanguage":"fr-FR","potentialAction":[{"@type":"ReadAction","target":["https:\/\/www.lapurla.ch\/fr\/empowerment-von-familien-wie-gelingt-das-in-der-praxis"]}]},{"@type":"ImageObject","inLanguage":"fr-FR","@id":"https:\/\/www.lapurla.ch\/fr\/empowerment-von-familien-wie-gelingt-das-in-der-praxis#primaryimage","url":"https:\/\/www.lapurla.ch\/wp-content\/uploads\/2025\/07\/LapurlaIconsPublikationenEmpowerment-von-Familien.png","contentUrl":"https:\/\/www.lapurla.ch\/wp-content\/uploads\/2025\/07\/LapurlaIconsPublikationenEmpowerment-von-Familien.png","width":1000,"height":563},{"@type":"BreadcrumbList","@id":"https:\/\/www.lapurla.ch\/fr\/empowerment-von-familien-wie-gelingt-das-in-der-praxis#breadcrumb","itemListElement":[{"@type":"ListItem","position":1,"name":"Startseite","item":"https:\/\/www.lapurla.ch\/fr"},{"@type":"ListItem","position":2,"name":"Empowerment des familles\u00a0: entre accompagnement et autod\u00e9termination (2025)"}]},{"@type":"WebSite","@id":"https:\/\/www.lapurla.ch\/#website","url":"https:\/\/www.lapurla.ch\/","name":"Lapurla","description":"","publisher":{"@id":"https:\/\/www.lapurla.ch\/#organization"},"potentialAction":[{"@type":"SearchAction","target":{"@type":"EntryPoint","urlTemplate":"https:\/\/www.lapurla.ch\/?s={search_term_string}"},"query-input":{"@type":"PropertyValueSpecification","valueRequired":true,"valueName":"search_term_string"}}],"inLanguage":"fr-FR"},{"@type":"Organization","@id":"https:\/\/www.lapurla.ch\/#organization","name":"Lapurla","url":"https:\/\/www.lapurla.ch\/","logo":{"@type":"ImageObject","inLanguage":"fr-FR","@id":"https:\/\/www.lapurla.ch\/#\/schema\/logo\/image\/","url":"https:\/\/www.lapurla.ch\/wp-content\/uploads\/2022\/03\/cropped-favicon.png","contentUrl":"https:\/\/www.lapurla.ch\/wp-content\/uploads\/2022\/03\/cropped-favicon.png","width":512,"height":512,"caption":"Lapurla"},"image":{"@id":"https:\/\/www.lapurla.ch\/#\/schema\/logo\/image\/"}},{"@type":"Person","@id":"https:\/\/www.lapurla.ch\/#\/schema\/person\/8f6bdc0c9c653ecf768d328f5c7ff511","name":"Karin Kraus","image":{"@type":"ImageObject","inLanguage":"fr-FR","@id":"https:\/\/secure.gravatar.com\/avatar\/ab8a2fb78e2cb7d74fb8bcc625de7c798150fc258046abd14fee7557d356221a?s=96&d=mm&r=g","url":"https:\/\/secure.gravatar.com\/avatar\/ab8a2fb78e2cb7d74fb8bcc625de7c798150fc258046abd14fee7557d356221a?s=96&d=mm&r=g","contentUrl":"https:\/\/secure.gravatar.com\/avatar\/ab8a2fb78e2cb7d74fb8bcc625de7c798150fc258046abd14fee7557d356221a?s=96&d=mm&r=g","caption":"Karin Kraus"},"url":"https:\/\/www.lapurla.ch\/fr\/author\/kkraus"}]}},"_links":{"self":[{"href":"https:\/\/www.lapurla.ch\/fr\/wp-json\/wp\/v2\/posts\/29947","targetHints":{"allow":["GET"]}}],"collection":[{"href":"https:\/\/www.lapurla.ch\/fr\/wp-json\/wp\/v2\/posts"}],"about":[{"href":"https:\/\/www.lapurla.ch\/fr\/wp-json\/wp\/v2\/types\/post"}],"author":[{"embeddable":true,"href":"https:\/\/www.lapurla.ch\/fr\/wp-json\/wp\/v2\/users\/5"}],"replies":[{"embeddable":true,"href":"https:\/\/www.lapurla.ch\/fr\/wp-json\/wp\/v2\/comments?post=29947"}],"version-history":[{"count":2,"href":"https:\/\/www.lapurla.ch\/fr\/wp-json\/wp\/v2\/posts\/29947\/revisions"}],"predecessor-version":[{"id":29959,"href":"https:\/\/www.lapurla.ch\/fr\/wp-json\/wp\/v2\/posts\/29947\/revisions\/29959"}],"wp:featuredmedia":[{"embeddable":true,"href":"https:\/\/www.lapurla.ch\/fr\/wp-json\/wp\/v2\/media\/29940"}],"wp:attachment":[{"href":"https:\/\/www.lapurla.ch\/fr\/wp-json\/wp\/v2\/media?parent=29947"}],"wp:term":[{"taxonomy":"category","embeddable":true,"href":"https:\/\/www.lapurla.ch\/fr\/wp-json\/wp\/v2\/categories?post=29947"},{"taxonomy":"post_tag","embeddable":true,"href":"https:\/\/www.lapurla.ch\/fr\/wp-json\/wp\/v2\/tags?post=29947"},{"taxonomy":"lapurla_category","embeddable":true,"href":"https:\/\/www.lapurla.ch\/fr\/wp-json\/wp\/v2\/lapurla_category?post=29947"}],"curies":[{"name":"wp","href":"https:\/\/api.w.org\/{rel}","templated":true}]}}