{"id":29115,"date":"2025-06-10T16:00:18","date_gmt":"2025-06-10T14:00:18","guid":{"rendered":"https:\/\/www.lapurla.ch\/mehrsprachig-aufwachsen-alle-sprachen-sind-wichtig-2025"},"modified":"2025-06-10T16:23:35","modified_gmt":"2025-06-10T14:23:35","slug":"mehrsprachig-aufwachsen-alle-sprachen-sind-wichtig-2025","status":"publish","type":"post","link":"https:\/\/www.lapurla.ch\/fr\/mehrsprachig-aufwachsen-alle-sprachen-sind-wichtig-2025","title":{"rendered":"Grandir en parlant plusieurs langues: toutes les langues sont importantes! (2025)"},"content":{"rendered":"\n<p>Qu\u2019est-ce qui est le plus important pour les enfants d\u2019\u00e2ge pr\u00e9scolaire qui grandissent dans un environnement multilingue: la langue parl\u00e9e \u00e0 l\u2019ext\u00e9rieur dans la cour de r\u00e9cr\u00e9ation ou celle(s) parl\u00e9es \u00e0 la maison? R\u00e9ponse: toutes les langues sont importantes! Si vous organisez des offres pour les enfants d\u2019\u00e2ge pr\u00e9scolaire, vous trouverez ici des conseils sur le th\u00e8me \u00abgrandir en parlant plusieurs langues\u00bb.<\/p>\n\n\n\n<p><a href=\"https:\/\/www.lapurla.ch\/wp-content\/uploads\/2025\/06\/250602BroschuereFRweb.pdf\">Brochure (PDF)<\/a><\/p>\n\n\n\n<p><a href=\"https:\/\/www.ici-gemeinsam-hier.ch\/fr\/enfants\">Commander des brochures<\/a> en allemand, fran\u00e7ais, italien, anglais.<\/p>\n","protected":false},"excerpt":{"rendered":"<p>Qu\u2019est-ce qui est le plus important pour les enfants d\u2019\u00e2ge pr\u00e9scolaire qui grandissent dans un environnement multilingue: la langue parl\u00e9e \u00e0 l\u2019ext\u00e9rieur dans la cour de r\u00e9cr\u00e9ation ou celle(s) parl\u00e9es \u00e0 la maison? R\u00e9ponse: toutes les langues sont importantes! Si vous organisez des offres pour les enfants d\u2019\u00e2ge pr\u00e9scolaire, vous trouverez ici des conseils sur [&hellip;]<\/p>\n","protected":false},"author":5,"featured_media":29120,"comment_status":"closed","ping_status":"open","sticky":false,"template":"","format":"standard","meta":{"_acf_changed":false,"latitude":"","longitude":"","kurzbeschreibung":"","datum_von":"","footnotes":""},"categories":[4],"tags":[],"lapurla_category":[153,157],"class_list":["post-29115","post","type-post","status-publish","format-standard","has-post-thumbnail","hentry","category-non-classifiee","lapurla_category-publikationen-fr","lapurla_category-fachliche-grundlagen-fr"],"acf":[],"yoast_head":"<!-- This site is optimized with the Yoast SEO plugin v27.2 - https:\/\/yoast.com\/product\/yoast-seo-wordpress\/ -->\n<title>Grandir en parlant plusieurs langues: toutes les langues sont importantes! (2025) &#8211; Lapurla<\/title>\n<meta name=\"robots\" content=\"index, follow, max-snippet:-1, max-image-preview:large, max-video-preview:-1\" \/>\n<link rel=\"canonical\" href=\"https:\/\/www.lapurla.ch\/fr\/mehrsprachig-aufwachsen-alle-sprachen-sind-wichtig-2025\" \/>\n<meta property=\"og:locale\" content=\"fr_FR\" \/>\n<meta property=\"og:type\" content=\"article\" \/>\n<meta property=\"og:title\" content=\"Grandir en parlant plusieurs langues: toutes les langues sont importantes! (2025) &#8211; Lapurla\" \/>\n<meta property=\"og:description\" content=\"Qu\u2019est-ce qui est le plus important pour les enfants d\u2019\u00e2ge pr\u00e9scolaire qui grandissent dans un environnement multilingue: la langue parl\u00e9e \u00e0 l\u2019ext\u00e9rieur dans la cour de r\u00e9cr\u00e9ation ou celle(s) parl\u00e9es \u00e0 la maison? R\u00e9ponse: toutes les langues sont importantes! Si vous organisez des offres pour les enfants d\u2019\u00e2ge pr\u00e9scolaire, vous trouverez ici des conseils sur [&hellip;]\" \/>\n<meta property=\"og:url\" content=\"https:\/\/www.lapurla.ch\/fr\/mehrsprachig-aufwachsen-alle-sprachen-sind-wichtig-2025\" \/>\n<meta property=\"og:site_name\" content=\"Lapurla\" \/>\n<meta property=\"article:published_time\" content=\"2025-06-10T14:00:18+00:00\" \/>\n<meta property=\"article:modified_time\" content=\"2025-06-10T14:23:35+00:00\" \/>\n<meta property=\"og:image\" content=\"https:\/\/www.lapurla.ch\/wp-content\/uploads\/2025\/06\/LapurlaIconsPublikationenMehrsprachigkeit-scaled.png\" \/>\n\t<meta property=\"og:image:width\" content=\"2560\" \/>\n\t<meta property=\"og:image:height\" content=\"1440\" \/>\n\t<meta property=\"og:image:type\" content=\"image\/png\" \/>\n<meta name=\"author\" content=\"Karin Kraus\" \/>\n<meta name=\"twitter:card\" content=\"summary_large_image\" \/>\n<meta name=\"twitter:label1\" content=\"\u00c9crit par\" \/>\n\t<meta name=\"twitter:data1\" content=\"Karin Kraus\" \/>\n\t<meta name=\"twitter:label2\" content=\"Dur\u00e9e de lecture estim\u00e9e\" \/>\n\t<meta name=\"twitter:data2\" content=\"1 minute\" \/>\n<script type=\"application\/ld+json\" class=\"yoast-schema-graph\">{\"@context\":\"https:\/\/schema.org\",\"@graph\":[{\"@type\":\"Article\",\"@id\":\"https:\/\/www.lapurla.ch\/fr\/mehrsprachig-aufwachsen-alle-sprachen-sind-wichtig-2025#article\",\"isPartOf\":{\"@id\":\"https:\/\/www.lapurla.ch\/fr\/mehrsprachig-aufwachsen-alle-sprachen-sind-wichtig-2025\"},\"author\":{\"name\":\"Karin Kraus\",\"@id\":\"https:\/\/www.lapurla.ch\/#\/schema\/person\/8f6bdc0c9c653ecf768d328f5c7ff511\"},\"headline\":\"Grandir en parlant plusieurs langues: toutes les langues sont importantes! (2025)\",\"datePublished\":\"2025-06-10T14:00:18+00:00\",\"dateModified\":\"2025-06-10T14:23:35+00:00\",\"mainEntityOfPage\":{\"@id\":\"https:\/\/www.lapurla.ch\/fr\/mehrsprachig-aufwachsen-alle-sprachen-sind-wichtig-2025\"},\"wordCount\":95,\"publisher\":{\"@id\":\"https:\/\/www.lapurla.ch\/#organization\"},\"image\":{\"@id\":\"https:\/\/www.lapurla.ch\/fr\/mehrsprachig-aufwachsen-alle-sprachen-sind-wichtig-2025#primaryimage\"},\"thumbnailUrl\":\"https:\/\/www.lapurla.ch\/wp-content\/uploads\/2025\/06\/LapurlaIconsPublikationenMehrsprachigkeit-scaled.png\",\"articleSection\":[\"Non classifi\u00e9(e)\"],\"inLanguage\":\"fr-FR\"},{\"@type\":\"WebPage\",\"@id\":\"https:\/\/www.lapurla.ch\/fr\/mehrsprachig-aufwachsen-alle-sprachen-sind-wichtig-2025\",\"url\":\"https:\/\/www.lapurla.ch\/fr\/mehrsprachig-aufwachsen-alle-sprachen-sind-wichtig-2025\",\"name\":\"Grandir en parlant plusieurs langues: toutes les langues sont importantes! (2025) &#8211; Lapurla\",\"isPartOf\":{\"@id\":\"https:\/\/www.lapurla.ch\/#website\"},\"primaryImageOfPage\":{\"@id\":\"https:\/\/www.lapurla.ch\/fr\/mehrsprachig-aufwachsen-alle-sprachen-sind-wichtig-2025#primaryimage\"},\"image\":{\"@id\":\"https:\/\/www.lapurla.ch\/fr\/mehrsprachig-aufwachsen-alle-sprachen-sind-wichtig-2025#primaryimage\"},\"thumbnailUrl\":\"https:\/\/www.lapurla.ch\/wp-content\/uploads\/2025\/06\/LapurlaIconsPublikationenMehrsprachigkeit-scaled.png\",\"datePublished\":\"2025-06-10T14:00:18+00:00\",\"dateModified\":\"2025-06-10T14:23:35+00:00\",\"breadcrumb\":{\"@id\":\"https:\/\/www.lapurla.ch\/fr\/mehrsprachig-aufwachsen-alle-sprachen-sind-wichtig-2025#breadcrumb\"},\"inLanguage\":\"fr-FR\",\"potentialAction\":[{\"@type\":\"ReadAction\",\"target\":[\"https:\/\/www.lapurla.ch\/fr\/mehrsprachig-aufwachsen-alle-sprachen-sind-wichtig-2025\"]}]},{\"@type\":\"ImageObject\",\"inLanguage\":\"fr-FR\",\"@id\":\"https:\/\/www.lapurla.ch\/fr\/mehrsprachig-aufwachsen-alle-sprachen-sind-wichtig-2025#primaryimage\",\"url\":\"https:\/\/www.lapurla.ch\/wp-content\/uploads\/2025\/06\/LapurlaIconsPublikationenMehrsprachigkeit-scaled.png\",\"contentUrl\":\"https:\/\/www.lapurla.ch\/wp-content\/uploads\/2025\/06\/LapurlaIconsPublikationenMehrsprachigkeit-scaled.png\",\"width\":2560,\"height\":1440},{\"@type\":\"BreadcrumbList\",\"@id\":\"https:\/\/www.lapurla.ch\/fr\/mehrsprachig-aufwachsen-alle-sprachen-sind-wichtig-2025#breadcrumb\",\"itemListElement\":[{\"@type\":\"ListItem\",\"position\":1,\"name\":\"Startseite\",\"item\":\"https:\/\/www.lapurla.ch\/fr\"},{\"@type\":\"ListItem\",\"position\":2,\"name\":\"Grandir en parlant plusieurs langues: toutes les langues sont importantes! (2025)\"}]},{\"@type\":\"WebSite\",\"@id\":\"https:\/\/www.lapurla.ch\/#website\",\"url\":\"https:\/\/www.lapurla.ch\/\",\"name\":\"Lapurla\",\"description\":\"\",\"publisher\":{\"@id\":\"https:\/\/www.lapurla.ch\/#organization\"},\"potentialAction\":[{\"@type\":\"SearchAction\",\"target\":{\"@type\":\"EntryPoint\",\"urlTemplate\":\"https:\/\/www.lapurla.ch\/?s={search_term_string}\"},\"query-input\":{\"@type\":\"PropertyValueSpecification\",\"valueRequired\":true,\"valueName\":\"search_term_string\"}}],\"inLanguage\":\"fr-FR\"},{\"@type\":\"Organization\",\"@id\":\"https:\/\/www.lapurla.ch\/#organization\",\"name\":\"Lapurla\",\"url\":\"https:\/\/www.lapurla.ch\/\",\"logo\":{\"@type\":\"ImageObject\",\"inLanguage\":\"fr-FR\",\"@id\":\"https:\/\/www.lapurla.ch\/#\/schema\/logo\/image\/\",\"url\":\"https:\/\/www.lapurla.ch\/wp-content\/uploads\/2022\/03\/cropped-favicon.png\",\"contentUrl\":\"https:\/\/www.lapurla.ch\/wp-content\/uploads\/2022\/03\/cropped-favicon.png\",\"width\":512,\"height\":512,\"caption\":\"Lapurla\"},\"image\":{\"@id\":\"https:\/\/www.lapurla.ch\/#\/schema\/logo\/image\/\"}},{\"@type\":\"Person\",\"@id\":\"https:\/\/www.lapurla.ch\/#\/schema\/person\/8f6bdc0c9c653ecf768d328f5c7ff511\",\"name\":\"Karin Kraus\",\"image\":{\"@type\":\"ImageObject\",\"inLanguage\":\"fr-FR\",\"@id\":\"https:\/\/secure.gravatar.com\/avatar\/ab8a2fb78e2cb7d74fb8bcc625de7c798150fc258046abd14fee7557d356221a?s=96&d=mm&r=g\",\"url\":\"https:\/\/secure.gravatar.com\/avatar\/ab8a2fb78e2cb7d74fb8bcc625de7c798150fc258046abd14fee7557d356221a?s=96&d=mm&r=g\",\"contentUrl\":\"https:\/\/secure.gravatar.com\/avatar\/ab8a2fb78e2cb7d74fb8bcc625de7c798150fc258046abd14fee7557d356221a?s=96&d=mm&r=g\",\"caption\":\"Karin Kraus\"},\"url\":\"https:\/\/www.lapurla.ch\/fr\/author\/kkraus\"}]}<\/script>\n<!-- \/ Yoast SEO plugin. -->","yoast_head_json":{"title":"Grandir en parlant plusieurs langues: toutes les langues sont importantes! (2025) &#8211; Lapurla","robots":{"index":"index","follow":"follow","max-snippet":"max-snippet:-1","max-image-preview":"max-image-preview:large","max-video-preview":"max-video-preview:-1"},"canonical":"https:\/\/www.lapurla.ch\/fr\/mehrsprachig-aufwachsen-alle-sprachen-sind-wichtig-2025","og_locale":"fr_FR","og_type":"article","og_title":"Grandir en parlant plusieurs langues: toutes les langues sont importantes! (2025) &#8211; Lapurla","og_description":"Qu\u2019est-ce qui est le plus important pour les enfants d\u2019\u00e2ge pr\u00e9scolaire qui grandissent dans un environnement multilingue: la langue parl\u00e9e \u00e0 l\u2019ext\u00e9rieur dans la cour de r\u00e9cr\u00e9ation ou celle(s) parl\u00e9es \u00e0 la maison? R\u00e9ponse: toutes les langues sont importantes! Si vous organisez des offres pour les enfants d\u2019\u00e2ge pr\u00e9scolaire, vous trouverez ici des conseils sur [&hellip;]","og_url":"https:\/\/www.lapurla.ch\/fr\/mehrsprachig-aufwachsen-alle-sprachen-sind-wichtig-2025","og_site_name":"Lapurla","article_published_time":"2025-06-10T14:00:18+00:00","article_modified_time":"2025-06-10T14:23:35+00:00","og_image":[{"width":2560,"height":1440,"url":"https:\/\/www.lapurla.ch\/wp-content\/uploads\/2025\/06\/LapurlaIconsPublikationenMehrsprachigkeit-scaled.png","type":"image\/png"}],"author":"Karin Kraus","twitter_card":"summary_large_image","twitter_misc":{"\u00c9crit par":"Karin Kraus","Dur\u00e9e de lecture estim\u00e9e":"1 minute"},"schema":{"@context":"https:\/\/schema.org","@graph":[{"@type":"Article","@id":"https:\/\/www.lapurla.ch\/fr\/mehrsprachig-aufwachsen-alle-sprachen-sind-wichtig-2025#article","isPartOf":{"@id":"https:\/\/www.lapurla.ch\/fr\/mehrsprachig-aufwachsen-alle-sprachen-sind-wichtig-2025"},"author":{"name":"Karin Kraus","@id":"https:\/\/www.lapurla.ch\/#\/schema\/person\/8f6bdc0c9c653ecf768d328f5c7ff511"},"headline":"Grandir en parlant plusieurs langues: toutes les langues sont importantes! (2025)","datePublished":"2025-06-10T14:00:18+00:00","dateModified":"2025-06-10T14:23:35+00:00","mainEntityOfPage":{"@id":"https:\/\/www.lapurla.ch\/fr\/mehrsprachig-aufwachsen-alle-sprachen-sind-wichtig-2025"},"wordCount":95,"publisher":{"@id":"https:\/\/www.lapurla.ch\/#organization"},"image":{"@id":"https:\/\/www.lapurla.ch\/fr\/mehrsprachig-aufwachsen-alle-sprachen-sind-wichtig-2025#primaryimage"},"thumbnailUrl":"https:\/\/www.lapurla.ch\/wp-content\/uploads\/2025\/06\/LapurlaIconsPublikationenMehrsprachigkeit-scaled.png","articleSection":["Non classifi\u00e9(e)"],"inLanguage":"fr-FR"},{"@type":"WebPage","@id":"https:\/\/www.lapurla.ch\/fr\/mehrsprachig-aufwachsen-alle-sprachen-sind-wichtig-2025","url":"https:\/\/www.lapurla.ch\/fr\/mehrsprachig-aufwachsen-alle-sprachen-sind-wichtig-2025","name":"Grandir en parlant plusieurs langues: toutes les langues sont importantes! (2025) &#8211; Lapurla","isPartOf":{"@id":"https:\/\/www.lapurla.ch\/#website"},"primaryImageOfPage":{"@id":"https:\/\/www.lapurla.ch\/fr\/mehrsprachig-aufwachsen-alle-sprachen-sind-wichtig-2025#primaryimage"},"image":{"@id":"https:\/\/www.lapurla.ch\/fr\/mehrsprachig-aufwachsen-alle-sprachen-sind-wichtig-2025#primaryimage"},"thumbnailUrl":"https:\/\/www.lapurla.ch\/wp-content\/uploads\/2025\/06\/LapurlaIconsPublikationenMehrsprachigkeit-scaled.png","datePublished":"2025-06-10T14:00:18+00:00","dateModified":"2025-06-10T14:23:35+00:00","breadcrumb":{"@id":"https:\/\/www.lapurla.ch\/fr\/mehrsprachig-aufwachsen-alle-sprachen-sind-wichtig-2025#breadcrumb"},"inLanguage":"fr-FR","potentialAction":[{"@type":"ReadAction","target":["https:\/\/www.lapurla.ch\/fr\/mehrsprachig-aufwachsen-alle-sprachen-sind-wichtig-2025"]}]},{"@type":"ImageObject","inLanguage":"fr-FR","@id":"https:\/\/www.lapurla.ch\/fr\/mehrsprachig-aufwachsen-alle-sprachen-sind-wichtig-2025#primaryimage","url":"https:\/\/www.lapurla.ch\/wp-content\/uploads\/2025\/06\/LapurlaIconsPublikationenMehrsprachigkeit-scaled.png","contentUrl":"https:\/\/www.lapurla.ch\/wp-content\/uploads\/2025\/06\/LapurlaIconsPublikationenMehrsprachigkeit-scaled.png","width":2560,"height":1440},{"@type":"BreadcrumbList","@id":"https:\/\/www.lapurla.ch\/fr\/mehrsprachig-aufwachsen-alle-sprachen-sind-wichtig-2025#breadcrumb","itemListElement":[{"@type":"ListItem","position":1,"name":"Startseite","item":"https:\/\/www.lapurla.ch\/fr"},{"@type":"ListItem","position":2,"name":"Grandir en parlant plusieurs langues: toutes les langues sont importantes! (2025)"}]},{"@type":"WebSite","@id":"https:\/\/www.lapurla.ch\/#website","url":"https:\/\/www.lapurla.ch\/","name":"Lapurla","description":"","publisher":{"@id":"https:\/\/www.lapurla.ch\/#organization"},"potentialAction":[{"@type":"SearchAction","target":{"@type":"EntryPoint","urlTemplate":"https:\/\/www.lapurla.ch\/?s={search_term_string}"},"query-input":{"@type":"PropertyValueSpecification","valueRequired":true,"valueName":"search_term_string"}}],"inLanguage":"fr-FR"},{"@type":"Organization","@id":"https:\/\/www.lapurla.ch\/#organization","name":"Lapurla","url":"https:\/\/www.lapurla.ch\/","logo":{"@type":"ImageObject","inLanguage":"fr-FR","@id":"https:\/\/www.lapurla.ch\/#\/schema\/logo\/image\/","url":"https:\/\/www.lapurla.ch\/wp-content\/uploads\/2022\/03\/cropped-favicon.png","contentUrl":"https:\/\/www.lapurla.ch\/wp-content\/uploads\/2022\/03\/cropped-favicon.png","width":512,"height":512,"caption":"Lapurla"},"image":{"@id":"https:\/\/www.lapurla.ch\/#\/schema\/logo\/image\/"}},{"@type":"Person","@id":"https:\/\/www.lapurla.ch\/#\/schema\/person\/8f6bdc0c9c653ecf768d328f5c7ff511","name":"Karin Kraus","image":{"@type":"ImageObject","inLanguage":"fr-FR","@id":"https:\/\/secure.gravatar.com\/avatar\/ab8a2fb78e2cb7d74fb8bcc625de7c798150fc258046abd14fee7557d356221a?s=96&d=mm&r=g","url":"https:\/\/secure.gravatar.com\/avatar\/ab8a2fb78e2cb7d74fb8bcc625de7c798150fc258046abd14fee7557d356221a?s=96&d=mm&r=g","contentUrl":"https:\/\/secure.gravatar.com\/avatar\/ab8a2fb78e2cb7d74fb8bcc625de7c798150fc258046abd14fee7557d356221a?s=96&d=mm&r=g","caption":"Karin Kraus"},"url":"https:\/\/www.lapurla.ch\/fr\/author\/kkraus"}]}},"_links":{"self":[{"href":"https:\/\/www.lapurla.ch\/fr\/wp-json\/wp\/v2\/posts\/29115","targetHints":{"allow":["GET"]}}],"collection":[{"href":"https:\/\/www.lapurla.ch\/fr\/wp-json\/wp\/v2\/posts"}],"about":[{"href":"https:\/\/www.lapurla.ch\/fr\/wp-json\/wp\/v2\/types\/post"}],"author":[{"embeddable":true,"href":"https:\/\/www.lapurla.ch\/fr\/wp-json\/wp\/v2\/users\/5"}],"replies":[{"embeddable":true,"href":"https:\/\/www.lapurla.ch\/fr\/wp-json\/wp\/v2\/comments?post=29115"}],"version-history":[{"count":3,"href":"https:\/\/www.lapurla.ch\/fr\/wp-json\/wp\/v2\/posts\/29115\/revisions"}],"predecessor-version":[{"id":29138,"href":"https:\/\/www.lapurla.ch\/fr\/wp-json\/wp\/v2\/posts\/29115\/revisions\/29138"}],"wp:featuredmedia":[{"embeddable":true,"href":"https:\/\/www.lapurla.ch\/fr\/wp-json\/wp\/v2\/media\/29120"}],"wp:attachment":[{"href":"https:\/\/www.lapurla.ch\/fr\/wp-json\/wp\/v2\/media?parent=29115"}],"wp:term":[{"taxonomy":"category","embeddable":true,"href":"https:\/\/www.lapurla.ch\/fr\/wp-json\/wp\/v2\/categories?post=29115"},{"taxonomy":"post_tag","embeddable":true,"href":"https:\/\/www.lapurla.ch\/fr\/wp-json\/wp\/v2\/tags?post=29115"},{"taxonomy":"lapurla_category","embeddable":true,"href":"https:\/\/www.lapurla.ch\/fr\/wp-json\/wp\/v2\/lapurla_category?post=29115"}],"curies":[{"name":"wp","href":"https:\/\/api.w.org\/{rel}","templated":true}]}}