{"id":25659,"date":"2024-09-16T10:02:53","date_gmt":"2024-09-16T08:02:53","guid":{"rendered":"https:\/\/www.lapurla.ch\/gemeinsam-verschieden"},"modified":"2024-09-16T10:06:12","modified_gmt":"2024-09-16T08:06:12","slug":"dissemblables-ensemble","status":"publish","type":"post","link":"https:\/\/www.lapurla.ch\/fr\/dissemblables-ensemble","title":{"rendered":"\u00abDissemblables ensemble ?\u00bb (2024)"},"content":{"rendered":"\n<p>26 cantons, quatre langues nationales et une multitude de cultures et de modes de vie coexistent en Suisse. Mais quelle est la diversit\u00e9 et la mixit\u00e9 de l\u2019environnement social des habitants de la Suisse ? C\u2019est ce \u00e0 quoi r\u00e9pond l\u2019\u00e9tude \u00abDissemblables ensemble ?\u00bb<\/p>\n\n\n\n<p>L\u2019\u00e9tude des auteurs Jakub Samochowiec et Johannes C. Bauer a \u00e9t\u00e9 command\u00e9e par la F\u00e9d\u00e9ration des coop\u00e9ratives Migros et publi\u00e9e par l\u2019Institut Gottlieb Duttweiler (GDI). Jakub Samochowiec, Senior Researcher \u00e0 l\u2019Institut Gottlieb Duttweiler, a fait un expos\u00e9 sur les sc\u00e9narios d\u2019avenir de l\u2019\u00e9tude&nbsp;<a href=\"https:\/\/www.lapurla.ch\/fr\/future-skills-vier-szenarien-fuer-morgen-und-was-wir-dafuer-koennen-muessen\" target=\"_blank\" rel=\"noreferrer noopener\">\u00abFuture Skills\u00bb<\/a>&nbsp;et sur la comp\u00e9tence d\u2019avenir de la cr\u00e9ativit\u00e9 lors de la&nbsp;<a href=\"https:\/\/www.lapurla.ch\/fr\/news\/17-18-mai-2022-nationale-tagung-mit-netzwerkgruendung\" target=\"_blank\" rel=\"noreferrer noopener\">1\u00e8re conf\u00e9rence nationale<\/a>&nbsp;de Lapurla.<\/p>\n\n\n\n<p>L\u2019\u00e9tude \u00abDissemblables ensemble ?\u00bb s\u2019est pench\u00e9e sur la diversit\u00e9 et la mixit\u00e9 de l\u2019environnement des personnes en Suisse, sur l\u2019attitude des gens face \u00e0 la diversit\u00e9 et sur ce qui favorise ou entrave la diversit\u00e9 et la mixit\u00e9.<\/p>\n\n\n\n<p>Cliquez&nbsp;<a href=\"https:\/\/www.lapurla.ch\/wp-content\/uploads\/2024\/09\/2024DissemblablesensembleFR.pdf\" target=\"_blank\" rel=\"noreferrer noopener\">ici<\/a>&nbsp;pour acc\u00e9der \u00e0 l\u2019\u00e9tude !<\/p>\n","protected":false},"excerpt":{"rendered":"<p>26 cantons, quatre langues nationales et une multitude de cultures et de modes de vie coexistent en Suisse. Mais quelle est la diversit\u00e9 et la mixit\u00e9 de l\u2019environnement social des habitants de la Suisse ? C\u2019est ce \u00e0 quoi r\u00e9pond l\u2019\u00e9tude \u00abDissemblables ensemble ?\u00bb L\u2019\u00e9tude des auteurs Jakub Samochowiec et Johannes C. Bauer a \u00e9t\u00e9 [&hellip;]<\/p>\n","protected":false},"author":5,"featured_media":25635,"comment_status":"closed","ping_status":"open","sticky":false,"template":"","format":"standard","meta":{"_acf_changed":false,"latitude":"","longitude":"","kurzbeschreibung":"","datum_von":"","footnotes":""},"categories":[4],"tags":[],"lapurla_category":[153,155],"class_list":["post-25659","post","type-post","status-publish","format-standard","has-post-thumbnail","hentry","category-non-classifiee","lapurla_category-publikationen-fr","lapurla_category-politische-grundlagen-fr"],"acf":[],"yoast_head":"<!-- This site is optimized with the Yoast SEO plugin v27.2 - https:\/\/yoast.com\/product\/yoast-seo-wordpress\/ -->\n<title>\u00abDissemblables ensemble ?\u00bb (2024) &#8211; Lapurla<\/title>\n<meta name=\"description\" content=\"26 cantons, quatre langues nationales et une multitude de cultures et de modes de vie coexistent en Suisse. Mais quelle est la diversit\u00e9 et la mixit\u00e9 de l\u2019environnement social des habitants de la Suisse ? C\u2019est ce \u00e0 quoi r\u00e9pond l\u2019\u00e9tude \u00abDissemblables ensemble ?\u00bb\" \/>\n<meta name=\"robots\" content=\"index, follow, max-snippet:-1, max-image-preview:large, max-video-preview:-1\" \/>\n<link rel=\"canonical\" href=\"https:\/\/www.lapurla.ch\/fr\/dissemblables-ensemble\" \/>\n<meta property=\"og:locale\" content=\"fr_FR\" \/>\n<meta property=\"og:type\" content=\"article\" \/>\n<meta property=\"og:title\" content=\"\u00abDissemblables ensemble ?\u00bb (2024) &#8211; Lapurla\" \/>\n<meta property=\"og:description\" content=\"26 cantons, quatre langues nationales et une multitude de cultures et de modes de vie coexistent en Suisse. Mais quelle est la diversit\u00e9 et la mixit\u00e9 de l\u2019environnement social des habitants de la Suisse ? C\u2019est ce \u00e0 quoi r\u00e9pond l\u2019\u00e9tude \u00abDissemblables ensemble ?\u00bb\" \/>\n<meta property=\"og:url\" content=\"https:\/\/www.lapurla.ch\/fr\/dissemblables-ensemble\" \/>\n<meta property=\"og:site_name\" content=\"Lapurla\" \/>\n<meta property=\"article:published_time\" content=\"2024-09-16T08:02:53+00:00\" \/>\n<meta property=\"article:modified_time\" content=\"2024-09-16T08:06:12+00:00\" \/>\n<meta property=\"og:image\" content=\"https:\/\/www.lapurla.ch\/wp-content\/uploads\/2024\/09\/gemeinsamverschiedenwebFR.jpg\" \/>\n\t<meta property=\"og:image:width\" content=\"1920\" \/>\n\t<meta property=\"og:image:height\" content=\"1358\" \/>\n\t<meta property=\"og:image:type\" content=\"image\/jpeg\" \/>\n<meta name=\"author\" content=\"Karin Kraus\" \/>\n<meta name=\"twitter:card\" content=\"summary_large_image\" \/>\n<meta name=\"twitter:label1\" content=\"\u00c9crit par\" \/>\n\t<meta name=\"twitter:data1\" content=\"Karin Kraus\" \/>\n\t<meta name=\"twitter:label2\" content=\"Dur\u00e9e de lecture estim\u00e9e\" \/>\n\t<meta name=\"twitter:data2\" content=\"2 minutes\" \/>\n<script type=\"application\/ld+json\" class=\"yoast-schema-graph\">{\"@context\":\"https:\/\/schema.org\",\"@graph\":[{\"@type\":\"Article\",\"@id\":\"https:\/\/www.lapurla.ch\/fr\/dissemblables-ensemble#article\",\"isPartOf\":{\"@id\":\"https:\/\/www.lapurla.ch\/fr\/dissemblables-ensemble\"},\"author\":{\"name\":\"Karin Kraus\",\"@id\":\"https:\/\/www.lapurla.ch\/#\/schema\/person\/8f6bdc0c9c653ecf768d328f5c7ff511\"},\"headline\":\"\u00abDissemblables ensemble ?\u00bb (2024)\",\"datePublished\":\"2024-09-16T08:02:53+00:00\",\"dateModified\":\"2024-09-16T08:06:12+00:00\",\"mainEntityOfPage\":{\"@id\":\"https:\/\/www.lapurla.ch\/fr\/dissemblables-ensemble\"},\"wordCount\":175,\"publisher\":{\"@id\":\"https:\/\/www.lapurla.ch\/#organization\"},\"image\":{\"@id\":\"https:\/\/www.lapurla.ch\/fr\/dissemblables-ensemble#primaryimage\"},\"thumbnailUrl\":\"https:\/\/www.lapurla.ch\/wp-content\/uploads\/2024\/09\/gemeinsamverschiedenwebFR.jpg\",\"articleSection\":[\"Non classifi\u00e9(e)\"],\"inLanguage\":\"fr-FR\"},{\"@type\":\"WebPage\",\"@id\":\"https:\/\/www.lapurla.ch\/fr\/dissemblables-ensemble\",\"url\":\"https:\/\/www.lapurla.ch\/fr\/dissemblables-ensemble\",\"name\":\"\u00abDissemblables ensemble ?\u00bb (2024) &#8211; Lapurla\",\"isPartOf\":{\"@id\":\"https:\/\/www.lapurla.ch\/#website\"},\"primaryImageOfPage\":{\"@id\":\"https:\/\/www.lapurla.ch\/fr\/dissemblables-ensemble#primaryimage\"},\"image\":{\"@id\":\"https:\/\/www.lapurla.ch\/fr\/dissemblables-ensemble#primaryimage\"},\"thumbnailUrl\":\"https:\/\/www.lapurla.ch\/wp-content\/uploads\/2024\/09\/gemeinsamverschiedenwebFR.jpg\",\"datePublished\":\"2024-09-16T08:02:53+00:00\",\"dateModified\":\"2024-09-16T08:06:12+00:00\",\"description\":\"26 cantons, quatre langues nationales et une multitude de cultures et de modes de vie coexistent en Suisse. Mais quelle est la diversit\u00e9 et la mixit\u00e9 de l\u2019environnement social des habitants de la Suisse ? C\u2019est ce \u00e0 quoi r\u00e9pond l\u2019\u00e9tude \u00abDissemblables ensemble ?\u00bb\",\"breadcrumb\":{\"@id\":\"https:\/\/www.lapurla.ch\/fr\/dissemblables-ensemble#breadcrumb\"},\"inLanguage\":\"fr-FR\",\"potentialAction\":[{\"@type\":\"ReadAction\",\"target\":[\"https:\/\/www.lapurla.ch\/fr\/dissemblables-ensemble\"]}]},{\"@type\":\"ImageObject\",\"inLanguage\":\"fr-FR\",\"@id\":\"https:\/\/www.lapurla.ch\/fr\/dissemblables-ensemble#primaryimage\",\"url\":\"https:\/\/www.lapurla.ch\/wp-content\/uploads\/2024\/09\/gemeinsamverschiedenwebFR.jpg\",\"contentUrl\":\"https:\/\/www.lapurla.ch\/wp-content\/uploads\/2024\/09\/gemeinsamverschiedenwebFR.jpg\",\"width\":1920,\"height\":1358},{\"@type\":\"BreadcrumbList\",\"@id\":\"https:\/\/www.lapurla.ch\/fr\/dissemblables-ensemble#breadcrumb\",\"itemListElement\":[{\"@type\":\"ListItem\",\"position\":1,\"name\":\"Startseite\",\"item\":\"https:\/\/www.lapurla.ch\/fr\"},{\"@type\":\"ListItem\",\"position\":2,\"name\":\"\u00abDissemblables ensemble ?\u00bb (2024)\"}]},{\"@type\":\"WebSite\",\"@id\":\"https:\/\/www.lapurla.ch\/#website\",\"url\":\"https:\/\/www.lapurla.ch\/\",\"name\":\"Lapurla\",\"description\":\"\",\"publisher\":{\"@id\":\"https:\/\/www.lapurla.ch\/#organization\"},\"potentialAction\":[{\"@type\":\"SearchAction\",\"target\":{\"@type\":\"EntryPoint\",\"urlTemplate\":\"https:\/\/www.lapurla.ch\/?s={search_term_string}\"},\"query-input\":{\"@type\":\"PropertyValueSpecification\",\"valueRequired\":true,\"valueName\":\"search_term_string\"}}],\"inLanguage\":\"fr-FR\"},{\"@type\":\"Organization\",\"@id\":\"https:\/\/www.lapurla.ch\/#organization\",\"name\":\"Lapurla\",\"url\":\"https:\/\/www.lapurla.ch\/\",\"logo\":{\"@type\":\"ImageObject\",\"inLanguage\":\"fr-FR\",\"@id\":\"https:\/\/www.lapurla.ch\/#\/schema\/logo\/image\/\",\"url\":\"https:\/\/www.lapurla.ch\/wp-content\/uploads\/2022\/03\/cropped-favicon.png\",\"contentUrl\":\"https:\/\/www.lapurla.ch\/wp-content\/uploads\/2022\/03\/cropped-favicon.png\",\"width\":512,\"height\":512,\"caption\":\"Lapurla\"},\"image\":{\"@id\":\"https:\/\/www.lapurla.ch\/#\/schema\/logo\/image\/\"}},{\"@type\":\"Person\",\"@id\":\"https:\/\/www.lapurla.ch\/#\/schema\/person\/8f6bdc0c9c653ecf768d328f5c7ff511\",\"name\":\"Karin Kraus\",\"image\":{\"@type\":\"ImageObject\",\"inLanguage\":\"fr-FR\",\"@id\":\"https:\/\/secure.gravatar.com\/avatar\/ab8a2fb78e2cb7d74fb8bcc625de7c798150fc258046abd14fee7557d356221a?s=96&d=mm&r=g\",\"url\":\"https:\/\/secure.gravatar.com\/avatar\/ab8a2fb78e2cb7d74fb8bcc625de7c798150fc258046abd14fee7557d356221a?s=96&d=mm&r=g\",\"contentUrl\":\"https:\/\/secure.gravatar.com\/avatar\/ab8a2fb78e2cb7d74fb8bcc625de7c798150fc258046abd14fee7557d356221a?s=96&d=mm&r=g\",\"caption\":\"Karin Kraus\"},\"url\":\"https:\/\/www.lapurla.ch\/fr\/author\/kkraus\"}]}<\/script>\n<!-- \/ Yoast SEO plugin. -->","yoast_head_json":{"title":"\u00abDissemblables ensemble ?\u00bb (2024) &#8211; Lapurla","description":"26 cantons, quatre langues nationales et une multitude de cultures et de modes de vie coexistent en Suisse. Mais quelle est la diversit\u00e9 et la mixit\u00e9 de l\u2019environnement social des habitants de la Suisse ? C\u2019est ce \u00e0 quoi r\u00e9pond l\u2019\u00e9tude \u00abDissemblables ensemble ?\u00bb","robots":{"index":"index","follow":"follow","max-snippet":"max-snippet:-1","max-image-preview":"max-image-preview:large","max-video-preview":"max-video-preview:-1"},"canonical":"https:\/\/www.lapurla.ch\/fr\/dissemblables-ensemble","og_locale":"fr_FR","og_type":"article","og_title":"\u00abDissemblables ensemble ?\u00bb (2024) &#8211; Lapurla","og_description":"26 cantons, quatre langues nationales et une multitude de cultures et de modes de vie coexistent en Suisse. Mais quelle est la diversit\u00e9 et la mixit\u00e9 de l\u2019environnement social des habitants de la Suisse ? C\u2019est ce \u00e0 quoi r\u00e9pond l\u2019\u00e9tude \u00abDissemblables ensemble ?\u00bb","og_url":"https:\/\/www.lapurla.ch\/fr\/dissemblables-ensemble","og_site_name":"Lapurla","article_published_time":"2024-09-16T08:02:53+00:00","article_modified_time":"2024-09-16T08:06:12+00:00","og_image":[{"width":1920,"height":1358,"url":"https:\/\/www.lapurla.ch\/wp-content\/uploads\/2024\/09\/gemeinsamverschiedenwebFR.jpg","type":"image\/jpeg"}],"author":"Karin Kraus","twitter_card":"summary_large_image","twitter_misc":{"\u00c9crit par":"Karin Kraus","Dur\u00e9e de lecture estim\u00e9e":"2 minutes"},"schema":{"@context":"https:\/\/schema.org","@graph":[{"@type":"Article","@id":"https:\/\/www.lapurla.ch\/fr\/dissemblables-ensemble#article","isPartOf":{"@id":"https:\/\/www.lapurla.ch\/fr\/dissemblables-ensemble"},"author":{"name":"Karin Kraus","@id":"https:\/\/www.lapurla.ch\/#\/schema\/person\/8f6bdc0c9c653ecf768d328f5c7ff511"},"headline":"\u00abDissemblables ensemble ?\u00bb (2024)","datePublished":"2024-09-16T08:02:53+00:00","dateModified":"2024-09-16T08:06:12+00:00","mainEntityOfPage":{"@id":"https:\/\/www.lapurla.ch\/fr\/dissemblables-ensemble"},"wordCount":175,"publisher":{"@id":"https:\/\/www.lapurla.ch\/#organization"},"image":{"@id":"https:\/\/www.lapurla.ch\/fr\/dissemblables-ensemble#primaryimage"},"thumbnailUrl":"https:\/\/www.lapurla.ch\/wp-content\/uploads\/2024\/09\/gemeinsamverschiedenwebFR.jpg","articleSection":["Non classifi\u00e9(e)"],"inLanguage":"fr-FR"},{"@type":"WebPage","@id":"https:\/\/www.lapurla.ch\/fr\/dissemblables-ensemble","url":"https:\/\/www.lapurla.ch\/fr\/dissemblables-ensemble","name":"\u00abDissemblables ensemble ?\u00bb (2024) &#8211; Lapurla","isPartOf":{"@id":"https:\/\/www.lapurla.ch\/#website"},"primaryImageOfPage":{"@id":"https:\/\/www.lapurla.ch\/fr\/dissemblables-ensemble#primaryimage"},"image":{"@id":"https:\/\/www.lapurla.ch\/fr\/dissemblables-ensemble#primaryimage"},"thumbnailUrl":"https:\/\/www.lapurla.ch\/wp-content\/uploads\/2024\/09\/gemeinsamverschiedenwebFR.jpg","datePublished":"2024-09-16T08:02:53+00:00","dateModified":"2024-09-16T08:06:12+00:00","description":"26 cantons, quatre langues nationales et une multitude de cultures et de modes de vie coexistent en Suisse. Mais quelle est la diversit\u00e9 et la mixit\u00e9 de l\u2019environnement social des habitants de la Suisse ? C\u2019est ce \u00e0 quoi r\u00e9pond l\u2019\u00e9tude \u00abDissemblables ensemble ?\u00bb","breadcrumb":{"@id":"https:\/\/www.lapurla.ch\/fr\/dissemblables-ensemble#breadcrumb"},"inLanguage":"fr-FR","potentialAction":[{"@type":"ReadAction","target":["https:\/\/www.lapurla.ch\/fr\/dissemblables-ensemble"]}]},{"@type":"ImageObject","inLanguage":"fr-FR","@id":"https:\/\/www.lapurla.ch\/fr\/dissemblables-ensemble#primaryimage","url":"https:\/\/www.lapurla.ch\/wp-content\/uploads\/2024\/09\/gemeinsamverschiedenwebFR.jpg","contentUrl":"https:\/\/www.lapurla.ch\/wp-content\/uploads\/2024\/09\/gemeinsamverschiedenwebFR.jpg","width":1920,"height":1358},{"@type":"BreadcrumbList","@id":"https:\/\/www.lapurla.ch\/fr\/dissemblables-ensemble#breadcrumb","itemListElement":[{"@type":"ListItem","position":1,"name":"Startseite","item":"https:\/\/www.lapurla.ch\/fr"},{"@type":"ListItem","position":2,"name":"\u00abDissemblables ensemble ?\u00bb (2024)"}]},{"@type":"WebSite","@id":"https:\/\/www.lapurla.ch\/#website","url":"https:\/\/www.lapurla.ch\/","name":"Lapurla","description":"","publisher":{"@id":"https:\/\/www.lapurla.ch\/#organization"},"potentialAction":[{"@type":"SearchAction","target":{"@type":"EntryPoint","urlTemplate":"https:\/\/www.lapurla.ch\/?s={search_term_string}"},"query-input":{"@type":"PropertyValueSpecification","valueRequired":true,"valueName":"search_term_string"}}],"inLanguage":"fr-FR"},{"@type":"Organization","@id":"https:\/\/www.lapurla.ch\/#organization","name":"Lapurla","url":"https:\/\/www.lapurla.ch\/","logo":{"@type":"ImageObject","inLanguage":"fr-FR","@id":"https:\/\/www.lapurla.ch\/#\/schema\/logo\/image\/","url":"https:\/\/www.lapurla.ch\/wp-content\/uploads\/2022\/03\/cropped-favicon.png","contentUrl":"https:\/\/www.lapurla.ch\/wp-content\/uploads\/2022\/03\/cropped-favicon.png","width":512,"height":512,"caption":"Lapurla"},"image":{"@id":"https:\/\/www.lapurla.ch\/#\/schema\/logo\/image\/"}},{"@type":"Person","@id":"https:\/\/www.lapurla.ch\/#\/schema\/person\/8f6bdc0c9c653ecf768d328f5c7ff511","name":"Karin Kraus","image":{"@type":"ImageObject","inLanguage":"fr-FR","@id":"https:\/\/secure.gravatar.com\/avatar\/ab8a2fb78e2cb7d74fb8bcc625de7c798150fc258046abd14fee7557d356221a?s=96&d=mm&r=g","url":"https:\/\/secure.gravatar.com\/avatar\/ab8a2fb78e2cb7d74fb8bcc625de7c798150fc258046abd14fee7557d356221a?s=96&d=mm&r=g","contentUrl":"https:\/\/secure.gravatar.com\/avatar\/ab8a2fb78e2cb7d74fb8bcc625de7c798150fc258046abd14fee7557d356221a?s=96&d=mm&r=g","caption":"Karin Kraus"},"url":"https:\/\/www.lapurla.ch\/fr\/author\/kkraus"}]}},"_links":{"self":[{"href":"https:\/\/www.lapurla.ch\/fr\/wp-json\/wp\/v2\/posts\/25659","targetHints":{"allow":["GET"]}}],"collection":[{"href":"https:\/\/www.lapurla.ch\/fr\/wp-json\/wp\/v2\/posts"}],"about":[{"href":"https:\/\/www.lapurla.ch\/fr\/wp-json\/wp\/v2\/types\/post"}],"author":[{"embeddable":true,"href":"https:\/\/www.lapurla.ch\/fr\/wp-json\/wp\/v2\/users\/5"}],"replies":[{"embeddable":true,"href":"https:\/\/www.lapurla.ch\/fr\/wp-json\/wp\/v2\/comments?post=25659"}],"version-history":[{"count":2,"href":"https:\/\/www.lapurla.ch\/fr\/wp-json\/wp\/v2\/posts\/25659\/revisions"}],"predecessor-version":[{"id":25663,"href":"https:\/\/www.lapurla.ch\/fr\/wp-json\/wp\/v2\/posts\/25659\/revisions\/25663"}],"wp:featuredmedia":[{"embeddable":true,"href":"https:\/\/www.lapurla.ch\/fr\/wp-json\/wp\/v2\/media\/25635"}],"wp:attachment":[{"href":"https:\/\/www.lapurla.ch\/fr\/wp-json\/wp\/v2\/media?parent=25659"}],"wp:term":[{"taxonomy":"category","embeddable":true,"href":"https:\/\/www.lapurla.ch\/fr\/wp-json\/wp\/v2\/categories?post=25659"},{"taxonomy":"post_tag","embeddable":true,"href":"https:\/\/www.lapurla.ch\/fr\/wp-json\/wp\/v2\/tags?post=25659"},{"taxonomy":"lapurla_category","embeddable":true,"href":"https:\/\/www.lapurla.ch\/fr\/wp-json\/wp\/v2\/lapurla_category?post=25659"}],"curies":[{"name":"wp","href":"https:\/\/api.w.org\/{rel}","templated":true}]}}