{"id":24944,"date":"2024-06-27T08:05:10","date_gmt":"2024-06-27T06:05:10","guid":{"rendered":"https:\/\/www.lapurla.ch\/kompass-kulturkita"},"modified":"2024-06-27T08:34:51","modified_gmt":"2024-06-27T06:34:51","slug":"kompass-kulturkita","status":"publish","type":"post","link":"https:\/\/www.lapurla.ch\/fr\/kompass-kulturkita","title":{"rendered":"Kompass Kulturkita \u2013 Une orientation pour les pratiques culturelles \u00e9ducatives de la petite enfance (2024)"},"content":{"rendered":"\n<p>En tant que livre tournant, la boussole du programme Kulturkita Hessen permet de naviguer facilement entre ses deux parties, les bases et les aspects qualitatifs. La partie \u00ab\u00a0Bases\u00a0\u00bb d\u00e9crit les principaux aspects de l&rsquo;\u00e9ducation, les concepts et les points de d\u00e9part de l&rsquo;\u00e9ducation culturelle de la petite enfance et les classe : Qu&rsquo;est-ce que l&rsquo;\u00e9ducation culturelle de la petite enfance ? Quels sont les lieux d&rsquo;\u00e9ducation culturelle ? Et quelle compr\u00e9hension fondamentale nous guide dans la pratique de l&rsquo;\u00e9ducation culturelle et de la participation des jeunes enfants dans le programme Kulturkita Hessen ? Les 15 aspects de la qualit\u00e9, suivis de questions de r\u00e9flexion, conduisent \u00e0 travers diff\u00e9rents domaines de la pratique de l&rsquo;\u00e9ducation et de la m\u00e9diation de la petite enfance.<\/p>\n\n\n\n<p>La Boussole pour les cr\u00e8ches culturelles a \u00e9t\u00e9 \u00e9labor\u00e9e de mani\u00e8re collaborative par un groupe d&rsquo;experts aux perspectives multiples, en coop\u00e9ration avec le Netzwerk Fr\u00fchkindliche Kulturelle Bildung. Une orientation pratique claire et la compatibilit\u00e9 avec le plan de formation et d&rsquo;\u00e9ducation pour les enfants de 0 \u00e0 10 ans en Hesse sont tout aussi importantes pour la conception que le lien actuel avec les discours et les d\u00e9veloppements dans la pratique, la science et la recherche.<\/p>\n\n\n\n<p><a href=\"https:\/\/www.lapurla.ch\/wp-content\/uploads\/2024\/06\/Kompass-Kulturkita.pdf\">Boussole pour les cr\u00e8ches culturelles en PDF<\/a> (en allemand)<\/p>\n","protected":false},"excerpt":{"rendered":"<p>En tant que livre tournant, la boussole du programme Kulturkita Hessen permet de naviguer facilement entre ses deux parties, les bases et les aspects qualitatifs. La partie \u00ab\u00a0Bases\u00a0\u00bb d\u00e9crit les principaux aspects de l&rsquo;\u00e9ducation, les concepts et les points de d\u00e9part de l&rsquo;\u00e9ducation culturelle de la petite enfance et les classe : Qu&rsquo;est-ce que l&rsquo;\u00e9ducation [&hellip;]<\/p>\n","protected":false},"author":5,"featured_media":24933,"comment_status":"closed","ping_status":"open","sticky":false,"template":"","format":"standard","meta":{"_acf_changed":false,"latitude":"","longitude":"","kurzbeschreibung":"","datum_von":"","footnotes":""},"categories":[4],"tags":[],"lapurla_category":[153,157],"class_list":["post-24944","post","type-post","status-publish","format-standard","has-post-thumbnail","hentry","category-non-classifiee","lapurla_category-publikationen-fr","lapurla_category-fachliche-grundlagen-fr"],"acf":[],"yoast_head":"<!-- This site is optimized with the Yoast SEO plugin v27.2 - https:\/\/yoast.com\/product\/yoast-seo-wordpress\/ -->\n<title>Kompass Kulturkita \u2013 Une orientation pour les pratiques culturelles \u00e9ducatives de la petite enfance (2024) &#8211; Lapurla<\/title>\n<meta name=\"robots\" content=\"index, follow, max-snippet:-1, max-image-preview:large, max-video-preview:-1\" \/>\n<link rel=\"canonical\" href=\"https:\/\/www.lapurla.ch\/fr\/kompass-kulturkita\" \/>\n<meta property=\"og:locale\" content=\"fr_FR\" \/>\n<meta property=\"og:type\" content=\"article\" \/>\n<meta property=\"og:title\" content=\"Kompass Kulturkita \u2013 Une orientation pour les pratiques culturelles \u00e9ducatives de la petite enfance (2024) &#8211; Lapurla\" \/>\n<meta property=\"og:description\" content=\"En tant que livre tournant, la boussole du programme Kulturkita Hessen permet de naviguer facilement entre ses deux parties, les bases et les aspects qualitatifs. La partie \u00ab\u00a0Bases\u00a0\u00bb d\u00e9crit les principaux aspects de l&rsquo;\u00e9ducation, les concepts et les points de d\u00e9part de l&rsquo;\u00e9ducation culturelle de la petite enfance et les classe : Qu&rsquo;est-ce que l&rsquo;\u00e9ducation [&hellip;]\" \/>\n<meta property=\"og:url\" content=\"https:\/\/www.lapurla.ch\/fr\/kompass-kulturkita\" \/>\n<meta property=\"og:site_name\" content=\"Lapurla\" \/>\n<meta property=\"article:published_time\" content=\"2024-06-27T06:05:10+00:00\" \/>\n<meta property=\"article:modified_time\" content=\"2024-06-27T06:34:51+00:00\" \/>\n<meta property=\"og:image\" content=\"https:\/\/www.lapurla.ch\/wp-content\/uploads\/2024\/06\/LapurlaIconsPublikationenKompass-Kulturkita.png\" \/>\n\t<meta property=\"og:image:width\" content=\"1000\" \/>\n\t<meta property=\"og:image:height\" content=\"563\" \/>\n\t<meta property=\"og:image:type\" content=\"image\/png\" \/>\n<meta name=\"author\" content=\"Karin Kraus\" \/>\n<meta name=\"twitter:card\" content=\"summary_large_image\" \/>\n<meta name=\"twitter:label1\" content=\"\u00c9crit par\" \/>\n\t<meta name=\"twitter:data1\" content=\"Karin Kraus\" \/>\n\t<meta name=\"twitter:label2\" content=\"Dur\u00e9e de lecture estim\u00e9e\" \/>\n\t<meta name=\"twitter:data2\" content=\"2 minutes\" \/>\n<script type=\"application\/ld+json\" class=\"yoast-schema-graph\">{\"@context\":\"https:\/\/schema.org\",\"@graph\":[{\"@type\":\"Article\",\"@id\":\"https:\/\/www.lapurla.ch\/fr\/kompass-kulturkita#article\",\"isPartOf\":{\"@id\":\"https:\/\/www.lapurla.ch\/fr\/kompass-kulturkita\"},\"author\":{\"name\":\"Karin Kraus\",\"@id\":\"https:\/\/www.lapurla.ch\/#\/schema\/person\/8f6bdc0c9c653ecf768d328f5c7ff511\"},\"headline\":\"Kompass Kulturkita \u2013 Une orientation pour les pratiques culturelles \u00e9ducatives de la petite enfance (2024)\",\"datePublished\":\"2024-06-27T06:05:10+00:00\",\"dateModified\":\"2024-06-27T06:34:51+00:00\",\"mainEntityOfPage\":{\"@id\":\"https:\/\/www.lapurla.ch\/fr\/kompass-kulturkita\"},\"wordCount\":233,\"publisher\":{\"@id\":\"https:\/\/www.lapurla.ch\/#organization\"},\"image\":{\"@id\":\"https:\/\/www.lapurla.ch\/fr\/kompass-kulturkita#primaryimage\"},\"thumbnailUrl\":\"https:\/\/www.lapurla.ch\/wp-content\/uploads\/2024\/06\/LapurlaIconsPublikationenKompass-Kulturkita.png\",\"articleSection\":[\"Non classifi\u00e9(e)\"],\"inLanguage\":\"fr-FR\"},{\"@type\":\"WebPage\",\"@id\":\"https:\/\/www.lapurla.ch\/fr\/kompass-kulturkita\",\"url\":\"https:\/\/www.lapurla.ch\/fr\/kompass-kulturkita\",\"name\":\"Kompass Kulturkita \u2013 Une orientation pour les pratiques culturelles \u00e9ducatives de la petite enfance (2024) &#8211; Lapurla\",\"isPartOf\":{\"@id\":\"https:\/\/www.lapurla.ch\/#website\"},\"primaryImageOfPage\":{\"@id\":\"https:\/\/www.lapurla.ch\/fr\/kompass-kulturkita#primaryimage\"},\"image\":{\"@id\":\"https:\/\/www.lapurla.ch\/fr\/kompass-kulturkita#primaryimage\"},\"thumbnailUrl\":\"https:\/\/www.lapurla.ch\/wp-content\/uploads\/2024\/06\/LapurlaIconsPublikationenKompass-Kulturkita.png\",\"datePublished\":\"2024-06-27T06:05:10+00:00\",\"dateModified\":\"2024-06-27T06:34:51+00:00\",\"breadcrumb\":{\"@id\":\"https:\/\/www.lapurla.ch\/fr\/kompass-kulturkita#breadcrumb\"},\"inLanguage\":\"fr-FR\",\"potentialAction\":[{\"@type\":\"ReadAction\",\"target\":[\"https:\/\/www.lapurla.ch\/fr\/kompass-kulturkita\"]}]},{\"@type\":\"ImageObject\",\"inLanguage\":\"fr-FR\",\"@id\":\"https:\/\/www.lapurla.ch\/fr\/kompass-kulturkita#primaryimage\",\"url\":\"https:\/\/www.lapurla.ch\/wp-content\/uploads\/2024\/06\/LapurlaIconsPublikationenKompass-Kulturkita.png\",\"contentUrl\":\"https:\/\/www.lapurla.ch\/wp-content\/uploads\/2024\/06\/LapurlaIconsPublikationenKompass-Kulturkita.png\",\"width\":1000,\"height\":563},{\"@type\":\"BreadcrumbList\",\"@id\":\"https:\/\/www.lapurla.ch\/fr\/kompass-kulturkita#breadcrumb\",\"itemListElement\":[{\"@type\":\"ListItem\",\"position\":1,\"name\":\"Startseite\",\"item\":\"https:\/\/www.lapurla.ch\/fr\"},{\"@type\":\"ListItem\",\"position\":2,\"name\":\"Kompass Kulturkita \u2013 Une orientation pour les pratiques culturelles \u00e9ducatives de la petite enfance (2024)\"}]},{\"@type\":\"WebSite\",\"@id\":\"https:\/\/www.lapurla.ch\/#website\",\"url\":\"https:\/\/www.lapurla.ch\/\",\"name\":\"Lapurla\",\"description\":\"\",\"publisher\":{\"@id\":\"https:\/\/www.lapurla.ch\/#organization\"},\"potentialAction\":[{\"@type\":\"SearchAction\",\"target\":{\"@type\":\"EntryPoint\",\"urlTemplate\":\"https:\/\/www.lapurla.ch\/?s={search_term_string}\"},\"query-input\":{\"@type\":\"PropertyValueSpecification\",\"valueRequired\":true,\"valueName\":\"search_term_string\"}}],\"inLanguage\":\"fr-FR\"},{\"@type\":\"Organization\",\"@id\":\"https:\/\/www.lapurla.ch\/#organization\",\"name\":\"Lapurla\",\"url\":\"https:\/\/www.lapurla.ch\/\",\"logo\":{\"@type\":\"ImageObject\",\"inLanguage\":\"fr-FR\",\"@id\":\"https:\/\/www.lapurla.ch\/#\/schema\/logo\/image\/\",\"url\":\"https:\/\/www.lapurla.ch\/wp-content\/uploads\/2022\/03\/cropped-favicon.png\",\"contentUrl\":\"https:\/\/www.lapurla.ch\/wp-content\/uploads\/2022\/03\/cropped-favicon.png\",\"width\":512,\"height\":512,\"caption\":\"Lapurla\"},\"image\":{\"@id\":\"https:\/\/www.lapurla.ch\/#\/schema\/logo\/image\/\"}},{\"@type\":\"Person\",\"@id\":\"https:\/\/www.lapurla.ch\/#\/schema\/person\/8f6bdc0c9c653ecf768d328f5c7ff511\",\"name\":\"Karin Kraus\",\"image\":{\"@type\":\"ImageObject\",\"inLanguage\":\"fr-FR\",\"@id\":\"https:\/\/secure.gravatar.com\/avatar\/ab8a2fb78e2cb7d74fb8bcc625de7c798150fc258046abd14fee7557d356221a?s=96&d=mm&r=g\",\"url\":\"https:\/\/secure.gravatar.com\/avatar\/ab8a2fb78e2cb7d74fb8bcc625de7c798150fc258046abd14fee7557d356221a?s=96&d=mm&r=g\",\"contentUrl\":\"https:\/\/secure.gravatar.com\/avatar\/ab8a2fb78e2cb7d74fb8bcc625de7c798150fc258046abd14fee7557d356221a?s=96&d=mm&r=g\",\"caption\":\"Karin Kraus\"},\"url\":\"https:\/\/www.lapurla.ch\/fr\/author\/kkraus\"}]}<\/script>\n<!-- \/ Yoast SEO plugin. -->","yoast_head_json":{"title":"Kompass Kulturkita \u2013 Une orientation pour les pratiques culturelles \u00e9ducatives de la petite enfance (2024) &#8211; Lapurla","robots":{"index":"index","follow":"follow","max-snippet":"max-snippet:-1","max-image-preview":"max-image-preview:large","max-video-preview":"max-video-preview:-1"},"canonical":"https:\/\/www.lapurla.ch\/fr\/kompass-kulturkita","og_locale":"fr_FR","og_type":"article","og_title":"Kompass Kulturkita \u2013 Une orientation pour les pratiques culturelles \u00e9ducatives de la petite enfance (2024) &#8211; Lapurla","og_description":"En tant que livre tournant, la boussole du programme Kulturkita Hessen permet de naviguer facilement entre ses deux parties, les bases et les aspects qualitatifs. La partie \u00ab\u00a0Bases\u00a0\u00bb d\u00e9crit les principaux aspects de l&rsquo;\u00e9ducation, les concepts et les points de d\u00e9part de l&rsquo;\u00e9ducation culturelle de la petite enfance et les classe : Qu&rsquo;est-ce que l&rsquo;\u00e9ducation [&hellip;]","og_url":"https:\/\/www.lapurla.ch\/fr\/kompass-kulturkita","og_site_name":"Lapurla","article_published_time":"2024-06-27T06:05:10+00:00","article_modified_time":"2024-06-27T06:34:51+00:00","og_image":[{"width":1000,"height":563,"url":"https:\/\/www.lapurla.ch\/wp-content\/uploads\/2024\/06\/LapurlaIconsPublikationenKompass-Kulturkita.png","type":"image\/png"}],"author":"Karin Kraus","twitter_card":"summary_large_image","twitter_misc":{"\u00c9crit par":"Karin Kraus","Dur\u00e9e de lecture estim\u00e9e":"2 minutes"},"schema":{"@context":"https:\/\/schema.org","@graph":[{"@type":"Article","@id":"https:\/\/www.lapurla.ch\/fr\/kompass-kulturkita#article","isPartOf":{"@id":"https:\/\/www.lapurla.ch\/fr\/kompass-kulturkita"},"author":{"name":"Karin Kraus","@id":"https:\/\/www.lapurla.ch\/#\/schema\/person\/8f6bdc0c9c653ecf768d328f5c7ff511"},"headline":"Kompass Kulturkita \u2013 Une orientation pour les pratiques culturelles \u00e9ducatives de la petite enfance (2024)","datePublished":"2024-06-27T06:05:10+00:00","dateModified":"2024-06-27T06:34:51+00:00","mainEntityOfPage":{"@id":"https:\/\/www.lapurla.ch\/fr\/kompass-kulturkita"},"wordCount":233,"publisher":{"@id":"https:\/\/www.lapurla.ch\/#organization"},"image":{"@id":"https:\/\/www.lapurla.ch\/fr\/kompass-kulturkita#primaryimage"},"thumbnailUrl":"https:\/\/www.lapurla.ch\/wp-content\/uploads\/2024\/06\/LapurlaIconsPublikationenKompass-Kulturkita.png","articleSection":["Non classifi\u00e9(e)"],"inLanguage":"fr-FR"},{"@type":"WebPage","@id":"https:\/\/www.lapurla.ch\/fr\/kompass-kulturkita","url":"https:\/\/www.lapurla.ch\/fr\/kompass-kulturkita","name":"Kompass Kulturkita \u2013 Une orientation pour les pratiques culturelles \u00e9ducatives de la petite enfance (2024) &#8211; Lapurla","isPartOf":{"@id":"https:\/\/www.lapurla.ch\/#website"},"primaryImageOfPage":{"@id":"https:\/\/www.lapurla.ch\/fr\/kompass-kulturkita#primaryimage"},"image":{"@id":"https:\/\/www.lapurla.ch\/fr\/kompass-kulturkita#primaryimage"},"thumbnailUrl":"https:\/\/www.lapurla.ch\/wp-content\/uploads\/2024\/06\/LapurlaIconsPublikationenKompass-Kulturkita.png","datePublished":"2024-06-27T06:05:10+00:00","dateModified":"2024-06-27T06:34:51+00:00","breadcrumb":{"@id":"https:\/\/www.lapurla.ch\/fr\/kompass-kulturkita#breadcrumb"},"inLanguage":"fr-FR","potentialAction":[{"@type":"ReadAction","target":["https:\/\/www.lapurla.ch\/fr\/kompass-kulturkita"]}]},{"@type":"ImageObject","inLanguage":"fr-FR","@id":"https:\/\/www.lapurla.ch\/fr\/kompass-kulturkita#primaryimage","url":"https:\/\/www.lapurla.ch\/wp-content\/uploads\/2024\/06\/LapurlaIconsPublikationenKompass-Kulturkita.png","contentUrl":"https:\/\/www.lapurla.ch\/wp-content\/uploads\/2024\/06\/LapurlaIconsPublikationenKompass-Kulturkita.png","width":1000,"height":563},{"@type":"BreadcrumbList","@id":"https:\/\/www.lapurla.ch\/fr\/kompass-kulturkita#breadcrumb","itemListElement":[{"@type":"ListItem","position":1,"name":"Startseite","item":"https:\/\/www.lapurla.ch\/fr"},{"@type":"ListItem","position":2,"name":"Kompass Kulturkita \u2013 Une orientation pour les pratiques culturelles \u00e9ducatives de la petite enfance (2024)"}]},{"@type":"WebSite","@id":"https:\/\/www.lapurla.ch\/#website","url":"https:\/\/www.lapurla.ch\/","name":"Lapurla","description":"","publisher":{"@id":"https:\/\/www.lapurla.ch\/#organization"},"potentialAction":[{"@type":"SearchAction","target":{"@type":"EntryPoint","urlTemplate":"https:\/\/www.lapurla.ch\/?s={search_term_string}"},"query-input":{"@type":"PropertyValueSpecification","valueRequired":true,"valueName":"search_term_string"}}],"inLanguage":"fr-FR"},{"@type":"Organization","@id":"https:\/\/www.lapurla.ch\/#organization","name":"Lapurla","url":"https:\/\/www.lapurla.ch\/","logo":{"@type":"ImageObject","inLanguage":"fr-FR","@id":"https:\/\/www.lapurla.ch\/#\/schema\/logo\/image\/","url":"https:\/\/www.lapurla.ch\/wp-content\/uploads\/2022\/03\/cropped-favicon.png","contentUrl":"https:\/\/www.lapurla.ch\/wp-content\/uploads\/2022\/03\/cropped-favicon.png","width":512,"height":512,"caption":"Lapurla"},"image":{"@id":"https:\/\/www.lapurla.ch\/#\/schema\/logo\/image\/"}},{"@type":"Person","@id":"https:\/\/www.lapurla.ch\/#\/schema\/person\/8f6bdc0c9c653ecf768d328f5c7ff511","name":"Karin Kraus","image":{"@type":"ImageObject","inLanguage":"fr-FR","@id":"https:\/\/secure.gravatar.com\/avatar\/ab8a2fb78e2cb7d74fb8bcc625de7c798150fc258046abd14fee7557d356221a?s=96&d=mm&r=g","url":"https:\/\/secure.gravatar.com\/avatar\/ab8a2fb78e2cb7d74fb8bcc625de7c798150fc258046abd14fee7557d356221a?s=96&d=mm&r=g","contentUrl":"https:\/\/secure.gravatar.com\/avatar\/ab8a2fb78e2cb7d74fb8bcc625de7c798150fc258046abd14fee7557d356221a?s=96&d=mm&r=g","caption":"Karin Kraus"},"url":"https:\/\/www.lapurla.ch\/fr\/author\/kkraus"}]}},"_links":{"self":[{"href":"https:\/\/www.lapurla.ch\/fr\/wp-json\/wp\/v2\/posts\/24944","targetHints":{"allow":["GET"]}}],"collection":[{"href":"https:\/\/www.lapurla.ch\/fr\/wp-json\/wp\/v2\/posts"}],"about":[{"href":"https:\/\/www.lapurla.ch\/fr\/wp-json\/wp\/v2\/types\/post"}],"author":[{"embeddable":true,"href":"https:\/\/www.lapurla.ch\/fr\/wp-json\/wp\/v2\/users\/5"}],"replies":[{"embeddable":true,"href":"https:\/\/www.lapurla.ch\/fr\/wp-json\/wp\/v2\/comments?post=24944"}],"version-history":[{"count":2,"href":"https:\/\/www.lapurla.ch\/fr\/wp-json\/wp\/v2\/posts\/24944\/revisions"}],"predecessor-version":[{"id":24951,"href":"https:\/\/www.lapurla.ch\/fr\/wp-json\/wp\/v2\/posts\/24944\/revisions\/24951"}],"wp:featuredmedia":[{"embeddable":true,"href":"https:\/\/www.lapurla.ch\/fr\/wp-json\/wp\/v2\/media\/24933"}],"wp:attachment":[{"href":"https:\/\/www.lapurla.ch\/fr\/wp-json\/wp\/v2\/media?parent=24944"}],"wp:term":[{"taxonomy":"category","embeddable":true,"href":"https:\/\/www.lapurla.ch\/fr\/wp-json\/wp\/v2\/categories?post=24944"},{"taxonomy":"post_tag","embeddable":true,"href":"https:\/\/www.lapurla.ch\/fr\/wp-json\/wp\/v2\/tags?post=24944"},{"taxonomy":"lapurla_category","embeddable":true,"href":"https:\/\/www.lapurla.ch\/fr\/wp-json\/wp\/v2\/lapurla_category?post=24944"}],"curies":[{"name":"wp","href":"https:\/\/api.w.org\/{rel}","templated":true}]}}