{"id":15695,"date":"2022-06-28T17:45:21","date_gmt":"2022-06-28T15:45:21","guid":{"rendered":"https:\/\/www.lapurla.ch\/future-skills-vier-szenarien-fuer-morgen-und-was-wir-dafuer-koennen-muessen\/"},"modified":"2023-03-09T18:16:58","modified_gmt":"2023-03-09T17:16:58","slug":"future-skills-vier-szenarien-fuer-morgen-und-was-wir-dafuer-koennen-muessen","status":"publish","type":"post","link":"https:\/\/www.lapurla.ch\/fr\/future-skills-vier-szenarien-fuer-morgen-und-was-wir-dafuer-koennen-muessen","title":{"rendered":"Future Skills &#8211; Quatre sc\u00e9narios pour demain et ce que nous devons \u00eatre capables de faire (2020)"},"content":{"rendered":"\n<p>Qu&rsquo;est-ce qui attend nos enfants ? L&rsquo;avenir semble plus incertain qu&rsquo;il ne l&rsquo;a \u00e9t\u00e9 depuis longtemps. Les parents et le syst\u00e8me \u00e9ducatif, qui doivent pr\u00e9parer les enfants et les jeunes \u00ab\u00a0\u00e0 l&rsquo;avenir\u00a0\u00bb, sont particuli\u00e8rement mis \u00e0 l&rsquo;\u00e9preuve. Alors que pendant des d\u00e9cennies, on s&rsquo;attendait \u00e0 plus de prosp\u00e9rit\u00e9, de progr\u00e8s et de libert\u00e9, le temps de la lin\u00e9arit\u00e9 semble d\u00e9finitivement r\u00e9volu.<\/p>\n\n\n\n<p>La nouvelle \u00e9tude du GDI \u00ab\u00a0Future Skills\u00a0\u00bb esquisse quatre sc\u00e9narios pour l&rsquo;ann\u00e9e 2050 et en d\u00e9duit les comp\u00e9tences n\u00e9cessaires pour ces avenirs. Lapurla cr\u00e9e des formats et des cadres dans lesquels ces comp\u00e9tences peuvent \u00eatre exerc\u00e9es d\u00e8s la petite enfance :<\/p>\n\n\n\n<p><strong>Comp\u00e9tences personnelles<\/strong><\/p>\n\n\n\n<ul class=\"wp-block-list\">\n<li>Auto-motivation &amp; responsabilit\u00e9 personnelle<\/li>\n\n\n\n<li>Capacit\u00e9 d&rsquo;adaptation<\/li>\n\n\n\n<li>Introspection et r\u00e9flexion sur ses propres sentiments, besoins et int\u00e9r\u00eats<\/li>\n<\/ul>\n\n\n\n<p><strong>Volont\u00e9 d&rsquo;exploration<\/strong><\/p>\n\n\n\n<ul class=\"wp-block-list\">\n<li>Curiosit\u00e9<\/li>\n\n\n\n<li>Cr\u00e9ativit\u00e9 &amp; imagination<\/li>\n\n\n\n<li>Formulation d&rsquo;objectifs sociaux<\/li>\n\n\n\n<li>Capacit\u00e9 d&rsquo;expression artistique<\/li>\n<\/ul>\n\n\n\n<p><strong>Valeurs<\/strong><\/p>\n\n\n\n<ul class=\"wp-block-list\">\n<li>Volont\u00e9 de s&rsquo;engager pour la communaut\u00e9<\/li>\n\n\n\n<li>Appr\u00e9ciation des ressources non mat\u00e9rielles<\/li>\n\n\n\n<li>R\u00e9flexion\/remise en question des valeurs soci\u00e9tales<\/li>\n<\/ul>\n\n\n\n<p>Edit\u00e9 par l&rsquo;Institut Gottlieb Duttweiler, 2020<\/p>\n\n\n\n<p>Plus d&rsquo;informations<\/p>\n\n\n\n<p><a href=\"https:\/\/jacobsfoundation.org\/future-skills-vier-szenarien-fuer-morgen\/\" target=\"_blank\" rel=\"noreferrer noopener\">Plus d&rsquo;informations<\/a><\/p>\n","protected":false},"excerpt":{"rendered":"<p>Die neue GDI-Studie \u00abFuture Skills\u00bb entwirft vier Szenarien f\u00fcr das Jahr 2050 und leitet davon ab, welche F\u00e4higkeiten f\u00fcr diese Zuk\u00fcnfte notwendig sind. <\/p>\n","protected":false},"author":5,"featured_media":6170,"comment_status":"open","ping_status":"open","sticky":false,"template":"","format":"standard","meta":{"_acf_changed":false,"latitude":"","longitude":"","kurzbeschreibung":"","datum_von":"","footnotes":""},"categories":[4],"tags":[],"lapurla_category":[153,155],"class_list":["post-15695","post","type-post","status-publish","format-standard","has-post-thumbnail","hentry","category-non-classifiee","lapurla_category-publikationen-fr","lapurla_category-politische-grundlagen-fr"],"acf":[],"yoast_head":"<!-- This site is optimized with the Yoast SEO plugin v27.2 - https:\/\/yoast.com\/product\/yoast-seo-wordpress\/ -->\n<title>Future Skills - Quatre sc\u00e9narios pour demain et ce que nous devons \u00eatre capables de faire (2020) &#8211; Lapurla<\/title>\n<meta name=\"robots\" content=\"index, follow, max-snippet:-1, max-image-preview:large, max-video-preview:-1\" \/>\n<link rel=\"canonical\" href=\"https:\/\/www.lapurla.ch\/fr\/future-skills-vier-szenarien-fuer-morgen-und-was-wir-dafuer-koennen-muessen\" \/>\n<meta property=\"og:locale\" content=\"fr_FR\" \/>\n<meta property=\"og:type\" content=\"article\" \/>\n<meta property=\"og:title\" content=\"Future Skills - Quatre sc\u00e9narios pour demain et ce que nous devons \u00eatre capables de faire (2020) &#8211; Lapurla\" \/>\n<meta property=\"og:description\" content=\"Die neue GDI-Studie \u00abFuture Skills\u00bb entwirft vier Szenarien f\u00fcr das Jahr 2050 und leitet davon ab, welche F\u00e4higkeiten f\u00fcr diese Zuk\u00fcnfte notwendig sind.\" \/>\n<meta property=\"og:url\" content=\"https:\/\/www.lapurla.ch\/fr\/future-skills-vier-szenarien-fuer-morgen-und-was-wir-dafuer-koennen-muessen\" \/>\n<meta property=\"og:site_name\" content=\"Lapurla\" \/>\n<meta property=\"article:published_time\" content=\"2022-06-28T15:45:21+00:00\" \/>\n<meta property=\"article:modified_time\" content=\"2023-03-09T17:16:58+00:00\" \/>\n<meta property=\"og:image\" content=\"https:\/\/www.lapurla.ch\/wp-content\/uploads\/2022\/07\/LapurlaFutureSkills.png\" \/>\n\t<meta property=\"og:image:width\" content=\"1000\" \/>\n\t<meta property=\"og:image:height\" content=\"563\" \/>\n\t<meta property=\"og:image:type\" content=\"image\/png\" \/>\n<meta name=\"author\" content=\"Karin Kraus\" \/>\n<meta name=\"twitter:card\" content=\"summary_large_image\" \/>\n<meta name=\"twitter:label1\" content=\"\u00c9crit par\" \/>\n\t<meta name=\"twitter:data1\" content=\"Karin Kraus\" \/>\n<script type=\"application\/ld+json\" class=\"yoast-schema-graph\">{\"@context\":\"https:\/\/schema.org\",\"@graph\":[{\"@type\":\"Article\",\"@id\":\"https:\/\/www.lapurla.ch\/fr\/future-skills-vier-szenarien-fuer-morgen-und-was-wir-dafuer-koennen-muessen#article\",\"isPartOf\":{\"@id\":\"https:\/\/www.lapurla.ch\/fr\/future-skills-vier-szenarien-fuer-morgen-und-was-wir-dafuer-koennen-muessen\"},\"author\":{\"name\":\"Karin Kraus\",\"@id\":\"https:\/\/www.lapurla.ch\/#\/schema\/person\/8f6bdc0c9c653ecf768d328f5c7ff511\"},\"headline\":\"Future Skills &#8211; Quatre sc\u00e9narios pour demain et ce que nous devons \u00eatre capables de faire (2020)\",\"datePublished\":\"2022-06-28T15:45:21+00:00\",\"dateModified\":\"2023-03-09T17:16:58+00:00\",\"mainEntityOfPage\":{\"@id\":\"https:\/\/www.lapurla.ch\/fr\/future-skills-vier-szenarien-fuer-morgen-und-was-wir-dafuer-koennen-muessen\"},\"wordCount\":214,\"commentCount\":0,\"publisher\":{\"@id\":\"https:\/\/www.lapurla.ch\/#organization\"},\"image\":{\"@id\":\"https:\/\/www.lapurla.ch\/fr\/future-skills-vier-szenarien-fuer-morgen-und-was-wir-dafuer-koennen-muessen#primaryimage\"},\"thumbnailUrl\":\"https:\/\/www.lapurla.ch\/wp-content\/uploads\/2022\/07\/LapurlaFutureSkills.png\",\"articleSection\":[\"Non classifi\u00e9(e)\"],\"inLanguage\":\"fr-FR\",\"potentialAction\":[{\"@type\":\"CommentAction\",\"name\":\"Comment\",\"target\":[\"https:\/\/www.lapurla.ch\/fr\/future-skills-vier-szenarien-fuer-morgen-und-was-wir-dafuer-koennen-muessen#respond\"]}]},{\"@type\":\"WebPage\",\"@id\":\"https:\/\/www.lapurla.ch\/fr\/future-skills-vier-szenarien-fuer-morgen-und-was-wir-dafuer-koennen-muessen\",\"url\":\"https:\/\/www.lapurla.ch\/fr\/future-skills-vier-szenarien-fuer-morgen-und-was-wir-dafuer-koennen-muessen\",\"name\":\"Future Skills - Quatre sc\u00e9narios pour demain et ce que nous devons \u00eatre capables de faire (2020) &#8211; Lapurla\",\"isPartOf\":{\"@id\":\"https:\/\/www.lapurla.ch\/#website\"},\"primaryImageOfPage\":{\"@id\":\"https:\/\/www.lapurla.ch\/fr\/future-skills-vier-szenarien-fuer-morgen-und-was-wir-dafuer-koennen-muessen#primaryimage\"},\"image\":{\"@id\":\"https:\/\/www.lapurla.ch\/fr\/future-skills-vier-szenarien-fuer-morgen-und-was-wir-dafuer-koennen-muessen#primaryimage\"},\"thumbnailUrl\":\"https:\/\/www.lapurla.ch\/wp-content\/uploads\/2022\/07\/LapurlaFutureSkills.png\",\"datePublished\":\"2022-06-28T15:45:21+00:00\",\"dateModified\":\"2023-03-09T17:16:58+00:00\",\"breadcrumb\":{\"@id\":\"https:\/\/www.lapurla.ch\/fr\/future-skills-vier-szenarien-fuer-morgen-und-was-wir-dafuer-koennen-muessen#breadcrumb\"},\"inLanguage\":\"fr-FR\",\"potentialAction\":[{\"@type\":\"ReadAction\",\"target\":[\"https:\/\/www.lapurla.ch\/fr\/future-skills-vier-szenarien-fuer-morgen-und-was-wir-dafuer-koennen-muessen\"]}]},{\"@type\":\"ImageObject\",\"inLanguage\":\"fr-FR\",\"@id\":\"https:\/\/www.lapurla.ch\/fr\/future-skills-vier-szenarien-fuer-morgen-und-was-wir-dafuer-koennen-muessen#primaryimage\",\"url\":\"https:\/\/www.lapurla.ch\/wp-content\/uploads\/2022\/07\/LapurlaFutureSkills.png\",\"contentUrl\":\"https:\/\/www.lapurla.ch\/wp-content\/uploads\/2022\/07\/LapurlaFutureSkills.png\",\"width\":1000,\"height\":563},{\"@type\":\"BreadcrumbList\",\"@id\":\"https:\/\/www.lapurla.ch\/fr\/future-skills-vier-szenarien-fuer-morgen-und-was-wir-dafuer-koennen-muessen#breadcrumb\",\"itemListElement\":[{\"@type\":\"ListItem\",\"position\":1,\"name\":\"Startseite\",\"item\":\"https:\/\/www.lapurla.ch\/fr\"},{\"@type\":\"ListItem\",\"position\":2,\"name\":\"Future Skills &#8211; Quatre sc\u00e9narios pour demain et ce que nous devons \u00eatre capables de faire (2020)\"}]},{\"@type\":\"WebSite\",\"@id\":\"https:\/\/www.lapurla.ch\/#website\",\"url\":\"https:\/\/www.lapurla.ch\/\",\"name\":\"Lapurla\",\"description\":\"\",\"publisher\":{\"@id\":\"https:\/\/www.lapurla.ch\/#organization\"},\"potentialAction\":[{\"@type\":\"SearchAction\",\"target\":{\"@type\":\"EntryPoint\",\"urlTemplate\":\"https:\/\/www.lapurla.ch\/?s={search_term_string}\"},\"query-input\":{\"@type\":\"PropertyValueSpecification\",\"valueRequired\":true,\"valueName\":\"search_term_string\"}}],\"inLanguage\":\"fr-FR\"},{\"@type\":\"Organization\",\"@id\":\"https:\/\/www.lapurla.ch\/#organization\",\"name\":\"Lapurla\",\"url\":\"https:\/\/www.lapurla.ch\/\",\"logo\":{\"@type\":\"ImageObject\",\"inLanguage\":\"fr-FR\",\"@id\":\"https:\/\/www.lapurla.ch\/#\/schema\/logo\/image\/\",\"url\":\"https:\/\/www.lapurla.ch\/wp-content\/uploads\/2022\/03\/cropped-favicon.png\",\"contentUrl\":\"https:\/\/www.lapurla.ch\/wp-content\/uploads\/2022\/03\/cropped-favicon.png\",\"width\":512,\"height\":512,\"caption\":\"Lapurla\"},\"image\":{\"@id\":\"https:\/\/www.lapurla.ch\/#\/schema\/logo\/image\/\"}},{\"@type\":\"Person\",\"@id\":\"https:\/\/www.lapurla.ch\/#\/schema\/person\/8f6bdc0c9c653ecf768d328f5c7ff511\",\"name\":\"Karin Kraus\",\"image\":{\"@type\":\"ImageObject\",\"inLanguage\":\"fr-FR\",\"@id\":\"https:\/\/secure.gravatar.com\/avatar\/ab8a2fb78e2cb7d74fb8bcc625de7c798150fc258046abd14fee7557d356221a?s=96&d=mm&r=g\",\"url\":\"https:\/\/secure.gravatar.com\/avatar\/ab8a2fb78e2cb7d74fb8bcc625de7c798150fc258046abd14fee7557d356221a?s=96&d=mm&r=g\",\"contentUrl\":\"https:\/\/secure.gravatar.com\/avatar\/ab8a2fb78e2cb7d74fb8bcc625de7c798150fc258046abd14fee7557d356221a?s=96&d=mm&r=g\",\"caption\":\"Karin Kraus\"},\"url\":\"https:\/\/www.lapurla.ch\/fr\/author\/kkraus\"}]}<\/script>\n<!-- \/ Yoast SEO plugin. -->","yoast_head_json":{"title":"Future Skills - Quatre sc\u00e9narios pour demain et ce que nous devons \u00eatre capables de faire (2020) &#8211; Lapurla","robots":{"index":"index","follow":"follow","max-snippet":"max-snippet:-1","max-image-preview":"max-image-preview:large","max-video-preview":"max-video-preview:-1"},"canonical":"https:\/\/www.lapurla.ch\/fr\/future-skills-vier-szenarien-fuer-morgen-und-was-wir-dafuer-koennen-muessen","og_locale":"fr_FR","og_type":"article","og_title":"Future Skills - Quatre sc\u00e9narios pour demain et ce que nous devons \u00eatre capables de faire (2020) &#8211; Lapurla","og_description":"Die neue GDI-Studie \u00abFuture Skills\u00bb entwirft vier Szenarien f\u00fcr das Jahr 2050 und leitet davon ab, welche F\u00e4higkeiten f\u00fcr diese Zuk\u00fcnfte notwendig sind.","og_url":"https:\/\/www.lapurla.ch\/fr\/future-skills-vier-szenarien-fuer-morgen-und-was-wir-dafuer-koennen-muessen","og_site_name":"Lapurla","article_published_time":"2022-06-28T15:45:21+00:00","article_modified_time":"2023-03-09T17:16:58+00:00","og_image":[{"width":1000,"height":563,"url":"https:\/\/www.lapurla.ch\/wp-content\/uploads\/2022\/07\/LapurlaFutureSkills.png","type":"image\/png"}],"author":"Karin Kraus","twitter_card":"summary_large_image","twitter_misc":{"\u00c9crit par":"Karin Kraus"},"schema":{"@context":"https:\/\/schema.org","@graph":[{"@type":"Article","@id":"https:\/\/www.lapurla.ch\/fr\/future-skills-vier-szenarien-fuer-morgen-und-was-wir-dafuer-koennen-muessen#article","isPartOf":{"@id":"https:\/\/www.lapurla.ch\/fr\/future-skills-vier-szenarien-fuer-morgen-und-was-wir-dafuer-koennen-muessen"},"author":{"name":"Karin Kraus","@id":"https:\/\/www.lapurla.ch\/#\/schema\/person\/8f6bdc0c9c653ecf768d328f5c7ff511"},"headline":"Future Skills &#8211; Quatre sc\u00e9narios pour demain et ce que nous devons \u00eatre capables de faire (2020)","datePublished":"2022-06-28T15:45:21+00:00","dateModified":"2023-03-09T17:16:58+00:00","mainEntityOfPage":{"@id":"https:\/\/www.lapurla.ch\/fr\/future-skills-vier-szenarien-fuer-morgen-und-was-wir-dafuer-koennen-muessen"},"wordCount":214,"commentCount":0,"publisher":{"@id":"https:\/\/www.lapurla.ch\/#organization"},"image":{"@id":"https:\/\/www.lapurla.ch\/fr\/future-skills-vier-szenarien-fuer-morgen-und-was-wir-dafuer-koennen-muessen#primaryimage"},"thumbnailUrl":"https:\/\/www.lapurla.ch\/wp-content\/uploads\/2022\/07\/LapurlaFutureSkills.png","articleSection":["Non classifi\u00e9(e)"],"inLanguage":"fr-FR","potentialAction":[{"@type":"CommentAction","name":"Comment","target":["https:\/\/www.lapurla.ch\/fr\/future-skills-vier-szenarien-fuer-morgen-und-was-wir-dafuer-koennen-muessen#respond"]}]},{"@type":"WebPage","@id":"https:\/\/www.lapurla.ch\/fr\/future-skills-vier-szenarien-fuer-morgen-und-was-wir-dafuer-koennen-muessen","url":"https:\/\/www.lapurla.ch\/fr\/future-skills-vier-szenarien-fuer-morgen-und-was-wir-dafuer-koennen-muessen","name":"Future Skills - Quatre sc\u00e9narios pour demain et ce que nous devons \u00eatre capables de faire (2020) &#8211; Lapurla","isPartOf":{"@id":"https:\/\/www.lapurla.ch\/#website"},"primaryImageOfPage":{"@id":"https:\/\/www.lapurla.ch\/fr\/future-skills-vier-szenarien-fuer-morgen-und-was-wir-dafuer-koennen-muessen#primaryimage"},"image":{"@id":"https:\/\/www.lapurla.ch\/fr\/future-skills-vier-szenarien-fuer-morgen-und-was-wir-dafuer-koennen-muessen#primaryimage"},"thumbnailUrl":"https:\/\/www.lapurla.ch\/wp-content\/uploads\/2022\/07\/LapurlaFutureSkills.png","datePublished":"2022-06-28T15:45:21+00:00","dateModified":"2023-03-09T17:16:58+00:00","breadcrumb":{"@id":"https:\/\/www.lapurla.ch\/fr\/future-skills-vier-szenarien-fuer-morgen-und-was-wir-dafuer-koennen-muessen#breadcrumb"},"inLanguage":"fr-FR","potentialAction":[{"@type":"ReadAction","target":["https:\/\/www.lapurla.ch\/fr\/future-skills-vier-szenarien-fuer-morgen-und-was-wir-dafuer-koennen-muessen"]}]},{"@type":"ImageObject","inLanguage":"fr-FR","@id":"https:\/\/www.lapurla.ch\/fr\/future-skills-vier-szenarien-fuer-morgen-und-was-wir-dafuer-koennen-muessen#primaryimage","url":"https:\/\/www.lapurla.ch\/wp-content\/uploads\/2022\/07\/LapurlaFutureSkills.png","contentUrl":"https:\/\/www.lapurla.ch\/wp-content\/uploads\/2022\/07\/LapurlaFutureSkills.png","width":1000,"height":563},{"@type":"BreadcrumbList","@id":"https:\/\/www.lapurla.ch\/fr\/future-skills-vier-szenarien-fuer-morgen-und-was-wir-dafuer-koennen-muessen#breadcrumb","itemListElement":[{"@type":"ListItem","position":1,"name":"Startseite","item":"https:\/\/www.lapurla.ch\/fr"},{"@type":"ListItem","position":2,"name":"Future Skills &#8211; Quatre sc\u00e9narios pour demain et ce que nous devons \u00eatre capables de faire (2020)"}]},{"@type":"WebSite","@id":"https:\/\/www.lapurla.ch\/#website","url":"https:\/\/www.lapurla.ch\/","name":"Lapurla","description":"","publisher":{"@id":"https:\/\/www.lapurla.ch\/#organization"},"potentialAction":[{"@type":"SearchAction","target":{"@type":"EntryPoint","urlTemplate":"https:\/\/www.lapurla.ch\/?s={search_term_string}"},"query-input":{"@type":"PropertyValueSpecification","valueRequired":true,"valueName":"search_term_string"}}],"inLanguage":"fr-FR"},{"@type":"Organization","@id":"https:\/\/www.lapurla.ch\/#organization","name":"Lapurla","url":"https:\/\/www.lapurla.ch\/","logo":{"@type":"ImageObject","inLanguage":"fr-FR","@id":"https:\/\/www.lapurla.ch\/#\/schema\/logo\/image\/","url":"https:\/\/www.lapurla.ch\/wp-content\/uploads\/2022\/03\/cropped-favicon.png","contentUrl":"https:\/\/www.lapurla.ch\/wp-content\/uploads\/2022\/03\/cropped-favicon.png","width":512,"height":512,"caption":"Lapurla"},"image":{"@id":"https:\/\/www.lapurla.ch\/#\/schema\/logo\/image\/"}},{"@type":"Person","@id":"https:\/\/www.lapurla.ch\/#\/schema\/person\/8f6bdc0c9c653ecf768d328f5c7ff511","name":"Karin Kraus","image":{"@type":"ImageObject","inLanguage":"fr-FR","@id":"https:\/\/secure.gravatar.com\/avatar\/ab8a2fb78e2cb7d74fb8bcc625de7c798150fc258046abd14fee7557d356221a?s=96&d=mm&r=g","url":"https:\/\/secure.gravatar.com\/avatar\/ab8a2fb78e2cb7d74fb8bcc625de7c798150fc258046abd14fee7557d356221a?s=96&d=mm&r=g","contentUrl":"https:\/\/secure.gravatar.com\/avatar\/ab8a2fb78e2cb7d74fb8bcc625de7c798150fc258046abd14fee7557d356221a?s=96&d=mm&r=g","caption":"Karin Kraus"},"url":"https:\/\/www.lapurla.ch\/fr\/author\/kkraus"}]}},"_links":{"self":[{"href":"https:\/\/www.lapurla.ch\/fr\/wp-json\/wp\/v2\/posts\/15695","targetHints":{"allow":["GET"]}}],"collection":[{"href":"https:\/\/www.lapurla.ch\/fr\/wp-json\/wp\/v2\/posts"}],"about":[{"href":"https:\/\/www.lapurla.ch\/fr\/wp-json\/wp\/v2\/types\/post"}],"author":[{"embeddable":true,"href":"https:\/\/www.lapurla.ch\/fr\/wp-json\/wp\/v2\/users\/5"}],"replies":[{"embeddable":true,"href":"https:\/\/www.lapurla.ch\/fr\/wp-json\/wp\/v2\/comments?post=15695"}],"version-history":[{"count":3,"href":"https:\/\/www.lapurla.ch\/fr\/wp-json\/wp\/v2\/posts\/15695\/revisions"}],"predecessor-version":[{"id":15708,"href":"https:\/\/www.lapurla.ch\/fr\/wp-json\/wp\/v2\/posts\/15695\/revisions\/15708"}],"wp:featuredmedia":[{"embeddable":true,"href":"https:\/\/www.lapurla.ch\/fr\/wp-json\/wp\/v2\/media\/6170"}],"wp:attachment":[{"href":"https:\/\/www.lapurla.ch\/fr\/wp-json\/wp\/v2\/media?parent=15695"}],"wp:term":[{"taxonomy":"category","embeddable":true,"href":"https:\/\/www.lapurla.ch\/fr\/wp-json\/wp\/v2\/categories?post=15695"},{"taxonomy":"post_tag","embeddable":true,"href":"https:\/\/www.lapurla.ch\/fr\/wp-json\/wp\/v2\/tags?post=15695"},{"taxonomy":"lapurla_category","embeddable":true,"href":"https:\/\/www.lapurla.ch\/fr\/wp-json\/wp\/v2\/lapurla_category?post=15695"}],"curies":[{"name":"wp","href":"https:\/\/api.w.org\/{rel}","templated":true}]}}