{"id":15675,"date":"2022-06-28T17:55:47","date_gmt":"2022-06-28T15:55:47","guid":{"rendered":"https:\/\/www.lapurla.ch\/foerderung-kultureller-teilhabe-2021\/"},"modified":"2023-03-09T17:39:44","modified_gmt":"2023-03-09T16:39:44","slug":"foerderung-kultureller-teilhabe-2021","status":"publish","type":"post","link":"https:\/\/www.lapurla.ch\/fr\/foerderung-kultureller-teilhabe-2021","title":{"rendered":"Guide pour la promotion de la participation culturelle (2021)"},"content":{"rendered":"\n<p>Le guide pour la promotion de la participation culturelle s&rsquo;adresse aux organismes priv\u00e9s et publics de promotion de la culture et propose des recommandations et des instruments concrets pour une promotion efficace et durable de la participation culturelle. Le guide compl\u00e8te le manuel \u00ab\u00a0Kulturelle Teilhabe\u00a0\u00bb publi\u00e9 en 2019 par le Dialogue culturel national.<\/p>\n\n\n\n<p>Edit\u00e9 par le Dialogue culturel national, 2021<\/p>\n\n\n\n<p><a href=\"https:\/\/www.newsd.admin.ch\/newsd\/message\/attachments\/68163.pdf\">T\u00e9l\u00e9charger la publication<\/a><\/p>\n\n\n\n<p><a href=\"https:\/\/www.bak.admin.ch\/bak\/fr\/home\/actualites\/nsb-news.msg-id-85058.html\">Plus d&rsquo;infos<\/a><\/p>\n","protected":false},"excerpt":{"rendered":"<p>Der Leitfaden erg\u00e4nzt das 2019 vom Nationalen Kulturdialog herausgegebene Handbuch Kulturelle Teilhabe.<\/p>\n","protected":false},"author":5,"featured_media":7684,"comment_status":"open","ping_status":"open","sticky":false,"template":"","format":"standard","meta":{"_acf_changed":false,"latitude":"","longitude":"","kurzbeschreibung":"","datum_von":"","footnotes":""},"categories":[4],"tags":[],"lapurla_category":[153,157],"class_list":["post-15675","post","type-post","status-publish","format-standard","has-post-thumbnail","hentry","category-non-classifiee","lapurla_category-publikationen-fr","lapurla_category-fachliche-grundlagen-fr"],"acf":[],"yoast_head":"<!-- This site is optimized with the Yoast SEO plugin v27.2 - https:\/\/yoast.com\/product\/yoast-seo-wordpress\/ -->\n<title>Guide pour la promotion de la participation culturelle (2021) &#8211; Lapurla<\/title>\n<meta name=\"robots\" content=\"index, follow, max-snippet:-1, max-image-preview:large, max-video-preview:-1\" \/>\n<link rel=\"canonical\" href=\"https:\/\/www.lapurla.ch\/fr\/foerderung-kultureller-teilhabe-2021\" \/>\n<meta property=\"og:locale\" content=\"fr_FR\" \/>\n<meta property=\"og:type\" content=\"article\" \/>\n<meta property=\"og:title\" content=\"Guide pour la promotion de la participation culturelle (2021) &#8211; Lapurla\" \/>\n<meta property=\"og:description\" content=\"Der Leitfaden erg\u00e4nzt das 2019 vom Nationalen Kulturdialog herausgegebene Handbuch Kulturelle Teilhabe.\" \/>\n<meta property=\"og:url\" content=\"https:\/\/www.lapurla.ch\/fr\/foerderung-kultureller-teilhabe-2021\" \/>\n<meta property=\"og:site_name\" content=\"Lapurla\" \/>\n<meta property=\"article:published_time\" content=\"2022-06-28T15:55:47+00:00\" \/>\n<meta property=\"article:modified_time\" content=\"2023-03-09T16:39:44+00:00\" \/>\n<meta property=\"og:image\" content=\"https:\/\/www.lapurla.ch\/wp-content\/uploads\/2022\/06\/LapurlaPublikationenLeitfadenKT.png\" \/>\n\t<meta property=\"og:image:width\" content=\"1000\" \/>\n\t<meta property=\"og:image:height\" content=\"563\" \/>\n\t<meta property=\"og:image:type\" content=\"image\/png\" \/>\n<meta name=\"author\" content=\"Karin Kraus\" \/>\n<meta name=\"twitter:card\" content=\"summary_large_image\" \/>\n<meta name=\"twitter:label1\" content=\"\u00c9crit par\" \/>\n\t<meta name=\"twitter:data1\" content=\"Karin Kraus\" \/>\n\t<meta name=\"twitter:label2\" content=\"Dur\u00e9e de lecture estim\u00e9e\" \/>\n\t<meta name=\"twitter:data2\" content=\"1 minute\" \/>\n<script type=\"application\/ld+json\" class=\"yoast-schema-graph\">{\"@context\":\"https:\/\/schema.org\",\"@graph\":[{\"@type\":\"Article\",\"@id\":\"https:\/\/www.lapurla.ch\/fr\/foerderung-kultureller-teilhabe-2021#article\",\"isPartOf\":{\"@id\":\"https:\/\/www.lapurla.ch\/fr\/foerderung-kultureller-teilhabe-2021\"},\"author\":{\"name\":\"Karin Kraus\",\"@id\":\"https:\/\/www.lapurla.ch\/#\/schema\/person\/8f6bdc0c9c653ecf768d328f5c7ff511\"},\"headline\":\"Guide pour la promotion de la participation culturelle (2021)\",\"datePublished\":\"2022-06-28T15:55:47+00:00\",\"dateModified\":\"2023-03-09T16:39:44+00:00\",\"mainEntityOfPage\":{\"@id\":\"https:\/\/www.lapurla.ch\/fr\/foerderung-kultureller-teilhabe-2021\"},\"wordCount\":77,\"commentCount\":0,\"publisher\":{\"@id\":\"https:\/\/www.lapurla.ch\/#organization\"},\"image\":{\"@id\":\"https:\/\/www.lapurla.ch\/fr\/foerderung-kultureller-teilhabe-2021#primaryimage\"},\"thumbnailUrl\":\"https:\/\/www.lapurla.ch\/wp-content\/uploads\/2022\/06\/LapurlaPublikationenLeitfadenKT.png\",\"articleSection\":[\"Non classifi\u00e9(e)\"],\"inLanguage\":\"fr-FR\",\"potentialAction\":[{\"@type\":\"CommentAction\",\"name\":\"Comment\",\"target\":[\"https:\/\/www.lapurla.ch\/fr\/foerderung-kultureller-teilhabe-2021#respond\"]}]},{\"@type\":\"WebPage\",\"@id\":\"https:\/\/www.lapurla.ch\/fr\/foerderung-kultureller-teilhabe-2021\",\"url\":\"https:\/\/www.lapurla.ch\/fr\/foerderung-kultureller-teilhabe-2021\",\"name\":\"Guide pour la promotion de la participation culturelle (2021) &#8211; Lapurla\",\"isPartOf\":{\"@id\":\"https:\/\/www.lapurla.ch\/#website\"},\"primaryImageOfPage\":{\"@id\":\"https:\/\/www.lapurla.ch\/fr\/foerderung-kultureller-teilhabe-2021#primaryimage\"},\"image\":{\"@id\":\"https:\/\/www.lapurla.ch\/fr\/foerderung-kultureller-teilhabe-2021#primaryimage\"},\"thumbnailUrl\":\"https:\/\/www.lapurla.ch\/wp-content\/uploads\/2022\/06\/LapurlaPublikationenLeitfadenKT.png\",\"datePublished\":\"2022-06-28T15:55:47+00:00\",\"dateModified\":\"2023-03-09T16:39:44+00:00\",\"breadcrumb\":{\"@id\":\"https:\/\/www.lapurla.ch\/fr\/foerderung-kultureller-teilhabe-2021#breadcrumb\"},\"inLanguage\":\"fr-FR\",\"potentialAction\":[{\"@type\":\"ReadAction\",\"target\":[\"https:\/\/www.lapurla.ch\/fr\/foerderung-kultureller-teilhabe-2021\"]}]},{\"@type\":\"ImageObject\",\"inLanguage\":\"fr-FR\",\"@id\":\"https:\/\/www.lapurla.ch\/fr\/foerderung-kultureller-teilhabe-2021#primaryimage\",\"url\":\"https:\/\/www.lapurla.ch\/wp-content\/uploads\/2022\/06\/LapurlaPublikationenLeitfadenKT.png\",\"contentUrl\":\"https:\/\/www.lapurla.ch\/wp-content\/uploads\/2022\/06\/LapurlaPublikationenLeitfadenKT.png\",\"width\":1000,\"height\":563},{\"@type\":\"BreadcrumbList\",\"@id\":\"https:\/\/www.lapurla.ch\/fr\/foerderung-kultureller-teilhabe-2021#breadcrumb\",\"itemListElement\":[{\"@type\":\"ListItem\",\"position\":1,\"name\":\"Startseite\",\"item\":\"https:\/\/www.lapurla.ch\/fr\"},{\"@type\":\"ListItem\",\"position\":2,\"name\":\"Guide pour la promotion de la participation culturelle (2021)\"}]},{\"@type\":\"WebSite\",\"@id\":\"https:\/\/www.lapurla.ch\/#website\",\"url\":\"https:\/\/www.lapurla.ch\/\",\"name\":\"Lapurla\",\"description\":\"\",\"publisher\":{\"@id\":\"https:\/\/www.lapurla.ch\/#organization\"},\"potentialAction\":[{\"@type\":\"SearchAction\",\"target\":{\"@type\":\"EntryPoint\",\"urlTemplate\":\"https:\/\/www.lapurla.ch\/?s={search_term_string}\"},\"query-input\":{\"@type\":\"PropertyValueSpecification\",\"valueRequired\":true,\"valueName\":\"search_term_string\"}}],\"inLanguage\":\"fr-FR\"},{\"@type\":\"Organization\",\"@id\":\"https:\/\/www.lapurla.ch\/#organization\",\"name\":\"Lapurla\",\"url\":\"https:\/\/www.lapurla.ch\/\",\"logo\":{\"@type\":\"ImageObject\",\"inLanguage\":\"fr-FR\",\"@id\":\"https:\/\/www.lapurla.ch\/#\/schema\/logo\/image\/\",\"url\":\"https:\/\/www.lapurla.ch\/wp-content\/uploads\/2022\/03\/cropped-favicon.png\",\"contentUrl\":\"https:\/\/www.lapurla.ch\/wp-content\/uploads\/2022\/03\/cropped-favicon.png\",\"width\":512,\"height\":512,\"caption\":\"Lapurla\"},\"image\":{\"@id\":\"https:\/\/www.lapurla.ch\/#\/schema\/logo\/image\/\"}},{\"@type\":\"Person\",\"@id\":\"https:\/\/www.lapurla.ch\/#\/schema\/person\/8f6bdc0c9c653ecf768d328f5c7ff511\",\"name\":\"Karin Kraus\",\"image\":{\"@type\":\"ImageObject\",\"inLanguage\":\"fr-FR\",\"@id\":\"https:\/\/secure.gravatar.com\/avatar\/ab8a2fb78e2cb7d74fb8bcc625de7c798150fc258046abd14fee7557d356221a?s=96&d=mm&r=g\",\"url\":\"https:\/\/secure.gravatar.com\/avatar\/ab8a2fb78e2cb7d74fb8bcc625de7c798150fc258046abd14fee7557d356221a?s=96&d=mm&r=g\",\"contentUrl\":\"https:\/\/secure.gravatar.com\/avatar\/ab8a2fb78e2cb7d74fb8bcc625de7c798150fc258046abd14fee7557d356221a?s=96&d=mm&r=g\",\"caption\":\"Karin Kraus\"},\"url\":\"https:\/\/www.lapurla.ch\/fr\/author\/kkraus\"}]}<\/script>\n<!-- \/ Yoast SEO plugin. -->","yoast_head_json":{"title":"Guide pour la promotion de la participation culturelle (2021) &#8211; Lapurla","robots":{"index":"index","follow":"follow","max-snippet":"max-snippet:-1","max-image-preview":"max-image-preview:large","max-video-preview":"max-video-preview:-1"},"canonical":"https:\/\/www.lapurla.ch\/fr\/foerderung-kultureller-teilhabe-2021","og_locale":"fr_FR","og_type":"article","og_title":"Guide pour la promotion de la participation culturelle (2021) &#8211; Lapurla","og_description":"Der Leitfaden erg\u00e4nzt das 2019 vom Nationalen Kulturdialog herausgegebene Handbuch Kulturelle Teilhabe.","og_url":"https:\/\/www.lapurla.ch\/fr\/foerderung-kultureller-teilhabe-2021","og_site_name":"Lapurla","article_published_time":"2022-06-28T15:55:47+00:00","article_modified_time":"2023-03-09T16:39:44+00:00","og_image":[{"width":1000,"height":563,"url":"https:\/\/www.lapurla.ch\/wp-content\/uploads\/2022\/06\/LapurlaPublikationenLeitfadenKT.png","type":"image\/png"}],"author":"Karin Kraus","twitter_card":"summary_large_image","twitter_misc":{"\u00c9crit par":"Karin Kraus","Dur\u00e9e de lecture estim\u00e9e":"1 minute"},"schema":{"@context":"https:\/\/schema.org","@graph":[{"@type":"Article","@id":"https:\/\/www.lapurla.ch\/fr\/foerderung-kultureller-teilhabe-2021#article","isPartOf":{"@id":"https:\/\/www.lapurla.ch\/fr\/foerderung-kultureller-teilhabe-2021"},"author":{"name":"Karin Kraus","@id":"https:\/\/www.lapurla.ch\/#\/schema\/person\/8f6bdc0c9c653ecf768d328f5c7ff511"},"headline":"Guide pour la promotion de la participation culturelle (2021)","datePublished":"2022-06-28T15:55:47+00:00","dateModified":"2023-03-09T16:39:44+00:00","mainEntityOfPage":{"@id":"https:\/\/www.lapurla.ch\/fr\/foerderung-kultureller-teilhabe-2021"},"wordCount":77,"commentCount":0,"publisher":{"@id":"https:\/\/www.lapurla.ch\/#organization"},"image":{"@id":"https:\/\/www.lapurla.ch\/fr\/foerderung-kultureller-teilhabe-2021#primaryimage"},"thumbnailUrl":"https:\/\/www.lapurla.ch\/wp-content\/uploads\/2022\/06\/LapurlaPublikationenLeitfadenKT.png","articleSection":["Non classifi\u00e9(e)"],"inLanguage":"fr-FR","potentialAction":[{"@type":"CommentAction","name":"Comment","target":["https:\/\/www.lapurla.ch\/fr\/foerderung-kultureller-teilhabe-2021#respond"]}]},{"@type":"WebPage","@id":"https:\/\/www.lapurla.ch\/fr\/foerderung-kultureller-teilhabe-2021","url":"https:\/\/www.lapurla.ch\/fr\/foerderung-kultureller-teilhabe-2021","name":"Guide pour la promotion de la participation culturelle (2021) &#8211; Lapurla","isPartOf":{"@id":"https:\/\/www.lapurla.ch\/#website"},"primaryImageOfPage":{"@id":"https:\/\/www.lapurla.ch\/fr\/foerderung-kultureller-teilhabe-2021#primaryimage"},"image":{"@id":"https:\/\/www.lapurla.ch\/fr\/foerderung-kultureller-teilhabe-2021#primaryimage"},"thumbnailUrl":"https:\/\/www.lapurla.ch\/wp-content\/uploads\/2022\/06\/LapurlaPublikationenLeitfadenKT.png","datePublished":"2022-06-28T15:55:47+00:00","dateModified":"2023-03-09T16:39:44+00:00","breadcrumb":{"@id":"https:\/\/www.lapurla.ch\/fr\/foerderung-kultureller-teilhabe-2021#breadcrumb"},"inLanguage":"fr-FR","potentialAction":[{"@type":"ReadAction","target":["https:\/\/www.lapurla.ch\/fr\/foerderung-kultureller-teilhabe-2021"]}]},{"@type":"ImageObject","inLanguage":"fr-FR","@id":"https:\/\/www.lapurla.ch\/fr\/foerderung-kultureller-teilhabe-2021#primaryimage","url":"https:\/\/www.lapurla.ch\/wp-content\/uploads\/2022\/06\/LapurlaPublikationenLeitfadenKT.png","contentUrl":"https:\/\/www.lapurla.ch\/wp-content\/uploads\/2022\/06\/LapurlaPublikationenLeitfadenKT.png","width":1000,"height":563},{"@type":"BreadcrumbList","@id":"https:\/\/www.lapurla.ch\/fr\/foerderung-kultureller-teilhabe-2021#breadcrumb","itemListElement":[{"@type":"ListItem","position":1,"name":"Startseite","item":"https:\/\/www.lapurla.ch\/fr"},{"@type":"ListItem","position":2,"name":"Guide pour la promotion de la participation culturelle (2021)"}]},{"@type":"WebSite","@id":"https:\/\/www.lapurla.ch\/#website","url":"https:\/\/www.lapurla.ch\/","name":"Lapurla","description":"","publisher":{"@id":"https:\/\/www.lapurla.ch\/#organization"},"potentialAction":[{"@type":"SearchAction","target":{"@type":"EntryPoint","urlTemplate":"https:\/\/www.lapurla.ch\/?s={search_term_string}"},"query-input":{"@type":"PropertyValueSpecification","valueRequired":true,"valueName":"search_term_string"}}],"inLanguage":"fr-FR"},{"@type":"Organization","@id":"https:\/\/www.lapurla.ch\/#organization","name":"Lapurla","url":"https:\/\/www.lapurla.ch\/","logo":{"@type":"ImageObject","inLanguage":"fr-FR","@id":"https:\/\/www.lapurla.ch\/#\/schema\/logo\/image\/","url":"https:\/\/www.lapurla.ch\/wp-content\/uploads\/2022\/03\/cropped-favicon.png","contentUrl":"https:\/\/www.lapurla.ch\/wp-content\/uploads\/2022\/03\/cropped-favicon.png","width":512,"height":512,"caption":"Lapurla"},"image":{"@id":"https:\/\/www.lapurla.ch\/#\/schema\/logo\/image\/"}},{"@type":"Person","@id":"https:\/\/www.lapurla.ch\/#\/schema\/person\/8f6bdc0c9c653ecf768d328f5c7ff511","name":"Karin Kraus","image":{"@type":"ImageObject","inLanguage":"fr-FR","@id":"https:\/\/secure.gravatar.com\/avatar\/ab8a2fb78e2cb7d74fb8bcc625de7c798150fc258046abd14fee7557d356221a?s=96&d=mm&r=g","url":"https:\/\/secure.gravatar.com\/avatar\/ab8a2fb78e2cb7d74fb8bcc625de7c798150fc258046abd14fee7557d356221a?s=96&d=mm&r=g","contentUrl":"https:\/\/secure.gravatar.com\/avatar\/ab8a2fb78e2cb7d74fb8bcc625de7c798150fc258046abd14fee7557d356221a?s=96&d=mm&r=g","caption":"Karin Kraus"},"url":"https:\/\/www.lapurla.ch\/fr\/author\/kkraus"}]}},"_links":{"self":[{"href":"https:\/\/www.lapurla.ch\/fr\/wp-json\/wp\/v2\/posts\/15675","targetHints":{"allow":["GET"]}}],"collection":[{"href":"https:\/\/www.lapurla.ch\/fr\/wp-json\/wp\/v2\/posts"}],"about":[{"href":"https:\/\/www.lapurla.ch\/fr\/wp-json\/wp\/v2\/types\/post"}],"author":[{"embeddable":true,"href":"https:\/\/www.lapurla.ch\/fr\/wp-json\/wp\/v2\/users\/5"}],"replies":[{"embeddable":true,"href":"https:\/\/www.lapurla.ch\/fr\/wp-json\/wp\/v2\/comments?post=15675"}],"version-history":[{"count":3,"href":"https:\/\/www.lapurla.ch\/fr\/wp-json\/wp\/v2\/posts\/15675\/revisions"}],"predecessor-version":[{"id":15680,"href":"https:\/\/www.lapurla.ch\/fr\/wp-json\/wp\/v2\/posts\/15675\/revisions\/15680"}],"wp:featuredmedia":[{"embeddable":true,"href":"https:\/\/www.lapurla.ch\/fr\/wp-json\/wp\/v2\/media\/7684"}],"wp:attachment":[{"href":"https:\/\/www.lapurla.ch\/fr\/wp-json\/wp\/v2\/media?parent=15675"}],"wp:term":[{"taxonomy":"category","embeddable":true,"href":"https:\/\/www.lapurla.ch\/fr\/wp-json\/wp\/v2\/categories?post=15675"},{"taxonomy":"post_tag","embeddable":true,"href":"https:\/\/www.lapurla.ch\/fr\/wp-json\/wp\/v2\/tags?post=15675"},{"taxonomy":"lapurla_category","embeddable":true,"href":"https:\/\/www.lapurla.ch\/fr\/wp-json\/wp\/v2\/lapurla_category?post=15675"}],"curies":[{"name":"wp","href":"https:\/\/api.w.org\/{rel}","templated":true}]}}