{"id":15500,"date":"2022-06-28T17:35:56","date_gmt":"2022-06-28T15:35:56","guid":{"rendered":"https:\/\/www.lapurla.ch\/orientierungsrahmen-fuer-fruehkindliche-bildung-betreuung-und-erziehung-in-der-schweiz\/"},"modified":"2023-03-09T15:53:03","modified_gmt":"2023-03-09T14:53:03","slug":"orientierungsrahmen-fuer-fruehkindliche-bildung-betreuung-und-erziehung-in-der-schweiz","status":"publish","type":"post","link":"https:\/\/www.lapurla.ch\/fr\/orientierungsrahmen-fuer-fruehkindliche-bildung-betreuung-und-erziehung-in-der-schweiz","title":{"rendered":"Cadre d\u2019orientation pour la formation, l\u2019accueil et l\u2019\u00e9ducation de la petite enfance (2012, 2016)"},"content":{"rendered":"\n<p>Depuis 2012, la Suisse dispose enfin d\u2019un document de r\u00e9f\u00e9rence qui met en perspective les besoins fondamentaux des tout-petits et leurs implications pour les adultes qui s\u2019en occupent : le Cadre d\u2019orientation pour la formation, l\u2019accueil et l\u2019\u00e9ducation de la petite enfance. Ce document tout entier adopte et donne \u00e0 voir le point de vue de l\u2019enfant en posant les pierres angulaires sur lesquelles fonder des mesures efficaces et adapt\u00e9es aux tout-petits.<\/p>\n\n\n\n<p><a href=\"https:\/\/www.reseau-accueil-extrafamilial.ch\/fr\/innovation\/cadre-dorientation\/\">Plus d&rsquo;informations<\/a><\/p>\n","protected":false},"excerpt":{"rendered":"<p>Mit dem Orientierungsrahmen f\u00fcr fr\u00fchkindliche Bildung, Betreuung und Erziehung in der Schweiz\u00a0liegt seit 2012 ein erstes Referenzdokument zu den Bed\u00fcrfnissen und Rechten des Kleinkinds vor.<\/p>\n","protected":false},"author":5,"featured_media":15608,"comment_status":"open","ping_status":"open","sticky":false,"template":"","format":"standard","meta":{"_acf_changed":false,"latitude":"","longitude":"","kurzbeschreibung":"","datum_von":"","footnotes":""},"categories":[4],"tags":[],"lapurla_category":[153,157],"class_list":["post-15500","post","type-post","status-publish","format-standard","has-post-thumbnail","hentry","category-non-classifiee","lapurla_category-publikationen-fr","lapurla_category-fachliche-grundlagen-fr"],"acf":[],"yoast_head":"<!-- This site is optimized with the Yoast SEO plugin v27.2 - https:\/\/yoast.com\/product\/yoast-seo-wordpress\/ -->\n<title>Cadre d\u2019orientation pour la formation, l\u2019accueil et l\u2019\u00e9ducation de la petite enfance (2012, 2016) &#8211; Lapurla<\/title>\n<meta name=\"robots\" content=\"index, follow, max-snippet:-1, max-image-preview:large, max-video-preview:-1\" \/>\n<link rel=\"canonical\" href=\"https:\/\/www.lapurla.ch\/fr\/orientierungsrahmen-fuer-fruehkindliche-bildung-betreuung-und-erziehung-in-der-schweiz\" \/>\n<meta property=\"og:locale\" content=\"fr_FR\" \/>\n<meta property=\"og:type\" content=\"article\" \/>\n<meta property=\"og:title\" content=\"Cadre d\u2019orientation pour la formation, l\u2019accueil et l\u2019\u00e9ducation de la petite enfance (2012, 2016) &#8211; Lapurla\" \/>\n<meta property=\"og:description\" content=\"Mit dem Orientierungsrahmen f\u00fcr fr\u00fchkindliche Bildung, Betreuung und Erziehung in der Schweiz\u00a0liegt seit 2012 ein erstes Referenzdokument zu den Bed\u00fcrfnissen und Rechten des Kleinkinds vor.\" \/>\n<meta property=\"og:url\" content=\"https:\/\/www.lapurla.ch\/fr\/orientierungsrahmen-fuer-fruehkindliche-bildung-betreuung-und-erziehung-in-der-schweiz\" \/>\n<meta property=\"og:site_name\" content=\"Lapurla\" \/>\n<meta property=\"article:published_time\" content=\"2022-06-28T15:35:56+00:00\" \/>\n<meta property=\"article:modified_time\" content=\"2023-03-09T14:53:03+00:00\" \/>\n<meta property=\"og:image\" content=\"https:\/\/www.lapurla.ch\/wp-content\/uploads\/2022\/06\/Cadreorientation.png\" \/>\n\t<meta property=\"og:image:width\" content=\"1000\" \/>\n\t<meta property=\"og:image:height\" content=\"563\" \/>\n\t<meta property=\"og:image:type\" content=\"image\/png\" \/>\n<meta name=\"author\" content=\"Karin Kraus\" \/>\n<meta name=\"twitter:card\" content=\"summary_large_image\" \/>\n<meta name=\"twitter:label1\" content=\"\u00c9crit par\" \/>\n\t<meta name=\"twitter:data1\" content=\"Karin Kraus\" \/>\n\t<meta name=\"twitter:label2\" content=\"Dur\u00e9e de lecture estim\u00e9e\" \/>\n\t<meta name=\"twitter:data2\" content=\"1 minute\" \/>\n<script type=\"application\/ld+json\" class=\"yoast-schema-graph\">{\"@context\":\"https:\/\/schema.org\",\"@graph\":[{\"@type\":\"Article\",\"@id\":\"https:\/\/www.lapurla.ch\/fr\/orientierungsrahmen-fuer-fruehkindliche-bildung-betreuung-und-erziehung-in-der-schweiz#article\",\"isPartOf\":{\"@id\":\"https:\/\/www.lapurla.ch\/fr\/orientierungsrahmen-fuer-fruehkindliche-bildung-betreuung-und-erziehung-in-der-schweiz\"},\"author\":{\"name\":\"Karin Kraus\",\"@id\":\"https:\/\/www.lapurla.ch\/#\/schema\/person\/8f6bdc0c9c653ecf768d328f5c7ff511\"},\"headline\":\"Cadre d\u2019orientation pour la formation, l\u2019accueil et l\u2019\u00e9ducation de la petite enfance (2012, 2016)\",\"datePublished\":\"2022-06-28T15:35:56+00:00\",\"dateModified\":\"2023-03-09T14:53:03+00:00\",\"mainEntityOfPage\":{\"@id\":\"https:\/\/www.lapurla.ch\/fr\/orientierungsrahmen-fuer-fruehkindliche-bildung-betreuung-und-erziehung-in-der-schweiz\"},\"wordCount\":96,\"commentCount\":0,\"publisher\":{\"@id\":\"https:\/\/www.lapurla.ch\/#organization\"},\"image\":{\"@id\":\"https:\/\/www.lapurla.ch\/fr\/orientierungsrahmen-fuer-fruehkindliche-bildung-betreuung-und-erziehung-in-der-schweiz#primaryimage\"},\"thumbnailUrl\":\"https:\/\/www.lapurla.ch\/wp-content\/uploads\/2022\/06\/Cadreorientation.png\",\"articleSection\":[\"Non classifi\u00e9(e)\"],\"inLanguage\":\"fr-FR\",\"potentialAction\":[{\"@type\":\"CommentAction\",\"name\":\"Comment\",\"target\":[\"https:\/\/www.lapurla.ch\/fr\/orientierungsrahmen-fuer-fruehkindliche-bildung-betreuung-und-erziehung-in-der-schweiz#respond\"]}]},{\"@type\":\"WebPage\",\"@id\":\"https:\/\/www.lapurla.ch\/fr\/orientierungsrahmen-fuer-fruehkindliche-bildung-betreuung-und-erziehung-in-der-schweiz\",\"url\":\"https:\/\/www.lapurla.ch\/fr\/orientierungsrahmen-fuer-fruehkindliche-bildung-betreuung-und-erziehung-in-der-schweiz\",\"name\":\"Cadre d\u2019orientation pour la formation, l\u2019accueil et l\u2019\u00e9ducation de la petite enfance (2012, 2016) &#8211; Lapurla\",\"isPartOf\":{\"@id\":\"https:\/\/www.lapurla.ch\/#website\"},\"primaryImageOfPage\":{\"@id\":\"https:\/\/www.lapurla.ch\/fr\/orientierungsrahmen-fuer-fruehkindliche-bildung-betreuung-und-erziehung-in-der-schweiz#primaryimage\"},\"image\":{\"@id\":\"https:\/\/www.lapurla.ch\/fr\/orientierungsrahmen-fuer-fruehkindliche-bildung-betreuung-und-erziehung-in-der-schweiz#primaryimage\"},\"thumbnailUrl\":\"https:\/\/www.lapurla.ch\/wp-content\/uploads\/2022\/06\/Cadreorientation.png\",\"datePublished\":\"2022-06-28T15:35:56+00:00\",\"dateModified\":\"2023-03-09T14:53:03+00:00\",\"breadcrumb\":{\"@id\":\"https:\/\/www.lapurla.ch\/fr\/orientierungsrahmen-fuer-fruehkindliche-bildung-betreuung-und-erziehung-in-der-schweiz#breadcrumb\"},\"inLanguage\":\"fr-FR\",\"potentialAction\":[{\"@type\":\"ReadAction\",\"target\":[\"https:\/\/www.lapurla.ch\/fr\/orientierungsrahmen-fuer-fruehkindliche-bildung-betreuung-und-erziehung-in-der-schweiz\"]}]},{\"@type\":\"ImageObject\",\"inLanguage\":\"fr-FR\",\"@id\":\"https:\/\/www.lapurla.ch\/fr\/orientierungsrahmen-fuer-fruehkindliche-bildung-betreuung-und-erziehung-in-der-schweiz#primaryimage\",\"url\":\"https:\/\/www.lapurla.ch\/wp-content\/uploads\/2022\/06\/Cadreorientation.png\",\"contentUrl\":\"https:\/\/www.lapurla.ch\/wp-content\/uploads\/2022\/06\/Cadreorientation.png\",\"width\":1000,\"height\":563},{\"@type\":\"BreadcrumbList\",\"@id\":\"https:\/\/www.lapurla.ch\/fr\/orientierungsrahmen-fuer-fruehkindliche-bildung-betreuung-und-erziehung-in-der-schweiz#breadcrumb\",\"itemListElement\":[{\"@type\":\"ListItem\",\"position\":1,\"name\":\"Startseite\",\"item\":\"https:\/\/www.lapurla.ch\/fr\"},{\"@type\":\"ListItem\",\"position\":2,\"name\":\"Cadre d\u2019orientation pour la formation, l\u2019accueil et l\u2019\u00e9ducation de la petite enfance (2012, 2016)\"}]},{\"@type\":\"WebSite\",\"@id\":\"https:\/\/www.lapurla.ch\/#website\",\"url\":\"https:\/\/www.lapurla.ch\/\",\"name\":\"Lapurla\",\"description\":\"\",\"publisher\":{\"@id\":\"https:\/\/www.lapurla.ch\/#organization\"},\"potentialAction\":[{\"@type\":\"SearchAction\",\"target\":{\"@type\":\"EntryPoint\",\"urlTemplate\":\"https:\/\/www.lapurla.ch\/?s={search_term_string}\"},\"query-input\":{\"@type\":\"PropertyValueSpecification\",\"valueRequired\":true,\"valueName\":\"search_term_string\"}}],\"inLanguage\":\"fr-FR\"},{\"@type\":\"Organization\",\"@id\":\"https:\/\/www.lapurla.ch\/#organization\",\"name\":\"Lapurla\",\"url\":\"https:\/\/www.lapurla.ch\/\",\"logo\":{\"@type\":\"ImageObject\",\"inLanguage\":\"fr-FR\",\"@id\":\"https:\/\/www.lapurla.ch\/#\/schema\/logo\/image\/\",\"url\":\"https:\/\/www.lapurla.ch\/wp-content\/uploads\/2022\/03\/cropped-favicon.png\",\"contentUrl\":\"https:\/\/www.lapurla.ch\/wp-content\/uploads\/2022\/03\/cropped-favicon.png\",\"width\":512,\"height\":512,\"caption\":\"Lapurla\"},\"image\":{\"@id\":\"https:\/\/www.lapurla.ch\/#\/schema\/logo\/image\/\"}},{\"@type\":\"Person\",\"@id\":\"https:\/\/www.lapurla.ch\/#\/schema\/person\/8f6bdc0c9c653ecf768d328f5c7ff511\",\"name\":\"Karin Kraus\",\"image\":{\"@type\":\"ImageObject\",\"inLanguage\":\"fr-FR\",\"@id\":\"https:\/\/secure.gravatar.com\/avatar\/ab8a2fb78e2cb7d74fb8bcc625de7c798150fc258046abd14fee7557d356221a?s=96&d=mm&r=g\",\"url\":\"https:\/\/secure.gravatar.com\/avatar\/ab8a2fb78e2cb7d74fb8bcc625de7c798150fc258046abd14fee7557d356221a?s=96&d=mm&r=g\",\"contentUrl\":\"https:\/\/secure.gravatar.com\/avatar\/ab8a2fb78e2cb7d74fb8bcc625de7c798150fc258046abd14fee7557d356221a?s=96&d=mm&r=g\",\"caption\":\"Karin Kraus\"},\"url\":\"https:\/\/www.lapurla.ch\/fr\/author\/kkraus\"}]}<\/script>\n<!-- \/ Yoast SEO plugin. -->","yoast_head_json":{"title":"Cadre d\u2019orientation pour la formation, l\u2019accueil et l\u2019\u00e9ducation de la petite enfance (2012, 2016) &#8211; Lapurla","robots":{"index":"index","follow":"follow","max-snippet":"max-snippet:-1","max-image-preview":"max-image-preview:large","max-video-preview":"max-video-preview:-1"},"canonical":"https:\/\/www.lapurla.ch\/fr\/orientierungsrahmen-fuer-fruehkindliche-bildung-betreuung-und-erziehung-in-der-schweiz","og_locale":"fr_FR","og_type":"article","og_title":"Cadre d\u2019orientation pour la formation, l\u2019accueil et l\u2019\u00e9ducation de la petite enfance (2012, 2016) &#8211; Lapurla","og_description":"Mit dem Orientierungsrahmen f\u00fcr fr\u00fchkindliche Bildung, Betreuung und Erziehung in der Schweiz\u00a0liegt seit 2012 ein erstes Referenzdokument zu den Bed\u00fcrfnissen und Rechten des Kleinkinds vor.","og_url":"https:\/\/www.lapurla.ch\/fr\/orientierungsrahmen-fuer-fruehkindliche-bildung-betreuung-und-erziehung-in-der-schweiz","og_site_name":"Lapurla","article_published_time":"2022-06-28T15:35:56+00:00","article_modified_time":"2023-03-09T14:53:03+00:00","og_image":[{"width":1000,"height":563,"url":"https:\/\/www.lapurla.ch\/wp-content\/uploads\/2022\/06\/Cadreorientation.png","type":"image\/png"}],"author":"Karin Kraus","twitter_card":"summary_large_image","twitter_misc":{"\u00c9crit par":"Karin Kraus","Dur\u00e9e de lecture estim\u00e9e":"1 minute"},"schema":{"@context":"https:\/\/schema.org","@graph":[{"@type":"Article","@id":"https:\/\/www.lapurla.ch\/fr\/orientierungsrahmen-fuer-fruehkindliche-bildung-betreuung-und-erziehung-in-der-schweiz#article","isPartOf":{"@id":"https:\/\/www.lapurla.ch\/fr\/orientierungsrahmen-fuer-fruehkindliche-bildung-betreuung-und-erziehung-in-der-schweiz"},"author":{"name":"Karin Kraus","@id":"https:\/\/www.lapurla.ch\/#\/schema\/person\/8f6bdc0c9c653ecf768d328f5c7ff511"},"headline":"Cadre d\u2019orientation pour la formation, l\u2019accueil et l\u2019\u00e9ducation de la petite enfance (2012, 2016)","datePublished":"2022-06-28T15:35:56+00:00","dateModified":"2023-03-09T14:53:03+00:00","mainEntityOfPage":{"@id":"https:\/\/www.lapurla.ch\/fr\/orientierungsrahmen-fuer-fruehkindliche-bildung-betreuung-und-erziehung-in-der-schweiz"},"wordCount":96,"commentCount":0,"publisher":{"@id":"https:\/\/www.lapurla.ch\/#organization"},"image":{"@id":"https:\/\/www.lapurla.ch\/fr\/orientierungsrahmen-fuer-fruehkindliche-bildung-betreuung-und-erziehung-in-der-schweiz#primaryimage"},"thumbnailUrl":"https:\/\/www.lapurla.ch\/wp-content\/uploads\/2022\/06\/Cadreorientation.png","articleSection":["Non classifi\u00e9(e)"],"inLanguage":"fr-FR","potentialAction":[{"@type":"CommentAction","name":"Comment","target":["https:\/\/www.lapurla.ch\/fr\/orientierungsrahmen-fuer-fruehkindliche-bildung-betreuung-und-erziehung-in-der-schweiz#respond"]}]},{"@type":"WebPage","@id":"https:\/\/www.lapurla.ch\/fr\/orientierungsrahmen-fuer-fruehkindliche-bildung-betreuung-und-erziehung-in-der-schweiz","url":"https:\/\/www.lapurla.ch\/fr\/orientierungsrahmen-fuer-fruehkindliche-bildung-betreuung-und-erziehung-in-der-schweiz","name":"Cadre d\u2019orientation pour la formation, l\u2019accueil et l\u2019\u00e9ducation de la petite enfance (2012, 2016) &#8211; Lapurla","isPartOf":{"@id":"https:\/\/www.lapurla.ch\/#website"},"primaryImageOfPage":{"@id":"https:\/\/www.lapurla.ch\/fr\/orientierungsrahmen-fuer-fruehkindliche-bildung-betreuung-und-erziehung-in-der-schweiz#primaryimage"},"image":{"@id":"https:\/\/www.lapurla.ch\/fr\/orientierungsrahmen-fuer-fruehkindliche-bildung-betreuung-und-erziehung-in-der-schweiz#primaryimage"},"thumbnailUrl":"https:\/\/www.lapurla.ch\/wp-content\/uploads\/2022\/06\/Cadreorientation.png","datePublished":"2022-06-28T15:35:56+00:00","dateModified":"2023-03-09T14:53:03+00:00","breadcrumb":{"@id":"https:\/\/www.lapurla.ch\/fr\/orientierungsrahmen-fuer-fruehkindliche-bildung-betreuung-und-erziehung-in-der-schweiz#breadcrumb"},"inLanguage":"fr-FR","potentialAction":[{"@type":"ReadAction","target":["https:\/\/www.lapurla.ch\/fr\/orientierungsrahmen-fuer-fruehkindliche-bildung-betreuung-und-erziehung-in-der-schweiz"]}]},{"@type":"ImageObject","inLanguage":"fr-FR","@id":"https:\/\/www.lapurla.ch\/fr\/orientierungsrahmen-fuer-fruehkindliche-bildung-betreuung-und-erziehung-in-der-schweiz#primaryimage","url":"https:\/\/www.lapurla.ch\/wp-content\/uploads\/2022\/06\/Cadreorientation.png","contentUrl":"https:\/\/www.lapurla.ch\/wp-content\/uploads\/2022\/06\/Cadreorientation.png","width":1000,"height":563},{"@type":"BreadcrumbList","@id":"https:\/\/www.lapurla.ch\/fr\/orientierungsrahmen-fuer-fruehkindliche-bildung-betreuung-und-erziehung-in-der-schweiz#breadcrumb","itemListElement":[{"@type":"ListItem","position":1,"name":"Startseite","item":"https:\/\/www.lapurla.ch\/fr"},{"@type":"ListItem","position":2,"name":"Cadre d\u2019orientation pour la formation, l\u2019accueil et l\u2019\u00e9ducation de la petite enfance (2012, 2016)"}]},{"@type":"WebSite","@id":"https:\/\/www.lapurla.ch\/#website","url":"https:\/\/www.lapurla.ch\/","name":"Lapurla","description":"","publisher":{"@id":"https:\/\/www.lapurla.ch\/#organization"},"potentialAction":[{"@type":"SearchAction","target":{"@type":"EntryPoint","urlTemplate":"https:\/\/www.lapurla.ch\/?s={search_term_string}"},"query-input":{"@type":"PropertyValueSpecification","valueRequired":true,"valueName":"search_term_string"}}],"inLanguage":"fr-FR"},{"@type":"Organization","@id":"https:\/\/www.lapurla.ch\/#organization","name":"Lapurla","url":"https:\/\/www.lapurla.ch\/","logo":{"@type":"ImageObject","inLanguage":"fr-FR","@id":"https:\/\/www.lapurla.ch\/#\/schema\/logo\/image\/","url":"https:\/\/www.lapurla.ch\/wp-content\/uploads\/2022\/03\/cropped-favicon.png","contentUrl":"https:\/\/www.lapurla.ch\/wp-content\/uploads\/2022\/03\/cropped-favicon.png","width":512,"height":512,"caption":"Lapurla"},"image":{"@id":"https:\/\/www.lapurla.ch\/#\/schema\/logo\/image\/"}},{"@type":"Person","@id":"https:\/\/www.lapurla.ch\/#\/schema\/person\/8f6bdc0c9c653ecf768d328f5c7ff511","name":"Karin Kraus","image":{"@type":"ImageObject","inLanguage":"fr-FR","@id":"https:\/\/secure.gravatar.com\/avatar\/ab8a2fb78e2cb7d74fb8bcc625de7c798150fc258046abd14fee7557d356221a?s=96&d=mm&r=g","url":"https:\/\/secure.gravatar.com\/avatar\/ab8a2fb78e2cb7d74fb8bcc625de7c798150fc258046abd14fee7557d356221a?s=96&d=mm&r=g","contentUrl":"https:\/\/secure.gravatar.com\/avatar\/ab8a2fb78e2cb7d74fb8bcc625de7c798150fc258046abd14fee7557d356221a?s=96&d=mm&r=g","caption":"Karin Kraus"},"url":"https:\/\/www.lapurla.ch\/fr\/author\/kkraus"}]}},"_links":{"self":[{"href":"https:\/\/www.lapurla.ch\/fr\/wp-json\/wp\/v2\/posts\/15500","targetHints":{"allow":["GET"]}}],"collection":[{"href":"https:\/\/www.lapurla.ch\/fr\/wp-json\/wp\/v2\/posts"}],"about":[{"href":"https:\/\/www.lapurla.ch\/fr\/wp-json\/wp\/v2\/types\/post"}],"author":[{"embeddable":true,"href":"https:\/\/www.lapurla.ch\/fr\/wp-json\/wp\/v2\/users\/5"}],"replies":[{"embeddable":true,"href":"https:\/\/www.lapurla.ch\/fr\/wp-json\/wp\/v2\/comments?post=15500"}],"version-history":[{"count":3,"href":"https:\/\/www.lapurla.ch\/fr\/wp-json\/wp\/v2\/posts\/15500\/revisions"}],"predecessor-version":[{"id":15606,"href":"https:\/\/www.lapurla.ch\/fr\/wp-json\/wp\/v2\/posts\/15500\/revisions\/15606"}],"wp:featuredmedia":[{"embeddable":true,"href":"https:\/\/www.lapurla.ch\/fr\/wp-json\/wp\/v2\/media\/15608"}],"wp:attachment":[{"href":"https:\/\/www.lapurla.ch\/fr\/wp-json\/wp\/v2\/media?parent=15500"}],"wp:term":[{"taxonomy":"category","embeddable":true,"href":"https:\/\/www.lapurla.ch\/fr\/wp-json\/wp\/v2\/categories?post=15500"},{"taxonomy":"post_tag","embeddable":true,"href":"https:\/\/www.lapurla.ch\/fr\/wp-json\/wp\/v2\/tags?post=15500"},{"taxonomy":"lapurla_category","embeddable":true,"href":"https:\/\/www.lapurla.ch\/fr\/wp-json\/wp\/v2\/lapurla_category?post=15500"}],"curies":[{"name":"wp","href":"https:\/\/api.w.org\/{rel}","templated":true}]}}