{"id":15483,"date":"2023-02-15T21:40:10","date_gmt":"2023-02-15T20:40:10","guid":{"rendered":"https:\/\/www.lapurla.ch\/whitepaper-zur-investition-in-die-fruehe-kindheit-fokus-volkswirtschaftlicher-nutzen-2020\/"},"modified":"2023-03-09T15:55:35","modified_gmt":"2023-03-09T14:55:35","slug":"whitepaper-zur-investition-in-die-fruehe-kindheit-fokus-volkswirtschaftlicher-nutzen-2020","status":"publish","type":"post","link":"https:\/\/www.lapurla.ch\/fr\/whitepaper-zur-investition-in-die-fruehe-kindheit-fokus-volkswirtschaftlicher-nutzen-2020","title":{"rendered":"Whitepaper sur les investissements en faveur de la petite enfance : \u00c9clairage sur leur utilit\u00e9 pour l\u2019\u00e9conomie nationale (2020)"},"content":{"rendered":"\n<p>En septembre 2020, la Jacobs Foundation a publi\u00e9 le dernier volet d\u2019un ensemble de quatre \u00e9tudes scientifiques sur la petite enfance en Suisse sous le titre de \u00ab Whitepaper sur les investissements en faveur de la petite enfance : \u00c9clairage sur leur utilit\u00e9 pour l\u2019\u00e9conomie nationale \u00bb. Le document se base sur une <a href=\"https:\/\/www.bak-economics.com\/fileadmin\/documents\/BAK_Politik_Fruehe_Kindheit_Mai_2020_Ex-Sum_FR.pdf\">\u00e9tude r\u00e9alis\u00e9e par BAK Economics<\/a> qui a analys\u00e9 les r\u00e9percussions sur l\u2019\u00e9conomie nationale des programmes d\u2019investissement dans le domaine de l\u2019accueil de la petite enfance. Pour la premi\u00e8re fois, cette \u00e9tude sur l\u2019utilit\u00e9 d\u2019une politique de la petite enfance pour l\u2019\u00e9conomie nationale d\u00e9montre qu\u2019un d\u00e9veloppement de l\u2019offre d\u2019accueil dans le domaine de la petite enfance accro\u00eet le produit int\u00e9rieur brut annuel d\u2019environ 0.5%, c\u2019est-\u00e0-dire 3,4 milliards de Francs et que les investissements sont d\u00e9j\u00e0 rentabilis\u00e9s apr\u00e8s 10 ans.<\/p>\n\n\n\n<p><a href=\"https:\/\/www.reseau-accueil-extrafamilial.ch\/fr\/news\/2020\/09\/28\/interet-des-investissements-dans-la-petite-enfance-pour-leconomie-nationale\/\">Plus d&rsquo;infos<\/a><\/p>\n\n\n\n<p><\/p>\n","protected":false},"excerpt":{"rendered":"<p>En septembre 2020, la Jacobs Foundation a publi\u00e9 le dernier volet d\u2019un ensemble de quatre \u00e9tudes scientifiques sur la petite enfance en Suisse sous le titre de \u00ab Whitepaper sur les investissements en faveur de la petite enfance : \u00c9clairage sur leur utilit\u00e9 pour l\u2019\u00e9conomie nationale \u00bb. Le document se base sur une \u00e9tude r\u00e9alis\u00e9e [&hellip;]<\/p>\n","protected":false},"author":5,"featured_media":14606,"comment_status":"closed","ping_status":"open","sticky":false,"template":"","format":"standard","meta":{"_acf_changed":false,"latitude":"","longitude":"","kurzbeschreibung":"","datum_von":"","footnotes":""},"categories":[4],"tags":[],"lapurla_category":[153,155],"class_list":["post-15483","post","type-post","status-publish","format-standard","has-post-thumbnail","hentry","category-non-classifiee","lapurla_category-publikationen-fr","lapurla_category-politische-grundlagen-fr"],"acf":[],"yoast_head":"<!-- This site is optimized with the Yoast SEO plugin v27.2 - https:\/\/yoast.com\/product\/yoast-seo-wordpress\/ -->\n<title>Whitepaper sur les investissements en faveur de la petite enfance : \u00c9clairage sur leur utilit\u00e9 pour l\u2019\u00e9conomie nationale (2020) &#8211; Lapurla<\/title>\n<meta name=\"robots\" content=\"index, follow, max-snippet:-1, max-image-preview:large, max-video-preview:-1\" \/>\n<link rel=\"canonical\" href=\"https:\/\/www.lapurla.ch\/fr\/whitepaper-zur-investition-in-die-fruehe-kindheit-fokus-volkswirtschaftlicher-nutzen-2020\" \/>\n<meta property=\"og:locale\" content=\"fr_FR\" \/>\n<meta property=\"og:type\" content=\"article\" \/>\n<meta property=\"og:title\" content=\"Whitepaper sur les investissements en faveur de la petite enfance : \u00c9clairage sur leur utilit\u00e9 pour l\u2019\u00e9conomie nationale (2020) &#8211; Lapurla\" \/>\n<meta property=\"og:description\" content=\"En septembre 2020, la Jacobs Foundation a publi\u00e9 le dernier volet d\u2019un ensemble de quatre \u00e9tudes scientifiques sur la petite enfance en Suisse sous le titre de \u00ab Whitepaper sur les investissements en faveur de la petite enfance : \u00c9clairage sur leur utilit\u00e9 pour l\u2019\u00e9conomie nationale \u00bb. Le document se base sur une \u00e9tude r\u00e9alis\u00e9e [&hellip;]\" \/>\n<meta property=\"og:url\" content=\"https:\/\/www.lapurla.ch\/fr\/whitepaper-zur-investition-in-die-fruehe-kindheit-fokus-volkswirtschaftlicher-nutzen-2020\" \/>\n<meta property=\"og:site_name\" content=\"Lapurla\" \/>\n<meta property=\"article:published_time\" content=\"2023-02-15T20:40:10+00:00\" \/>\n<meta property=\"article:modified_time\" content=\"2023-03-09T14:55:35+00:00\" \/>\n<meta property=\"og:image\" content=\"https:\/\/www.lapurla.ch\/wp-content\/uploads\/2023\/02\/LapurlaWhitepaper-JF.png\" \/>\n\t<meta property=\"og:image:width\" content=\"1000\" \/>\n\t<meta property=\"og:image:height\" content=\"563\" \/>\n\t<meta property=\"og:image:type\" content=\"image\/png\" \/>\n<meta name=\"author\" content=\"Karin Kraus\" \/>\n<meta name=\"twitter:card\" content=\"summary_large_image\" \/>\n<meta name=\"twitter:label1\" content=\"\u00c9crit par\" \/>\n\t<meta name=\"twitter:data1\" content=\"Karin Kraus\" \/>\n\t<meta name=\"twitter:label2\" content=\"Dur\u00e9e de lecture estim\u00e9e\" \/>\n\t<meta name=\"twitter:data2\" content=\"1 minute\" \/>\n<script type=\"application\/ld+json\" class=\"yoast-schema-graph\">{\"@context\":\"https:\/\/schema.org\",\"@graph\":[{\"@type\":\"Article\",\"@id\":\"https:\/\/www.lapurla.ch\/fr\/whitepaper-zur-investition-in-die-fruehe-kindheit-fokus-volkswirtschaftlicher-nutzen-2020#article\",\"isPartOf\":{\"@id\":\"https:\/\/www.lapurla.ch\/fr\/whitepaper-zur-investition-in-die-fruehe-kindheit-fokus-volkswirtschaftlicher-nutzen-2020\"},\"author\":{\"name\":\"Karin Kraus\",\"@id\":\"https:\/\/www.lapurla.ch\/#\/schema\/person\/8f6bdc0c9c653ecf768d328f5c7ff511\"},\"headline\":\"Whitepaper sur les investissements en faveur de la petite enfance : \u00c9clairage sur leur utilit\u00e9 pour l\u2019\u00e9conomie nationale (2020)\",\"datePublished\":\"2023-02-15T20:40:10+00:00\",\"dateModified\":\"2023-03-09T14:55:35+00:00\",\"mainEntityOfPage\":{\"@id\":\"https:\/\/www.lapurla.ch\/fr\/whitepaper-zur-investition-in-die-fruehe-kindheit-fokus-volkswirtschaftlicher-nutzen-2020\"},\"wordCount\":170,\"publisher\":{\"@id\":\"https:\/\/www.lapurla.ch\/#organization\"},\"image\":{\"@id\":\"https:\/\/www.lapurla.ch\/fr\/whitepaper-zur-investition-in-die-fruehe-kindheit-fokus-volkswirtschaftlicher-nutzen-2020#primaryimage\"},\"thumbnailUrl\":\"https:\/\/www.lapurla.ch\/wp-content\/uploads\/2023\/02\/LapurlaWhitepaper-JF.png\",\"articleSection\":[\"Non classifi\u00e9(e)\"],\"inLanguage\":\"fr-FR\"},{\"@type\":\"WebPage\",\"@id\":\"https:\/\/www.lapurla.ch\/fr\/whitepaper-zur-investition-in-die-fruehe-kindheit-fokus-volkswirtschaftlicher-nutzen-2020\",\"url\":\"https:\/\/www.lapurla.ch\/fr\/whitepaper-zur-investition-in-die-fruehe-kindheit-fokus-volkswirtschaftlicher-nutzen-2020\",\"name\":\"Whitepaper sur les investissements en faveur de la petite enfance : \u00c9clairage sur leur utilit\u00e9 pour l\u2019\u00e9conomie nationale (2020) &#8211; Lapurla\",\"isPartOf\":{\"@id\":\"https:\/\/www.lapurla.ch\/#website\"},\"primaryImageOfPage\":{\"@id\":\"https:\/\/www.lapurla.ch\/fr\/whitepaper-zur-investition-in-die-fruehe-kindheit-fokus-volkswirtschaftlicher-nutzen-2020#primaryimage\"},\"image\":{\"@id\":\"https:\/\/www.lapurla.ch\/fr\/whitepaper-zur-investition-in-die-fruehe-kindheit-fokus-volkswirtschaftlicher-nutzen-2020#primaryimage\"},\"thumbnailUrl\":\"https:\/\/www.lapurla.ch\/wp-content\/uploads\/2023\/02\/LapurlaWhitepaper-JF.png\",\"datePublished\":\"2023-02-15T20:40:10+00:00\",\"dateModified\":\"2023-03-09T14:55:35+00:00\",\"breadcrumb\":{\"@id\":\"https:\/\/www.lapurla.ch\/fr\/whitepaper-zur-investition-in-die-fruehe-kindheit-fokus-volkswirtschaftlicher-nutzen-2020#breadcrumb\"},\"inLanguage\":\"fr-FR\",\"potentialAction\":[{\"@type\":\"ReadAction\",\"target\":[\"https:\/\/www.lapurla.ch\/fr\/whitepaper-zur-investition-in-die-fruehe-kindheit-fokus-volkswirtschaftlicher-nutzen-2020\"]}]},{\"@type\":\"ImageObject\",\"inLanguage\":\"fr-FR\",\"@id\":\"https:\/\/www.lapurla.ch\/fr\/whitepaper-zur-investition-in-die-fruehe-kindheit-fokus-volkswirtschaftlicher-nutzen-2020#primaryimage\",\"url\":\"https:\/\/www.lapurla.ch\/wp-content\/uploads\/2023\/02\/LapurlaWhitepaper-JF.png\",\"contentUrl\":\"https:\/\/www.lapurla.ch\/wp-content\/uploads\/2023\/02\/LapurlaWhitepaper-JF.png\",\"width\":1000,\"height\":563},{\"@type\":\"BreadcrumbList\",\"@id\":\"https:\/\/www.lapurla.ch\/fr\/whitepaper-zur-investition-in-die-fruehe-kindheit-fokus-volkswirtschaftlicher-nutzen-2020#breadcrumb\",\"itemListElement\":[{\"@type\":\"ListItem\",\"position\":1,\"name\":\"Startseite\",\"item\":\"https:\/\/www.lapurla.ch\/fr\"},{\"@type\":\"ListItem\",\"position\":2,\"name\":\"Whitepaper sur les investissements en faveur de la petite enfance : \u00c9clairage sur leur utilit\u00e9 pour l\u2019\u00e9conomie nationale (2020)\"}]},{\"@type\":\"WebSite\",\"@id\":\"https:\/\/www.lapurla.ch\/#website\",\"url\":\"https:\/\/www.lapurla.ch\/\",\"name\":\"Lapurla\",\"description\":\"\",\"publisher\":{\"@id\":\"https:\/\/www.lapurla.ch\/#organization\"},\"potentialAction\":[{\"@type\":\"SearchAction\",\"target\":{\"@type\":\"EntryPoint\",\"urlTemplate\":\"https:\/\/www.lapurla.ch\/?s={search_term_string}\"},\"query-input\":{\"@type\":\"PropertyValueSpecification\",\"valueRequired\":true,\"valueName\":\"search_term_string\"}}],\"inLanguage\":\"fr-FR\"},{\"@type\":\"Organization\",\"@id\":\"https:\/\/www.lapurla.ch\/#organization\",\"name\":\"Lapurla\",\"url\":\"https:\/\/www.lapurla.ch\/\",\"logo\":{\"@type\":\"ImageObject\",\"inLanguage\":\"fr-FR\",\"@id\":\"https:\/\/www.lapurla.ch\/#\/schema\/logo\/image\/\",\"url\":\"https:\/\/www.lapurla.ch\/wp-content\/uploads\/2022\/03\/cropped-favicon.png\",\"contentUrl\":\"https:\/\/www.lapurla.ch\/wp-content\/uploads\/2022\/03\/cropped-favicon.png\",\"width\":512,\"height\":512,\"caption\":\"Lapurla\"},\"image\":{\"@id\":\"https:\/\/www.lapurla.ch\/#\/schema\/logo\/image\/\"}},{\"@type\":\"Person\",\"@id\":\"https:\/\/www.lapurla.ch\/#\/schema\/person\/8f6bdc0c9c653ecf768d328f5c7ff511\",\"name\":\"Karin Kraus\",\"image\":{\"@type\":\"ImageObject\",\"inLanguage\":\"fr-FR\",\"@id\":\"https:\/\/secure.gravatar.com\/avatar\/ab8a2fb78e2cb7d74fb8bcc625de7c798150fc258046abd14fee7557d356221a?s=96&d=mm&r=g\",\"url\":\"https:\/\/secure.gravatar.com\/avatar\/ab8a2fb78e2cb7d74fb8bcc625de7c798150fc258046abd14fee7557d356221a?s=96&d=mm&r=g\",\"contentUrl\":\"https:\/\/secure.gravatar.com\/avatar\/ab8a2fb78e2cb7d74fb8bcc625de7c798150fc258046abd14fee7557d356221a?s=96&d=mm&r=g\",\"caption\":\"Karin Kraus\"},\"url\":\"https:\/\/www.lapurla.ch\/fr\/author\/kkraus\"}]}<\/script>\n<!-- \/ Yoast SEO plugin. -->","yoast_head_json":{"title":"Whitepaper sur les investissements en faveur de la petite enfance : \u00c9clairage sur leur utilit\u00e9 pour l\u2019\u00e9conomie nationale (2020) &#8211; Lapurla","robots":{"index":"index","follow":"follow","max-snippet":"max-snippet:-1","max-image-preview":"max-image-preview:large","max-video-preview":"max-video-preview:-1"},"canonical":"https:\/\/www.lapurla.ch\/fr\/whitepaper-zur-investition-in-die-fruehe-kindheit-fokus-volkswirtschaftlicher-nutzen-2020","og_locale":"fr_FR","og_type":"article","og_title":"Whitepaper sur les investissements en faveur de la petite enfance : \u00c9clairage sur leur utilit\u00e9 pour l\u2019\u00e9conomie nationale (2020) &#8211; Lapurla","og_description":"En septembre 2020, la Jacobs Foundation a publi\u00e9 le dernier volet d\u2019un ensemble de quatre \u00e9tudes scientifiques sur la petite enfance en Suisse sous le titre de \u00ab Whitepaper sur les investissements en faveur de la petite enfance : \u00c9clairage sur leur utilit\u00e9 pour l\u2019\u00e9conomie nationale \u00bb. Le document se base sur une \u00e9tude r\u00e9alis\u00e9e [&hellip;]","og_url":"https:\/\/www.lapurla.ch\/fr\/whitepaper-zur-investition-in-die-fruehe-kindheit-fokus-volkswirtschaftlicher-nutzen-2020","og_site_name":"Lapurla","article_published_time":"2023-02-15T20:40:10+00:00","article_modified_time":"2023-03-09T14:55:35+00:00","og_image":[{"width":1000,"height":563,"url":"https:\/\/www.lapurla.ch\/wp-content\/uploads\/2023\/02\/LapurlaWhitepaper-JF.png","type":"image\/png"}],"author":"Karin Kraus","twitter_card":"summary_large_image","twitter_misc":{"\u00c9crit par":"Karin Kraus","Dur\u00e9e de lecture estim\u00e9e":"1 minute"},"schema":{"@context":"https:\/\/schema.org","@graph":[{"@type":"Article","@id":"https:\/\/www.lapurla.ch\/fr\/whitepaper-zur-investition-in-die-fruehe-kindheit-fokus-volkswirtschaftlicher-nutzen-2020#article","isPartOf":{"@id":"https:\/\/www.lapurla.ch\/fr\/whitepaper-zur-investition-in-die-fruehe-kindheit-fokus-volkswirtschaftlicher-nutzen-2020"},"author":{"name":"Karin Kraus","@id":"https:\/\/www.lapurla.ch\/#\/schema\/person\/8f6bdc0c9c653ecf768d328f5c7ff511"},"headline":"Whitepaper sur les investissements en faveur de la petite enfance : \u00c9clairage sur leur utilit\u00e9 pour l\u2019\u00e9conomie nationale (2020)","datePublished":"2023-02-15T20:40:10+00:00","dateModified":"2023-03-09T14:55:35+00:00","mainEntityOfPage":{"@id":"https:\/\/www.lapurla.ch\/fr\/whitepaper-zur-investition-in-die-fruehe-kindheit-fokus-volkswirtschaftlicher-nutzen-2020"},"wordCount":170,"publisher":{"@id":"https:\/\/www.lapurla.ch\/#organization"},"image":{"@id":"https:\/\/www.lapurla.ch\/fr\/whitepaper-zur-investition-in-die-fruehe-kindheit-fokus-volkswirtschaftlicher-nutzen-2020#primaryimage"},"thumbnailUrl":"https:\/\/www.lapurla.ch\/wp-content\/uploads\/2023\/02\/LapurlaWhitepaper-JF.png","articleSection":["Non classifi\u00e9(e)"],"inLanguage":"fr-FR"},{"@type":"WebPage","@id":"https:\/\/www.lapurla.ch\/fr\/whitepaper-zur-investition-in-die-fruehe-kindheit-fokus-volkswirtschaftlicher-nutzen-2020","url":"https:\/\/www.lapurla.ch\/fr\/whitepaper-zur-investition-in-die-fruehe-kindheit-fokus-volkswirtschaftlicher-nutzen-2020","name":"Whitepaper sur les investissements en faveur de la petite enfance : \u00c9clairage sur leur utilit\u00e9 pour l\u2019\u00e9conomie nationale (2020) &#8211; Lapurla","isPartOf":{"@id":"https:\/\/www.lapurla.ch\/#website"},"primaryImageOfPage":{"@id":"https:\/\/www.lapurla.ch\/fr\/whitepaper-zur-investition-in-die-fruehe-kindheit-fokus-volkswirtschaftlicher-nutzen-2020#primaryimage"},"image":{"@id":"https:\/\/www.lapurla.ch\/fr\/whitepaper-zur-investition-in-die-fruehe-kindheit-fokus-volkswirtschaftlicher-nutzen-2020#primaryimage"},"thumbnailUrl":"https:\/\/www.lapurla.ch\/wp-content\/uploads\/2023\/02\/LapurlaWhitepaper-JF.png","datePublished":"2023-02-15T20:40:10+00:00","dateModified":"2023-03-09T14:55:35+00:00","breadcrumb":{"@id":"https:\/\/www.lapurla.ch\/fr\/whitepaper-zur-investition-in-die-fruehe-kindheit-fokus-volkswirtschaftlicher-nutzen-2020#breadcrumb"},"inLanguage":"fr-FR","potentialAction":[{"@type":"ReadAction","target":["https:\/\/www.lapurla.ch\/fr\/whitepaper-zur-investition-in-die-fruehe-kindheit-fokus-volkswirtschaftlicher-nutzen-2020"]}]},{"@type":"ImageObject","inLanguage":"fr-FR","@id":"https:\/\/www.lapurla.ch\/fr\/whitepaper-zur-investition-in-die-fruehe-kindheit-fokus-volkswirtschaftlicher-nutzen-2020#primaryimage","url":"https:\/\/www.lapurla.ch\/wp-content\/uploads\/2023\/02\/LapurlaWhitepaper-JF.png","contentUrl":"https:\/\/www.lapurla.ch\/wp-content\/uploads\/2023\/02\/LapurlaWhitepaper-JF.png","width":1000,"height":563},{"@type":"BreadcrumbList","@id":"https:\/\/www.lapurla.ch\/fr\/whitepaper-zur-investition-in-die-fruehe-kindheit-fokus-volkswirtschaftlicher-nutzen-2020#breadcrumb","itemListElement":[{"@type":"ListItem","position":1,"name":"Startseite","item":"https:\/\/www.lapurla.ch\/fr"},{"@type":"ListItem","position":2,"name":"Whitepaper sur les investissements en faveur de la petite enfance : \u00c9clairage sur leur utilit\u00e9 pour l\u2019\u00e9conomie nationale (2020)"}]},{"@type":"WebSite","@id":"https:\/\/www.lapurla.ch\/#website","url":"https:\/\/www.lapurla.ch\/","name":"Lapurla","description":"","publisher":{"@id":"https:\/\/www.lapurla.ch\/#organization"},"potentialAction":[{"@type":"SearchAction","target":{"@type":"EntryPoint","urlTemplate":"https:\/\/www.lapurla.ch\/?s={search_term_string}"},"query-input":{"@type":"PropertyValueSpecification","valueRequired":true,"valueName":"search_term_string"}}],"inLanguage":"fr-FR"},{"@type":"Organization","@id":"https:\/\/www.lapurla.ch\/#organization","name":"Lapurla","url":"https:\/\/www.lapurla.ch\/","logo":{"@type":"ImageObject","inLanguage":"fr-FR","@id":"https:\/\/www.lapurla.ch\/#\/schema\/logo\/image\/","url":"https:\/\/www.lapurla.ch\/wp-content\/uploads\/2022\/03\/cropped-favicon.png","contentUrl":"https:\/\/www.lapurla.ch\/wp-content\/uploads\/2022\/03\/cropped-favicon.png","width":512,"height":512,"caption":"Lapurla"},"image":{"@id":"https:\/\/www.lapurla.ch\/#\/schema\/logo\/image\/"}},{"@type":"Person","@id":"https:\/\/www.lapurla.ch\/#\/schema\/person\/8f6bdc0c9c653ecf768d328f5c7ff511","name":"Karin Kraus","image":{"@type":"ImageObject","inLanguage":"fr-FR","@id":"https:\/\/secure.gravatar.com\/avatar\/ab8a2fb78e2cb7d74fb8bcc625de7c798150fc258046abd14fee7557d356221a?s=96&d=mm&r=g","url":"https:\/\/secure.gravatar.com\/avatar\/ab8a2fb78e2cb7d74fb8bcc625de7c798150fc258046abd14fee7557d356221a?s=96&d=mm&r=g","contentUrl":"https:\/\/secure.gravatar.com\/avatar\/ab8a2fb78e2cb7d74fb8bcc625de7c798150fc258046abd14fee7557d356221a?s=96&d=mm&r=g","caption":"Karin Kraus"},"url":"https:\/\/www.lapurla.ch\/fr\/author\/kkraus"}]}},"_links":{"self":[{"href":"https:\/\/www.lapurla.ch\/fr\/wp-json\/wp\/v2\/posts\/15483","targetHints":{"allow":["GET"]}}],"collection":[{"href":"https:\/\/www.lapurla.ch\/fr\/wp-json\/wp\/v2\/posts"}],"about":[{"href":"https:\/\/www.lapurla.ch\/fr\/wp-json\/wp\/v2\/types\/post"}],"author":[{"embeddable":true,"href":"https:\/\/www.lapurla.ch\/fr\/wp-json\/wp\/v2\/users\/5"}],"replies":[{"embeddable":true,"href":"https:\/\/www.lapurla.ch\/fr\/wp-json\/wp\/v2\/comments?post=15483"}],"version-history":[{"count":2,"href":"https:\/\/www.lapurla.ch\/fr\/wp-json\/wp\/v2\/posts\/15483\/revisions"}],"predecessor-version":[{"id":15488,"href":"https:\/\/www.lapurla.ch\/fr\/wp-json\/wp\/v2\/posts\/15483\/revisions\/15488"}],"wp:featuredmedia":[{"embeddable":true,"href":"https:\/\/www.lapurla.ch\/fr\/wp-json\/wp\/v2\/media\/14606"}],"wp:attachment":[{"href":"https:\/\/www.lapurla.ch\/fr\/wp-json\/wp\/v2\/media?parent=15483"}],"wp:term":[{"taxonomy":"category","embeddable":true,"href":"https:\/\/www.lapurla.ch\/fr\/wp-json\/wp\/v2\/categories?post=15483"},{"taxonomy":"post_tag","embeddable":true,"href":"https:\/\/www.lapurla.ch\/fr\/wp-json\/wp\/v2\/tags?post=15483"},{"taxonomy":"lapurla_category","embeddable":true,"href":"https:\/\/www.lapurla.ch\/fr\/wp-json\/wp\/v2\/lapurla_category?post=15483"}],"curies":[{"name":"wp","href":"https:\/\/api.w.org\/{rel}","templated":true}]}}