{"id":15474,"date":"2023-03-08T17:43:55","date_gmt":"2023-03-08T16:43:55","guid":{"rendered":"https:\/\/www.lapurla.ch\/les-bebes-au-musee-pourquoi-comment\/"},"modified":"2023-03-08T17:57:40","modified_gmt":"2023-03-08T16:57:40","slug":"les-bebes-au-musee-pourquoi-comment","status":"publish","type":"post","link":"https:\/\/www.lapurla.ch\/fr\/les-bebes-au-musee-pourquoi-comment","title":{"rendered":"Les b\u00e9b\u00e9s au mus\u00e9e : pourquoi ? comment ? (2022)"},"content":{"rendered":"\n<p>Depuis peu les mus\u00e9es ouvrent leurs portes aux tout-petits, \u00e0 leur famille et aux professionnel.le.s qui les accompagnent. Des collaborations se nouent avec les cr\u00e8ches, les artistes. Des exp\u00e9riences in\u00e9dites s\u2019inventent dans les mus\u00e9es et les r\u00e9cents centres culturels d\u00e9di\u00e9s \u00e0 la petite enfance, mais aussi hors les murs, dans les quartiers, \u00e0 l\u2019h\u00f4pital. L&rsquo;ouvrage\u00a0<a href=\"https:\/\/www.editions-eres.com\/ouvrage\/5008\/les-bebes-au-musee\">Les b\u00e9b\u00e9s au mus\u00e9e : pourquoi ? comment <\/a><a href=\"http:\/\/62.202.24.115:8080\/French\/ListTitl.htm?BM_ZOOM%3DDOCUMENT%26BM_GET_DOCUMENT%3D4983%26BM_QUERY%3DTITLE%26BM_ENDUSER_LNG%3DFrench%26BM_MAX_NB_REC%3D50%26BM_DOC_TYPE%3DTous%2520les%2520types%26BM_DOC_ACQUISITION_DAY%3D00%26BM_DOC_ACQUISITION_MONTH%3D00%26BM_DOC_ACQUISITION_YEAR%3D0000%26BM_DOC_LANGUAGE%3DToutes%2520les%2520langues%26BM_DOC_SERIES%3D%26BM_DOC_PLACE%3D%26BM_DOC_CATEGORY%3DToutes%2520les%2520cat%25C3%25A9gories%26BM_ANTOLIN_LVL%3D\" target=\"_blank\" rel=\"noreferrer noopener\">?<\/a>\u00a0(dir. Sylvie Rayna, \u00e9d. \u00e9r\u00e8s, 2022) offre un panorama international de l\u2019histoire r\u00e9cente de ces aventures multiples. Les exp\u00e9riences, v\u00e9cues de l\u2019int\u00e9rieur, r\u00e9v\u00e8lent pour les enfants comme pour les adultes, parents et professionnel.le.s, leur potentiel, en termes de d\u00e9mocratisation de la culture et de r\u00e9duction des in\u00e9galit\u00e9s culturelles et sociales. En partageant les outils qu\u2019ils ont construits, les auteur\u00b7es souhaitent contribuer \u00e0 la g\u00e9n\u00e9ralisation de telles propositions et \u00e0 l\u2019enrichissement des pratiques culturelles, artistiques, \u00e9ducatives, et de soutien \u00e0 la parentalit\u00e9.<\/p>\n","protected":false},"excerpt":{"rendered":"<p>Depuis peu les mus\u00e9es ouvrent leurs portes aux tout-petits, \u00e0 leur famille et aux professionnel.le.s qui les accompagnent. Des collaborations se nouent avec les cr\u00e8ches, les artistes. Des exp\u00e9riences in\u00e9dites s\u2019inventent dans les mus\u00e9es et les r\u00e9cents centres culturels d\u00e9di\u00e9s \u00e0 la petite enfance, mais aussi hors les murs, dans les quartiers, \u00e0 l\u2019h\u00f4pital. L&rsquo;ouvrage\u00a0Les [&hellip;]<\/p>\n","protected":false},"author":5,"featured_media":15468,"comment_status":"closed","ping_status":"open","sticky":false,"template":"","format":"standard","meta":{"_acf_changed":false,"latitude":"","longitude":"","kurzbeschreibung":"","datum_von":"","footnotes":""},"categories":[4],"tags":[],"lapurla_category":[157],"class_list":["post-15474","post","type-post","status-publish","format-standard","has-post-thumbnail","hentry","category-non-classifiee","lapurla_category-fachliche-grundlagen-fr"],"acf":[],"yoast_head":"<!-- This site is optimized with the Yoast SEO plugin v27.2 - https:\/\/yoast.com\/product\/yoast-seo-wordpress\/ -->\n<title>Les b\u00e9b\u00e9s au mus\u00e9e : pourquoi ? comment ? (2022) &#8211; Lapurla<\/title>\n<meta name=\"robots\" content=\"index, follow, max-snippet:-1, max-image-preview:large, max-video-preview:-1\" \/>\n<link rel=\"canonical\" href=\"https:\/\/www.lapurla.ch\/fr\/les-bebes-au-musee-pourquoi-comment\" \/>\n<meta property=\"og:locale\" content=\"fr_FR\" \/>\n<meta property=\"og:type\" content=\"article\" \/>\n<meta property=\"og:title\" content=\"Les b\u00e9b\u00e9s au mus\u00e9e : pourquoi ? comment ? (2022) &#8211; Lapurla\" \/>\n<meta property=\"og:description\" content=\"Depuis peu les mus\u00e9es ouvrent leurs portes aux tout-petits, \u00e0 leur famille et aux professionnel.le.s qui les accompagnent. Des collaborations se nouent avec les cr\u00e8ches, les artistes. Des exp\u00e9riences in\u00e9dites s\u2019inventent dans les mus\u00e9es et les r\u00e9cents centres culturels d\u00e9di\u00e9s \u00e0 la petite enfance, mais aussi hors les murs, dans les quartiers, \u00e0 l\u2019h\u00f4pital. L&rsquo;ouvrage\u00a0Les [&hellip;]\" \/>\n<meta property=\"og:url\" content=\"https:\/\/www.lapurla.ch\/fr\/les-bebes-au-musee-pourquoi-comment\" \/>\n<meta property=\"og:site_name\" content=\"Lapurla\" \/>\n<meta property=\"article:published_time\" content=\"2023-03-08T16:43:55+00:00\" \/>\n<meta property=\"article:modified_time\" content=\"2023-03-08T16:57:40+00:00\" \/>\n<meta property=\"og:image\" content=\"https:\/\/www.lapurla.ch\/wp-content\/uploads\/2023\/03\/Bebes-au-musee.png\" \/>\n\t<meta property=\"og:image:width\" content=\"1000\" \/>\n\t<meta property=\"og:image:height\" content=\"563\" \/>\n\t<meta property=\"og:image:type\" content=\"image\/png\" \/>\n<meta name=\"author\" content=\"Karin Kraus\" \/>\n<meta name=\"twitter:card\" content=\"summary_large_image\" \/>\n<meta name=\"twitter:label1\" content=\"\u00c9crit par\" \/>\n\t<meta name=\"twitter:data1\" content=\"Karin Kraus\" \/>\n\t<meta name=\"twitter:label2\" content=\"Dur\u00e9e de lecture estim\u00e9e\" \/>\n\t<meta name=\"twitter:data2\" content=\"1 minute\" \/>\n<script type=\"application\/ld+json\" class=\"yoast-schema-graph\">{\"@context\":\"https:\/\/schema.org\",\"@graph\":[{\"@type\":\"Article\",\"@id\":\"https:\/\/www.lapurla.ch\/fr\/les-bebes-au-musee-pourquoi-comment#article\",\"isPartOf\":{\"@id\":\"https:\/\/www.lapurla.ch\/fr\/les-bebes-au-musee-pourquoi-comment\"},\"author\":{\"name\":\"Karin Kraus\",\"@id\":\"https:\/\/www.lapurla.ch\/#\/schema\/person\/8f6bdc0c9c653ecf768d328f5c7ff511\"},\"headline\":\"Les b\u00e9b\u00e9s au mus\u00e9e : pourquoi ? comment ? (2022)\",\"datePublished\":\"2023-03-08T16:43:55+00:00\",\"dateModified\":\"2023-03-08T16:57:40+00:00\",\"mainEntityOfPage\":{\"@id\":\"https:\/\/www.lapurla.ch\/fr\/les-bebes-au-musee-pourquoi-comment\"},\"wordCount\":181,\"publisher\":{\"@id\":\"https:\/\/www.lapurla.ch\/#organization\"},\"image\":{\"@id\":\"https:\/\/www.lapurla.ch\/fr\/les-bebes-au-musee-pourquoi-comment#primaryimage\"},\"thumbnailUrl\":\"https:\/\/www.lapurla.ch\/wp-content\/uploads\/2023\/03\/Bebes-au-musee.png\",\"articleSection\":[\"Non classifi\u00e9(e)\"],\"inLanguage\":\"fr-FR\"},{\"@type\":\"WebPage\",\"@id\":\"https:\/\/www.lapurla.ch\/fr\/les-bebes-au-musee-pourquoi-comment\",\"url\":\"https:\/\/www.lapurla.ch\/fr\/les-bebes-au-musee-pourquoi-comment\",\"name\":\"Les b\u00e9b\u00e9s au mus\u00e9e : pourquoi ? comment ? (2022) &#8211; Lapurla\",\"isPartOf\":{\"@id\":\"https:\/\/www.lapurla.ch\/#website\"},\"primaryImageOfPage\":{\"@id\":\"https:\/\/www.lapurla.ch\/fr\/les-bebes-au-musee-pourquoi-comment#primaryimage\"},\"image\":{\"@id\":\"https:\/\/www.lapurla.ch\/fr\/les-bebes-au-musee-pourquoi-comment#primaryimage\"},\"thumbnailUrl\":\"https:\/\/www.lapurla.ch\/wp-content\/uploads\/2023\/03\/Bebes-au-musee.png\",\"datePublished\":\"2023-03-08T16:43:55+00:00\",\"dateModified\":\"2023-03-08T16:57:40+00:00\",\"breadcrumb\":{\"@id\":\"https:\/\/www.lapurla.ch\/fr\/les-bebes-au-musee-pourquoi-comment#breadcrumb\"},\"inLanguage\":\"fr-FR\",\"potentialAction\":[{\"@type\":\"ReadAction\",\"target\":[\"https:\/\/www.lapurla.ch\/fr\/les-bebes-au-musee-pourquoi-comment\"]}]},{\"@type\":\"ImageObject\",\"inLanguage\":\"fr-FR\",\"@id\":\"https:\/\/www.lapurla.ch\/fr\/les-bebes-au-musee-pourquoi-comment#primaryimage\",\"url\":\"https:\/\/www.lapurla.ch\/wp-content\/uploads\/2023\/03\/Bebes-au-musee.png\",\"contentUrl\":\"https:\/\/www.lapurla.ch\/wp-content\/uploads\/2023\/03\/Bebes-au-musee.png\",\"width\":1000,\"height\":563},{\"@type\":\"BreadcrumbList\",\"@id\":\"https:\/\/www.lapurla.ch\/fr\/les-bebes-au-musee-pourquoi-comment#breadcrumb\",\"itemListElement\":[{\"@type\":\"ListItem\",\"position\":1,\"name\":\"Startseite\",\"item\":\"https:\/\/www.lapurla.ch\/fr\"},{\"@type\":\"ListItem\",\"position\":2,\"name\":\"Les b\u00e9b\u00e9s au mus\u00e9e : pourquoi ? comment ? (2022)\"}]},{\"@type\":\"WebSite\",\"@id\":\"https:\/\/www.lapurla.ch\/#website\",\"url\":\"https:\/\/www.lapurla.ch\/\",\"name\":\"Lapurla\",\"description\":\"\",\"publisher\":{\"@id\":\"https:\/\/www.lapurla.ch\/#organization\"},\"potentialAction\":[{\"@type\":\"SearchAction\",\"target\":{\"@type\":\"EntryPoint\",\"urlTemplate\":\"https:\/\/www.lapurla.ch\/?s={search_term_string}\"},\"query-input\":{\"@type\":\"PropertyValueSpecification\",\"valueRequired\":true,\"valueName\":\"search_term_string\"}}],\"inLanguage\":\"fr-FR\"},{\"@type\":\"Organization\",\"@id\":\"https:\/\/www.lapurla.ch\/#organization\",\"name\":\"Lapurla\",\"url\":\"https:\/\/www.lapurla.ch\/\",\"logo\":{\"@type\":\"ImageObject\",\"inLanguage\":\"fr-FR\",\"@id\":\"https:\/\/www.lapurla.ch\/#\/schema\/logo\/image\/\",\"url\":\"https:\/\/www.lapurla.ch\/wp-content\/uploads\/2022\/03\/cropped-favicon.png\",\"contentUrl\":\"https:\/\/www.lapurla.ch\/wp-content\/uploads\/2022\/03\/cropped-favicon.png\",\"width\":512,\"height\":512,\"caption\":\"Lapurla\"},\"image\":{\"@id\":\"https:\/\/www.lapurla.ch\/#\/schema\/logo\/image\/\"}},{\"@type\":\"Person\",\"@id\":\"https:\/\/www.lapurla.ch\/#\/schema\/person\/8f6bdc0c9c653ecf768d328f5c7ff511\",\"name\":\"Karin Kraus\",\"image\":{\"@type\":\"ImageObject\",\"inLanguage\":\"fr-FR\",\"@id\":\"https:\/\/secure.gravatar.com\/avatar\/ab8a2fb78e2cb7d74fb8bcc625de7c798150fc258046abd14fee7557d356221a?s=96&d=mm&r=g\",\"url\":\"https:\/\/secure.gravatar.com\/avatar\/ab8a2fb78e2cb7d74fb8bcc625de7c798150fc258046abd14fee7557d356221a?s=96&d=mm&r=g\",\"contentUrl\":\"https:\/\/secure.gravatar.com\/avatar\/ab8a2fb78e2cb7d74fb8bcc625de7c798150fc258046abd14fee7557d356221a?s=96&d=mm&r=g\",\"caption\":\"Karin Kraus\"},\"url\":\"https:\/\/www.lapurla.ch\/fr\/author\/kkraus\"}]}<\/script>\n<!-- \/ Yoast SEO plugin. -->","yoast_head_json":{"title":"Les b\u00e9b\u00e9s au mus\u00e9e : pourquoi ? comment ? (2022) &#8211; Lapurla","robots":{"index":"index","follow":"follow","max-snippet":"max-snippet:-1","max-image-preview":"max-image-preview:large","max-video-preview":"max-video-preview:-1"},"canonical":"https:\/\/www.lapurla.ch\/fr\/les-bebes-au-musee-pourquoi-comment","og_locale":"fr_FR","og_type":"article","og_title":"Les b\u00e9b\u00e9s au mus\u00e9e : pourquoi ? comment ? (2022) &#8211; Lapurla","og_description":"Depuis peu les mus\u00e9es ouvrent leurs portes aux tout-petits, \u00e0 leur famille et aux professionnel.le.s qui les accompagnent. Des collaborations se nouent avec les cr\u00e8ches, les artistes. Des exp\u00e9riences in\u00e9dites s\u2019inventent dans les mus\u00e9es et les r\u00e9cents centres culturels d\u00e9di\u00e9s \u00e0 la petite enfance, mais aussi hors les murs, dans les quartiers, \u00e0 l\u2019h\u00f4pital. L&rsquo;ouvrage\u00a0Les [&hellip;]","og_url":"https:\/\/www.lapurla.ch\/fr\/les-bebes-au-musee-pourquoi-comment","og_site_name":"Lapurla","article_published_time":"2023-03-08T16:43:55+00:00","article_modified_time":"2023-03-08T16:57:40+00:00","og_image":[{"width":1000,"height":563,"url":"https:\/\/www.lapurla.ch\/wp-content\/uploads\/2023\/03\/Bebes-au-musee.png","type":"image\/png"}],"author":"Karin Kraus","twitter_card":"summary_large_image","twitter_misc":{"\u00c9crit par":"Karin Kraus","Dur\u00e9e de lecture estim\u00e9e":"1 minute"},"schema":{"@context":"https:\/\/schema.org","@graph":[{"@type":"Article","@id":"https:\/\/www.lapurla.ch\/fr\/les-bebes-au-musee-pourquoi-comment#article","isPartOf":{"@id":"https:\/\/www.lapurla.ch\/fr\/les-bebes-au-musee-pourquoi-comment"},"author":{"name":"Karin Kraus","@id":"https:\/\/www.lapurla.ch\/#\/schema\/person\/8f6bdc0c9c653ecf768d328f5c7ff511"},"headline":"Les b\u00e9b\u00e9s au mus\u00e9e : pourquoi ? comment ? (2022)","datePublished":"2023-03-08T16:43:55+00:00","dateModified":"2023-03-08T16:57:40+00:00","mainEntityOfPage":{"@id":"https:\/\/www.lapurla.ch\/fr\/les-bebes-au-musee-pourquoi-comment"},"wordCount":181,"publisher":{"@id":"https:\/\/www.lapurla.ch\/#organization"},"image":{"@id":"https:\/\/www.lapurla.ch\/fr\/les-bebes-au-musee-pourquoi-comment#primaryimage"},"thumbnailUrl":"https:\/\/www.lapurla.ch\/wp-content\/uploads\/2023\/03\/Bebes-au-musee.png","articleSection":["Non classifi\u00e9(e)"],"inLanguage":"fr-FR"},{"@type":"WebPage","@id":"https:\/\/www.lapurla.ch\/fr\/les-bebes-au-musee-pourquoi-comment","url":"https:\/\/www.lapurla.ch\/fr\/les-bebes-au-musee-pourquoi-comment","name":"Les b\u00e9b\u00e9s au mus\u00e9e : pourquoi ? comment ? (2022) &#8211; Lapurla","isPartOf":{"@id":"https:\/\/www.lapurla.ch\/#website"},"primaryImageOfPage":{"@id":"https:\/\/www.lapurla.ch\/fr\/les-bebes-au-musee-pourquoi-comment#primaryimage"},"image":{"@id":"https:\/\/www.lapurla.ch\/fr\/les-bebes-au-musee-pourquoi-comment#primaryimage"},"thumbnailUrl":"https:\/\/www.lapurla.ch\/wp-content\/uploads\/2023\/03\/Bebes-au-musee.png","datePublished":"2023-03-08T16:43:55+00:00","dateModified":"2023-03-08T16:57:40+00:00","breadcrumb":{"@id":"https:\/\/www.lapurla.ch\/fr\/les-bebes-au-musee-pourquoi-comment#breadcrumb"},"inLanguage":"fr-FR","potentialAction":[{"@type":"ReadAction","target":["https:\/\/www.lapurla.ch\/fr\/les-bebes-au-musee-pourquoi-comment"]}]},{"@type":"ImageObject","inLanguage":"fr-FR","@id":"https:\/\/www.lapurla.ch\/fr\/les-bebes-au-musee-pourquoi-comment#primaryimage","url":"https:\/\/www.lapurla.ch\/wp-content\/uploads\/2023\/03\/Bebes-au-musee.png","contentUrl":"https:\/\/www.lapurla.ch\/wp-content\/uploads\/2023\/03\/Bebes-au-musee.png","width":1000,"height":563},{"@type":"BreadcrumbList","@id":"https:\/\/www.lapurla.ch\/fr\/les-bebes-au-musee-pourquoi-comment#breadcrumb","itemListElement":[{"@type":"ListItem","position":1,"name":"Startseite","item":"https:\/\/www.lapurla.ch\/fr"},{"@type":"ListItem","position":2,"name":"Les b\u00e9b\u00e9s au mus\u00e9e : pourquoi ? comment ? (2022)"}]},{"@type":"WebSite","@id":"https:\/\/www.lapurla.ch\/#website","url":"https:\/\/www.lapurla.ch\/","name":"Lapurla","description":"","publisher":{"@id":"https:\/\/www.lapurla.ch\/#organization"},"potentialAction":[{"@type":"SearchAction","target":{"@type":"EntryPoint","urlTemplate":"https:\/\/www.lapurla.ch\/?s={search_term_string}"},"query-input":{"@type":"PropertyValueSpecification","valueRequired":true,"valueName":"search_term_string"}}],"inLanguage":"fr-FR"},{"@type":"Organization","@id":"https:\/\/www.lapurla.ch\/#organization","name":"Lapurla","url":"https:\/\/www.lapurla.ch\/","logo":{"@type":"ImageObject","inLanguage":"fr-FR","@id":"https:\/\/www.lapurla.ch\/#\/schema\/logo\/image\/","url":"https:\/\/www.lapurla.ch\/wp-content\/uploads\/2022\/03\/cropped-favicon.png","contentUrl":"https:\/\/www.lapurla.ch\/wp-content\/uploads\/2022\/03\/cropped-favicon.png","width":512,"height":512,"caption":"Lapurla"},"image":{"@id":"https:\/\/www.lapurla.ch\/#\/schema\/logo\/image\/"}},{"@type":"Person","@id":"https:\/\/www.lapurla.ch\/#\/schema\/person\/8f6bdc0c9c653ecf768d328f5c7ff511","name":"Karin Kraus","image":{"@type":"ImageObject","inLanguage":"fr-FR","@id":"https:\/\/secure.gravatar.com\/avatar\/ab8a2fb78e2cb7d74fb8bcc625de7c798150fc258046abd14fee7557d356221a?s=96&d=mm&r=g","url":"https:\/\/secure.gravatar.com\/avatar\/ab8a2fb78e2cb7d74fb8bcc625de7c798150fc258046abd14fee7557d356221a?s=96&d=mm&r=g","contentUrl":"https:\/\/secure.gravatar.com\/avatar\/ab8a2fb78e2cb7d74fb8bcc625de7c798150fc258046abd14fee7557d356221a?s=96&d=mm&r=g","caption":"Karin Kraus"},"url":"https:\/\/www.lapurla.ch\/fr\/author\/kkraus"}]}},"_links":{"self":[{"href":"https:\/\/www.lapurla.ch\/fr\/wp-json\/wp\/v2\/posts\/15474","targetHints":{"allow":["GET"]}}],"collection":[{"href":"https:\/\/www.lapurla.ch\/fr\/wp-json\/wp\/v2\/posts"}],"about":[{"href":"https:\/\/www.lapurla.ch\/fr\/wp-json\/wp\/v2\/types\/post"}],"author":[{"embeddable":true,"href":"https:\/\/www.lapurla.ch\/fr\/wp-json\/wp\/v2\/users\/5"}],"replies":[{"embeddable":true,"href":"https:\/\/www.lapurla.ch\/fr\/wp-json\/wp\/v2\/comments?post=15474"}],"version-history":[{"count":2,"href":"https:\/\/www.lapurla.ch\/fr\/wp-json\/wp\/v2\/posts\/15474\/revisions"}],"predecessor-version":[{"id":15481,"href":"https:\/\/www.lapurla.ch\/fr\/wp-json\/wp\/v2\/posts\/15474\/revisions\/15481"}],"wp:featuredmedia":[{"embeddable":true,"href":"https:\/\/www.lapurla.ch\/fr\/wp-json\/wp\/v2\/media\/15468"}],"wp:attachment":[{"href":"https:\/\/www.lapurla.ch\/fr\/wp-json\/wp\/v2\/media?parent=15474"}],"wp:term":[{"taxonomy":"category","embeddable":true,"href":"https:\/\/www.lapurla.ch\/fr\/wp-json\/wp\/v2\/categories?post=15474"},{"taxonomy":"post_tag","embeddable":true,"href":"https:\/\/www.lapurla.ch\/fr\/wp-json\/wp\/v2\/tags?post=15474"},{"taxonomy":"lapurla_category","embeddable":true,"href":"https:\/\/www.lapurla.ch\/fr\/wp-json\/wp\/v2\/lapurla_category?post=15474"}],"curies":[{"name":"wp","href":"https:\/\/api.w.org\/{rel}","templated":true}]}}