{"id":11106,"date":"2022-06-28T17:42:46","date_gmt":"2022-06-28T15:42:46","guid":{"rendered":"https:\/\/lapurla.ch\/positionen-fruehkindlicher-kultureller-bildung\/"},"modified":"2022-09-07T23:35:27","modified_gmt":"2022-09-07T21:35:27","slug":"positionen-fruehkindlicher-kultureller-bildung","status":"publish","type":"post","link":"https:\/\/www.lapurla.ch\/fr\/positionen-fruehkindlicher-kultureller-bildung","title":{"rendered":"Prises de position sur l\u2019\u00e9veil esth\u00e9tique de la petite enfance (2020)"},"content":{"rendered":"\n<p>Ce manuel est un plaidoyer pour l\u2019\u00e9ducation culturelle des jeunes enfants. Dans cette premi\u00e8re publication de ce genre en Allemagne, 50 expert-es des domaines de la culture et de l\u2019\u00e9ducation proposent un regard interdisciplinaire sur l\u2019\u00e9ducation culturelle de la petite enfance, ses potentiels et ses d\u00e9fis. L\u2019objectif est d\u2019ancrer \u00e0 long terme l\u2019\u00e9ducation culturelle dans les structures institutionnelles de la petite enfance et de permettre aux enfants de jouir de leur droit \u00e0 la participation culturelle. \u00c9dit\u00e9 par la fondation Robert Bosch.<\/p>\n\n\n\n<p><a href=\"http:\/\/kopaed.de\/kopaedshop\/index?pg=1_10&amp;pid=1206\">En savoir plus<\/a><\/p>\n","protected":false},"excerpt":{"rendered":"<p>Das Handbuch\u00a0ist ein Pl\u00e4doyer f\u00fcr kulturelle Bildungsarbeit mit jungen Kindern. <\/p>\n","protected":false},"author":5,"featured_media":7492,"comment_status":"open","ping_status":"open","sticky":false,"template":"","format":"standard","meta":{"_acf_changed":false,"latitude":"","longitude":"","kurzbeschreibung":"","datum_von":"","footnotes":""},"categories":[4],"tags":[],"lapurla_category":[153,157],"class_list":["post-11106","post","type-post","status-publish","format-standard","has-post-thumbnail","hentry","category-non-classifiee","lapurla_category-publikationen-fr","lapurla_category-fachliche-grundlagen-fr"],"acf":[],"yoast_head":"<!-- This site is optimized with the Yoast SEO plugin v27.2 - https:\/\/yoast.com\/product\/yoast-seo-wordpress\/ -->\n<title>Prises de position sur l\u2019\u00e9veil esth\u00e9tique de la petite enfance (2020) &#8211; Lapurla<\/title>\n<meta name=\"robots\" content=\"index, follow, max-snippet:-1, max-image-preview:large, max-video-preview:-1\" \/>\n<link rel=\"canonical\" href=\"https:\/\/www.lapurla.ch\/fr\/positionen-fruehkindlicher-kultureller-bildung\" \/>\n<meta property=\"og:locale\" content=\"fr_FR\" \/>\n<meta property=\"og:type\" content=\"article\" \/>\n<meta property=\"og:title\" content=\"Prises de position sur l\u2019\u00e9veil esth\u00e9tique de la petite enfance (2020) &#8211; Lapurla\" \/>\n<meta property=\"og:description\" content=\"Das Handbuch\u00a0ist ein Pl\u00e4doyer f\u00fcr kulturelle Bildungsarbeit mit jungen Kindern.\" \/>\n<meta property=\"og:url\" content=\"https:\/\/www.lapurla.ch\/fr\/positionen-fruehkindlicher-kultureller-bildung\" \/>\n<meta property=\"og:site_name\" content=\"Lapurla\" \/>\n<meta property=\"article:published_time\" content=\"2022-06-28T15:42:46+00:00\" \/>\n<meta property=\"article:modified_time\" content=\"2022-09-07T21:35:27+00:00\" \/>\n<meta property=\"og:image\" content=\"https:\/\/www.lapurla.ch\/wp-content\/uploads\/2022\/07\/LapurlaPositionen-KB-1.png\" \/>\n\t<meta property=\"og:image:width\" content=\"1000\" \/>\n\t<meta property=\"og:image:height\" content=\"563\" \/>\n\t<meta property=\"og:image:type\" content=\"image\/png\" \/>\n<meta name=\"author\" content=\"Karin Kraus\" \/>\n<meta name=\"twitter:card\" content=\"summary_large_image\" \/>\n<meta name=\"twitter:label1\" content=\"\u00c9crit par\" \/>\n\t<meta name=\"twitter:data1\" content=\"Karin Kraus\" \/>\n<script type=\"application\/ld+json\" class=\"yoast-schema-graph\">{\"@context\":\"https:\/\/schema.org\",\"@graph\":[{\"@type\":\"Article\",\"@id\":\"https:\/\/www.lapurla.ch\/fr\/positionen-fruehkindlicher-kultureller-bildung#article\",\"isPartOf\":{\"@id\":\"https:\/\/www.lapurla.ch\/fr\/positionen-fruehkindlicher-kultureller-bildung\"},\"author\":{\"name\":\"Karin Kraus\",\"@id\":\"https:\/\/www.lapurla.ch\/#\/schema\/person\/8f6bdc0c9c653ecf768d328f5c7ff511\"},\"headline\":\"Prises de position sur l\u2019\u00e9veil esth\u00e9tique de la petite enfance (2020)\",\"datePublished\":\"2022-06-28T15:42:46+00:00\",\"dateModified\":\"2022-09-07T21:35:27+00:00\",\"mainEntityOfPage\":{\"@id\":\"https:\/\/www.lapurla.ch\/fr\/positionen-fruehkindlicher-kultureller-bildung\"},\"wordCount\":102,\"commentCount\":0,\"publisher\":{\"@id\":\"https:\/\/www.lapurla.ch\/#organization\"},\"image\":{\"@id\":\"https:\/\/www.lapurla.ch\/fr\/positionen-fruehkindlicher-kultureller-bildung#primaryimage\"},\"thumbnailUrl\":\"https:\/\/www.lapurla.ch\/wp-content\/uploads\/2022\/07\/LapurlaPositionen-KB-1.png\",\"articleSection\":[\"Non classifi\u00e9(e)\"],\"inLanguage\":\"fr-FR\",\"potentialAction\":[{\"@type\":\"CommentAction\",\"name\":\"Comment\",\"target\":[\"https:\/\/www.lapurla.ch\/fr\/positionen-fruehkindlicher-kultureller-bildung#respond\"]}]},{\"@type\":\"WebPage\",\"@id\":\"https:\/\/www.lapurla.ch\/fr\/positionen-fruehkindlicher-kultureller-bildung\",\"url\":\"https:\/\/www.lapurla.ch\/fr\/positionen-fruehkindlicher-kultureller-bildung\",\"name\":\"Prises de position sur l\u2019\u00e9veil esth\u00e9tique de la petite enfance (2020) &#8211; Lapurla\",\"isPartOf\":{\"@id\":\"https:\/\/www.lapurla.ch\/#website\"},\"primaryImageOfPage\":{\"@id\":\"https:\/\/www.lapurla.ch\/fr\/positionen-fruehkindlicher-kultureller-bildung#primaryimage\"},\"image\":{\"@id\":\"https:\/\/www.lapurla.ch\/fr\/positionen-fruehkindlicher-kultureller-bildung#primaryimage\"},\"thumbnailUrl\":\"https:\/\/www.lapurla.ch\/wp-content\/uploads\/2022\/07\/LapurlaPositionen-KB-1.png\",\"datePublished\":\"2022-06-28T15:42:46+00:00\",\"dateModified\":\"2022-09-07T21:35:27+00:00\",\"breadcrumb\":{\"@id\":\"https:\/\/www.lapurla.ch\/fr\/positionen-fruehkindlicher-kultureller-bildung#breadcrumb\"},\"inLanguage\":\"fr-FR\",\"potentialAction\":[{\"@type\":\"ReadAction\",\"target\":[\"https:\/\/www.lapurla.ch\/fr\/positionen-fruehkindlicher-kultureller-bildung\"]}]},{\"@type\":\"ImageObject\",\"inLanguage\":\"fr-FR\",\"@id\":\"https:\/\/www.lapurla.ch\/fr\/positionen-fruehkindlicher-kultureller-bildung#primaryimage\",\"url\":\"https:\/\/www.lapurla.ch\/wp-content\/uploads\/2022\/07\/LapurlaPositionen-KB-1.png\",\"contentUrl\":\"https:\/\/www.lapurla.ch\/wp-content\/uploads\/2022\/07\/LapurlaPositionen-KB-1.png\",\"width\":1000,\"height\":563},{\"@type\":\"BreadcrumbList\",\"@id\":\"https:\/\/www.lapurla.ch\/fr\/positionen-fruehkindlicher-kultureller-bildung#breadcrumb\",\"itemListElement\":[{\"@type\":\"ListItem\",\"position\":1,\"name\":\"Startseite\",\"item\":\"https:\/\/www.lapurla.ch\/fr\"},{\"@type\":\"ListItem\",\"position\":2,\"name\":\"Prises de position sur l\u2019\u00e9veil esth\u00e9tique de la petite enfance (2020)\"}]},{\"@type\":\"WebSite\",\"@id\":\"https:\/\/www.lapurla.ch\/#website\",\"url\":\"https:\/\/www.lapurla.ch\/\",\"name\":\"Lapurla\",\"description\":\"\",\"publisher\":{\"@id\":\"https:\/\/www.lapurla.ch\/#organization\"},\"potentialAction\":[{\"@type\":\"SearchAction\",\"target\":{\"@type\":\"EntryPoint\",\"urlTemplate\":\"https:\/\/www.lapurla.ch\/?s={search_term_string}\"},\"query-input\":{\"@type\":\"PropertyValueSpecification\",\"valueRequired\":true,\"valueName\":\"search_term_string\"}}],\"inLanguage\":\"fr-FR\"},{\"@type\":\"Organization\",\"@id\":\"https:\/\/www.lapurla.ch\/#organization\",\"name\":\"Lapurla\",\"url\":\"https:\/\/www.lapurla.ch\/\",\"logo\":{\"@type\":\"ImageObject\",\"inLanguage\":\"fr-FR\",\"@id\":\"https:\/\/www.lapurla.ch\/#\/schema\/logo\/image\/\",\"url\":\"https:\/\/www.lapurla.ch\/wp-content\/uploads\/2022\/03\/cropped-favicon.png\",\"contentUrl\":\"https:\/\/www.lapurla.ch\/wp-content\/uploads\/2022\/03\/cropped-favicon.png\",\"width\":512,\"height\":512,\"caption\":\"Lapurla\"},\"image\":{\"@id\":\"https:\/\/www.lapurla.ch\/#\/schema\/logo\/image\/\"}},{\"@type\":\"Person\",\"@id\":\"https:\/\/www.lapurla.ch\/#\/schema\/person\/8f6bdc0c9c653ecf768d328f5c7ff511\",\"name\":\"Karin Kraus\",\"image\":{\"@type\":\"ImageObject\",\"inLanguage\":\"fr-FR\",\"@id\":\"https:\/\/secure.gravatar.com\/avatar\/ab8a2fb78e2cb7d74fb8bcc625de7c798150fc258046abd14fee7557d356221a?s=96&d=mm&r=g\",\"url\":\"https:\/\/secure.gravatar.com\/avatar\/ab8a2fb78e2cb7d74fb8bcc625de7c798150fc258046abd14fee7557d356221a?s=96&d=mm&r=g\",\"contentUrl\":\"https:\/\/secure.gravatar.com\/avatar\/ab8a2fb78e2cb7d74fb8bcc625de7c798150fc258046abd14fee7557d356221a?s=96&d=mm&r=g\",\"caption\":\"Karin Kraus\"},\"url\":\"https:\/\/www.lapurla.ch\/fr\/author\/kkraus\"}]}<\/script>\n<!-- \/ Yoast SEO plugin. -->","yoast_head_json":{"title":"Prises de position sur l\u2019\u00e9veil esth\u00e9tique de la petite enfance (2020) &#8211; Lapurla","robots":{"index":"index","follow":"follow","max-snippet":"max-snippet:-1","max-image-preview":"max-image-preview:large","max-video-preview":"max-video-preview:-1"},"canonical":"https:\/\/www.lapurla.ch\/fr\/positionen-fruehkindlicher-kultureller-bildung","og_locale":"fr_FR","og_type":"article","og_title":"Prises de position sur l\u2019\u00e9veil esth\u00e9tique de la petite enfance (2020) &#8211; Lapurla","og_description":"Das Handbuch\u00a0ist ein Pl\u00e4doyer f\u00fcr kulturelle Bildungsarbeit mit jungen Kindern.","og_url":"https:\/\/www.lapurla.ch\/fr\/positionen-fruehkindlicher-kultureller-bildung","og_site_name":"Lapurla","article_published_time":"2022-06-28T15:42:46+00:00","article_modified_time":"2022-09-07T21:35:27+00:00","og_image":[{"width":1000,"height":563,"url":"https:\/\/www.lapurla.ch\/wp-content\/uploads\/2022\/07\/LapurlaPositionen-KB-1.png","type":"image\/png"}],"author":"Karin Kraus","twitter_card":"summary_large_image","twitter_misc":{"\u00c9crit par":"Karin Kraus"},"schema":{"@context":"https:\/\/schema.org","@graph":[{"@type":"Article","@id":"https:\/\/www.lapurla.ch\/fr\/positionen-fruehkindlicher-kultureller-bildung#article","isPartOf":{"@id":"https:\/\/www.lapurla.ch\/fr\/positionen-fruehkindlicher-kultureller-bildung"},"author":{"name":"Karin Kraus","@id":"https:\/\/www.lapurla.ch\/#\/schema\/person\/8f6bdc0c9c653ecf768d328f5c7ff511"},"headline":"Prises de position sur l\u2019\u00e9veil esth\u00e9tique de la petite enfance (2020)","datePublished":"2022-06-28T15:42:46+00:00","dateModified":"2022-09-07T21:35:27+00:00","mainEntityOfPage":{"@id":"https:\/\/www.lapurla.ch\/fr\/positionen-fruehkindlicher-kultureller-bildung"},"wordCount":102,"commentCount":0,"publisher":{"@id":"https:\/\/www.lapurla.ch\/#organization"},"image":{"@id":"https:\/\/www.lapurla.ch\/fr\/positionen-fruehkindlicher-kultureller-bildung#primaryimage"},"thumbnailUrl":"https:\/\/www.lapurla.ch\/wp-content\/uploads\/2022\/07\/LapurlaPositionen-KB-1.png","articleSection":["Non classifi\u00e9(e)"],"inLanguage":"fr-FR","potentialAction":[{"@type":"CommentAction","name":"Comment","target":["https:\/\/www.lapurla.ch\/fr\/positionen-fruehkindlicher-kultureller-bildung#respond"]}]},{"@type":"WebPage","@id":"https:\/\/www.lapurla.ch\/fr\/positionen-fruehkindlicher-kultureller-bildung","url":"https:\/\/www.lapurla.ch\/fr\/positionen-fruehkindlicher-kultureller-bildung","name":"Prises de position sur l\u2019\u00e9veil esth\u00e9tique de la petite enfance (2020) &#8211; Lapurla","isPartOf":{"@id":"https:\/\/www.lapurla.ch\/#website"},"primaryImageOfPage":{"@id":"https:\/\/www.lapurla.ch\/fr\/positionen-fruehkindlicher-kultureller-bildung#primaryimage"},"image":{"@id":"https:\/\/www.lapurla.ch\/fr\/positionen-fruehkindlicher-kultureller-bildung#primaryimage"},"thumbnailUrl":"https:\/\/www.lapurla.ch\/wp-content\/uploads\/2022\/07\/LapurlaPositionen-KB-1.png","datePublished":"2022-06-28T15:42:46+00:00","dateModified":"2022-09-07T21:35:27+00:00","breadcrumb":{"@id":"https:\/\/www.lapurla.ch\/fr\/positionen-fruehkindlicher-kultureller-bildung#breadcrumb"},"inLanguage":"fr-FR","potentialAction":[{"@type":"ReadAction","target":["https:\/\/www.lapurla.ch\/fr\/positionen-fruehkindlicher-kultureller-bildung"]}]},{"@type":"ImageObject","inLanguage":"fr-FR","@id":"https:\/\/www.lapurla.ch\/fr\/positionen-fruehkindlicher-kultureller-bildung#primaryimage","url":"https:\/\/www.lapurla.ch\/wp-content\/uploads\/2022\/07\/LapurlaPositionen-KB-1.png","contentUrl":"https:\/\/www.lapurla.ch\/wp-content\/uploads\/2022\/07\/LapurlaPositionen-KB-1.png","width":1000,"height":563},{"@type":"BreadcrumbList","@id":"https:\/\/www.lapurla.ch\/fr\/positionen-fruehkindlicher-kultureller-bildung#breadcrumb","itemListElement":[{"@type":"ListItem","position":1,"name":"Startseite","item":"https:\/\/www.lapurla.ch\/fr"},{"@type":"ListItem","position":2,"name":"Prises de position sur l\u2019\u00e9veil esth\u00e9tique de la petite enfance (2020)"}]},{"@type":"WebSite","@id":"https:\/\/www.lapurla.ch\/#website","url":"https:\/\/www.lapurla.ch\/","name":"Lapurla","description":"","publisher":{"@id":"https:\/\/www.lapurla.ch\/#organization"},"potentialAction":[{"@type":"SearchAction","target":{"@type":"EntryPoint","urlTemplate":"https:\/\/www.lapurla.ch\/?s={search_term_string}"},"query-input":{"@type":"PropertyValueSpecification","valueRequired":true,"valueName":"search_term_string"}}],"inLanguage":"fr-FR"},{"@type":"Organization","@id":"https:\/\/www.lapurla.ch\/#organization","name":"Lapurla","url":"https:\/\/www.lapurla.ch\/","logo":{"@type":"ImageObject","inLanguage":"fr-FR","@id":"https:\/\/www.lapurla.ch\/#\/schema\/logo\/image\/","url":"https:\/\/www.lapurla.ch\/wp-content\/uploads\/2022\/03\/cropped-favicon.png","contentUrl":"https:\/\/www.lapurla.ch\/wp-content\/uploads\/2022\/03\/cropped-favicon.png","width":512,"height":512,"caption":"Lapurla"},"image":{"@id":"https:\/\/www.lapurla.ch\/#\/schema\/logo\/image\/"}},{"@type":"Person","@id":"https:\/\/www.lapurla.ch\/#\/schema\/person\/8f6bdc0c9c653ecf768d328f5c7ff511","name":"Karin Kraus","image":{"@type":"ImageObject","inLanguage":"fr-FR","@id":"https:\/\/secure.gravatar.com\/avatar\/ab8a2fb78e2cb7d74fb8bcc625de7c798150fc258046abd14fee7557d356221a?s=96&d=mm&r=g","url":"https:\/\/secure.gravatar.com\/avatar\/ab8a2fb78e2cb7d74fb8bcc625de7c798150fc258046abd14fee7557d356221a?s=96&d=mm&r=g","contentUrl":"https:\/\/secure.gravatar.com\/avatar\/ab8a2fb78e2cb7d74fb8bcc625de7c798150fc258046abd14fee7557d356221a?s=96&d=mm&r=g","caption":"Karin Kraus"},"url":"https:\/\/www.lapurla.ch\/fr\/author\/kkraus"}]}},"_links":{"self":[{"href":"https:\/\/www.lapurla.ch\/fr\/wp-json\/wp\/v2\/posts\/11106","targetHints":{"allow":["GET"]}}],"collection":[{"href":"https:\/\/www.lapurla.ch\/fr\/wp-json\/wp\/v2\/posts"}],"about":[{"href":"https:\/\/www.lapurla.ch\/fr\/wp-json\/wp\/v2\/types\/post"}],"author":[{"embeddable":true,"href":"https:\/\/www.lapurla.ch\/fr\/wp-json\/wp\/v2\/users\/5"}],"replies":[{"embeddable":true,"href":"https:\/\/www.lapurla.ch\/fr\/wp-json\/wp\/v2\/comments?post=11106"}],"version-history":[{"count":1,"href":"https:\/\/www.lapurla.ch\/fr\/wp-json\/wp\/v2\/posts\/11106\/revisions"}],"predecessor-version":[{"id":11107,"href":"https:\/\/www.lapurla.ch\/fr\/wp-json\/wp\/v2\/posts\/11106\/revisions\/11107"}],"wp:featuredmedia":[{"embeddable":true,"href":"https:\/\/www.lapurla.ch\/fr\/wp-json\/wp\/v2\/media\/7492"}],"wp:attachment":[{"href":"https:\/\/www.lapurla.ch\/fr\/wp-json\/wp\/v2\/media?parent=11106"}],"wp:term":[{"taxonomy":"category","embeddable":true,"href":"https:\/\/www.lapurla.ch\/fr\/wp-json\/wp\/v2\/categories?post=11106"},{"taxonomy":"post_tag","embeddable":true,"href":"https:\/\/www.lapurla.ch\/fr\/wp-json\/wp\/v2\/tags?post=11106"},{"taxonomy":"lapurla_category","embeddable":true,"href":"https:\/\/www.lapurla.ch\/fr\/wp-json\/wp\/v2\/lapurla_category?post=11106"}],"curies":[{"name":"wp","href":"https:\/\/api.w.org\/{rel}","templated":true}]}}