{"id":32071,"date":"2025-12-03T17:48:50","date_gmt":"2025-12-03T16:48:50","guid":{"rendered":"https:\/\/www.lapurla.ch\/?post_type=news&#038;p=32071"},"modified":"2025-12-03T18:09:25","modified_gmt":"2025-12-03T17:09:25","slug":"nouveau-guide-dorientation-sur-le-reseau-centre-sur-la-famille","status":"publish","type":"news","link":"https:\/\/www.lapurla.ch\/fr\/news\/nouveau-guide-dorientation-sur-le-reseau-centre-sur-la-famille","title":{"rendered":"Nouveau guide d&rsquo;orientation sur le R\u00e9seau centr\u00e9 sur la famille"},"content":{"rendered":"\n<p>Le <u><a href=\"https:\/\/www.lapurla.ch\/wp-content\/uploads\/2025\/12\/ef033c4c086989469843bc8490ad13002538a0.pdf\">guide d&rsquo;orientation<\/a><\/u> pr\u00e9sente l\u2019approche du R\u00e9seau centr\u00e9 sur la famille comme un concept global, fournit des arguments et des bases juridiques ainsi que des conseils utiles pour sa mise en \u0153uvre. Ce travail a \u00e9t\u00e9 rendu possible gr\u00e2ce au g\u00e9n\u00e9reux soutien financier de la Fondation Mercator Sschweiz dans le cadre du projet \u00ab Starting Strong Together \u00bb.<\/p>\n\n\n\n<p id=\"viewer-d36ts23706\">Alors que la France a lanc\u00e9 son projet national des 1000 premiers jours et que l\u2019Allemagne, l\u2019Autriche et l\u2019Italie, avec la r\u00e9gion du Tyrol du Sud, ont introduit et mis en \u0153uvre le concept d\u2019aide pr\u00e9coce, la coordination des offres destin\u00e9es \u00e0 la petite enfance et la collaboration interprofessionnelle des acteurs et des actrices de ce champ suscitent un int\u00e9r\u00eat grandissant.<\/p>\n\n\n\n<p id=\"viewer-z6kfd2486\">Il s\u2019agit d\u2019identifier et de pr\u00e9venir, d\u00e8s la grossesse et dans les premi\u00e8res ann\u00e9es de vie, les difficult\u00e9s susceptibles d\u2019affecter le d\u00e9veloppement des enfants. En Suisse, au niveau f\u00e9d\u00e9ral, ces r\u00e9flexions sont regroup\u00e9es sous l\u2019appellation de \u00ab R\u00e9seau centr\u00e9 sur la famille \u00bb.<\/p>\n\n\n\n<p id=\"viewer-s8dia24163\">Plusieurs cantons ainsi que des villes et des communes des trois r\u00e9gions linguistiques s\u2019inspirent des pays voisins et travaillent \u00e0 des variantes adapt\u00e9es \u00e0 leur contexte. Ce guide<\/p>\n\n\n\n<p id=\"viewer-nlkcn3343\">d\u2019orientation tient compte des \u00e9volutions vari\u00e9es dans les diff\u00e9rentes r\u00e9gions du pays. Il refl\u00e8te la<\/p>\n\n\n\n<p id=\"viewer-slh743347\">compr\u00e9hension actuelle du sujet, qui est toutefois appel\u00e9e \u00e0 \u00e9voluer et s\u2019enrichir, \u00e9tant donn\u00e9 que la mise en \u0153uvre de cette approche n\u2019en est qu\u2019\u00e0 ses d\u00e9buts en Suisse.<\/p>\n\n\n\n<p id=\"viewer-tdkdg3569\">Le document s\u2019adresse aux professionnel-les des administrations publiques, aux acteurs et actrices de la petite enfance et aux milieux politiques. En effet, ces personnes participent au fa\u00e7onnement de l\u2019espace et des conditions de vie des enfants et des familles. Elles contribuent de mani\u00e8re significative \u00e0 ce que chaque personne ait acc\u00e8s au soutien qu\u2019elle souhaite, dont elle a besoin et dont elle est en mesure de b\u00e9n\u00e9ficier.<\/p>\n\n\n\n<h2 class=\"wp-block-heading\">FLOWmobil, un incubateur pour la mise en r\u00e9seau centr\u00e9e sur la famille dans la pratique<\/h2>\n\n\n\n<p>Avec notre dispositif itin\u00e9rant FLOWmobil, nous voulons atteindre les familles qui n&rsquo;ont pas encore acc\u00e8s \u00e0 l&rsquo;offre culturelle. FLOWmobil offre un espace de libert\u00e9 cr\u00e9atif aux plus jeunes, inspire les parents \u00e0 poursuivre les activit\u00e9s \u00e0 la maison et favorise la mise en r\u00e9seau communale de partenaires centraux proposant des offres de soutien aux familles. <a href=\"https:\/\/www.lapurla.ch\/fr\/flowmobil-kurz-erklaert\">Plus d&rsquo;informations<\/a><\/p>\n\n\n\n<h2 class=\"wp-block-heading\" id=\"viewer-2lvka22680\">Informations compl\u00e9mentaires<\/h2>\n\n\n\n<p id=\"viewer-3ho1l24517\">Vous trouverez d&rsquo;autres informations utiles et des id\u00e9es pratiques sur la mise en r\u00e9seau centr\u00e9e sur la famille sur le portail web <a target=\"_blank\" href=\"http:\/\/www.reseau-centre-sur-la-famille.ch\" rel=\"noreferrer noopener\"><u>www.reseau-centre-sur-la-famille.ch<\/u><\/a> de l&rsquo;Office f\u00e9d\u00e9ral de la sant\u00e9 publique et d&rsquo;Alliance Enfance.<\/p>\n\n\n\n<p><\/p>\n","protected":false},"excerpt":{"rendered":"<p>Le guide d&rsquo;orientation pr\u00e9sente l\u2019approche du R\u00e9seau centr\u00e9 sur la famille comme un concept global, fournit des arguments et des bases juridiques ainsi que des conseils utiles pour sa mise en \u0153uvre. Ce travail a \u00e9t\u00e9 rendu possible gr\u00e2ce au g\u00e9n\u00e9reux soutien financier de la Fondation Mercator Sschweiz dans le cadre du projet \u00ab Starting [&hellip;]<\/p>\n","protected":false},"featured_media":32043,"template":"","meta":{"_acf_changed":false,"latitude":"","longitude":"","kurzbeschreibung":"Le document de base pr\u00e9sente la mise en r\u00e9seau centr\u00e9e sur la famille comme un concept global, fournit des arguments et des bases juridiques ainsi que des conseils utiles pour sa mise en \u0153uvre. Notre projet mod\u00e8le FLOWmobil s'appuie sur ces bases.","datum_von":"","footnotes":""},"categories":[],"class_list":["post-32071","news","type-news","status-publish","has-post-thumbnail","hentry"],"acf":[],"yoast_head":"<!-- This site is optimized with the Yoast SEO plugin v27.2 - https:\/\/yoast.com\/product\/yoast-seo-wordpress\/ -->\n<title>Nouveau guide d&#039;orientation sur le R\u00e9seau centr\u00e9 sur la famille &#8211; Lapurla<\/title>\n<meta name=\"robots\" content=\"index, follow, max-snippet:-1, max-image-preview:large, max-video-preview:-1\" \/>\n<link rel=\"canonical\" href=\"https:\/\/www.lapurla.ch\/fr\/news\/nouveau-guide-dorientation-sur-le-reseau-centre-sur-la-famille\" \/>\n<meta property=\"og:locale\" content=\"fr_FR\" \/>\n<meta property=\"og:type\" content=\"article\" \/>\n<meta property=\"og:title\" content=\"Nouveau guide d&#039;orientation sur le R\u00e9seau centr\u00e9 sur la famille &#8211; Lapurla\" \/>\n<meta property=\"og:description\" content=\"Le guide d&rsquo;orientation pr\u00e9sente l\u2019approche du R\u00e9seau centr\u00e9 sur la famille comme un concept global, fournit des arguments et des bases juridiques ainsi que des conseils utiles pour sa mise en \u0153uvre. Ce travail a \u00e9t\u00e9 rendu possible gr\u00e2ce au g\u00e9n\u00e9reux soutien financier de la Fondation Mercator Sschweiz dans le cadre du projet \u00ab Starting [&hellip;]\" \/>\n<meta property=\"og:url\" content=\"https:\/\/www.lapurla.ch\/fr\/news\/nouveau-guide-dorientation-sur-le-reseau-centre-sur-la-famille\" \/>\n<meta property=\"og:site_name\" content=\"Lapurla\" \/>\n<meta property=\"article:modified_time\" content=\"2025-12-03T17:09:25+00:00\" \/>\n<meta property=\"og:image\" content=\"https:\/\/www.lapurla.ch\/wp-content\/uploads\/2025\/12\/LapurlaIconsPublikationenGrundlagenFamilinezentrierte-Vernetzung-1-scaled.png\" \/>\n\t<meta property=\"og:image:width\" content=\"1\" \/>\n\t<meta property=\"og:image:height\" content=\"1\" \/>\n\t<meta property=\"og:image:type\" content=\"image\/png\" \/>\n<meta name=\"twitter:card\" content=\"summary_large_image\" \/>\n<meta name=\"twitter:label1\" content=\"Dur\u00e9e de lecture estim\u00e9e\" \/>\n\t<meta name=\"twitter:data1\" content=\"3 minutes\" \/>\n<script type=\"application\/ld+json\" class=\"yoast-schema-graph\">{\"@context\":\"https:\/\/schema.org\",\"@graph\":[{\"@type\":\"WebPage\",\"@id\":\"https:\/\/www.lapurla.ch\/fr\/news\/nouveau-guide-dorientation-sur-le-reseau-centre-sur-la-famille\",\"url\":\"https:\/\/www.lapurla.ch\/fr\/news\/nouveau-guide-dorientation-sur-le-reseau-centre-sur-la-famille\",\"name\":\"Nouveau guide d'orientation sur le R\u00e9seau centr\u00e9 sur la famille &#8211; Lapurla\",\"isPartOf\":{\"@id\":\"https:\/\/www.lapurla.ch\/#website\"},\"primaryImageOfPage\":{\"@id\":\"https:\/\/www.lapurla.ch\/fr\/news\/nouveau-guide-dorientation-sur-le-reseau-centre-sur-la-famille#primaryimage\"},\"image\":{\"@id\":\"https:\/\/www.lapurla.ch\/fr\/news\/nouveau-guide-dorientation-sur-le-reseau-centre-sur-la-famille#primaryimage\"},\"thumbnailUrl\":\"https:\/\/www.lapurla.ch\/wp-content\/uploads\/2025\/12\/LapurlaIconsPublikationenGrundlagenFamilinezentrierte-Vernetzung-1-scaled.png\",\"datePublished\":\"2025-12-03T16:48:50+00:00\",\"dateModified\":\"2025-12-03T17:09:25+00:00\",\"breadcrumb\":{\"@id\":\"https:\/\/www.lapurla.ch\/fr\/news\/nouveau-guide-dorientation-sur-le-reseau-centre-sur-la-famille#breadcrumb\"},\"inLanguage\":\"fr-FR\",\"potentialAction\":[{\"@type\":\"ReadAction\",\"target\":[\"https:\/\/www.lapurla.ch\/fr\/news\/nouveau-guide-dorientation-sur-le-reseau-centre-sur-la-famille\"]}]},{\"@type\":\"ImageObject\",\"inLanguage\":\"fr-FR\",\"@id\":\"https:\/\/www.lapurla.ch\/fr\/news\/nouveau-guide-dorientation-sur-le-reseau-centre-sur-la-famille#primaryimage\",\"url\":\"https:\/\/www.lapurla.ch\/wp-content\/uploads\/2025\/12\/LapurlaIconsPublikationenGrundlagenFamilinezentrierte-Vernetzung-1-scaled.png\",\"contentUrl\":\"https:\/\/www.lapurla.ch\/wp-content\/uploads\/2025\/12\/LapurlaIconsPublikationenGrundlagenFamilinezentrierte-Vernetzung-1-scaled.png\"},{\"@type\":\"BreadcrumbList\",\"@id\":\"https:\/\/www.lapurla.ch\/fr\/news\/nouveau-guide-dorientation-sur-le-reseau-centre-sur-la-famille#breadcrumb\",\"itemListElement\":[{\"@type\":\"ListItem\",\"position\":1,\"name\":\"Startseite\",\"item\":\"https:\/\/www.lapurla.ch\/fr\"},{\"@type\":\"ListItem\",\"position\":2,\"name\":\"News\",\"item\":\"https:\/\/www.lapurla.ch\/news\"},{\"@type\":\"ListItem\",\"position\":3,\"name\":\"Nouveau guide d&#8217;orientation sur le R\u00e9seau centr\u00e9 sur la famille\"}]},{\"@type\":\"WebSite\",\"@id\":\"https:\/\/www.lapurla.ch\/#website\",\"url\":\"https:\/\/www.lapurla.ch\/\",\"name\":\"Lapurla\",\"description\":\"\",\"publisher\":{\"@id\":\"https:\/\/www.lapurla.ch\/#organization\"},\"potentialAction\":[{\"@type\":\"SearchAction\",\"target\":{\"@type\":\"EntryPoint\",\"urlTemplate\":\"https:\/\/www.lapurla.ch\/?s={search_term_string}\"},\"query-input\":{\"@type\":\"PropertyValueSpecification\",\"valueRequired\":true,\"valueName\":\"search_term_string\"}}],\"inLanguage\":\"fr-FR\"},{\"@type\":\"Organization\",\"@id\":\"https:\/\/www.lapurla.ch\/#organization\",\"name\":\"Lapurla\",\"url\":\"https:\/\/www.lapurla.ch\/\",\"logo\":{\"@type\":\"ImageObject\",\"inLanguage\":\"fr-FR\",\"@id\":\"https:\/\/www.lapurla.ch\/#\/schema\/logo\/image\/\",\"url\":\"https:\/\/www.lapurla.ch\/wp-content\/uploads\/2022\/03\/cropped-favicon.png\",\"contentUrl\":\"https:\/\/www.lapurla.ch\/wp-content\/uploads\/2022\/03\/cropped-favicon.png\",\"width\":512,\"height\":512,\"caption\":\"Lapurla\"},\"image\":{\"@id\":\"https:\/\/www.lapurla.ch\/#\/schema\/logo\/image\/\"}}]}<\/script>\n<!-- \/ Yoast SEO plugin. -->","yoast_head_json":{"title":"Nouveau guide d'orientation sur le R\u00e9seau centr\u00e9 sur la famille &#8211; Lapurla","robots":{"index":"index","follow":"follow","max-snippet":"max-snippet:-1","max-image-preview":"max-image-preview:large","max-video-preview":"max-video-preview:-1"},"canonical":"https:\/\/www.lapurla.ch\/fr\/news\/nouveau-guide-dorientation-sur-le-reseau-centre-sur-la-famille","og_locale":"fr_FR","og_type":"article","og_title":"Nouveau guide d'orientation sur le R\u00e9seau centr\u00e9 sur la famille &#8211; Lapurla","og_description":"Le guide d&rsquo;orientation pr\u00e9sente l\u2019approche du R\u00e9seau centr\u00e9 sur la famille comme un concept global, fournit des arguments et des bases juridiques ainsi que des conseils utiles pour sa mise en \u0153uvre. Ce travail a \u00e9t\u00e9 rendu possible gr\u00e2ce au g\u00e9n\u00e9reux soutien financier de la Fondation Mercator Sschweiz dans le cadre du projet \u00ab Starting [&hellip;]","og_url":"https:\/\/www.lapurla.ch\/fr\/news\/nouveau-guide-dorientation-sur-le-reseau-centre-sur-la-famille","og_site_name":"Lapurla","article_modified_time":"2025-12-03T17:09:25+00:00","og_image":[{"url":"https:\/\/www.lapurla.ch\/wp-content\/uploads\/2025\/12\/LapurlaIconsPublikationenGrundlagenFamilinezentrierte-Vernetzung-1-scaled.png","width":1,"height":1,"type":"image\/png"}],"twitter_card":"summary_large_image","twitter_misc":{"Dur\u00e9e de lecture estim\u00e9e":"3 minutes"},"schema":{"@context":"https:\/\/schema.org","@graph":[{"@type":"WebPage","@id":"https:\/\/www.lapurla.ch\/fr\/news\/nouveau-guide-dorientation-sur-le-reseau-centre-sur-la-famille","url":"https:\/\/www.lapurla.ch\/fr\/news\/nouveau-guide-dorientation-sur-le-reseau-centre-sur-la-famille","name":"Nouveau guide d'orientation sur le R\u00e9seau centr\u00e9 sur la famille &#8211; Lapurla","isPartOf":{"@id":"https:\/\/www.lapurla.ch\/#website"},"primaryImageOfPage":{"@id":"https:\/\/www.lapurla.ch\/fr\/news\/nouveau-guide-dorientation-sur-le-reseau-centre-sur-la-famille#primaryimage"},"image":{"@id":"https:\/\/www.lapurla.ch\/fr\/news\/nouveau-guide-dorientation-sur-le-reseau-centre-sur-la-famille#primaryimage"},"thumbnailUrl":"https:\/\/www.lapurla.ch\/wp-content\/uploads\/2025\/12\/LapurlaIconsPublikationenGrundlagenFamilinezentrierte-Vernetzung-1-scaled.png","datePublished":"2025-12-03T16:48:50+00:00","dateModified":"2025-12-03T17:09:25+00:00","breadcrumb":{"@id":"https:\/\/www.lapurla.ch\/fr\/news\/nouveau-guide-dorientation-sur-le-reseau-centre-sur-la-famille#breadcrumb"},"inLanguage":"fr-FR","potentialAction":[{"@type":"ReadAction","target":["https:\/\/www.lapurla.ch\/fr\/news\/nouveau-guide-dorientation-sur-le-reseau-centre-sur-la-famille"]}]},{"@type":"ImageObject","inLanguage":"fr-FR","@id":"https:\/\/www.lapurla.ch\/fr\/news\/nouveau-guide-dorientation-sur-le-reseau-centre-sur-la-famille#primaryimage","url":"https:\/\/www.lapurla.ch\/wp-content\/uploads\/2025\/12\/LapurlaIconsPublikationenGrundlagenFamilinezentrierte-Vernetzung-1-scaled.png","contentUrl":"https:\/\/www.lapurla.ch\/wp-content\/uploads\/2025\/12\/LapurlaIconsPublikationenGrundlagenFamilinezentrierte-Vernetzung-1-scaled.png"},{"@type":"BreadcrumbList","@id":"https:\/\/www.lapurla.ch\/fr\/news\/nouveau-guide-dorientation-sur-le-reseau-centre-sur-la-famille#breadcrumb","itemListElement":[{"@type":"ListItem","position":1,"name":"Startseite","item":"https:\/\/www.lapurla.ch\/fr"},{"@type":"ListItem","position":2,"name":"News","item":"https:\/\/www.lapurla.ch\/news"},{"@type":"ListItem","position":3,"name":"Nouveau guide d&#8217;orientation sur le R\u00e9seau centr\u00e9 sur la famille"}]},{"@type":"WebSite","@id":"https:\/\/www.lapurla.ch\/#website","url":"https:\/\/www.lapurla.ch\/","name":"Lapurla","description":"","publisher":{"@id":"https:\/\/www.lapurla.ch\/#organization"},"potentialAction":[{"@type":"SearchAction","target":{"@type":"EntryPoint","urlTemplate":"https:\/\/www.lapurla.ch\/?s={search_term_string}"},"query-input":{"@type":"PropertyValueSpecification","valueRequired":true,"valueName":"search_term_string"}}],"inLanguage":"fr-FR"},{"@type":"Organization","@id":"https:\/\/www.lapurla.ch\/#organization","name":"Lapurla","url":"https:\/\/www.lapurla.ch\/","logo":{"@type":"ImageObject","inLanguage":"fr-FR","@id":"https:\/\/www.lapurla.ch\/#\/schema\/logo\/image\/","url":"https:\/\/www.lapurla.ch\/wp-content\/uploads\/2022\/03\/cropped-favicon.png","contentUrl":"https:\/\/www.lapurla.ch\/wp-content\/uploads\/2022\/03\/cropped-favicon.png","width":512,"height":512,"caption":"Lapurla"},"image":{"@id":"https:\/\/www.lapurla.ch\/#\/schema\/logo\/image\/"}}]}},"_links":{"self":[{"href":"https:\/\/www.lapurla.ch\/fr\/wp-json\/wp\/v2\/news\/32071","targetHints":{"allow":["GET"]}}],"collection":[{"href":"https:\/\/www.lapurla.ch\/fr\/wp-json\/wp\/v2\/news"}],"about":[{"href":"https:\/\/www.lapurla.ch\/fr\/wp-json\/wp\/v2\/types\/news"}],"version-history":[{"count":1,"href":"https:\/\/www.lapurla.ch\/fr\/wp-json\/wp\/v2\/news\/32071\/revisions"}],"predecessor-version":[{"id":32072,"href":"https:\/\/www.lapurla.ch\/fr\/wp-json\/wp\/v2\/news\/32071\/revisions\/32072"}],"wp:featuredmedia":[{"embeddable":true,"href":"https:\/\/www.lapurla.ch\/fr\/wp-json\/wp\/v2\/media\/32043"}],"wp:attachment":[{"href":"https:\/\/www.lapurla.ch\/fr\/wp-json\/wp\/v2\/media?parent=32071"}],"wp:term":[{"taxonomy":"category","embeddable":true,"href":"https:\/\/www.lapurla.ch\/fr\/wp-json\/wp\/v2\/categories?post=32071"}],"curies":[{"name":"wp","href":"https:\/\/api.w.org\/{rel}","templated":true}]}}