{"id":31978,"date":"2025-12-02T11:19:36","date_gmt":"2025-12-02T10:19:36","guid":{"rendered":"https:\/\/www.lapurla.ch\/news\/lapurla-zu-gast-in-kassel-teilnehmen-teil-sein-teilgeben"},"modified":"2025-12-09T22:12:48","modified_gmt":"2025-12-09T21:12:48","slug":"lapurla-zu-gast-in-kassel-teilnehmen-teil-sein-teilgeben","status":"publish","type":"news","link":"https:\/\/www.lapurla.ch\/fr\/news\/lapurla-zu-gast-in-kassel-teilnehmen-teil-sein-teilgeben","title":{"rendered":"Lapurla invit\u00e9 \u00e0 Kassel : Teilnehmen \u2013 Teil sein \u2013 Teilgeben"},"content":{"rendered":"\n<p>Les 25 et 26 novembre, la Fondation Lapurla \u2013 repr\u00e9sent\u00e9e par <strong>Karin Kraus<\/strong> et <strong>Helena Petersen<\/strong> \u2013 a particip\u00e9 \u00e0 la rencontre du r\u00e9seau <a href=\"https:\/\/netzwerk-fkb.de\">\u00ab Fr\u00fchkindliche Kulturelle Bildung \u00bb<\/a> (NFKB) ainsi qu\u2019\u00e0 la journ\u00e9e professionnelle \u00ab Kulturkita Hessen \u00bb \u00e0 Kassel.<br>Cet \u00e9v\u00e9nement de deux jours \u00e9tait plac\u00e9 sous le th\u00e8me f\u00e9d\u00e9rateur :<br><strong>\u00ab Reli\u00e9 \u2013 plut\u00f4t que s\u00e9par\u00e9. Participer \u2013 Faire partie \u2013 Contribuer \u00bb<\/strong>.<\/p>\n\n\n\n<p>Dans des ateliers, des temps d\u2019\u00e9change et des visites sur place, il est apparu de mani\u00e8re frappante toute la force que peut d\u00e9ployer l\u2019\u00e9ducation culturelle dans la petite enfance :<br>\u2022 Elle cr\u00e9e des espaces o\u00f9 la participation des jeunes enfants devient une \u00e9vidence.<br>\u2022 Elle relie les perspectives p\u00e9dagogiques, artistiques et soci\u00e9tales.<br>\u2022 Elle renforce les r\u00e9seaux \u2013 au-del\u00e0 des r\u00e9gions et des institutions.<\/p>\n\n\n\n<p>L\u2019accompagnement artistique de <strong>Johanna Benz<\/strong> <a href=\"https:\/\/graphicrecording.cool\/about\/\">@graphicrecording.cool <\/a>a ouvert des espaces de r\u00e9sonance esth\u00e9tique suppl\u00e9mentaires, o\u00f9 les id\u00e9es et les compr\u00e9hensions ont pu devenir visibles.<\/p>\n\n\n\n<p>Avec de nombreuses impulsions et des rencontres inspirantes en t\u00eate, nous repartons renforc\u00e9s dans notre engagement \u00e0 rendre la participation culturelle possible d\u00e8s le plus jeune \u00e2ge et \u00e0 faire vivre le r\u00e9seau de mani\u00e8re toujours plus dynamique.<\/p>\n\n\n\n<p>Un grand merci aux organisatrices ! Merci \u00e0 <strong>Luisa Leppin<\/strong> et <strong>Astrid Lembke-Thiel<\/strong>.<\/p>\n\n\n\n<div id=\"bildergalerie-block_0af7a2af31d6372a020d05a84dffcb1f\" class=\"mod-bildergalerie\">\n            <div class=\"col-12\">\n\t\t    \n<div class=\"mod-slider\">\n\t        <div id=\"slider-6d6d2517-d9ee-424a-bf7c-06141645ca07\" class=\"swiper\">\n            <div class=\"swiper-wrapper\">\n\t\t\t\t                    <div class=\"swiper-slide\">\n                        <figure>\n\t\t\t\t\t\t\t<div class=\"a-image \">       <picture class=\"a-image__picture\">       \t<source width=\"1296\" height=\"972\" media=\"(min-width: 1400px)\" srcset=\"https:\/\/www.lapurla.ch\/wp-content\/uploads\/2025\/12\/WhatsApp-Image-2025-12-02-at-10.24.00-1-1296x972c.jpeg 1x, https:\/\/www.lapurla.ch\/wp-content\/uploads\/2025\/12\/WhatsApp-Image-2025-12-02-at-10.24.00-1-2592x1944c.jpeg 2x\">           <source width=\"1116\" height=\"837\" media=\"(min-width: 1200px)\" srcset=\"https:\/\/www.lapurla.ch\/wp-content\/uploads\/2025\/12\/WhatsApp-Image-2025-12-02-at-10.24.00-1-1116x837c.jpeg 1x, https:\/\/www.lapurla.ch\/wp-content\/uploads\/2025\/12\/WhatsApp-Image-2025-12-02-at-10.24.00-1-2232x1674c.jpeg 2x\">           <source width=\"936\" height=\"702\" media=\"(min-width: 992px)\" srcset=\"https:\/\/www.lapurla.ch\/wp-content\/uploads\/2025\/12\/WhatsApp-Image-2025-12-02-at-10.24.00-1-936x702c.jpeg  1x, https:\/\/www.lapurla.ch\/wp-content\/uploads\/2025\/12\/WhatsApp-Image-2025-12-02-at-10.24.00-1-1872x1404c.jpeg 2x\">           <source width=\"696\" height=\"522\" media=\"(min-width: 768px)\" srcset=\"https:\/\/www.lapurla.ch\/wp-content\/uploads\/2025\/12\/WhatsApp-Image-2025-12-02-at-10.24.00-1-696x522c.jpeg 1x, https:\/\/www.lapurla.ch\/wp-content\/uploads\/2025\/12\/WhatsApp-Image-2025-12-02-at-10.24.00-1-1392x1044c.jpeg 2x\">           <source width=\"516\" height=\"387\" media=\"(min-width: 576px)\" srcset=\"https:\/\/www.lapurla.ch\/wp-content\/uploads\/2025\/12\/WhatsApp-Image-2025-12-02-at-10.24.00-1-516x387c.jpeg 1x, https:\/\/www.lapurla.ch\/wp-content\/uploads\/2025\/12\/WhatsApp-Image-2025-12-02-at-10.24.00-1-1032x774c.jpeg 2x\">           <img loading=\"lazy\" decoding=\"async\" width=\"550\" height=\"413\"           class=\"a-image__image\"           src=\"https:\/\/www.lapurla.ch\/wp-content\/uploads\/2025\/12\/WhatsApp-Image-2025-12-02-at-10.24.00-1-550x413c.jpeg\" data-srcset=\"https:\/\/www.lapurla.ch\/wp-content\/uploads\/2025\/12\/WhatsApp-Image-2025-12-02-at-10.24.00-1-1100x826c.jpeg 2x\" alt=\"\"\/>       <\/picture> <\/div>                            <figcaption>\n\t\t\t\t\t\t\t\t                            <\/figcaption>\n                        <\/figure>\n                    <\/div>\n\t\t\t\t                    <div class=\"swiper-slide\">\n                        <figure>\n\t\t\t\t\t\t\t<div class=\"a-image \">       <picture class=\"a-image__picture\">       \t<source width=\"1296\" height=\"972\" media=\"(min-width: 1400px)\" srcset=\"https:\/\/www.lapurla.ch\/wp-content\/uploads\/2025\/12\/WhatsApp-Image-2025-12-02-at-10.24.01-1-1296x972c.jpeg 1x, https:\/\/www.lapurla.ch\/wp-content\/uploads\/2025\/12\/WhatsApp-Image-2025-12-02-at-10.24.01-1-2592x1944c.jpeg 2x\">           <source width=\"1116\" height=\"837\" media=\"(min-width: 1200px)\" srcset=\"https:\/\/www.lapurla.ch\/wp-content\/uploads\/2025\/12\/WhatsApp-Image-2025-12-02-at-10.24.01-1-1116x837c.jpeg 1x, https:\/\/www.lapurla.ch\/wp-content\/uploads\/2025\/12\/WhatsApp-Image-2025-12-02-at-10.24.01-1-2232x1674c.jpeg 2x\">           <source width=\"936\" height=\"702\" media=\"(min-width: 992px)\" srcset=\"https:\/\/www.lapurla.ch\/wp-content\/uploads\/2025\/12\/WhatsApp-Image-2025-12-02-at-10.24.01-1-936x702c.jpeg  1x, https:\/\/www.lapurla.ch\/wp-content\/uploads\/2025\/12\/WhatsApp-Image-2025-12-02-at-10.24.01-1-1872x1404c.jpeg 2x\">           <source width=\"696\" height=\"522\" media=\"(min-width: 768px)\" srcset=\"https:\/\/www.lapurla.ch\/wp-content\/uploads\/2025\/12\/WhatsApp-Image-2025-12-02-at-10.24.01-1-696x522c.jpeg 1x, https:\/\/www.lapurla.ch\/wp-content\/uploads\/2025\/12\/WhatsApp-Image-2025-12-02-at-10.24.01-1-1392x1044c.jpeg 2x\">           <source width=\"516\" height=\"387\" media=\"(min-width: 576px)\" srcset=\"https:\/\/www.lapurla.ch\/wp-content\/uploads\/2025\/12\/WhatsApp-Image-2025-12-02-at-10.24.01-1-516x387c.jpeg 1x, https:\/\/www.lapurla.ch\/wp-content\/uploads\/2025\/12\/WhatsApp-Image-2025-12-02-at-10.24.01-1-1032x774c.jpeg 2x\">           <img loading=\"lazy\" decoding=\"async\" width=\"550\" height=\"413\"           class=\"a-image__image\"           src=\"https:\/\/www.lapurla.ch\/wp-content\/uploads\/2025\/12\/WhatsApp-Image-2025-12-02-at-10.24.01-1-550x413c.jpeg\" data-srcset=\"https:\/\/www.lapurla.ch\/wp-content\/uploads\/2025\/12\/WhatsApp-Image-2025-12-02-at-10.24.01-1-1100x826c.jpeg 2x\" alt=\"\"\/>       <\/picture> <\/div>                            <figcaption>\n\t\t\t\t\t\t\t\t                            <\/figcaption>\n                        <\/figure>\n                    <\/div>\n\t\t\t\t                    <div class=\"swiper-slide\">\n                        <figure>\n\t\t\t\t\t\t\t<div class=\"a-image \">       <picture class=\"a-image__picture\">       \t<source width=\"1296\" height=\"972\" media=\"(min-width: 1400px)\" srcset=\"https:\/\/www.lapurla.ch\/wp-content\/uploads\/2025\/12\/WhatsApp-Image-2025-12-02-at-10.23.59-2-1296x972c.jpeg 1x, https:\/\/www.lapurla.ch\/wp-content\/uploads\/2025\/12\/WhatsApp-Image-2025-12-02-at-10.23.59-2-2592x1944c.jpeg 2x\">           <source width=\"1116\" height=\"837\" media=\"(min-width: 1200px)\" srcset=\"https:\/\/www.lapurla.ch\/wp-content\/uploads\/2025\/12\/WhatsApp-Image-2025-12-02-at-10.23.59-2-1116x837c.jpeg 1x, https:\/\/www.lapurla.ch\/wp-content\/uploads\/2025\/12\/WhatsApp-Image-2025-12-02-at-10.23.59-2-2232x1674c.jpeg 2x\">           <source width=\"936\" height=\"702\" media=\"(min-width: 992px)\" srcset=\"https:\/\/www.lapurla.ch\/wp-content\/uploads\/2025\/12\/WhatsApp-Image-2025-12-02-at-10.23.59-2-936x702c.jpeg  1x, https:\/\/www.lapurla.ch\/wp-content\/uploads\/2025\/12\/WhatsApp-Image-2025-12-02-at-10.23.59-2-1872x1404c.jpeg 2x\">           <source width=\"696\" height=\"522\" media=\"(min-width: 768px)\" srcset=\"https:\/\/www.lapurla.ch\/wp-content\/uploads\/2025\/12\/WhatsApp-Image-2025-12-02-at-10.23.59-2-696x522c.jpeg 1x, https:\/\/www.lapurla.ch\/wp-content\/uploads\/2025\/12\/WhatsApp-Image-2025-12-02-at-10.23.59-2-1392x1044c.jpeg 2x\">           <source width=\"516\" height=\"387\" media=\"(min-width: 576px)\" srcset=\"https:\/\/www.lapurla.ch\/wp-content\/uploads\/2025\/12\/WhatsApp-Image-2025-12-02-at-10.23.59-2-516x387c.jpeg 1x, https:\/\/www.lapurla.ch\/wp-content\/uploads\/2025\/12\/WhatsApp-Image-2025-12-02-at-10.23.59-2-1032x774c.jpeg 2x\">           <img loading=\"lazy\" decoding=\"async\" width=\"550\" height=\"413\"           class=\"a-image__image\"           src=\"https:\/\/www.lapurla.ch\/wp-content\/uploads\/2025\/12\/WhatsApp-Image-2025-12-02-at-10.23.59-2-550x413c.jpeg\" data-srcset=\"https:\/\/www.lapurla.ch\/wp-content\/uploads\/2025\/12\/WhatsApp-Image-2025-12-02-at-10.23.59-2-1100x826c.jpeg 2x\" alt=\"\"\/>       <\/picture> <\/div>                            <figcaption>\n\t\t\t\t\t\t\t\t                            <\/figcaption>\n                        <\/figure>\n                    <\/div>\n\t\t\t\t                    <div class=\"swiper-slide\">\n                        <figure>\n\t\t\t\t\t\t\t<div class=\"a-image \">       <picture class=\"a-image__picture\">       \t<source width=\"1296\" height=\"972\" media=\"(min-width: 1400px)\" srcset=\"https:\/\/www.lapurla.ch\/wp-content\/uploads\/2025\/12\/WhatsApp-Image-2025-12-02-at-10.24.01-5-1296x972c.jpeg 1x, https:\/\/www.lapurla.ch\/wp-content\/uploads\/2025\/12\/WhatsApp-Image-2025-12-02-at-10.24.01-5-2592x1944c.jpeg 2x\">           <source width=\"1116\" height=\"837\" media=\"(min-width: 1200px)\" srcset=\"https:\/\/www.lapurla.ch\/wp-content\/uploads\/2025\/12\/WhatsApp-Image-2025-12-02-at-10.24.01-5-1116x837c.jpeg 1x, https:\/\/www.lapurla.ch\/wp-content\/uploads\/2025\/12\/WhatsApp-Image-2025-12-02-at-10.24.01-5-2232x1674c.jpeg 2x\">           <source width=\"936\" height=\"702\" media=\"(min-width: 992px)\" srcset=\"https:\/\/www.lapurla.ch\/wp-content\/uploads\/2025\/12\/WhatsApp-Image-2025-12-02-at-10.24.01-5-936x702c.jpeg  1x, https:\/\/www.lapurla.ch\/wp-content\/uploads\/2025\/12\/WhatsApp-Image-2025-12-02-at-10.24.01-5-1872x1404c.jpeg 2x\">           <source width=\"696\" height=\"522\" media=\"(min-width: 768px)\" srcset=\"https:\/\/www.lapurla.ch\/wp-content\/uploads\/2025\/12\/WhatsApp-Image-2025-12-02-at-10.24.01-5-696x522c.jpeg 1x, https:\/\/www.lapurla.ch\/wp-content\/uploads\/2025\/12\/WhatsApp-Image-2025-12-02-at-10.24.01-5-1392x1044c.jpeg 2x\">           <source width=\"516\" height=\"387\" media=\"(min-width: 576px)\" srcset=\"https:\/\/www.lapurla.ch\/wp-content\/uploads\/2025\/12\/WhatsApp-Image-2025-12-02-at-10.24.01-5-516x387c.jpeg 1x, https:\/\/www.lapurla.ch\/wp-content\/uploads\/2025\/12\/WhatsApp-Image-2025-12-02-at-10.24.01-5-1032x774c.jpeg 2x\">           <img loading=\"lazy\" decoding=\"async\" width=\"550\" height=\"413\"           class=\"a-image__image\"           src=\"https:\/\/www.lapurla.ch\/wp-content\/uploads\/2025\/12\/WhatsApp-Image-2025-12-02-at-10.24.01-5-550x413c.jpeg\" data-srcset=\"https:\/\/www.lapurla.ch\/wp-content\/uploads\/2025\/12\/WhatsApp-Image-2025-12-02-at-10.24.01-5-1100x826c.jpeg 2x\" alt=\"\"\/>       <\/picture> <\/div>                            <figcaption>\n\t\t\t\t\t\t\t\t                            <\/figcaption>\n                        <\/figure>\n                    <\/div>\n\t\t\t\t                    <div class=\"swiper-slide\">\n                        <figure>\n\t\t\t\t\t\t\t<div class=\"a-image \">       <picture class=\"a-image__picture\">       \t<source width=\"1296\" height=\"972\" media=\"(min-width: 1400px)\" srcset=\"https:\/\/www.lapurla.ch\/wp-content\/uploads\/2025\/12\/WhatsApp-Image-2025-12-02-at-10.23.59-1296x972c.jpeg 1x, https:\/\/www.lapurla.ch\/wp-content\/uploads\/2025\/12\/WhatsApp-Image-2025-12-02-at-10.23.59-2592x1944c.jpeg 2x\">           <source width=\"1116\" height=\"837\" media=\"(min-width: 1200px)\" srcset=\"https:\/\/www.lapurla.ch\/wp-content\/uploads\/2025\/12\/WhatsApp-Image-2025-12-02-at-10.23.59-1116x837c.jpeg 1x, https:\/\/www.lapurla.ch\/wp-content\/uploads\/2025\/12\/WhatsApp-Image-2025-12-02-at-10.23.59-2232x1674c.jpeg 2x\">           <source width=\"936\" height=\"702\" media=\"(min-width: 992px)\" srcset=\"https:\/\/www.lapurla.ch\/wp-content\/uploads\/2025\/12\/WhatsApp-Image-2025-12-02-at-10.23.59-936x702c.jpeg  1x, https:\/\/www.lapurla.ch\/wp-content\/uploads\/2025\/12\/WhatsApp-Image-2025-12-02-at-10.23.59-1872x1404c.jpeg 2x\">           <source width=\"696\" height=\"522\" media=\"(min-width: 768px)\" srcset=\"https:\/\/www.lapurla.ch\/wp-content\/uploads\/2025\/12\/WhatsApp-Image-2025-12-02-at-10.23.59-696x522c.jpeg 1x, https:\/\/www.lapurla.ch\/wp-content\/uploads\/2025\/12\/WhatsApp-Image-2025-12-02-at-10.23.59-1392x1044c.jpeg 2x\">           <source width=\"516\" height=\"387\" media=\"(min-width: 576px)\" srcset=\"https:\/\/www.lapurla.ch\/wp-content\/uploads\/2025\/12\/WhatsApp-Image-2025-12-02-at-10.23.59-516x387c.jpeg 1x, https:\/\/www.lapurla.ch\/wp-content\/uploads\/2025\/12\/WhatsApp-Image-2025-12-02-at-10.23.59-1032x774c.jpeg 2x\">           <img loading=\"lazy\" decoding=\"async\" width=\"550\" height=\"413\"           class=\"a-image__image\"           src=\"https:\/\/www.lapurla.ch\/wp-content\/uploads\/2025\/12\/WhatsApp-Image-2025-12-02-at-10.23.59-550x413c.jpeg\" data-srcset=\"https:\/\/www.lapurla.ch\/wp-content\/uploads\/2025\/12\/WhatsApp-Image-2025-12-02-at-10.23.59-1100x826c.jpeg 2x\" alt=\"\"\/>       <\/picture> <\/div>                            <figcaption>\n\t\t\t\t\t\t\t\t                            <\/figcaption>\n                        <\/figure>\n                    <\/div>\n\t\t\t\t                    <div class=\"swiper-slide\">\n                        <figure>\n\t\t\t\t\t\t\t<div class=\"a-image \">       <picture class=\"a-image__picture\">       \t<source width=\"1296\" height=\"972\" media=\"(min-width: 1400px)\" srcset=\"https:\/\/www.lapurla.ch\/wp-content\/uploads\/2025\/12\/WhatsApp-Image-2025-12-02-at-10.24.00-2-1296x972c.jpeg 1x, https:\/\/www.lapurla.ch\/wp-content\/uploads\/2025\/12\/WhatsApp-Image-2025-12-02-at-10.24.00-2-2592x1944c.jpeg 2x\">           <source width=\"1116\" height=\"837\" media=\"(min-width: 1200px)\" srcset=\"https:\/\/www.lapurla.ch\/wp-content\/uploads\/2025\/12\/WhatsApp-Image-2025-12-02-at-10.24.00-2-1116x837c.jpeg 1x, https:\/\/www.lapurla.ch\/wp-content\/uploads\/2025\/12\/WhatsApp-Image-2025-12-02-at-10.24.00-2-2232x1674c.jpeg 2x\">           <source width=\"936\" height=\"702\" media=\"(min-width: 992px)\" srcset=\"https:\/\/www.lapurla.ch\/wp-content\/uploads\/2025\/12\/WhatsApp-Image-2025-12-02-at-10.24.00-2-936x702c.jpeg  1x, https:\/\/www.lapurla.ch\/wp-content\/uploads\/2025\/12\/WhatsApp-Image-2025-12-02-at-10.24.00-2-1872x1404c.jpeg 2x\">           <source width=\"696\" height=\"522\" media=\"(min-width: 768px)\" srcset=\"https:\/\/www.lapurla.ch\/wp-content\/uploads\/2025\/12\/WhatsApp-Image-2025-12-02-at-10.24.00-2-696x522c.jpeg 1x, https:\/\/www.lapurla.ch\/wp-content\/uploads\/2025\/12\/WhatsApp-Image-2025-12-02-at-10.24.00-2-1392x1044c.jpeg 2x\">           <source width=\"516\" height=\"387\" media=\"(min-width: 576px)\" srcset=\"https:\/\/www.lapurla.ch\/wp-content\/uploads\/2025\/12\/WhatsApp-Image-2025-12-02-at-10.24.00-2-516x387c.jpeg 1x, https:\/\/www.lapurla.ch\/wp-content\/uploads\/2025\/12\/WhatsApp-Image-2025-12-02-at-10.24.00-2-1032x774c.jpeg 2x\">           <img loading=\"lazy\" decoding=\"async\" width=\"550\" height=\"413\"           class=\"a-image__image\"           src=\"https:\/\/www.lapurla.ch\/wp-content\/uploads\/2025\/12\/WhatsApp-Image-2025-12-02-at-10.24.00-2-550x413c.jpeg\" data-srcset=\"https:\/\/www.lapurla.ch\/wp-content\/uploads\/2025\/12\/WhatsApp-Image-2025-12-02-at-10.24.00-2-1100x826c.jpeg 2x\" alt=\"\"\/>       <\/picture> <\/div>                            <figcaption>\n\t\t\t\t\t\t\t\t                            <\/figcaption>\n                        <\/figure>\n                    <\/div>\n\t\t\t\t                    <div class=\"swiper-slide\">\n                        <figure>\n\t\t\t\t\t\t\t<div class=\"a-image \">       <picture class=\"a-image__picture\">       \t<source width=\"1296\" height=\"972\" media=\"(min-width: 1400px)\" srcset=\"https:\/\/www.lapurla.ch\/wp-content\/uploads\/2025\/12\/WhatsApp-Image-2025-12-02-at-10.24.01-6-1296x972c.jpeg 1x, https:\/\/www.lapurla.ch\/wp-content\/uploads\/2025\/12\/WhatsApp-Image-2025-12-02-at-10.24.01-6-2592x1944c.jpeg 2x\">           <source width=\"1116\" height=\"837\" media=\"(min-width: 1200px)\" srcset=\"https:\/\/www.lapurla.ch\/wp-content\/uploads\/2025\/12\/WhatsApp-Image-2025-12-02-at-10.24.01-6-1116x837c.jpeg 1x, https:\/\/www.lapurla.ch\/wp-content\/uploads\/2025\/12\/WhatsApp-Image-2025-12-02-at-10.24.01-6-2232x1674c.jpeg 2x\">           <source width=\"936\" height=\"702\" media=\"(min-width: 992px)\" srcset=\"https:\/\/www.lapurla.ch\/wp-content\/uploads\/2025\/12\/WhatsApp-Image-2025-12-02-at-10.24.01-6-936x702c.jpeg  1x, https:\/\/www.lapurla.ch\/wp-content\/uploads\/2025\/12\/WhatsApp-Image-2025-12-02-at-10.24.01-6-1872x1404c.jpeg 2x\">           <source width=\"696\" height=\"522\" media=\"(min-width: 768px)\" srcset=\"https:\/\/www.lapurla.ch\/wp-content\/uploads\/2025\/12\/WhatsApp-Image-2025-12-02-at-10.24.01-6-696x522c.jpeg 1x, https:\/\/www.lapurla.ch\/wp-content\/uploads\/2025\/12\/WhatsApp-Image-2025-12-02-at-10.24.01-6-1392x1044c.jpeg 2x\">           <source width=\"516\" height=\"387\" media=\"(min-width: 576px)\" srcset=\"https:\/\/www.lapurla.ch\/wp-content\/uploads\/2025\/12\/WhatsApp-Image-2025-12-02-at-10.24.01-6-516x387c.jpeg 1x, https:\/\/www.lapurla.ch\/wp-content\/uploads\/2025\/12\/WhatsApp-Image-2025-12-02-at-10.24.01-6-1032x774c.jpeg 2x\">           <img loading=\"lazy\" decoding=\"async\" width=\"550\" height=\"413\"           class=\"a-image__image\"           src=\"https:\/\/www.lapurla.ch\/wp-content\/uploads\/2025\/12\/WhatsApp-Image-2025-12-02-at-10.24.01-6-550x413c.jpeg\" data-srcset=\"https:\/\/www.lapurla.ch\/wp-content\/uploads\/2025\/12\/WhatsApp-Image-2025-12-02-at-10.24.01-6-1100x826c.jpeg 2x\" alt=\"\"\/>       <\/picture> <\/div>                            <figcaption>\n\t\t\t\t\t\t\t\t                            <\/figcaption>\n                        <\/figure>\n                    <\/div>\n\t\t\t\t                    <div class=\"swiper-slide\">\n                        <figure>\n\t\t\t\t\t\t\t<div class=\"a-image \">       <picture class=\"a-image__picture\">       \t<source width=\"1296\" height=\"972\" media=\"(min-width: 1400px)\" srcset=\"https:\/\/www.lapurla.ch\/wp-content\/uploads\/2025\/12\/WhatsApp-Image-2025-12-02-at-10.24.01-2-1296x972c.jpeg 1x, https:\/\/www.lapurla.ch\/wp-content\/uploads\/2025\/12\/WhatsApp-Image-2025-12-02-at-10.24.01-2-2592x1944c.jpeg 2x\">           <source width=\"1116\" height=\"837\" media=\"(min-width: 1200px)\" srcset=\"https:\/\/www.lapurla.ch\/wp-content\/uploads\/2025\/12\/WhatsApp-Image-2025-12-02-at-10.24.01-2-1116x837c.jpeg 1x, https:\/\/www.lapurla.ch\/wp-content\/uploads\/2025\/12\/WhatsApp-Image-2025-12-02-at-10.24.01-2-2232x1674c.jpeg 2x\">           <source width=\"936\" height=\"702\" media=\"(min-width: 992px)\" srcset=\"https:\/\/www.lapurla.ch\/wp-content\/uploads\/2025\/12\/WhatsApp-Image-2025-12-02-at-10.24.01-2-936x702c.jpeg  1x, https:\/\/www.lapurla.ch\/wp-content\/uploads\/2025\/12\/WhatsApp-Image-2025-12-02-at-10.24.01-2-1872x1404c.jpeg 2x\">           <source width=\"696\" height=\"522\" media=\"(min-width: 768px)\" srcset=\"https:\/\/www.lapurla.ch\/wp-content\/uploads\/2025\/12\/WhatsApp-Image-2025-12-02-at-10.24.01-2-696x522c.jpeg 1x, https:\/\/www.lapurla.ch\/wp-content\/uploads\/2025\/12\/WhatsApp-Image-2025-12-02-at-10.24.01-2-1392x1044c.jpeg 2x\">           <source width=\"516\" height=\"387\" media=\"(min-width: 576px)\" srcset=\"https:\/\/www.lapurla.ch\/wp-content\/uploads\/2025\/12\/WhatsApp-Image-2025-12-02-at-10.24.01-2-516x387c.jpeg 1x, https:\/\/www.lapurla.ch\/wp-content\/uploads\/2025\/12\/WhatsApp-Image-2025-12-02-at-10.24.01-2-1032x774c.jpeg 2x\">           <img loading=\"lazy\" decoding=\"async\" width=\"550\" height=\"413\"           class=\"a-image__image\"           src=\"https:\/\/www.lapurla.ch\/wp-content\/uploads\/2025\/12\/WhatsApp-Image-2025-12-02-at-10.24.01-2-550x413c.jpeg\" data-srcset=\"https:\/\/www.lapurla.ch\/wp-content\/uploads\/2025\/12\/WhatsApp-Image-2025-12-02-at-10.24.01-2-1100x826c.jpeg 2x\" alt=\"\"\/>       <\/picture> <\/div>                            <figcaption>\n\t\t\t\t\t\t\t\t                            <\/figcaption>\n                        <\/figure>\n                    <\/div>\n\t\t\t\t                    <div class=\"swiper-slide\">\n                        <figure>\n\t\t\t\t\t\t\t<div class=\"a-image \">       <picture class=\"a-image__picture\">       \t<source width=\"1296\" height=\"972\" media=\"(min-width: 1400px)\" srcset=\"https:\/\/www.lapurla.ch\/wp-content\/uploads\/2025\/12\/WhatsApp-Image-2025-12-02-at-10.24.01-4-1296x972c.jpeg 1x, https:\/\/www.lapurla.ch\/wp-content\/uploads\/2025\/12\/WhatsApp-Image-2025-12-02-at-10.24.01-4-2592x1944c.jpeg 2x\">           <source width=\"1116\" height=\"837\" media=\"(min-width: 1200px)\" srcset=\"https:\/\/www.lapurla.ch\/wp-content\/uploads\/2025\/12\/WhatsApp-Image-2025-12-02-at-10.24.01-4-1116x837c.jpeg 1x, https:\/\/www.lapurla.ch\/wp-content\/uploads\/2025\/12\/WhatsApp-Image-2025-12-02-at-10.24.01-4-2232x1674c.jpeg 2x\">           <source width=\"936\" height=\"702\" media=\"(min-width: 992px)\" srcset=\"https:\/\/www.lapurla.ch\/wp-content\/uploads\/2025\/12\/WhatsApp-Image-2025-12-02-at-10.24.01-4-936x702c.jpeg  1x, https:\/\/www.lapurla.ch\/wp-content\/uploads\/2025\/12\/WhatsApp-Image-2025-12-02-at-10.24.01-4-1872x1404c.jpeg 2x\">           <source width=\"696\" height=\"522\" media=\"(min-width: 768px)\" srcset=\"https:\/\/www.lapurla.ch\/wp-content\/uploads\/2025\/12\/WhatsApp-Image-2025-12-02-at-10.24.01-4-696x522c.jpeg 1x, https:\/\/www.lapurla.ch\/wp-content\/uploads\/2025\/12\/WhatsApp-Image-2025-12-02-at-10.24.01-4-1392x1044c.jpeg 2x\">           <source width=\"516\" height=\"387\" media=\"(min-width: 576px)\" srcset=\"https:\/\/www.lapurla.ch\/wp-content\/uploads\/2025\/12\/WhatsApp-Image-2025-12-02-at-10.24.01-4-516x387c.jpeg 1x, https:\/\/www.lapurla.ch\/wp-content\/uploads\/2025\/12\/WhatsApp-Image-2025-12-02-at-10.24.01-4-1032x774c.jpeg 2x\">           <img loading=\"lazy\" decoding=\"async\" width=\"550\" height=\"413\"           class=\"a-image__image\"           src=\"https:\/\/www.lapurla.ch\/wp-content\/uploads\/2025\/12\/WhatsApp-Image-2025-12-02-at-10.24.01-4-550x413c.jpeg\" data-srcset=\"https:\/\/www.lapurla.ch\/wp-content\/uploads\/2025\/12\/WhatsApp-Image-2025-12-02-at-10.24.01-4-1100x826c.jpeg 2x\" alt=\"\"\/>       <\/picture> <\/div>                            <figcaption>\n\t\t\t\t\t\t\t\t                            <\/figcaption>\n                        <\/figure>\n                    <\/div>\n\t\t\t\t            <\/div>\n            <div class=\"container\">\n                <div class=\"row\">\n                    <div class=\"col-12 position-relative\">\n                        <div class=\"pagination\"><\/div>\n                        <div class=\"button-wrapper\">\n                            <button class=\"swiper-button-prev\">\n\t\t\t\t\t\t\t\t<svg class=\"svg-icon icon-arrow-left\" xmlns=\"http:\/\/www.w3.org\/2000\/svg\"><use xmlns:xlink=\"http:\/\/www.w3.org\/1999\/xlink\" xlink:href=\"https:\/\/www.lapurla.ch\/wp-content\/themes\/lapurla\/dist\/icons.svg?f27dc72#arrow-left\"><\/use><\/svg>                                <span class=\"visually-hidden\">Pr\u00e9c\u00e9dent<\/span>\n                            <\/button>\n                            <button class=\"swiper-button-next\">\n\t\t\t\t\t\t\t\t<svg class=\"svg-icon icon-arrow-right\" xmlns=\"http:\/\/www.w3.org\/2000\/svg\"><use xmlns:xlink=\"http:\/\/www.w3.org\/1999\/xlink\" xlink:href=\"https:\/\/www.lapurla.ch\/wp-content\/themes\/lapurla\/dist\/icons.svg?f27dc72#arrow-right\"><\/use><\/svg>                                <span class=\"visually-hidden\">Suivant<\/span>\n                            <\/button>\n                        <\/div>\n                    <\/div>\n                <\/div>\n            <\/div>\n        <\/div>\n\t<\/div>\n        <\/div>\n    <\/div>\n","protected":false},"excerpt":{"rendered":"<p>Les 25 et 26 novembre, la Fondation Lapurla \u2013 repr\u00e9sent\u00e9e par Karin Kraus et Helena Petersen \u2013 a particip\u00e9 \u00e0 la rencontre du r\u00e9seau \u00ab Fr\u00fchkindliche Kulturelle Bildung \u00bb (NFKB) ainsi qu\u2019\u00e0 la journ\u00e9e professionnelle \u00ab Kulturkita Hessen \u00bb \u00e0 Kassel.Cet \u00e9v\u00e9nement de deux jours \u00e9tait plac\u00e9 sous le th\u00e8me f\u00e9d\u00e9rateur :\u00ab Reli\u00e9 \u2013 plut\u00f4t [&hellip;]<\/p>\n","protected":false},"featured_media":32414,"template":"","meta":{"_acf_changed":false,"latitude":"","longitude":"","kurzbeschreibung":"\u00abReli\u00e9 \u2013 plut\u00f4t que s\u00e9par\u00e9\u00bb\r\nLa Fondation Lapurla \u00e9tait pr\u00e9sente les 25 et 26 novembre \u00e0 la rencontre du r\u00e9seau Fr\u00fchkindliche Kulturelle Bildung NFKB et \u00e0 la journ\u00e9e professionnelle Kulturkita Hessen \u00e0 Kassel. Sous le mot d\u2019ordre \u00ab Participer \u2013 Faire partie \u2013 Contribuer \u00bb, la participation, l\u2019exp\u00e9rience esth\u00e9tique et le renforcement des r\u00e9seaux \u00e9taient au c\u0153ur des \u00e9changes.\r\nD\u00e9couvre-en davantage sur nos impressions.","datum_von":"","footnotes":""},"categories":[],"class_list":["post-31978","news","type-news","status-publish","has-post-thumbnail","hentry"],"acf":[],"yoast_head":"<!-- This site is optimized with the Yoast SEO plugin v27.2 - https:\/\/yoast.com\/product\/yoast-seo-wordpress\/ -->\n<title>Lapurla invit\u00e9 \u00e0 Kassel : Teilnehmen \u2013 Teil sein \u2013 Teilgeben &#8211; Lapurla<\/title>\n<meta name=\"robots\" content=\"index, follow, max-snippet:-1, max-image-preview:large, max-video-preview:-1\" \/>\n<link rel=\"canonical\" href=\"https:\/\/www.lapurla.ch\/fr\/news\/lapurla-zu-gast-in-kassel-teilnehmen-teil-sein-teilgeben\" \/>\n<meta property=\"og:locale\" content=\"fr_FR\" \/>\n<meta property=\"og:type\" content=\"article\" \/>\n<meta property=\"og:title\" content=\"Lapurla invit\u00e9 \u00e0 Kassel : Teilnehmen \u2013 Teil sein \u2013 Teilgeben &#8211; Lapurla\" \/>\n<meta property=\"og:description\" content=\"Les 25 et 26 novembre, la Fondation Lapurla \u2013 repr\u00e9sent\u00e9e par Karin Kraus et Helena Petersen \u2013 a particip\u00e9 \u00e0 la rencontre du r\u00e9seau \u00ab Fr\u00fchkindliche Kulturelle Bildung \u00bb (NFKB) ainsi qu\u2019\u00e0 la journ\u00e9e professionnelle \u00ab Kulturkita Hessen \u00bb \u00e0 Kassel.Cet \u00e9v\u00e9nement de deux jours \u00e9tait plac\u00e9 sous le th\u00e8me f\u00e9d\u00e9rateur :\u00ab Reli\u00e9 \u2013 plut\u00f4t [&hellip;]\" \/>\n<meta property=\"og:url\" content=\"https:\/\/www.lapurla.ch\/fr\/news\/lapurla-zu-gast-in-kassel-teilnehmen-teil-sein-teilgeben\" \/>\n<meta property=\"og:site_name\" content=\"Lapurla\" \/>\n<meta property=\"article:modified_time\" content=\"2025-12-09T21:12:48+00:00\" \/>\n<meta property=\"og:image\" content=\"https:\/\/www.lapurla.ch\/wp-content\/uploads\/2025\/12\/LapurlaJohanna-BenzNFKB.png\" \/>\n\t<meta property=\"og:image:width\" content=\"1000\" \/>\n\t<meta property=\"og:image:height\" content=\"563\" \/>\n\t<meta property=\"og:image:type\" content=\"image\/png\" \/>\n<meta name=\"twitter:card\" content=\"summary_large_image\" \/>\n<meta name=\"twitter:label1\" content=\"Dur\u00e9e de lecture estim\u00e9e\" \/>\n\t<meta name=\"twitter:data1\" content=\"2 minutes\" \/>\n<script type=\"application\/ld+json\" class=\"yoast-schema-graph\">{\"@context\":\"https:\/\/schema.org\",\"@graph\":[{\"@type\":\"WebPage\",\"@id\":\"https:\/\/www.lapurla.ch\/fr\/news\/lapurla-zu-gast-in-kassel-teilnehmen-teil-sein-teilgeben\",\"url\":\"https:\/\/www.lapurla.ch\/fr\/news\/lapurla-zu-gast-in-kassel-teilnehmen-teil-sein-teilgeben\",\"name\":\"Lapurla invit\u00e9 \u00e0 Kassel : Teilnehmen \u2013 Teil sein \u2013 Teilgeben &#8211; Lapurla\",\"isPartOf\":{\"@id\":\"https:\/\/www.lapurla.ch\/#website\"},\"primaryImageOfPage\":{\"@id\":\"https:\/\/www.lapurla.ch\/fr\/news\/lapurla-zu-gast-in-kassel-teilnehmen-teil-sein-teilgeben#primaryimage\"},\"image\":{\"@id\":\"https:\/\/www.lapurla.ch\/fr\/news\/lapurla-zu-gast-in-kassel-teilnehmen-teil-sein-teilgeben#primaryimage\"},\"thumbnailUrl\":\"https:\/\/www.lapurla.ch\/wp-content\/uploads\/2025\/12\/LapurlaJohanna-BenzNFKB.png\",\"datePublished\":\"2025-12-02T10:19:36+00:00\",\"dateModified\":\"2025-12-09T21:12:48+00:00\",\"breadcrumb\":{\"@id\":\"https:\/\/www.lapurla.ch\/fr\/news\/lapurla-zu-gast-in-kassel-teilnehmen-teil-sein-teilgeben#breadcrumb\"},\"inLanguage\":\"fr-FR\",\"potentialAction\":[{\"@type\":\"ReadAction\",\"target\":[\"https:\/\/www.lapurla.ch\/fr\/news\/lapurla-zu-gast-in-kassel-teilnehmen-teil-sein-teilgeben\"]}]},{\"@type\":\"ImageObject\",\"inLanguage\":\"fr-FR\",\"@id\":\"https:\/\/www.lapurla.ch\/fr\/news\/lapurla-zu-gast-in-kassel-teilnehmen-teil-sein-teilgeben#primaryimage\",\"url\":\"https:\/\/www.lapurla.ch\/wp-content\/uploads\/2025\/12\/LapurlaJohanna-BenzNFKB.png\",\"contentUrl\":\"https:\/\/www.lapurla.ch\/wp-content\/uploads\/2025\/12\/LapurlaJohanna-BenzNFKB.png\",\"width\":1000,\"height\":563},{\"@type\":\"BreadcrumbList\",\"@id\":\"https:\/\/www.lapurla.ch\/fr\/news\/lapurla-zu-gast-in-kassel-teilnehmen-teil-sein-teilgeben#breadcrumb\",\"itemListElement\":[{\"@type\":\"ListItem\",\"position\":1,\"name\":\"Startseite\",\"item\":\"https:\/\/www.lapurla.ch\/fr\"},{\"@type\":\"ListItem\",\"position\":2,\"name\":\"News\",\"item\":\"https:\/\/www.lapurla.ch\/news\"},{\"@type\":\"ListItem\",\"position\":3,\"name\":\"Lapurla invit\u00e9 \u00e0 Kassel : Teilnehmen \u2013 Teil sein \u2013 Teilgeben\"}]},{\"@type\":\"WebSite\",\"@id\":\"https:\/\/www.lapurla.ch\/#website\",\"url\":\"https:\/\/www.lapurla.ch\/\",\"name\":\"Lapurla\",\"description\":\"\",\"publisher\":{\"@id\":\"https:\/\/www.lapurla.ch\/#organization\"},\"potentialAction\":[{\"@type\":\"SearchAction\",\"target\":{\"@type\":\"EntryPoint\",\"urlTemplate\":\"https:\/\/www.lapurla.ch\/?s={search_term_string}\"},\"query-input\":{\"@type\":\"PropertyValueSpecification\",\"valueRequired\":true,\"valueName\":\"search_term_string\"}}],\"inLanguage\":\"fr-FR\"},{\"@type\":\"Organization\",\"@id\":\"https:\/\/www.lapurla.ch\/#organization\",\"name\":\"Lapurla\",\"url\":\"https:\/\/www.lapurla.ch\/\",\"logo\":{\"@type\":\"ImageObject\",\"inLanguage\":\"fr-FR\",\"@id\":\"https:\/\/www.lapurla.ch\/#\/schema\/logo\/image\/\",\"url\":\"https:\/\/www.lapurla.ch\/wp-content\/uploads\/2022\/03\/cropped-favicon.png\",\"contentUrl\":\"https:\/\/www.lapurla.ch\/wp-content\/uploads\/2022\/03\/cropped-favicon.png\",\"width\":512,\"height\":512,\"caption\":\"Lapurla\"},\"image\":{\"@id\":\"https:\/\/www.lapurla.ch\/#\/schema\/logo\/image\/\"}}]}<\/script>\n<!-- \/ Yoast SEO plugin. -->","yoast_head_json":{"title":"Lapurla invit\u00e9 \u00e0 Kassel : Teilnehmen \u2013 Teil sein \u2013 Teilgeben &#8211; Lapurla","robots":{"index":"index","follow":"follow","max-snippet":"max-snippet:-1","max-image-preview":"max-image-preview:large","max-video-preview":"max-video-preview:-1"},"canonical":"https:\/\/www.lapurla.ch\/fr\/news\/lapurla-zu-gast-in-kassel-teilnehmen-teil-sein-teilgeben","og_locale":"fr_FR","og_type":"article","og_title":"Lapurla invit\u00e9 \u00e0 Kassel : Teilnehmen \u2013 Teil sein \u2013 Teilgeben &#8211; Lapurla","og_description":"Les 25 et 26 novembre, la Fondation Lapurla \u2013 repr\u00e9sent\u00e9e par Karin Kraus et Helena Petersen \u2013 a particip\u00e9 \u00e0 la rencontre du r\u00e9seau \u00ab Fr\u00fchkindliche Kulturelle Bildung \u00bb (NFKB) ainsi qu\u2019\u00e0 la journ\u00e9e professionnelle \u00ab Kulturkita Hessen \u00bb \u00e0 Kassel.Cet \u00e9v\u00e9nement de deux jours \u00e9tait plac\u00e9 sous le th\u00e8me f\u00e9d\u00e9rateur :\u00ab Reli\u00e9 \u2013 plut\u00f4t [&hellip;]","og_url":"https:\/\/www.lapurla.ch\/fr\/news\/lapurla-zu-gast-in-kassel-teilnehmen-teil-sein-teilgeben","og_site_name":"Lapurla","article_modified_time":"2025-12-09T21:12:48+00:00","og_image":[{"width":1000,"height":563,"url":"https:\/\/www.lapurla.ch\/wp-content\/uploads\/2025\/12\/LapurlaJohanna-BenzNFKB.png","type":"image\/png"}],"twitter_card":"summary_large_image","twitter_misc":{"Dur\u00e9e de lecture estim\u00e9e":"2 minutes"},"schema":{"@context":"https:\/\/schema.org","@graph":[{"@type":"WebPage","@id":"https:\/\/www.lapurla.ch\/fr\/news\/lapurla-zu-gast-in-kassel-teilnehmen-teil-sein-teilgeben","url":"https:\/\/www.lapurla.ch\/fr\/news\/lapurla-zu-gast-in-kassel-teilnehmen-teil-sein-teilgeben","name":"Lapurla invit\u00e9 \u00e0 Kassel : Teilnehmen \u2013 Teil sein \u2013 Teilgeben &#8211; Lapurla","isPartOf":{"@id":"https:\/\/www.lapurla.ch\/#website"},"primaryImageOfPage":{"@id":"https:\/\/www.lapurla.ch\/fr\/news\/lapurla-zu-gast-in-kassel-teilnehmen-teil-sein-teilgeben#primaryimage"},"image":{"@id":"https:\/\/www.lapurla.ch\/fr\/news\/lapurla-zu-gast-in-kassel-teilnehmen-teil-sein-teilgeben#primaryimage"},"thumbnailUrl":"https:\/\/www.lapurla.ch\/wp-content\/uploads\/2025\/12\/LapurlaJohanna-BenzNFKB.png","datePublished":"2025-12-02T10:19:36+00:00","dateModified":"2025-12-09T21:12:48+00:00","breadcrumb":{"@id":"https:\/\/www.lapurla.ch\/fr\/news\/lapurla-zu-gast-in-kassel-teilnehmen-teil-sein-teilgeben#breadcrumb"},"inLanguage":"fr-FR","potentialAction":[{"@type":"ReadAction","target":["https:\/\/www.lapurla.ch\/fr\/news\/lapurla-zu-gast-in-kassel-teilnehmen-teil-sein-teilgeben"]}]},{"@type":"ImageObject","inLanguage":"fr-FR","@id":"https:\/\/www.lapurla.ch\/fr\/news\/lapurla-zu-gast-in-kassel-teilnehmen-teil-sein-teilgeben#primaryimage","url":"https:\/\/www.lapurla.ch\/wp-content\/uploads\/2025\/12\/LapurlaJohanna-BenzNFKB.png","contentUrl":"https:\/\/www.lapurla.ch\/wp-content\/uploads\/2025\/12\/LapurlaJohanna-BenzNFKB.png","width":1000,"height":563},{"@type":"BreadcrumbList","@id":"https:\/\/www.lapurla.ch\/fr\/news\/lapurla-zu-gast-in-kassel-teilnehmen-teil-sein-teilgeben#breadcrumb","itemListElement":[{"@type":"ListItem","position":1,"name":"Startseite","item":"https:\/\/www.lapurla.ch\/fr"},{"@type":"ListItem","position":2,"name":"News","item":"https:\/\/www.lapurla.ch\/news"},{"@type":"ListItem","position":3,"name":"Lapurla invit\u00e9 \u00e0 Kassel : Teilnehmen \u2013 Teil sein \u2013 Teilgeben"}]},{"@type":"WebSite","@id":"https:\/\/www.lapurla.ch\/#website","url":"https:\/\/www.lapurla.ch\/","name":"Lapurla","description":"","publisher":{"@id":"https:\/\/www.lapurla.ch\/#organization"},"potentialAction":[{"@type":"SearchAction","target":{"@type":"EntryPoint","urlTemplate":"https:\/\/www.lapurla.ch\/?s={search_term_string}"},"query-input":{"@type":"PropertyValueSpecification","valueRequired":true,"valueName":"search_term_string"}}],"inLanguage":"fr-FR"},{"@type":"Organization","@id":"https:\/\/www.lapurla.ch\/#organization","name":"Lapurla","url":"https:\/\/www.lapurla.ch\/","logo":{"@type":"ImageObject","inLanguage":"fr-FR","@id":"https:\/\/www.lapurla.ch\/#\/schema\/logo\/image\/","url":"https:\/\/www.lapurla.ch\/wp-content\/uploads\/2022\/03\/cropped-favicon.png","contentUrl":"https:\/\/www.lapurla.ch\/wp-content\/uploads\/2022\/03\/cropped-favicon.png","width":512,"height":512,"caption":"Lapurla"},"image":{"@id":"https:\/\/www.lapurla.ch\/#\/schema\/logo\/image\/"}}]}},"_links":{"self":[{"href":"https:\/\/www.lapurla.ch\/fr\/wp-json\/wp\/v2\/news\/31978","targetHints":{"allow":["GET"]}}],"collection":[{"href":"https:\/\/www.lapurla.ch\/fr\/wp-json\/wp\/v2\/news"}],"about":[{"href":"https:\/\/www.lapurla.ch\/fr\/wp-json\/wp\/v2\/types\/news"}],"version-history":[{"count":5,"href":"https:\/\/www.lapurla.ch\/fr\/wp-json\/wp\/v2\/news\/31978\/revisions"}],"predecessor-version":[{"id":31990,"href":"https:\/\/www.lapurla.ch\/fr\/wp-json\/wp\/v2\/news\/31978\/revisions\/31990"}],"wp:featuredmedia":[{"embeddable":true,"href":"https:\/\/www.lapurla.ch\/fr\/wp-json\/wp\/v2\/media\/32414"}],"wp:attachment":[{"href":"https:\/\/www.lapurla.ch\/fr\/wp-json\/wp\/v2\/media?parent=31978"}],"wp:term":[{"taxonomy":"category","embeddable":true,"href":"https:\/\/www.lapurla.ch\/fr\/wp-json\/wp\/v2\/categories?post=31978"}],"curies":[{"name":"wp","href":"https:\/\/api.w.org\/{rel}","templated":true}]}}