{"id":31831,"date":"2025-11-12T14:20:40","date_gmt":"2025-11-12T13:20:40","guid":{"rendered":"https:\/\/www.lapurla.ch\/news\/lapurla-an-der-jubilaeumstagung-von-kinderaerzte-schweiz-kis"},"modified":"2025-11-19T10:26:49","modified_gmt":"2025-11-19T09:26:49","slug":"lapurla-an-der-jubilaeumstagung-von-kinderaerzte-schweiz-kis","status":"publish","type":"news","link":"https:\/\/www.lapurla.ch\/fr\/news\/lapurla-an-der-jubilaeumstagung-von-kinderaerzte-schweiz-kis","title":{"rendered":"Lapurla au congr\u00e8s jubilaire de Kinder\u00e4rzte Schweiz (KIS)"},"content":{"rendered":"\n<p>Lapurla a eu le plaisir d\u2019animer, le 4 septembre 2025, deux ateliers lors du congr\u00e8s professionnel de notre partenaire r\u00e9seau Kinder\u00e4rzte Schweiz, \u00e0 l\u2019occasion de leur 30e anniversaire. Les ateliers portaient sur le th\u00e8me : \u00ab Le cabinet p\u00e9diatrique comme espace de cr\u00e9ativit\u00e9 : comment faire ? \u00bb.<br>Nous nous r\u00e9jouissons du bref retour publi\u00e9 \u00e0 ce sujet dans la revue sp\u00e9cialis\u00e9e de KIS 04\/2025 (voir page 36) et remercions chaleureusement Kinder\u00e4rzte Schweiz pour l\u2019invitation et la belle collaboration.<\/p>\n\n\n\n<p><a href=\"https:\/\/www.lapurla.ch\/wp-content\/uploads\/2025\/11\/KinderaerzteSchweiz42025.pdf\" target=\"_blank\" rel=\"noreferrer noopener\">Vers le num\u00e9ro jubilaire de la revue sp\u00e9cialis\u00e9e<\/a> ( en allemand )<\/p>\n\n\n\n<div id=\"testimonial-block_888e251151bb343d281e47a2f3115632\" class=\"mod-text-bild \">\n\t\t\t            <div class=\"row \">\n                <div class=\"image col-12 col-lg-6\">\n\t\t\t\t\t                        <figure>\n\t\t\t\t\t\t\t<div class=\"a-image js-a-image \"><picture class=\"a-image__picture js-a-image__picture\">           <source width=\"636\" height=\"477\"  media=\"(min-width: 1400px)\" data-srcset=\"https:\/\/www.lapurla.ch\/wp-content\/uploads\/2025\/11\/IMG6281-scaled-636x0.jpg 1x, https:\/\/www.lapurla.ch\/wp-content\/uploads\/2025\/11\/IMG6281-scaled-1272x0.jpg 2x\">           <source width=\"636\" height=\"477\" media=\"(min-width: 1200px)\" data-srcset=\"https:\/\/www.lapurla.ch\/wp-content\/uploads\/2025\/11\/IMG6281-scaled-636x0.jpg 1x, https:\/\/www.lapurla.ch\/wp-content\/uploads\/2025\/11\/IMG6281-scaled-1272x0.jpg 2x\">           <source width=\"636\" height=\"477\" media=\"(min-width: 992px)\" data-srcset=\"https:\/\/www.lapurla.ch\/wp-content\/uploads\/2025\/11\/IMG6281-scaled-636x0.jpg  1x, https:\/\/www.lapurla.ch\/wp-content\/uploads\/2025\/11\/IMG6281-scaled-1272x0.jpg 2x\">           <source width=\"636\" height=\"477\" media=\"(min-width: 768px)\" data-srcset=\"https:\/\/www.lapurla.ch\/wp-content\/uploads\/2025\/11\/IMG6281-scaled-636x0.jpg 1x, https:\/\/www.lapurla.ch\/wp-content\/uploads\/2025\/11\/IMG6281-scaled-1272x0.jpg 2x\">           <source width=\"375\" height=\"281\" media=\"(min-width: 576px)\" data-srcset=\"https:\/\/www.lapurla.ch\/wp-content\/uploads\/2025\/11\/IMG6281-scaled-375x0.jpg 1x, https:\/\/www.lapurla.ch\/wp-content\/uploads\/2025\/11\/IMG6281-scaled-750x0.jpg 2x\">           <img loading=\"lazy\" decoding=\"async\" width=\"375\" height=\"281\"           class=\"a-image__image js-a-image__image lazyload\" src=\"data:image\/gif;base64,R0lGODlhAQABAAAAACH5BAEKAAEALAAAAAABAAEAAAICTAEAOw==\"           data-src=\"https:\/\/www.lapurla.ch\/wp-content\/uploads\/2025\/11\/IMG6281-scaled-375x0.jpg\" data-srcset=\"https:\/\/www.lapurla.ch\/wp-content\/uploads\/2025\/11\/IMG6281-scaled-750x0.jpg 2x\" alt=\"\"\/>      <\/picture><\/div>                            <figcaption><\/figcaption>\n                        <\/figure>\n\t\t\t\t\t                <\/div>\n                <div class=\"text col-12 col-lg-6\">\n\t\t\t\t\t<p>Apr\u00e8s un bref apport th\u00e9orique sur l\u2019importance de l\u2019\u00e9veil esth\u00e9tique et de l\u2019encouragement de la cr\u00e9ativit\u00e9 dans la petite enfance, les p\u00e9diatres ainsi que les assistantes m\u00e9dicales ont eux-m\u00eames exp\u00e9riment\u00e9 et explor\u00e9 du mat\u00e9riel esth\u00e9tique. Nous avons ensuite \u00e9chang\u00e9 sur les possibilit\u00e9s de mise en pratique et constat\u00e9 qu\u2019il existe de nombreuses options simples pour introduire des impulsions cr\u00e9atives dans la salle d\u2019attente ou durant la consultation.<\/p>\n                <\/div>\n            <\/div>\n\t\t            <div class=\"row flex-row-reverse\">\n                <div class=\"image col-12 col-lg-6\">\n\t\t\t\t\t                        <figure>\n\t\t\t\t\t\t\t<div class=\"a-image js-a-image \"><picture class=\"a-image__picture js-a-image__picture\">           <source width=\"636\" height=\"477\"  media=\"(min-width: 1400px)\" data-srcset=\"https:\/\/www.lapurla.ch\/wp-content\/uploads\/2025\/11\/IMG6283-scaled-636x0.jpg 1x, https:\/\/www.lapurla.ch\/wp-content\/uploads\/2025\/11\/IMG6283-scaled-1272x0.jpg 2x\">           <source width=\"636\" height=\"477\" media=\"(min-width: 1200px)\" data-srcset=\"https:\/\/www.lapurla.ch\/wp-content\/uploads\/2025\/11\/IMG6283-scaled-636x0.jpg 1x, https:\/\/www.lapurla.ch\/wp-content\/uploads\/2025\/11\/IMG6283-scaled-1272x0.jpg 2x\">           <source width=\"636\" height=\"477\" media=\"(min-width: 992px)\" data-srcset=\"https:\/\/www.lapurla.ch\/wp-content\/uploads\/2025\/11\/IMG6283-scaled-636x0.jpg  1x, https:\/\/www.lapurla.ch\/wp-content\/uploads\/2025\/11\/IMG6283-scaled-1272x0.jpg 2x\">           <source width=\"636\" height=\"477\" media=\"(min-width: 768px)\" data-srcset=\"https:\/\/www.lapurla.ch\/wp-content\/uploads\/2025\/11\/IMG6283-scaled-636x0.jpg 1x, https:\/\/www.lapurla.ch\/wp-content\/uploads\/2025\/11\/IMG6283-scaled-1272x0.jpg 2x\">           <source width=\"375\" height=\"281\" media=\"(min-width: 576px)\" data-srcset=\"https:\/\/www.lapurla.ch\/wp-content\/uploads\/2025\/11\/IMG6283-scaled-375x0.jpg 1x, https:\/\/www.lapurla.ch\/wp-content\/uploads\/2025\/11\/IMG6283-scaled-750x0.jpg 2x\">           <img loading=\"lazy\" decoding=\"async\" width=\"375\" height=\"281\"           class=\"a-image__image js-a-image__image lazyload\" src=\"data:image\/gif;base64,R0lGODlhAQABAAAAACH5BAEKAAEALAAAAAABAAEAAAICTAEAOw==\"           data-src=\"https:\/\/www.lapurla.ch\/wp-content\/uploads\/2025\/11\/IMG6283-scaled-375x0.jpg\" data-srcset=\"https:\/\/www.lapurla.ch\/wp-content\/uploads\/2025\/11\/IMG6283-scaled-750x0.jpg 2x\" alt=\"\"\/>      <\/picture><\/div>                            <figcaption><\/figcaption>\n                        <\/figure>\n\t\t\t\t\t                <\/div>\n                <div class=\"text col-12 col-lg-6\">\n\t\t\t\t\t<p>&nbsp;<\/p>\n<p data-start=\"0\" data-end=\"162\">Pour les cabinets p\u00e9diatriques qui souhaitent concr\u00e9tiser chez eux des espaces de cr\u00e9ativit\u00e9, Lapurla se tient volontiers \u00e0 disposition pour les conseiller.<\/p>\n<p data-start=\"164\" data-end=\"204\" data-is-last-node=\"\" data-is-only-node=\"\">Plus d\u2019informations sur <a href=\"https:\/\/www.lapurla.ch\/fr\/services\">nos prestations<\/a>.<\/p>\n                <\/div>\n            <\/div>\n\t\t\t\n<\/div>\n\n\n\n<p><\/p>\n","protected":false},"excerpt":{"rendered":"<p>Lapurla a eu le plaisir d\u2019animer, le 4 septembre 2025, deux ateliers lors du congr\u00e8s professionnel de notre partenaire r\u00e9seau Kinder\u00e4rzte Schweiz, \u00e0 l\u2019occasion de leur 30e anniversaire. Les ateliers portaient sur le th\u00e8me : \u00ab Le cabinet p\u00e9diatrique comme espace de cr\u00e9ativit\u00e9 : comment faire ? \u00bb.Nous nous r\u00e9jouissons du bref retour publi\u00e9 \u00e0 [&hellip;]<\/p>\n","protected":false},"featured_media":31799,"template":"","meta":{"_acf_changed":false,"latitude":"","longitude":"","kurzbeschreibung":"Lapurla a eu le plaisir d\u2019animer deux ateliers lors du congr\u00e8s jubilaire de notre partenaire r\u00e9seau Kinder\u00e4rzte Schweiz, en septembre. Les ateliers portaient sur le th\u00e8me : \u00ab Le cabinet p\u00e9diatrique comme espace de libert\u00e9 cr\u00e9ative : comment faire ? \u00bb. Un bref retour sur cette exp\u00e9rience figure dans la revue sp\u00e9cialis\u00e9e de KIS.","datum_von":"","footnotes":""},"categories":[],"class_list":["post-31831","news","type-news","status-publish","has-post-thumbnail","hentry"],"acf":[],"yoast_head":"<!-- This site is optimized with the Yoast SEO plugin v27.2 - https:\/\/yoast.com\/product\/yoast-seo-wordpress\/ -->\n<title>Lapurla au congr\u00e8s jubilaire de Kinder\u00e4rzte Schweiz (KIS) &#8211; Lapurla<\/title>\n<meta name=\"robots\" content=\"index, follow, max-snippet:-1, max-image-preview:large, max-video-preview:-1\" \/>\n<link rel=\"canonical\" href=\"https:\/\/www.lapurla.ch\/fr\/news\/lapurla-an-der-jubilaeumstagung-von-kinderaerzte-schweiz-kis\" \/>\n<meta property=\"og:locale\" content=\"fr_FR\" \/>\n<meta property=\"og:type\" content=\"article\" \/>\n<meta property=\"og:title\" content=\"Lapurla au congr\u00e8s jubilaire de Kinder\u00e4rzte Schweiz (KIS) &#8211; Lapurla\" \/>\n<meta property=\"og:description\" content=\"Lapurla a eu le plaisir d\u2019animer, le 4 septembre 2025, deux ateliers lors du congr\u00e8s professionnel de notre partenaire r\u00e9seau Kinder\u00e4rzte Schweiz, \u00e0 l\u2019occasion de leur 30e anniversaire. Les ateliers portaient sur le th\u00e8me : \u00ab Le cabinet p\u00e9diatrique comme espace de cr\u00e9ativit\u00e9 : comment faire ? \u00bb.Nous nous r\u00e9jouissons du bref retour publi\u00e9 \u00e0 [&hellip;]\" \/>\n<meta property=\"og:url\" content=\"https:\/\/www.lapurla.ch\/fr\/news\/lapurla-an-der-jubilaeumstagung-von-kinderaerzte-schweiz-kis\" \/>\n<meta property=\"og:site_name\" content=\"Lapurla\" \/>\n<meta property=\"article:modified_time\" content=\"2025-11-19T09:26:49+00:00\" \/>\n<meta property=\"og:image\" content=\"https:\/\/www.lapurla.ch\/wp-content\/uploads\/2025\/11\/LapurlaIconsPublikationenKIS2025-scaled.png\" \/>\n\t<meta property=\"og:image:width\" content=\"2560\" \/>\n\t<meta property=\"og:image:height\" content=\"1440\" \/>\n\t<meta property=\"og:image:type\" content=\"image\/png\" \/>\n<meta name=\"twitter:card\" content=\"summary_large_image\" \/>\n<meta name=\"twitter:label1\" content=\"Dur\u00e9e de lecture estim\u00e9e\" \/>\n\t<meta name=\"twitter:data1\" content=\"1 minute\" \/>\n<script type=\"application\/ld+json\" class=\"yoast-schema-graph\">{\"@context\":\"https:\/\/schema.org\",\"@graph\":[{\"@type\":\"WebPage\",\"@id\":\"https:\/\/www.lapurla.ch\/fr\/news\/lapurla-an-der-jubilaeumstagung-von-kinderaerzte-schweiz-kis\",\"url\":\"https:\/\/www.lapurla.ch\/fr\/news\/lapurla-an-der-jubilaeumstagung-von-kinderaerzte-schweiz-kis\",\"name\":\"Lapurla au congr\u00e8s jubilaire de Kinder\u00e4rzte Schweiz (KIS) &#8211; Lapurla\",\"isPartOf\":{\"@id\":\"https:\/\/www.lapurla.ch\/#website\"},\"primaryImageOfPage\":{\"@id\":\"https:\/\/www.lapurla.ch\/fr\/news\/lapurla-an-der-jubilaeumstagung-von-kinderaerzte-schweiz-kis#primaryimage\"},\"image\":{\"@id\":\"https:\/\/www.lapurla.ch\/fr\/news\/lapurla-an-der-jubilaeumstagung-von-kinderaerzte-schweiz-kis#primaryimage\"},\"thumbnailUrl\":\"https:\/\/www.lapurla.ch\/wp-content\/uploads\/2025\/11\/LapurlaIconsPublikationenKIS2025-scaled.png\",\"datePublished\":\"2025-11-12T13:20:40+00:00\",\"dateModified\":\"2025-11-19T09:26:49+00:00\",\"breadcrumb\":{\"@id\":\"https:\/\/www.lapurla.ch\/fr\/news\/lapurla-an-der-jubilaeumstagung-von-kinderaerzte-schweiz-kis#breadcrumb\"},\"inLanguage\":\"fr-FR\",\"potentialAction\":[{\"@type\":\"ReadAction\",\"target\":[\"https:\/\/www.lapurla.ch\/fr\/news\/lapurla-an-der-jubilaeumstagung-von-kinderaerzte-schweiz-kis\"]}]},{\"@type\":\"ImageObject\",\"inLanguage\":\"fr-FR\",\"@id\":\"https:\/\/www.lapurla.ch\/fr\/news\/lapurla-an-der-jubilaeumstagung-von-kinderaerzte-schweiz-kis#primaryimage\",\"url\":\"https:\/\/www.lapurla.ch\/wp-content\/uploads\/2025\/11\/LapurlaIconsPublikationenKIS2025-scaled.png\",\"contentUrl\":\"https:\/\/www.lapurla.ch\/wp-content\/uploads\/2025\/11\/LapurlaIconsPublikationenKIS2025-scaled.png\",\"width\":2560,\"height\":1440},{\"@type\":\"BreadcrumbList\",\"@id\":\"https:\/\/www.lapurla.ch\/fr\/news\/lapurla-an-der-jubilaeumstagung-von-kinderaerzte-schweiz-kis#breadcrumb\",\"itemListElement\":[{\"@type\":\"ListItem\",\"position\":1,\"name\":\"Startseite\",\"item\":\"https:\/\/www.lapurla.ch\/fr\"},{\"@type\":\"ListItem\",\"position\":2,\"name\":\"News\",\"item\":\"https:\/\/www.lapurla.ch\/news\"},{\"@type\":\"ListItem\",\"position\":3,\"name\":\"Lapurla au congr\u00e8s jubilaire de Kinder\u00e4rzte Schweiz (KIS)\"}]},{\"@type\":\"WebSite\",\"@id\":\"https:\/\/www.lapurla.ch\/#website\",\"url\":\"https:\/\/www.lapurla.ch\/\",\"name\":\"Lapurla\",\"description\":\"\",\"publisher\":{\"@id\":\"https:\/\/www.lapurla.ch\/#organization\"},\"potentialAction\":[{\"@type\":\"SearchAction\",\"target\":{\"@type\":\"EntryPoint\",\"urlTemplate\":\"https:\/\/www.lapurla.ch\/?s={search_term_string}\"},\"query-input\":{\"@type\":\"PropertyValueSpecification\",\"valueRequired\":true,\"valueName\":\"search_term_string\"}}],\"inLanguage\":\"fr-FR\"},{\"@type\":\"Organization\",\"@id\":\"https:\/\/www.lapurla.ch\/#organization\",\"name\":\"Lapurla\",\"url\":\"https:\/\/www.lapurla.ch\/\",\"logo\":{\"@type\":\"ImageObject\",\"inLanguage\":\"fr-FR\",\"@id\":\"https:\/\/www.lapurla.ch\/#\/schema\/logo\/image\/\",\"url\":\"https:\/\/www.lapurla.ch\/wp-content\/uploads\/2022\/03\/cropped-favicon.png\",\"contentUrl\":\"https:\/\/www.lapurla.ch\/wp-content\/uploads\/2022\/03\/cropped-favicon.png\",\"width\":512,\"height\":512,\"caption\":\"Lapurla\"},\"image\":{\"@id\":\"https:\/\/www.lapurla.ch\/#\/schema\/logo\/image\/\"}}]}<\/script>\n<!-- \/ Yoast SEO plugin. -->","yoast_head_json":{"title":"Lapurla au congr\u00e8s jubilaire de Kinder\u00e4rzte Schweiz (KIS) &#8211; Lapurla","robots":{"index":"index","follow":"follow","max-snippet":"max-snippet:-1","max-image-preview":"max-image-preview:large","max-video-preview":"max-video-preview:-1"},"canonical":"https:\/\/www.lapurla.ch\/fr\/news\/lapurla-an-der-jubilaeumstagung-von-kinderaerzte-schweiz-kis","og_locale":"fr_FR","og_type":"article","og_title":"Lapurla au congr\u00e8s jubilaire de Kinder\u00e4rzte Schweiz (KIS) &#8211; Lapurla","og_description":"Lapurla a eu le plaisir d\u2019animer, le 4 septembre 2025, deux ateliers lors du congr\u00e8s professionnel de notre partenaire r\u00e9seau Kinder\u00e4rzte Schweiz, \u00e0 l\u2019occasion de leur 30e anniversaire. Les ateliers portaient sur le th\u00e8me : \u00ab Le cabinet p\u00e9diatrique comme espace de cr\u00e9ativit\u00e9 : comment faire ? \u00bb.Nous nous r\u00e9jouissons du bref retour publi\u00e9 \u00e0 [&hellip;]","og_url":"https:\/\/www.lapurla.ch\/fr\/news\/lapurla-an-der-jubilaeumstagung-von-kinderaerzte-schweiz-kis","og_site_name":"Lapurla","article_modified_time":"2025-11-19T09:26:49+00:00","og_image":[{"width":2560,"height":1440,"url":"https:\/\/www.lapurla.ch\/wp-content\/uploads\/2025\/11\/LapurlaIconsPublikationenKIS2025-scaled.png","type":"image\/png"}],"twitter_card":"summary_large_image","twitter_misc":{"Dur\u00e9e de lecture estim\u00e9e":"1 minute"},"schema":{"@context":"https:\/\/schema.org","@graph":[{"@type":"WebPage","@id":"https:\/\/www.lapurla.ch\/fr\/news\/lapurla-an-der-jubilaeumstagung-von-kinderaerzte-schweiz-kis","url":"https:\/\/www.lapurla.ch\/fr\/news\/lapurla-an-der-jubilaeumstagung-von-kinderaerzte-schweiz-kis","name":"Lapurla au congr\u00e8s jubilaire de Kinder\u00e4rzte Schweiz (KIS) &#8211; Lapurla","isPartOf":{"@id":"https:\/\/www.lapurla.ch\/#website"},"primaryImageOfPage":{"@id":"https:\/\/www.lapurla.ch\/fr\/news\/lapurla-an-der-jubilaeumstagung-von-kinderaerzte-schweiz-kis#primaryimage"},"image":{"@id":"https:\/\/www.lapurla.ch\/fr\/news\/lapurla-an-der-jubilaeumstagung-von-kinderaerzte-schweiz-kis#primaryimage"},"thumbnailUrl":"https:\/\/www.lapurla.ch\/wp-content\/uploads\/2025\/11\/LapurlaIconsPublikationenKIS2025-scaled.png","datePublished":"2025-11-12T13:20:40+00:00","dateModified":"2025-11-19T09:26:49+00:00","breadcrumb":{"@id":"https:\/\/www.lapurla.ch\/fr\/news\/lapurla-an-der-jubilaeumstagung-von-kinderaerzte-schweiz-kis#breadcrumb"},"inLanguage":"fr-FR","potentialAction":[{"@type":"ReadAction","target":["https:\/\/www.lapurla.ch\/fr\/news\/lapurla-an-der-jubilaeumstagung-von-kinderaerzte-schweiz-kis"]}]},{"@type":"ImageObject","inLanguage":"fr-FR","@id":"https:\/\/www.lapurla.ch\/fr\/news\/lapurla-an-der-jubilaeumstagung-von-kinderaerzte-schweiz-kis#primaryimage","url":"https:\/\/www.lapurla.ch\/wp-content\/uploads\/2025\/11\/LapurlaIconsPublikationenKIS2025-scaled.png","contentUrl":"https:\/\/www.lapurla.ch\/wp-content\/uploads\/2025\/11\/LapurlaIconsPublikationenKIS2025-scaled.png","width":2560,"height":1440},{"@type":"BreadcrumbList","@id":"https:\/\/www.lapurla.ch\/fr\/news\/lapurla-an-der-jubilaeumstagung-von-kinderaerzte-schweiz-kis#breadcrumb","itemListElement":[{"@type":"ListItem","position":1,"name":"Startseite","item":"https:\/\/www.lapurla.ch\/fr"},{"@type":"ListItem","position":2,"name":"News","item":"https:\/\/www.lapurla.ch\/news"},{"@type":"ListItem","position":3,"name":"Lapurla au congr\u00e8s jubilaire de Kinder\u00e4rzte Schweiz (KIS)"}]},{"@type":"WebSite","@id":"https:\/\/www.lapurla.ch\/#website","url":"https:\/\/www.lapurla.ch\/","name":"Lapurla","description":"","publisher":{"@id":"https:\/\/www.lapurla.ch\/#organization"},"potentialAction":[{"@type":"SearchAction","target":{"@type":"EntryPoint","urlTemplate":"https:\/\/www.lapurla.ch\/?s={search_term_string}"},"query-input":{"@type":"PropertyValueSpecification","valueRequired":true,"valueName":"search_term_string"}}],"inLanguage":"fr-FR"},{"@type":"Organization","@id":"https:\/\/www.lapurla.ch\/#organization","name":"Lapurla","url":"https:\/\/www.lapurla.ch\/","logo":{"@type":"ImageObject","inLanguage":"fr-FR","@id":"https:\/\/www.lapurla.ch\/#\/schema\/logo\/image\/","url":"https:\/\/www.lapurla.ch\/wp-content\/uploads\/2022\/03\/cropped-favicon.png","contentUrl":"https:\/\/www.lapurla.ch\/wp-content\/uploads\/2022\/03\/cropped-favicon.png","width":512,"height":512,"caption":"Lapurla"},"image":{"@id":"https:\/\/www.lapurla.ch\/#\/schema\/logo\/image\/"}}]}},"_links":{"self":[{"href":"https:\/\/www.lapurla.ch\/fr\/wp-json\/wp\/v2\/news\/31831","targetHints":{"allow":["GET"]}}],"collection":[{"href":"https:\/\/www.lapurla.ch\/fr\/wp-json\/wp\/v2\/news"}],"about":[{"href":"https:\/\/www.lapurla.ch\/fr\/wp-json\/wp\/v2\/types\/news"}],"version-history":[{"count":2,"href":"https:\/\/www.lapurla.ch\/fr\/wp-json\/wp\/v2\/news\/31831\/revisions"}],"predecessor-version":[{"id":31837,"href":"https:\/\/www.lapurla.ch\/fr\/wp-json\/wp\/v2\/news\/31831\/revisions\/31837"}],"wp:featuredmedia":[{"embeddable":true,"href":"https:\/\/www.lapurla.ch\/fr\/wp-json\/wp\/v2\/media\/31799"}],"wp:attachment":[{"href":"https:\/\/www.lapurla.ch\/fr\/wp-json\/wp\/v2\/media?parent=31831"}],"wp:term":[{"taxonomy":"category","embeddable":true,"href":"https:\/\/www.lapurla.ch\/fr\/wp-json\/wp\/v2\/categories?post=31831"}],"curies":[{"name":"wp","href":"https:\/\/api.w.org\/{rel}","templated":true}]}}