{"id":30939,"date":"2025-10-01T08:55:48","date_gmt":"2025-10-01T06:55:48","guid":{"rendered":"https:\/\/www.lapurla.ch\/?post_type=news&#038;p=30939"},"modified":"2025-11-24T17:10:01","modified_gmt":"2025-11-24T16:10:01","slug":"partenaire-reseau-intrinsic","status":"publish","type":"news","link":"https:\/\/www.lapurla.ch\/fr\/news\/partenaire-reseau-intrinsic","title":{"rendered":"Partenaire r\u00e9seau \u00abIntrinsic\u00bb"},"content":{"rendered":"\n<p>C&rsquo;est avec grand plaisir que nous vous pr\u00e9sentons notre nouveau partenaire r\u00e9seau : \u00ab<a href=\"https:\/\/www.intrinsic.ch\"> <\/a><a href=\"https:\/\/www.intrinsic.ch\" target=\"_blank\" rel=\"noreferrer noopener\">Intrinsic <\/a>\u00bb.<\/p>\n\n\n\n<p>Intrinsic Learning Lab AG initie et d\u00e9veloppe des cultures d&rsquo;apprentissage.<br>Intrinsic organise des voyages d&rsquo;apprentissage avec des \u00e9coles et des entreprises.<br>Car aujourd&rsquo;hui, ce qui compte, c&rsquo;est la mani\u00e8re dont nous apprenons, et non ce que nous savons.<\/p>\n\n\n\n<p>La motivation d&rsquo;\u00ab Intrinsic \u00bb pour ce partenariat avec Lapurla est la suivante :<\/p>\n\n\n\n<p>\u00ab Ce que les enfants vivent pendant leurs premi\u00e8res ann\u00e9es fa\u00e7onne la mani\u00e8re dont ils se comportent plus tard avec eux-m\u00eames, avec les autres et avec le monde. L&rsquo;\u00e9ducation de la petite enfance ouvre des espaces dans lesquels la personnalit\u00e9 peut s&rsquo;\u00e9panouir \u2013 \u00e0 travers ses propres exp\u00e9riences, ses d\u00e9cisions libres et la cr\u00e9ation commune. C&rsquo;est l\u00e0 que commence la responsabilit\u00e9. Et c&rsquo;est l\u00e0 qu&rsquo;Intrinsic intervient : car les grands d\u00e9fis de notre \u00e9poque ont besoin de personnes qui sont int\u00e9rieurement libres, cr\u00e9atives, connect\u00e9es et capables d&rsquo;agir. \u00bb<\/p>\n\n\n\n<p>Nous nous r\u00e9jouissons beaucoup de cette collaboration pr\u00e9cieuse et enrichissante, avec pour vision que l&rsquo;\u00e9cole s&rsquo;inspire \u00e9galement de la petite enfance pour montrer comment fonctionne l&rsquo;apprentissage intrins\u00e8quement motiv\u00e9 et efficace. Lapurla et Intrinsic veulent apprendre l&rsquo;un de l&rsquo;autre et l&rsquo;un avec l&rsquo;autre pour une \u00e9ducation tourn\u00e9e vers l&rsquo;avenir.<\/p>\n\n\n\n<p><a href=\"https:\/\/www.lapurla.ch\/fr\/netzwerkpartner\">Les partenaires du r\u00e9seau Lapurla<\/a><\/p>\n","protected":false},"excerpt":{"rendered":"<p>C&rsquo;est avec grand plaisir que nous vous pr\u00e9sentons notre nouveau partenaire r\u00e9seau : \u00ab Intrinsic \u00bb. Intrinsic Learning Lab AG initie et d\u00e9veloppe des cultures d&rsquo;apprentissage.Intrinsic organise des voyages d&rsquo;apprentissage avec des \u00e9coles et des entreprises.Car aujourd&rsquo;hui, ce qui compte, c&rsquo;est la mani\u00e8re dont nous apprenons, et non ce que nous savons. La motivation d&rsquo;\u00ab [&hellip;]<\/p>\n","protected":false},"featured_media":30927,"template":"","meta":{"_acf_changed":false,"latitude":"","longitude":"","kurzbeschreibung":"C'est avec grand plaisir que nous vous pr\u00e9sentons notre nouveau partenaire r\u00e9seau \u00ab Intrinsic \u00bb : Intrinsic initie et d\u00e9veloppe de nouvelles cultures d'apprentissage, car aujourd'hui, ce qui compte, c'est la mani\u00e8re dont nous apprenons, et non ce que nous savons. Lapurla et Intrinsic souhaitent apprendre l'un de l'autre et ensemble comment fonctionne une \u00e9ducation tourn\u00e9e vers l'avenir.","datum_von":"","footnotes":""},"categories":[],"class_list":["post-30939","news","type-news","status-publish","has-post-thumbnail","hentry"],"acf":[],"yoast_head":"<!-- This site is optimized with the Yoast SEO plugin v27.2 - https:\/\/yoast.com\/product\/yoast-seo-wordpress\/ -->\n<title>Partenaire r\u00e9seau \u00abIntrinsic\u00bb &#8211; Lapurla<\/title>\n<meta name=\"robots\" content=\"index, follow, max-snippet:-1, max-image-preview:large, max-video-preview:-1\" \/>\n<link rel=\"canonical\" href=\"https:\/\/www.lapurla.ch\/fr\/news\/partenaire-reseau-intrinsic\" \/>\n<meta property=\"og:locale\" content=\"fr_FR\" \/>\n<meta property=\"og:type\" content=\"article\" \/>\n<meta property=\"og:title\" content=\"Partenaire r\u00e9seau \u00abIntrinsic\u00bb &#8211; Lapurla\" \/>\n<meta property=\"og:description\" content=\"C&rsquo;est avec grand plaisir que nous vous pr\u00e9sentons notre nouveau partenaire r\u00e9seau : \u00ab Intrinsic \u00bb. Intrinsic Learning Lab AG initie et d\u00e9veloppe des cultures d&rsquo;apprentissage.Intrinsic organise des voyages d&rsquo;apprentissage avec des \u00e9coles et des entreprises.Car aujourd&rsquo;hui, ce qui compte, c&rsquo;est la mani\u00e8re dont nous apprenons, et non ce que nous savons. La motivation d&rsquo;\u00ab [&hellip;]\" \/>\n<meta property=\"og:url\" content=\"https:\/\/www.lapurla.ch\/fr\/news\/partenaire-reseau-intrinsic\" \/>\n<meta property=\"og:site_name\" content=\"Lapurla\" \/>\n<meta property=\"article:modified_time\" content=\"2025-11-24T16:10:01+00:00\" \/>\n<meta property=\"og:image\" content=\"https:\/\/www.lapurla.ch\/wp-content\/uploads\/2025\/10\/ZitateNetzwerkpartner2-scaled.jpg\" \/>\n\t<meta property=\"og:image:width\" content=\"1\" \/>\n\t<meta property=\"og:image:height\" content=\"1\" \/>\n\t<meta property=\"og:image:type\" content=\"image\/jpeg\" \/>\n<meta name=\"twitter:card\" content=\"summary_large_image\" \/>\n<meta name=\"twitter:label1\" content=\"Dur\u00e9e de lecture estim\u00e9e\" \/>\n\t<meta name=\"twitter:data1\" content=\"2 minutes\" \/>\n<script type=\"application\/ld+json\" class=\"yoast-schema-graph\">{\"@context\":\"https:\/\/schema.org\",\"@graph\":[{\"@type\":\"WebPage\",\"@id\":\"https:\/\/www.lapurla.ch\/fr\/news\/partenaire-reseau-intrinsic\",\"url\":\"https:\/\/www.lapurla.ch\/fr\/news\/partenaire-reseau-intrinsic\",\"name\":\"Partenaire r\u00e9seau \u00abIntrinsic\u00bb &#8211; Lapurla\",\"isPartOf\":{\"@id\":\"https:\/\/www.lapurla.ch\/#website\"},\"primaryImageOfPage\":{\"@id\":\"https:\/\/www.lapurla.ch\/fr\/news\/partenaire-reseau-intrinsic#primaryimage\"},\"image\":{\"@id\":\"https:\/\/www.lapurla.ch\/fr\/news\/partenaire-reseau-intrinsic#primaryimage\"},\"thumbnailUrl\":\"https:\/\/www.lapurla.ch\/wp-content\/uploads\/2025\/10\/ZitateNetzwerkpartner2-scaled.jpg\",\"datePublished\":\"2025-10-01T06:55:48+00:00\",\"dateModified\":\"2025-11-24T16:10:01+00:00\",\"breadcrumb\":{\"@id\":\"https:\/\/www.lapurla.ch\/fr\/news\/partenaire-reseau-intrinsic#breadcrumb\"},\"inLanguage\":\"fr-FR\",\"potentialAction\":[{\"@type\":\"ReadAction\",\"target\":[\"https:\/\/www.lapurla.ch\/fr\/news\/partenaire-reseau-intrinsic\"]}]},{\"@type\":\"ImageObject\",\"inLanguage\":\"fr-FR\",\"@id\":\"https:\/\/www.lapurla.ch\/fr\/news\/partenaire-reseau-intrinsic#primaryimage\",\"url\":\"https:\/\/www.lapurla.ch\/wp-content\/uploads\/2025\/10\/ZitateNetzwerkpartner2-scaled.jpg\",\"contentUrl\":\"https:\/\/www.lapurla.ch\/wp-content\/uploads\/2025\/10\/ZitateNetzwerkpartner2-scaled.jpg\"},{\"@type\":\"BreadcrumbList\",\"@id\":\"https:\/\/www.lapurla.ch\/fr\/news\/partenaire-reseau-intrinsic#breadcrumb\",\"itemListElement\":[{\"@type\":\"ListItem\",\"position\":1,\"name\":\"Startseite\",\"item\":\"https:\/\/www.lapurla.ch\/fr\"},{\"@type\":\"ListItem\",\"position\":2,\"name\":\"News\",\"item\":\"https:\/\/www.lapurla.ch\/news\"},{\"@type\":\"ListItem\",\"position\":3,\"name\":\"Partenaire r\u00e9seau \u00abIntrinsic\u00bb\"}]},{\"@type\":\"WebSite\",\"@id\":\"https:\/\/www.lapurla.ch\/#website\",\"url\":\"https:\/\/www.lapurla.ch\/\",\"name\":\"Lapurla\",\"description\":\"\",\"publisher\":{\"@id\":\"https:\/\/www.lapurla.ch\/#organization\"},\"potentialAction\":[{\"@type\":\"SearchAction\",\"target\":{\"@type\":\"EntryPoint\",\"urlTemplate\":\"https:\/\/www.lapurla.ch\/?s={search_term_string}\"},\"query-input\":{\"@type\":\"PropertyValueSpecification\",\"valueRequired\":true,\"valueName\":\"search_term_string\"}}],\"inLanguage\":\"fr-FR\"},{\"@type\":\"Organization\",\"@id\":\"https:\/\/www.lapurla.ch\/#organization\",\"name\":\"Lapurla\",\"url\":\"https:\/\/www.lapurla.ch\/\",\"logo\":{\"@type\":\"ImageObject\",\"inLanguage\":\"fr-FR\",\"@id\":\"https:\/\/www.lapurla.ch\/#\/schema\/logo\/image\/\",\"url\":\"https:\/\/www.lapurla.ch\/wp-content\/uploads\/2022\/03\/cropped-favicon.png\",\"contentUrl\":\"https:\/\/www.lapurla.ch\/wp-content\/uploads\/2022\/03\/cropped-favicon.png\",\"width\":512,\"height\":512,\"caption\":\"Lapurla\"},\"image\":{\"@id\":\"https:\/\/www.lapurla.ch\/#\/schema\/logo\/image\/\"}}]}<\/script>\n<!-- \/ Yoast SEO plugin. -->","yoast_head_json":{"title":"Partenaire r\u00e9seau \u00abIntrinsic\u00bb &#8211; Lapurla","robots":{"index":"index","follow":"follow","max-snippet":"max-snippet:-1","max-image-preview":"max-image-preview:large","max-video-preview":"max-video-preview:-1"},"canonical":"https:\/\/www.lapurla.ch\/fr\/news\/partenaire-reseau-intrinsic","og_locale":"fr_FR","og_type":"article","og_title":"Partenaire r\u00e9seau \u00abIntrinsic\u00bb &#8211; Lapurla","og_description":"C&rsquo;est avec grand plaisir que nous vous pr\u00e9sentons notre nouveau partenaire r\u00e9seau : \u00ab Intrinsic \u00bb. Intrinsic Learning Lab AG initie et d\u00e9veloppe des cultures d&rsquo;apprentissage.Intrinsic organise des voyages d&rsquo;apprentissage avec des \u00e9coles et des entreprises.Car aujourd&rsquo;hui, ce qui compte, c&rsquo;est la mani\u00e8re dont nous apprenons, et non ce que nous savons. La motivation d&rsquo;\u00ab [&hellip;]","og_url":"https:\/\/www.lapurla.ch\/fr\/news\/partenaire-reseau-intrinsic","og_site_name":"Lapurla","article_modified_time":"2025-11-24T16:10:01+00:00","og_image":[{"url":"https:\/\/www.lapurla.ch\/wp-content\/uploads\/2025\/10\/ZitateNetzwerkpartner2-scaled.jpg","width":1,"height":1,"type":"image\/jpeg"}],"twitter_card":"summary_large_image","twitter_misc":{"Dur\u00e9e de lecture estim\u00e9e":"2 minutes"},"schema":{"@context":"https:\/\/schema.org","@graph":[{"@type":"WebPage","@id":"https:\/\/www.lapurla.ch\/fr\/news\/partenaire-reseau-intrinsic","url":"https:\/\/www.lapurla.ch\/fr\/news\/partenaire-reseau-intrinsic","name":"Partenaire r\u00e9seau \u00abIntrinsic\u00bb &#8211; Lapurla","isPartOf":{"@id":"https:\/\/www.lapurla.ch\/#website"},"primaryImageOfPage":{"@id":"https:\/\/www.lapurla.ch\/fr\/news\/partenaire-reseau-intrinsic#primaryimage"},"image":{"@id":"https:\/\/www.lapurla.ch\/fr\/news\/partenaire-reseau-intrinsic#primaryimage"},"thumbnailUrl":"https:\/\/www.lapurla.ch\/wp-content\/uploads\/2025\/10\/ZitateNetzwerkpartner2-scaled.jpg","datePublished":"2025-10-01T06:55:48+00:00","dateModified":"2025-11-24T16:10:01+00:00","breadcrumb":{"@id":"https:\/\/www.lapurla.ch\/fr\/news\/partenaire-reseau-intrinsic#breadcrumb"},"inLanguage":"fr-FR","potentialAction":[{"@type":"ReadAction","target":["https:\/\/www.lapurla.ch\/fr\/news\/partenaire-reseau-intrinsic"]}]},{"@type":"ImageObject","inLanguage":"fr-FR","@id":"https:\/\/www.lapurla.ch\/fr\/news\/partenaire-reseau-intrinsic#primaryimage","url":"https:\/\/www.lapurla.ch\/wp-content\/uploads\/2025\/10\/ZitateNetzwerkpartner2-scaled.jpg","contentUrl":"https:\/\/www.lapurla.ch\/wp-content\/uploads\/2025\/10\/ZitateNetzwerkpartner2-scaled.jpg"},{"@type":"BreadcrumbList","@id":"https:\/\/www.lapurla.ch\/fr\/news\/partenaire-reseau-intrinsic#breadcrumb","itemListElement":[{"@type":"ListItem","position":1,"name":"Startseite","item":"https:\/\/www.lapurla.ch\/fr"},{"@type":"ListItem","position":2,"name":"News","item":"https:\/\/www.lapurla.ch\/news"},{"@type":"ListItem","position":3,"name":"Partenaire r\u00e9seau \u00abIntrinsic\u00bb"}]},{"@type":"WebSite","@id":"https:\/\/www.lapurla.ch\/#website","url":"https:\/\/www.lapurla.ch\/","name":"Lapurla","description":"","publisher":{"@id":"https:\/\/www.lapurla.ch\/#organization"},"potentialAction":[{"@type":"SearchAction","target":{"@type":"EntryPoint","urlTemplate":"https:\/\/www.lapurla.ch\/?s={search_term_string}"},"query-input":{"@type":"PropertyValueSpecification","valueRequired":true,"valueName":"search_term_string"}}],"inLanguage":"fr-FR"},{"@type":"Organization","@id":"https:\/\/www.lapurla.ch\/#organization","name":"Lapurla","url":"https:\/\/www.lapurla.ch\/","logo":{"@type":"ImageObject","inLanguage":"fr-FR","@id":"https:\/\/www.lapurla.ch\/#\/schema\/logo\/image\/","url":"https:\/\/www.lapurla.ch\/wp-content\/uploads\/2022\/03\/cropped-favicon.png","contentUrl":"https:\/\/www.lapurla.ch\/wp-content\/uploads\/2022\/03\/cropped-favicon.png","width":512,"height":512,"caption":"Lapurla"},"image":{"@id":"https:\/\/www.lapurla.ch\/#\/schema\/logo\/image\/"}}]}},"_links":{"self":[{"href":"https:\/\/www.lapurla.ch\/fr\/wp-json\/wp\/v2\/news\/30939","targetHints":{"allow":["GET"]}}],"collection":[{"href":"https:\/\/www.lapurla.ch\/fr\/wp-json\/wp\/v2\/news"}],"about":[{"href":"https:\/\/www.lapurla.ch\/fr\/wp-json\/wp\/v2\/types\/news"}],"version-history":[{"count":5,"href":"https:\/\/www.lapurla.ch\/fr\/wp-json\/wp\/v2\/news\/30939\/revisions"}],"predecessor-version":[{"id":31934,"href":"https:\/\/www.lapurla.ch\/fr\/wp-json\/wp\/v2\/news\/30939\/revisions\/31934"}],"wp:featuredmedia":[{"embeddable":true,"href":"https:\/\/www.lapurla.ch\/fr\/wp-json\/wp\/v2\/media\/30927"}],"wp:attachment":[{"href":"https:\/\/www.lapurla.ch\/fr\/wp-json\/wp\/v2\/media?parent=30939"}],"wp:term":[{"taxonomy":"category","embeddable":true,"href":"https:\/\/www.lapurla.ch\/fr\/wp-json\/wp\/v2\/categories?post=30939"}],"curies":[{"name":"wp","href":"https:\/\/api.w.org\/{rel}","templated":true}]}}