{"id":29691,"date":"2025-05-30T18:23:00","date_gmt":"2025-05-30T16:23:00","guid":{"rendered":"https:\/\/www.lapurla.ch\/news\/eine-starke-anerkennung-fuer-lapurla-prix-de-letat-de-berne"},"modified":"2025-07-01T10:38:45","modified_gmt":"2025-07-01T08:38:45","slug":"eine-starke-anerkennung-fuer-lapurla-prix-de-letat-de-berne","status":"publish","type":"news","link":"https:\/\/www.lapurla.ch\/fr\/news\/eine-starke-anerkennung-fuer-lapurla-prix-de-letat-de-berne","title":{"rendered":"Une reconnaissance forte pour Lapurla : Prix de l&rsquo;\u00c9tat de Berne"},"content":{"rendered":"\n<h2 class=\"wp-block-heading\">Appr\u00e9ciation<\/h2>\n\n\n\n<div id=\"testimonial-block_029f6706ed1b895d5a2bf5cfd3d7b041\" class=\"mod-text-bild \">\n\t\t\t            <div class=\"row flex-row-reverse\">\n                <div class=\"image col-12 col-lg-6\">\n\t\t\t\t\t                        <figure>\n\t\t\t\t\t\t\t<div class=\"a-image js-a-image \"><picture class=\"a-image__picture js-a-image__picture\">           <source width=\"636\" height=\"469\"  media=\"(min-width: 1400px)\" data-srcset=\"https:\/\/www.lapurla.ch\/wp-content\/uploads\/2025\/06\/ZertifikatBerner-STaatspreis20250523-scaled-636x0.jpg 1x, https:\/\/www.lapurla.ch\/wp-content\/uploads\/2025\/06\/ZertifikatBerner-STaatspreis20250523-scaled-1272x0.jpg 2x\">           <source width=\"636\" height=\"469\" media=\"(min-width: 1200px)\" data-srcset=\"https:\/\/www.lapurla.ch\/wp-content\/uploads\/2025\/06\/ZertifikatBerner-STaatspreis20250523-scaled-636x0.jpg 1x, https:\/\/www.lapurla.ch\/wp-content\/uploads\/2025\/06\/ZertifikatBerner-STaatspreis20250523-scaled-1272x0.jpg 2x\">           <source width=\"636\" height=\"469\" media=\"(min-width: 992px)\" data-srcset=\"https:\/\/www.lapurla.ch\/wp-content\/uploads\/2025\/06\/ZertifikatBerner-STaatspreis20250523-scaled-636x0.jpg  1x, https:\/\/www.lapurla.ch\/wp-content\/uploads\/2025\/06\/ZertifikatBerner-STaatspreis20250523-scaled-1272x0.jpg 2x\">           <source width=\"636\" height=\"469\" media=\"(min-width: 768px)\" data-srcset=\"https:\/\/www.lapurla.ch\/wp-content\/uploads\/2025\/06\/ZertifikatBerner-STaatspreis20250523-scaled-636x0.jpg 1x, https:\/\/www.lapurla.ch\/wp-content\/uploads\/2025\/06\/ZertifikatBerner-STaatspreis20250523-scaled-1272x0.jpg 2x\">           <source width=\"375\" height=\"277\" media=\"(min-width: 576px)\" data-srcset=\"https:\/\/www.lapurla.ch\/wp-content\/uploads\/2025\/06\/ZertifikatBerner-STaatspreis20250523-scaled-375x0.jpg 1x, https:\/\/www.lapurla.ch\/wp-content\/uploads\/2025\/06\/ZertifikatBerner-STaatspreis20250523-scaled-750x0.jpg 2x\">           <img loading=\"lazy\" decoding=\"async\" width=\"375\" height=\"277\"           class=\"a-image__image js-a-image__image lazyload\" src=\"data:image\/gif;base64,R0lGODlhAQABAAAAACH5BAEKAAEALAAAAAABAAEAAAICTAEAOw==\"           data-src=\"https:\/\/www.lapurla.ch\/wp-content\/uploads\/2025\/06\/ZertifikatBerner-STaatspreis20250523-scaled-375x0.jpg\" data-srcset=\"https:\/\/www.lapurla.ch\/wp-content\/uploads\/2025\/06\/ZertifikatBerner-STaatspreis20250523-scaled-750x0.jpg 2x\" alt=\"\"\/>      <\/picture><\/div>                            <figcaption>Certificat Prix de l&rsquo;Etat de Berne<\/figcaption>\n                        <\/figure>\n\t\t\t\t\t                <\/div>\n                <div class=\"text col-12 col-lg-6\">\n\t\t\t\t\t<p>Universit\u00e9 de Lausanne sur proposition de la Direction de l&rsquo;Universit\u00e9 de Lausanne : le Conseil d&rsquo;Etat du Canton de Vaud d\u00e9cerne le PRIX D&rsquo;ETAT BERNOIS \u00e0 LAPURLA :<\/p>\n<p><span class=\"s1\">\u00ab Pour son engagement exceptionnel dans l\u2019\u00e9veil artistique des enfants, \u00e0 travers la cr\u00e9ation de projets novateurs favorisant le dialogue et les collaborations interculturelles entre les diff\u00e9rentes r\u00e9gions de Suisse.<\/span><span class=\"s1\">\u00c0 la Fondation qui offre \u00e0 tout enfant l\u2019opportunit\u00e9 de d\u00e9couvrir l\u2019art d\u00e8s le plus jeune \u00e2ge. Pour la passion avec laquelle elle forme les professionel-les de la petit enfance et sensibilise les institutions culturelles \u00e0 l\u2019importance de cet \u00e9veil, contribuant<\/span><span class=\"apple-converted-space\">\u00a0 <\/span><span class=\"s1\">ainsi \u00e0 d\u00e9fendre des valeurs de diversit\u00e9 et de cr\u00e9ativit\u00e9.<\/span> \u00bb<\/p>\n                <\/div>\n            <\/div>\n\t\t            <div class=\"row flex-row-reverse\">\n                <div class=\"image col-12 col-lg-6\">\n\t\t\t\t\t                <\/div>\n                <div class=\"text col-12 col-lg-6\">\n\t\t\t\t\t                <\/div>\n            <\/div>\n\t\t\t\n<\/div>\n\n\n\n<hr class=\"wp-block-separator has-alpha-channel-opacity\"\/>\n\n\n\n<h2 class=\"wp-block-heading\">Vid\u00e9o de la c\u00e9r\u00e9monie de remise des prix<\/h2>\n\n\n\n<p>Remise du prix Lapurla voir \u00e0 partir de la minute 1:24:35<\/p>\n\n\n\n<p><iframe loading=\"lazy\" title=\"UNIL | Dies academicus 2025\" width=\"500\" height=\"281\" src=\"https:\/\/www.youtube.com\/embed\/Ad-0qkqAxAA?start=5075&#038;feature=oembed\" frameborder=\"0\" allow=\"accelerometer; autoplay; clipboard-write; encrypted-media; gyroscope; picture-in-picture; web-share\" referrerpolicy=\"strict-origin-when-cross-origin\" allowfullscreen><\/iframe><\/p>\n\n\n\n<hr class=\"wp-block-separator has-alpha-channel-opacity\"\/>\n\n\n\n<h2 class=\"wp-block-heading\">D\u00e9l\u00e9gation Lapurla<\/h2>\n\n\n\n<div id=\"testimonial-block_140d11ccf74de92c91697e1cd20f6e17\" class=\"mod-text-bild \">\n\t\t\t            <div class=\"row flex-row-reverse\">\n                <div class=\"image col-12 col-lg-6\">\n\t\t\t\t\t                        <figure>\n\t\t\t\t\t\t\t<div class=\"a-image js-a-image \"><picture class=\"a-image__picture js-a-image__picture\">           <source width=\"636\" height=\"423\"  media=\"(min-width: 1400px)\" data-srcset=\"https:\/\/www.lapurla.ch\/wp-content\/uploads\/2025\/06\/PrixEtat-de-BerneUnilDies-Academicus202505232-636x0.jpeg 1x, https:\/\/www.lapurla.ch\/wp-content\/uploads\/2025\/06\/PrixEtat-de-BerneUnilDies-Academicus202505232-1272x0.jpeg 2x\">           <source width=\"636\" height=\"423\" media=\"(min-width: 1200px)\" data-srcset=\"https:\/\/www.lapurla.ch\/wp-content\/uploads\/2025\/06\/PrixEtat-de-BerneUnilDies-Academicus202505232-636x0.jpeg 1x, https:\/\/www.lapurla.ch\/wp-content\/uploads\/2025\/06\/PrixEtat-de-BerneUnilDies-Academicus202505232-1272x0.jpeg 2x\">           <source width=\"636\" height=\"423\" media=\"(min-width: 992px)\" data-srcset=\"https:\/\/www.lapurla.ch\/wp-content\/uploads\/2025\/06\/PrixEtat-de-BerneUnilDies-Academicus202505232-636x0.jpeg  1x, https:\/\/www.lapurla.ch\/wp-content\/uploads\/2025\/06\/PrixEtat-de-BerneUnilDies-Academicus202505232-1272x0.jpeg 2x\">           <source width=\"636\" height=\"423\" media=\"(min-width: 768px)\" data-srcset=\"https:\/\/www.lapurla.ch\/wp-content\/uploads\/2025\/06\/PrixEtat-de-BerneUnilDies-Academicus202505232-636x0.jpeg 1x, https:\/\/www.lapurla.ch\/wp-content\/uploads\/2025\/06\/PrixEtat-de-BerneUnilDies-Academicus202505232-1272x0.jpeg 2x\">           <source width=\"375\" height=\"250\" media=\"(min-width: 576px)\" data-srcset=\"https:\/\/www.lapurla.ch\/wp-content\/uploads\/2025\/06\/PrixEtat-de-BerneUnilDies-Academicus202505232-375x0.jpeg 1x, https:\/\/www.lapurla.ch\/wp-content\/uploads\/2025\/06\/PrixEtat-de-BerneUnilDies-Academicus202505232-750x0.jpeg 2x\">           <img loading=\"lazy\" decoding=\"async\" width=\"375\" height=\"250\"           class=\"a-image__image js-a-image__image lazyload\" src=\"data:image\/gif;base64,R0lGODlhAQABAAAAACH5BAEKAAEALAAAAAABAAEAAAICTAEAOw==\"           data-src=\"https:\/\/www.lapurla.ch\/wp-content\/uploads\/2025\/06\/PrixEtat-de-BerneUnilDies-Academicus202505232-375x0.jpeg\" data-srcset=\"https:\/\/www.lapurla.ch\/wp-content\/uploads\/2025\/06\/PrixEtat-de-BerneUnilDies-Academicus202505232-750x0.jpeg 2x\" alt=\"\"\/>      <\/picture><\/div>                            <figcaption>Foto:  F\u00e9lix Imhof \u00a9 Unil<\/figcaption>\n                        <\/figure>\n\t\t\t\t\t                <\/div>\n                <div class=\"text col-12 col-lg-6\">\n\t\t\t\t\t<p>Lapurla a re\u00e7u avec une grande joie le prix, accompagn\u00e9 de la d\u00e9l\u00e9gation suivante (de gauche \u00e0 droite) :<\/p>\n<ul>\n<li><strong>Evelyne Vachoux<\/strong>, responsable de l&rsquo;association Kal\u00e9idoscope (GE)<\/li>\n<li><strong>Sabine Germann<\/strong>, conseill\u00e8re p\u00e9dagogique Partenaire enfance et p\u00e9dagogie PEP (VD)<\/li>\n<li><strong>Helena Petersen<\/strong>, assistante de projet Lapurla<\/li>\n<li><strong>Karin Kraus<\/strong>, Fondatrice &amp; Directrice Lapurla<\/li>\n<\/ul>\n                <\/div>\n            <\/div>\n\t\t\t\n<\/div>\n\n\n\n<hr class=\"wp-block-separator has-alpha-channel-opacity\"\/>\n\n\n\n<h2 class=\"wp-block-heading\">Remerciements<\/h2>\n\n\n\n<div id=\"testimonial-block_d120eb69cbb2df540aa39ce6061fdffc\" class=\"mod-text-bild \">\n\t\t\t            <div class=\"row flex-row-reverse\">\n                <div class=\"image col-12 col-lg-6\">\n\t\t\t\t\t                        <figure>\n\t\t\t\t\t\t\t<div class=\"a-image js-a-image \"><picture class=\"a-image__picture js-a-image__picture\">           <source width=\"636\" height=\"424\"  media=\"(min-width: 1400px)\" data-srcset=\"https:\/\/www.lapurla.ch\/wp-content\/uploads\/2025\/06\/PrixEtat-de-BerneUnilDies-Academicus202505233-636x0.jpeg 1x, https:\/\/www.lapurla.ch\/wp-content\/uploads\/2025\/06\/PrixEtat-de-BerneUnilDies-Academicus202505233-1272x0.jpeg 2x\">           <source width=\"636\" height=\"424\" media=\"(min-width: 1200px)\" data-srcset=\"https:\/\/www.lapurla.ch\/wp-content\/uploads\/2025\/06\/PrixEtat-de-BerneUnilDies-Academicus202505233-636x0.jpeg 1x, https:\/\/www.lapurla.ch\/wp-content\/uploads\/2025\/06\/PrixEtat-de-BerneUnilDies-Academicus202505233-1272x0.jpeg 2x\">           <source width=\"636\" height=\"424\" media=\"(min-width: 992px)\" data-srcset=\"https:\/\/www.lapurla.ch\/wp-content\/uploads\/2025\/06\/PrixEtat-de-BerneUnilDies-Academicus202505233-636x0.jpeg  1x, https:\/\/www.lapurla.ch\/wp-content\/uploads\/2025\/06\/PrixEtat-de-BerneUnilDies-Academicus202505233-1272x0.jpeg 2x\">           <source width=\"636\" height=\"424\" media=\"(min-width: 768px)\" data-srcset=\"https:\/\/www.lapurla.ch\/wp-content\/uploads\/2025\/06\/PrixEtat-de-BerneUnilDies-Academicus202505233-636x0.jpeg 1x, https:\/\/www.lapurla.ch\/wp-content\/uploads\/2025\/06\/PrixEtat-de-BerneUnilDies-Academicus202505233-1272x0.jpeg 2x\">           <source width=\"375\" height=\"250\" media=\"(min-width: 576px)\" data-srcset=\"https:\/\/www.lapurla.ch\/wp-content\/uploads\/2025\/06\/PrixEtat-de-BerneUnilDies-Academicus202505233-375x0.jpeg 1x, https:\/\/www.lapurla.ch\/wp-content\/uploads\/2025\/06\/PrixEtat-de-BerneUnilDies-Academicus202505233-750x0.jpeg 2x\">           <img loading=\"lazy\" decoding=\"async\" width=\"375\" height=\"250\"           class=\"a-image__image js-a-image__image lazyload\" src=\"data:image\/gif;base64,R0lGODlhAQABAAAAACH5BAEKAAEALAAAAAABAAEAAAICTAEAOw==\"           data-src=\"https:\/\/www.lapurla.ch\/wp-content\/uploads\/2025\/06\/PrixEtat-de-BerneUnilDies-Academicus202505233-375x0.jpeg\" data-srcset=\"https:\/\/www.lapurla.ch\/wp-content\/uploads\/2025\/06\/PrixEtat-de-BerneUnilDies-Academicus202505233-750x0.jpeg 2x\" alt=\"\"\/>      <\/picture><\/div>                            <figcaption> F\u00e9lix Imhof\u00a9Unil<\/figcaption>\n                        <\/figure>\n\t\t\t\t\t                <\/div>\n                <div class=\"text col-12 col-lg-6\">\n\t\t\t\t\t<p>Nous remercions chaleureusement le <strong>jury<\/strong> pour cette reconnaissance : L&rsquo;Universit\u00e9 de Lausanne pour son cadre inspirant.Nous remercions \u00e9galement le vice-recteur de l&rsquo;Unil &#8211; <strong>J\u00e9r\u00f4me Rossier<\/strong> &#8211; ainsi que <strong>Anne J\u00e4ggi<\/strong>, cheffe du d\u00e9partement de la promotion culturelle du canton de Berne, pour leurs \u00e9loges tr\u00e8s appr\u00e9ci\u00e9s.<br \/>\nNous remercions \u00e9galement tous ceux qui font vivre Lapurla jour apr\u00e8s jour. Ensemble, continuons \u00e0 faire grandir cet espace culturel pour les plus jeunes !<\/p>\n                <\/div>\n            <\/div>\n\t\t\t\n<\/div>\n\n\n\n<p>Il est essentiel, surtout \u00e0 notre \u00e9poque, de permettre aux enfants de faire des exp\u00e9riences de libert\u00e9, de cr\u00e9ativit\u00e9 et d&rsquo;efficacit\u00e9 personnelle d\u00e8s leur plus jeune \u00e2ge. Une telle reconnaissance dans le cadre d&rsquo;un \u00e9v\u00e9nement acad\u00e9mique aussi prestigieux nous touche au plus haut point.<\/p>\n\n\n\n<p>Cette distinction reconna\u00eet non seulement notre engagement en faveur de la petite enfance et de la participation culturelle, mais aussi l&rsquo;importance de notre travail qui favorise le dialogue entre diff\u00e9rentes r\u00e9gions de Suisse. Tous les projets qui ont vu le jour gr\u00e2ce \u00e0 cette initiative sont ainsi rendus visibles.<\/p>\n\n\n\n<p>Cette distinction est donc aussi une reconnaissance du travail collectif de tous ceux qui s&rsquo;engagent dans le r\u00e9seau Lapurla &#8211; dans toute la Suisse : institutions culturelles et p\u00e9dagogiques, professionnels de terrain, chercheurs, partenaires de r\u00e9seau. Ensemble, nous d\u00e9fendons une vision de la petite enfance comme une p\u00e9riode d&rsquo;exp\u00e9riences esth\u00e9tiques, au cours de laquelle les enfants renforcent leur capacit\u00e9 de perception, leur comp\u00e9tence d&rsquo;expression, leur efficacit\u00e9 personnelle et leur r\u00e9silience &#8211; et participent ainsi \u00e0 la cr\u00e9ation d&rsquo;une soci\u00e9t\u00e9 dans laquelle tous les enfants ont les m\u00eames chances.<br>&nbsp;<\/p>\n\n\n\n<hr class=\"wp-block-separator has-alpha-channel-opacity\"\/>\n\n\n\n<div id=\"bildergalerie-block_5b83de133daa4fedc714cdd86e141a78\" class=\"mod-bildergalerie\">\n            <div class=\"col-12\">\n\t\t    \n<div class=\"mod-slider\">\n\t        <div id=\"slider-c0ed30f5-eb64-42dc-9d6e-d17b85320127\" class=\"swiper\">\n            <div class=\"swiper-wrapper\">\n\t\t\t\t                    <div class=\"swiper-slide\">\n                        <figure>\n\t\t\t\t\t\t\t<div class=\"a-image \">       <picture class=\"a-image__picture\">       \t<source width=\"1296\" height=\"972\" media=\"(min-width: 1400px)\" srcset=\"https:\/\/www.lapurla.ch\/wp-content\/uploads\/2025\/05\/PrixEtat-de-BerneUnilDies-Academicus2025052315918-scaled-1296x972c.jpg 1x, https:\/\/www.lapurla.ch\/wp-content\/uploads\/2025\/05\/PrixEtat-de-BerneUnilDies-Academicus2025052315918-scaled-2592x1944c.jpg 2x\">           <source width=\"1116\" height=\"837\" media=\"(min-width: 1200px)\" srcset=\"https:\/\/www.lapurla.ch\/wp-content\/uploads\/2025\/05\/PrixEtat-de-BerneUnilDies-Academicus2025052315918-scaled-1116x837c.jpg 1x, https:\/\/www.lapurla.ch\/wp-content\/uploads\/2025\/05\/PrixEtat-de-BerneUnilDies-Academicus2025052315918-scaled-2232x1674c.jpg 2x\">           <source width=\"936\" height=\"702\" media=\"(min-width: 992px)\" srcset=\"https:\/\/www.lapurla.ch\/wp-content\/uploads\/2025\/05\/PrixEtat-de-BerneUnilDies-Academicus2025052315918-scaled-936x702c.jpg  1x, https:\/\/www.lapurla.ch\/wp-content\/uploads\/2025\/05\/PrixEtat-de-BerneUnilDies-Academicus2025052315918-scaled-1872x1404c.jpg 2x\">           <source width=\"696\" height=\"522\" media=\"(min-width: 768px)\" srcset=\"https:\/\/www.lapurla.ch\/wp-content\/uploads\/2025\/05\/PrixEtat-de-BerneUnilDies-Academicus2025052315918-scaled-696x522c.jpg 1x, https:\/\/www.lapurla.ch\/wp-content\/uploads\/2025\/05\/PrixEtat-de-BerneUnilDies-Academicus2025052315918-scaled-1392x1044c.jpg 2x\">           <source width=\"516\" height=\"387\" media=\"(min-width: 576px)\" srcset=\"https:\/\/www.lapurla.ch\/wp-content\/uploads\/2025\/05\/PrixEtat-de-BerneUnilDies-Academicus2025052315918-scaled-516x387c.jpg 1x, https:\/\/www.lapurla.ch\/wp-content\/uploads\/2025\/05\/PrixEtat-de-BerneUnilDies-Academicus2025052315918-scaled-1032x774c.jpg 2x\">           <img loading=\"lazy\" decoding=\"async\" width=\"550\" height=\"413\"           class=\"a-image__image\"           src=\"https:\/\/www.lapurla.ch\/wp-content\/uploads\/2025\/05\/PrixEtat-de-BerneUnilDies-Academicus2025052315918-scaled-550x413c.jpg\" data-srcset=\"https:\/\/www.lapurla.ch\/wp-content\/uploads\/2025\/05\/PrixEtat-de-BerneUnilDies-Academicus2025052315918-scaled-1100x826c.jpg 2x\" alt=\"\"\/>       <\/picture> <\/div>                            <figcaption>\n\t\t\t\t\t\t\t\tDe gauche \u00e0 droite.: Carolina Liebling, Anne J\u00e4ggi, Karin Kraus, Helena Petersen, Evelyne Vachoux, Sabine Germann                            <\/figcaption>\n                        <\/figure>\n                    <\/div>\n\t\t\t\t                    <div class=\"swiper-slide\">\n                        <figure>\n\t\t\t\t\t\t\t<div class=\"a-image \">       <picture class=\"a-image__picture\">       \t<source width=\"1296\" height=\"972\" media=\"(min-width: 1400px)\" srcset=\"https:\/\/www.lapurla.ch\/wp-content\/uploads\/2025\/05\/PrixEtat-de-BerneUnilDies-Academicus2025052315920-scaled-e1750976850762-1296x972c.jpg 1x, https:\/\/www.lapurla.ch\/wp-content\/uploads\/2025\/05\/PrixEtat-de-BerneUnilDies-Academicus2025052315920-scaled-e1750976850762-2592x1944c.jpg 2x\">           <source width=\"1116\" height=\"837\" media=\"(min-width: 1200px)\" srcset=\"https:\/\/www.lapurla.ch\/wp-content\/uploads\/2025\/05\/PrixEtat-de-BerneUnilDies-Academicus2025052315920-scaled-e1750976850762-1116x837c.jpg 1x, https:\/\/www.lapurla.ch\/wp-content\/uploads\/2025\/05\/PrixEtat-de-BerneUnilDies-Academicus2025052315920-scaled-e1750976850762-2232x1674c.jpg 2x\">           <source width=\"936\" height=\"702\" media=\"(min-width: 992px)\" srcset=\"https:\/\/www.lapurla.ch\/wp-content\/uploads\/2025\/05\/PrixEtat-de-BerneUnilDies-Academicus2025052315920-scaled-e1750976850762-936x702c.jpg  1x, https:\/\/www.lapurla.ch\/wp-content\/uploads\/2025\/05\/PrixEtat-de-BerneUnilDies-Academicus2025052315920-scaled-e1750976850762-1872x1404c.jpg 2x\">           <source width=\"696\" height=\"522\" media=\"(min-width: 768px)\" srcset=\"https:\/\/www.lapurla.ch\/wp-content\/uploads\/2025\/05\/PrixEtat-de-BerneUnilDies-Academicus2025052315920-scaled-e1750976850762-696x522c.jpg 1x, https:\/\/www.lapurla.ch\/wp-content\/uploads\/2025\/05\/PrixEtat-de-BerneUnilDies-Academicus2025052315920-scaled-e1750976850762-1392x1044c.jpg 2x\">           <source width=\"516\" height=\"387\" media=\"(min-width: 576px)\" srcset=\"https:\/\/www.lapurla.ch\/wp-content\/uploads\/2025\/05\/PrixEtat-de-BerneUnilDies-Academicus2025052315920-scaled-e1750976850762-516x387c.jpg 1x, https:\/\/www.lapurla.ch\/wp-content\/uploads\/2025\/05\/PrixEtat-de-BerneUnilDies-Academicus2025052315920-scaled-e1750976850762-1032x774c.jpg 2x\">           <img loading=\"lazy\" decoding=\"async\" width=\"550\" height=\"413\"           class=\"a-image__image\"           src=\"https:\/\/www.lapurla.ch\/wp-content\/uploads\/2025\/05\/PrixEtat-de-BerneUnilDies-Academicus2025052315920-scaled-e1750976850762-550x413c.jpg\" data-srcset=\"https:\/\/www.lapurla.ch\/wp-content\/uploads\/2025\/05\/PrixEtat-de-BerneUnilDies-Academicus2025052315920-scaled-e1750976850762-1100x826c.jpg 2x\" alt=\"\"\/>       <\/picture> <\/div>                            <figcaption>\n\t\t\t\t\t\t\t\t                            <\/figcaption>\n                        <\/figure>\n                    <\/div>\n\t\t\t\t                    <div class=\"swiper-slide\">\n                        <figure>\n\t\t\t\t\t\t\t<div class=\"a-image \">       <picture class=\"a-image__picture\">       \t<source width=\"1296\" height=\"972\" media=\"(min-width: 1400px)\" srcset=\"https:\/\/www.lapurla.ch\/wp-content\/uploads\/2025\/05\/PrixEtat-de-BerneUnilDies-Academicus2025052315927-scaled-1296x972c.jpg 1x, https:\/\/www.lapurla.ch\/wp-content\/uploads\/2025\/05\/PrixEtat-de-BerneUnilDies-Academicus2025052315927-scaled-2592x1944c.jpg 2x\">           <source width=\"1116\" height=\"837\" media=\"(min-width: 1200px)\" srcset=\"https:\/\/www.lapurla.ch\/wp-content\/uploads\/2025\/05\/PrixEtat-de-BerneUnilDies-Academicus2025052315927-scaled-1116x837c.jpg 1x, https:\/\/www.lapurla.ch\/wp-content\/uploads\/2025\/05\/PrixEtat-de-BerneUnilDies-Academicus2025052315927-scaled-2232x1674c.jpg 2x\">           <source width=\"936\" height=\"702\" media=\"(min-width: 992px)\" srcset=\"https:\/\/www.lapurla.ch\/wp-content\/uploads\/2025\/05\/PrixEtat-de-BerneUnilDies-Academicus2025052315927-scaled-936x702c.jpg  1x, https:\/\/www.lapurla.ch\/wp-content\/uploads\/2025\/05\/PrixEtat-de-BerneUnilDies-Academicus2025052315927-scaled-1872x1404c.jpg 2x\">           <source width=\"696\" height=\"522\" media=\"(min-width: 768px)\" srcset=\"https:\/\/www.lapurla.ch\/wp-content\/uploads\/2025\/05\/PrixEtat-de-BerneUnilDies-Academicus2025052315927-scaled-696x522c.jpg 1x, https:\/\/www.lapurla.ch\/wp-content\/uploads\/2025\/05\/PrixEtat-de-BerneUnilDies-Academicus2025052315927-scaled-1392x1044c.jpg 2x\">           <source width=\"516\" height=\"387\" media=\"(min-width: 576px)\" srcset=\"https:\/\/www.lapurla.ch\/wp-content\/uploads\/2025\/05\/PrixEtat-de-BerneUnilDies-Academicus2025052315927-scaled-516x387c.jpg 1x, https:\/\/www.lapurla.ch\/wp-content\/uploads\/2025\/05\/PrixEtat-de-BerneUnilDies-Academicus2025052315927-scaled-1032x774c.jpg 2x\">           <img loading=\"lazy\" decoding=\"async\" width=\"550\" height=\"413\"           class=\"a-image__image\"           src=\"https:\/\/www.lapurla.ch\/wp-content\/uploads\/2025\/05\/PrixEtat-de-BerneUnilDies-Academicus2025052315927-scaled-550x413c.jpg\" data-srcset=\"https:\/\/www.lapurla.ch\/wp-content\/uploads\/2025\/05\/PrixEtat-de-BerneUnilDies-Academicus2025052315927-scaled-1100x826c.jpg 2x\" alt=\"\"\/>       <\/picture> <\/div>                            <figcaption>\n\t\t\t\t\t\t\t\t                            <\/figcaption>\n                        <\/figure>\n                    <\/div>\n\t\t\t\t                    <div class=\"swiper-slide\">\n                        <figure>\n\t\t\t\t\t\t\t<div class=\"a-image \">       <picture class=\"a-image__picture\">       \t<source width=\"1296\" height=\"972\" media=\"(min-width: 1400px)\" srcset=\"https:\/\/www.lapurla.ch\/wp-content\/uploads\/2025\/05\/PrixEtat-de-BerneUnilDies-Academicus2025052315910-scaled-1296x972c.jpg 1x, https:\/\/www.lapurla.ch\/wp-content\/uploads\/2025\/05\/PrixEtat-de-BerneUnilDies-Academicus2025052315910-scaled-2592x1944c.jpg 2x\">           <source width=\"1116\" height=\"837\" media=\"(min-width: 1200px)\" srcset=\"https:\/\/www.lapurla.ch\/wp-content\/uploads\/2025\/05\/PrixEtat-de-BerneUnilDies-Academicus2025052315910-scaled-1116x837c.jpg 1x, https:\/\/www.lapurla.ch\/wp-content\/uploads\/2025\/05\/PrixEtat-de-BerneUnilDies-Academicus2025052315910-scaled-2232x1674c.jpg 2x\">           <source width=\"936\" height=\"702\" media=\"(min-width: 992px)\" srcset=\"https:\/\/www.lapurla.ch\/wp-content\/uploads\/2025\/05\/PrixEtat-de-BerneUnilDies-Academicus2025052315910-scaled-936x702c.jpg  1x, https:\/\/www.lapurla.ch\/wp-content\/uploads\/2025\/05\/PrixEtat-de-BerneUnilDies-Academicus2025052315910-scaled-1872x1404c.jpg 2x\">           <source width=\"696\" height=\"522\" media=\"(min-width: 768px)\" srcset=\"https:\/\/www.lapurla.ch\/wp-content\/uploads\/2025\/05\/PrixEtat-de-BerneUnilDies-Academicus2025052315910-scaled-696x522c.jpg 1x, https:\/\/www.lapurla.ch\/wp-content\/uploads\/2025\/05\/PrixEtat-de-BerneUnilDies-Academicus2025052315910-scaled-1392x1044c.jpg 2x\">           <source width=\"516\" height=\"387\" media=\"(min-width: 576px)\" srcset=\"https:\/\/www.lapurla.ch\/wp-content\/uploads\/2025\/05\/PrixEtat-de-BerneUnilDies-Academicus2025052315910-scaled-516x387c.jpg 1x, https:\/\/www.lapurla.ch\/wp-content\/uploads\/2025\/05\/PrixEtat-de-BerneUnilDies-Academicus2025052315910-scaled-1032x774c.jpg 2x\">           <img loading=\"lazy\" decoding=\"async\" width=\"550\" height=\"413\"           class=\"a-image__image\"           src=\"https:\/\/www.lapurla.ch\/wp-content\/uploads\/2025\/05\/PrixEtat-de-BerneUnilDies-Academicus2025052315910-scaled-550x413c.jpg\" data-srcset=\"https:\/\/www.lapurla.ch\/wp-content\/uploads\/2025\/05\/PrixEtat-de-BerneUnilDies-Academicus2025052315910-scaled-1100x826c.jpg 2x\" alt=\"\"\/>       <\/picture> <\/div>                            <figcaption>\n\t\t\t\t\t\t\t\t                            <\/figcaption>\n                        <\/figure>\n                    <\/div>\n\t\t\t\t            <\/div>\n            <div class=\"container\">\n                <div class=\"row\">\n                    <div class=\"col-12 position-relative\">\n                        <div class=\"pagination\"><\/div>\n                        <div class=\"button-wrapper\">\n                            <button class=\"swiper-button-prev\">\n\t\t\t\t\t\t\t\t<svg class=\"svg-icon icon-arrow-left\" xmlns=\"http:\/\/www.w3.org\/2000\/svg\"><use xmlns:xlink=\"http:\/\/www.w3.org\/1999\/xlink\" xlink:href=\"https:\/\/www.lapurla.ch\/wp-content\/themes\/lapurla\/dist\/icons.svg?f27dc72#arrow-left\"><\/use><\/svg>                                <span class=\"visually-hidden\">Pr\u00e9c\u00e9dent<\/span>\n                            <\/button>\n                            <button class=\"swiper-button-next\">\n\t\t\t\t\t\t\t\t<svg class=\"svg-icon icon-arrow-right\" xmlns=\"http:\/\/www.w3.org\/2000\/svg\"><use xmlns:xlink=\"http:\/\/www.w3.org\/1999\/xlink\" xlink:href=\"https:\/\/www.lapurla.ch\/wp-content\/themes\/lapurla\/dist\/icons.svg?f27dc72#arrow-right\"><\/use><\/svg>                                <span class=\"visually-hidden\">Suivant<\/span>\n                            <\/button>\n                        <\/div>\n                    <\/div>\n                <\/div>\n            <\/div>\n        <\/div>\n\t<\/div>\n        <\/div>\n    <\/div>\n\n\n\n<hr class=\"wp-block-separator has-alpha-channel-opacity\"\/>\n","protected":false},"excerpt":{"rendered":"<p>Appr\u00e9ciation Vid\u00e9o de la c\u00e9r\u00e9monie de remise des prix Remise du prix Lapurla voir \u00e0 partir de la minute 1:24:35 D\u00e9l\u00e9gation Lapurla Remerciements Il est essentiel, surtout \u00e0 notre \u00e9poque, de permettre aux enfants de faire des exp\u00e9riences de libert\u00e9, de cr\u00e9ativit\u00e9 et d&rsquo;efficacit\u00e9 personnelle d\u00e8s leur plus jeune \u00e2ge. Une telle reconnaissance dans le [&hellip;]<\/p>\n","protected":false},"featured_media":29568,"template":"","meta":{"_acf_changed":false,"latitude":"","longitude":"","kurzbeschreibung":"Mit grosser Freude und tiefer Dankbarkeit blicken wir zur\u00fcck auf die Preisverleihung des \u00abPrix de l\u2019\u00e9tat de Berne\u00bb, den wir mit einer Westschweizer-Delegation am 23. Mai 2025 im Rahmen des \u00abDies Academicus\u00bb an der Universit\u00e4t Lausanne entgegennehmen durften. ","datum_von":"","footnotes":""},"categories":[],"class_list":["post-29691","news","type-news","status-publish","has-post-thumbnail","hentry"],"acf":[],"yoast_head":"<!-- This site is optimized with the Yoast SEO plugin v27.2 - https:\/\/yoast.com\/product\/yoast-seo-wordpress\/ -->\n<title>Une reconnaissance forte pour Lapurla : Prix de l&#039;\u00c9tat de Berne &#8211; Lapurla<\/title>\n<meta name=\"robots\" content=\"index, follow, max-snippet:-1, max-image-preview:large, max-video-preview:-1\" \/>\n<link rel=\"canonical\" href=\"https:\/\/www.lapurla.ch\/fr\/news\/eine-starke-anerkennung-fuer-lapurla-prix-de-letat-de-berne\" \/>\n<meta property=\"og:locale\" content=\"fr_FR\" \/>\n<meta property=\"og:type\" content=\"article\" \/>\n<meta property=\"og:title\" content=\"Une reconnaissance forte pour Lapurla : Prix de l&#039;\u00c9tat de Berne &#8211; Lapurla\" \/>\n<meta property=\"og:description\" content=\"Appr\u00e9ciation Vid\u00e9o de la c\u00e9r\u00e9monie de remise des prix Remise du prix Lapurla voir \u00e0 partir de la minute 1:24:35 D\u00e9l\u00e9gation Lapurla Remerciements Il est essentiel, surtout \u00e0 notre \u00e9poque, de permettre aux enfants de faire des exp\u00e9riences de libert\u00e9, de cr\u00e9ativit\u00e9 et d&rsquo;efficacit\u00e9 personnelle d\u00e8s leur plus jeune \u00e2ge. Une telle reconnaissance dans le [&hellip;]\" \/>\n<meta property=\"og:url\" content=\"https:\/\/www.lapurla.ch\/fr\/news\/eine-starke-anerkennung-fuer-lapurla-prix-de-letat-de-berne\" \/>\n<meta property=\"og:site_name\" content=\"Lapurla\" \/>\n<meta property=\"article:modified_time\" content=\"2025-07-01T08:38:45+00:00\" \/>\n<meta property=\"og:image\" content=\"https:\/\/www.lapurla.ch\/wp-content\/uploads\/2025\/06\/PrixEtat-de-BerneUnilDies-Academicus202505233.jpeg\" \/>\n\t<meta property=\"og:image:width\" content=\"1500\" \/>\n\t<meta property=\"og:image:height\" content=\"999\" \/>\n\t<meta property=\"og:image:type\" content=\"image\/jpeg\" \/>\n<meta name=\"twitter:card\" content=\"summary_large_image\" \/>\n<meta name=\"twitter:label1\" content=\"Dur\u00e9e de lecture estim\u00e9e\" \/>\n\t<meta name=\"twitter:data1\" content=\"2 minutes\" \/>\n<script type=\"application\/ld+json\" class=\"yoast-schema-graph\">{\"@context\":\"https:\/\/schema.org\",\"@graph\":[{\"@type\":\"WebPage\",\"@id\":\"https:\/\/www.lapurla.ch\/fr\/news\/eine-starke-anerkennung-fuer-lapurla-prix-de-letat-de-berne\",\"url\":\"https:\/\/www.lapurla.ch\/fr\/news\/eine-starke-anerkennung-fuer-lapurla-prix-de-letat-de-berne\",\"name\":\"Une reconnaissance forte pour Lapurla : Prix de l'\u00c9tat de Berne &#8211; Lapurla\",\"isPartOf\":{\"@id\":\"https:\/\/www.lapurla.ch\/#website\"},\"primaryImageOfPage\":{\"@id\":\"https:\/\/www.lapurla.ch\/fr\/news\/eine-starke-anerkennung-fuer-lapurla-prix-de-letat-de-berne#primaryimage\"},\"image\":{\"@id\":\"https:\/\/www.lapurla.ch\/fr\/news\/eine-starke-anerkennung-fuer-lapurla-prix-de-letat-de-berne#primaryimage\"},\"thumbnailUrl\":\"https:\/\/www.lapurla.ch\/wp-content\/uploads\/2025\/06\/PrixEtat-de-BerneUnilDies-Academicus202505233.jpeg\",\"datePublished\":\"2025-05-30T16:23:00+00:00\",\"dateModified\":\"2025-07-01T08:38:45+00:00\",\"breadcrumb\":{\"@id\":\"https:\/\/www.lapurla.ch\/fr\/news\/eine-starke-anerkennung-fuer-lapurla-prix-de-letat-de-berne#breadcrumb\"},\"inLanguage\":\"fr-FR\",\"potentialAction\":[{\"@type\":\"ReadAction\",\"target\":[\"https:\/\/www.lapurla.ch\/fr\/news\/eine-starke-anerkennung-fuer-lapurla-prix-de-letat-de-berne\"]}]},{\"@type\":\"ImageObject\",\"inLanguage\":\"fr-FR\",\"@id\":\"https:\/\/www.lapurla.ch\/fr\/news\/eine-starke-anerkennung-fuer-lapurla-prix-de-letat-de-berne#primaryimage\",\"url\":\"https:\/\/www.lapurla.ch\/wp-content\/uploads\/2025\/06\/PrixEtat-de-BerneUnilDies-Academicus202505233.jpeg\",\"contentUrl\":\"https:\/\/www.lapurla.ch\/wp-content\/uploads\/2025\/06\/PrixEtat-de-BerneUnilDies-Academicus202505233.jpeg\",\"width\":1500,\"height\":999,\"caption\":\"F\u00e9lix Imhof\u00a9Unil\"},{\"@type\":\"BreadcrumbList\",\"@id\":\"https:\/\/www.lapurla.ch\/fr\/news\/eine-starke-anerkennung-fuer-lapurla-prix-de-letat-de-berne#breadcrumb\",\"itemListElement\":[{\"@type\":\"ListItem\",\"position\":1,\"name\":\"Startseite\",\"item\":\"https:\/\/www.lapurla.ch\/fr\"},{\"@type\":\"ListItem\",\"position\":2,\"name\":\"News\",\"item\":\"https:\/\/www.lapurla.ch\/news\"},{\"@type\":\"ListItem\",\"position\":3,\"name\":\"Une reconnaissance forte pour Lapurla : Prix de l&#8217;\u00c9tat de Berne\"}]},{\"@type\":\"WebSite\",\"@id\":\"https:\/\/www.lapurla.ch\/#website\",\"url\":\"https:\/\/www.lapurla.ch\/\",\"name\":\"Lapurla\",\"description\":\"\",\"publisher\":{\"@id\":\"https:\/\/www.lapurla.ch\/#organization\"},\"potentialAction\":[{\"@type\":\"SearchAction\",\"target\":{\"@type\":\"EntryPoint\",\"urlTemplate\":\"https:\/\/www.lapurla.ch\/?s={search_term_string}\"},\"query-input\":{\"@type\":\"PropertyValueSpecification\",\"valueRequired\":true,\"valueName\":\"search_term_string\"}}],\"inLanguage\":\"fr-FR\"},{\"@type\":\"Organization\",\"@id\":\"https:\/\/www.lapurla.ch\/#organization\",\"name\":\"Lapurla\",\"url\":\"https:\/\/www.lapurla.ch\/\",\"logo\":{\"@type\":\"ImageObject\",\"inLanguage\":\"fr-FR\",\"@id\":\"https:\/\/www.lapurla.ch\/#\/schema\/logo\/image\/\",\"url\":\"https:\/\/www.lapurla.ch\/wp-content\/uploads\/2022\/03\/cropped-favicon.png\",\"contentUrl\":\"https:\/\/www.lapurla.ch\/wp-content\/uploads\/2022\/03\/cropped-favicon.png\",\"width\":512,\"height\":512,\"caption\":\"Lapurla\"},\"image\":{\"@id\":\"https:\/\/www.lapurla.ch\/#\/schema\/logo\/image\/\"}}]}<\/script>\n<!-- \/ Yoast SEO plugin. -->","yoast_head_json":{"title":"Une reconnaissance forte pour Lapurla : Prix de l'\u00c9tat de Berne &#8211; Lapurla","robots":{"index":"index","follow":"follow","max-snippet":"max-snippet:-1","max-image-preview":"max-image-preview:large","max-video-preview":"max-video-preview:-1"},"canonical":"https:\/\/www.lapurla.ch\/fr\/news\/eine-starke-anerkennung-fuer-lapurla-prix-de-letat-de-berne","og_locale":"fr_FR","og_type":"article","og_title":"Une reconnaissance forte pour Lapurla : Prix de l'\u00c9tat de Berne &#8211; Lapurla","og_description":"Appr\u00e9ciation Vid\u00e9o de la c\u00e9r\u00e9monie de remise des prix Remise du prix Lapurla voir \u00e0 partir de la minute 1:24:35 D\u00e9l\u00e9gation Lapurla Remerciements Il est essentiel, surtout \u00e0 notre \u00e9poque, de permettre aux enfants de faire des exp\u00e9riences de libert\u00e9, de cr\u00e9ativit\u00e9 et d&rsquo;efficacit\u00e9 personnelle d\u00e8s leur plus jeune \u00e2ge. Une telle reconnaissance dans le [&hellip;]","og_url":"https:\/\/www.lapurla.ch\/fr\/news\/eine-starke-anerkennung-fuer-lapurla-prix-de-letat-de-berne","og_site_name":"Lapurla","article_modified_time":"2025-07-01T08:38:45+00:00","og_image":[{"width":1500,"height":999,"url":"https:\/\/www.lapurla.ch\/wp-content\/uploads\/2025\/06\/PrixEtat-de-BerneUnilDies-Academicus202505233.jpeg","type":"image\/jpeg"}],"twitter_card":"summary_large_image","twitter_misc":{"Dur\u00e9e de lecture estim\u00e9e":"2 minutes"},"schema":{"@context":"https:\/\/schema.org","@graph":[{"@type":"WebPage","@id":"https:\/\/www.lapurla.ch\/fr\/news\/eine-starke-anerkennung-fuer-lapurla-prix-de-letat-de-berne","url":"https:\/\/www.lapurla.ch\/fr\/news\/eine-starke-anerkennung-fuer-lapurla-prix-de-letat-de-berne","name":"Une reconnaissance forte pour Lapurla : Prix de l'\u00c9tat de Berne &#8211; Lapurla","isPartOf":{"@id":"https:\/\/www.lapurla.ch\/#website"},"primaryImageOfPage":{"@id":"https:\/\/www.lapurla.ch\/fr\/news\/eine-starke-anerkennung-fuer-lapurla-prix-de-letat-de-berne#primaryimage"},"image":{"@id":"https:\/\/www.lapurla.ch\/fr\/news\/eine-starke-anerkennung-fuer-lapurla-prix-de-letat-de-berne#primaryimage"},"thumbnailUrl":"https:\/\/www.lapurla.ch\/wp-content\/uploads\/2025\/06\/PrixEtat-de-BerneUnilDies-Academicus202505233.jpeg","datePublished":"2025-05-30T16:23:00+00:00","dateModified":"2025-07-01T08:38:45+00:00","breadcrumb":{"@id":"https:\/\/www.lapurla.ch\/fr\/news\/eine-starke-anerkennung-fuer-lapurla-prix-de-letat-de-berne#breadcrumb"},"inLanguage":"fr-FR","potentialAction":[{"@type":"ReadAction","target":["https:\/\/www.lapurla.ch\/fr\/news\/eine-starke-anerkennung-fuer-lapurla-prix-de-letat-de-berne"]}]},{"@type":"ImageObject","inLanguage":"fr-FR","@id":"https:\/\/www.lapurla.ch\/fr\/news\/eine-starke-anerkennung-fuer-lapurla-prix-de-letat-de-berne#primaryimage","url":"https:\/\/www.lapurla.ch\/wp-content\/uploads\/2025\/06\/PrixEtat-de-BerneUnilDies-Academicus202505233.jpeg","contentUrl":"https:\/\/www.lapurla.ch\/wp-content\/uploads\/2025\/06\/PrixEtat-de-BerneUnilDies-Academicus202505233.jpeg","width":1500,"height":999,"caption":"F\u00e9lix Imhof\u00a9Unil"},{"@type":"BreadcrumbList","@id":"https:\/\/www.lapurla.ch\/fr\/news\/eine-starke-anerkennung-fuer-lapurla-prix-de-letat-de-berne#breadcrumb","itemListElement":[{"@type":"ListItem","position":1,"name":"Startseite","item":"https:\/\/www.lapurla.ch\/fr"},{"@type":"ListItem","position":2,"name":"News","item":"https:\/\/www.lapurla.ch\/news"},{"@type":"ListItem","position":3,"name":"Une reconnaissance forte pour Lapurla : Prix de l&#8217;\u00c9tat de Berne"}]},{"@type":"WebSite","@id":"https:\/\/www.lapurla.ch\/#website","url":"https:\/\/www.lapurla.ch\/","name":"Lapurla","description":"","publisher":{"@id":"https:\/\/www.lapurla.ch\/#organization"},"potentialAction":[{"@type":"SearchAction","target":{"@type":"EntryPoint","urlTemplate":"https:\/\/www.lapurla.ch\/?s={search_term_string}"},"query-input":{"@type":"PropertyValueSpecification","valueRequired":true,"valueName":"search_term_string"}}],"inLanguage":"fr-FR"},{"@type":"Organization","@id":"https:\/\/www.lapurla.ch\/#organization","name":"Lapurla","url":"https:\/\/www.lapurla.ch\/","logo":{"@type":"ImageObject","inLanguage":"fr-FR","@id":"https:\/\/www.lapurla.ch\/#\/schema\/logo\/image\/","url":"https:\/\/www.lapurla.ch\/wp-content\/uploads\/2022\/03\/cropped-favicon.png","contentUrl":"https:\/\/www.lapurla.ch\/wp-content\/uploads\/2022\/03\/cropped-favicon.png","width":512,"height":512,"caption":"Lapurla"},"image":{"@id":"https:\/\/www.lapurla.ch\/#\/schema\/logo\/image\/"}}]}},"_links":{"self":[{"href":"https:\/\/www.lapurla.ch\/fr\/wp-json\/wp\/v2\/news\/29691","targetHints":{"allow":["GET"]}}],"collection":[{"href":"https:\/\/www.lapurla.ch\/fr\/wp-json\/wp\/v2\/news"}],"about":[{"href":"https:\/\/www.lapurla.ch\/fr\/wp-json\/wp\/v2\/types\/news"}],"version-history":[{"count":6,"href":"https:\/\/www.lapurla.ch\/fr\/wp-json\/wp\/v2\/news\/29691\/revisions"}],"predecessor-version":[{"id":29782,"href":"https:\/\/www.lapurla.ch\/fr\/wp-json\/wp\/v2\/news\/29691\/revisions\/29782"}],"wp:featuredmedia":[{"embeddable":true,"href":"https:\/\/www.lapurla.ch\/fr\/wp-json\/wp\/v2\/media\/29568"}],"wp:attachment":[{"href":"https:\/\/www.lapurla.ch\/fr\/wp-json\/wp\/v2\/media?parent=29691"}],"wp:term":[{"taxonomy":"category","embeddable":true,"href":"https:\/\/www.lapurla.ch\/fr\/wp-json\/wp\/v2\/categories?post=29691"}],"curies":[{"name":"wp","href":"https:\/\/api.w.org\/{rel}","templated":true}]}}