{"id":28239,"date":"2025-03-27T11:50:44","date_gmt":"2025-03-27T10:50:44","guid":{"rendered":"https:\/\/www.lapurla.ch\/news\/netzwerkpartner-zeppelin-familien-startklar"},"modified":"2025-03-27T12:07:45","modified_gmt":"2025-03-27T11:07:45","slug":"netzwerkpartner-zeppelin-familien-startklar","status":"publish","type":"news","link":"https:\/\/www.lapurla.ch\/fr\/news\/netzwerkpartner-zeppelin-familien-startklar","title":{"rendered":"Netzwerkpartner \u00abzeppelin \u2013 familien startklar\u00bb"},"content":{"rendered":"\n<p>C&rsquo;est avec un grand plaisir que nous pr\u00e9sentons notre nouveau partenaire de r\u00e9seau ! <a href=\"https:\/\/zeppelin-familien.ch\" target=\"_blank\" rel=\"noreferrer noopener\">\u00ab zeppelin &#8211; familien startklar \u00bb<\/a> accompagne, forme et renforce les familles d\u00e8s le d\u00e9but et s&rsquo;engage pour l&rsquo;encouragement pr\u00e9coce d\u00e8s la naissance.<\/p>\n\n\n\n<p>Sur la base d&rsquo;une relation de confiance, des formatrices de parents certifi\u00e9es conseillent, forment et soutiennent les familles avec leurs enfants de 0 \u00e0 4 ans dans le cadre de l&rsquo;accompagnement de l&rsquo;encouragement pr\u00e9coce zeppelin avec la m\u00e9thodologie \u00ab PAT &#8211; apprendre avec les parents \u00bb.<\/p>\n\n\n\n<p>\u00ab zeppelin &#8211; familien startklar \u00bb est l&rsquo;un des partenaires de projet de Lapurla dans le cadre du projet \u201cFLOWmobil\u201d. FLOWmobil se concentre sur les familles avec des enfants de 0 \u00e0 4 ans qui ne sont pas dans une cr\u00e8che ou un groupe de jeu. Le setting de proximit\u00e9 cr\u00e9e des espaces cr\u00e9atifs \u00e0 bas seuil dans l&rsquo;environnement public quotidien, encourage la mise en r\u00e9seau centr\u00e9e sur la famille au niveau communal et cr\u00e9e des liens avec les possibilit\u00e9s locales de participation culturelle. Nous sommes tr\u00e8s heureux de cette collaboration enrichissante.<\/p>\n\n\n\n<blockquote class=\"wp-block-quote is-layout-flow wp-block-quote-is-layout-flow\">\n<p>\u00ab zeppelin &#8211; familien startklar accompagne, forme et renforce les familles dont les conditions de d\u00e9part sont difficiles. Nous mettons l&rsquo;accent sur l&rsquo;encouragement global des enfants par leurs parents et les personnes de r\u00e9f\u00e9rence dans le but d&rsquo;am\u00e9liorer l&rsquo;\u00e9galit\u00e9 des chances.<br>Les familles vuln\u00e9rables et leurs enfants en bas \u00e2ge, en particulier, n&rsquo;ont souvent pas acc\u00e8s aux espaces culturels et cr\u00e9atifs. C&rsquo;est pourquoi il nous tient \u00e0 c\u0153ur de soutenir Lapurla et de mener un partenariat actif avec le projet FLOWmobil. Ces moments cr\u00e9atifs renforcent non seulement les enfants dans leur efficacit\u00e9 personnelle et leur comportement d&rsquo;exploration, mais aussi leurs parents et les personnes qui les accompagnent. \u00bb\u00a0<\/p>\n<cite>zeppelin \u2013 familien startklar<\/cite><\/blockquote>\n","protected":false},"excerpt":{"rendered":"<p>C&rsquo;est avec un grand plaisir que nous pr\u00e9sentons notre nouveau partenaire de r\u00e9seau ! \u00ab zeppelin &#8211; familien startklar \u00bb accompagne, forme et renforce les familles d\u00e8s le d\u00e9but et s&rsquo;engage pour l&rsquo;encouragement pr\u00e9coce d\u00e8s la naissance. Sur la base d&rsquo;une relation de confiance, des formatrices de parents certifi\u00e9es conseillent, forment et soutiennent les familles [&hellip;]<\/p>\n","protected":false},"featured_media":28246,"template":"","meta":{"_acf_changed":false,"latitude":"","longitude":"","kurzbeschreibung":"C'est avec un grand plaisir que nous pr\u00e9sentons notre nouveau partenaire de r\u00e9seau ! \u00ab zeppelin - familien startklar \u00bb accompagne, forme et renforce les familles d\u00e8s le d\u00e9but et s'engage pour l'encouragement pr\u00e9coce d\u00e8s la naissance.","datum_von":"","footnotes":""},"categories":[],"class_list":["post-28239","news","type-news","status-publish","has-post-thumbnail","hentry"],"acf":[],"yoast_head":"<!-- This site is optimized with the Yoast SEO plugin v27.2 - https:\/\/yoast.com\/product\/yoast-seo-wordpress\/ -->\n<title>Netzwerkpartner \u00abzeppelin \u2013 familien startklar\u00bb &#8211; Lapurla<\/title>\n<meta name=\"description\" content=\"Partenaires du r\u00e9seau \u00abzeppelin \u2013 familien startklar\u00bb. C&#039;est avec un grand plaisir que nous pr\u00e9sentons notre nouveau partenaire de r\u00e9seau ! \u00ab zeppelin - familien startklar \u00bb accompagne, forme et renforce les familles d\u00e8s le d\u00e9but et s&#039;engage pour l&#039;encouragement pr\u00e9coce d\u00e8s la naissance.\" \/>\n<meta name=\"robots\" content=\"index, follow, max-snippet:-1, max-image-preview:large, max-video-preview:-1\" \/>\n<link rel=\"canonical\" href=\"https:\/\/www.lapurla.ch\/fr\/news\/netzwerkpartner-zeppelin-familien-startklar\" \/>\n<meta property=\"og:locale\" content=\"fr_FR\" \/>\n<meta property=\"og:type\" content=\"article\" \/>\n<meta property=\"og:title\" content=\"Netzwerkpartner \u00abzeppelin \u2013 familien startklar\u00bb &#8211; Lapurla\" \/>\n<meta property=\"og:description\" content=\"Partenaires du r\u00e9seau \u00abzeppelin \u2013 familien startklar\u00bb. C&#039;est avec un grand plaisir que nous pr\u00e9sentons notre nouveau partenaire de r\u00e9seau ! \u00ab zeppelin - familien startklar \u00bb accompagne, forme et renforce les familles d\u00e8s le d\u00e9but et s&#039;engage pour l&#039;encouragement pr\u00e9coce d\u00e8s la naissance.\" \/>\n<meta property=\"og:url\" content=\"https:\/\/www.lapurla.ch\/fr\/news\/netzwerkpartner-zeppelin-familien-startklar\" \/>\n<meta property=\"og:site_name\" content=\"Lapurla\" \/>\n<meta property=\"article:modified_time\" content=\"2025-03-27T11:07:45+00:00\" \/>\n<meta property=\"og:image\" content=\"https:\/\/www.lapurla.ch\/wp-content\/uploads\/2025\/03\/zeppelinrechteckFR.jpg\" \/>\n\t<meta property=\"og:image:width\" content=\"1920\" \/>\n\t<meta property=\"og:image:height\" content=\"1440\" \/>\n\t<meta property=\"og:image:type\" content=\"image\/jpeg\" \/>\n<meta name=\"twitter:card\" content=\"summary_large_image\" \/>\n<meta name=\"twitter:label1\" content=\"Dur\u00e9e de lecture estim\u00e9e\" \/>\n\t<meta name=\"twitter:data1\" content=\"2 minutes\" \/>\n<script type=\"application\/ld+json\" class=\"yoast-schema-graph\">{\"@context\":\"https:\/\/schema.org\",\"@graph\":[{\"@type\":\"WebPage\",\"@id\":\"https:\/\/www.lapurla.ch\/fr\/news\/netzwerkpartner-zeppelin-familien-startklar\",\"url\":\"https:\/\/www.lapurla.ch\/fr\/news\/netzwerkpartner-zeppelin-familien-startklar\",\"name\":\"Netzwerkpartner \u00abzeppelin \u2013 familien startklar\u00bb &#8211; Lapurla\",\"isPartOf\":{\"@id\":\"https:\/\/www.lapurla.ch\/#website\"},\"primaryImageOfPage\":{\"@id\":\"https:\/\/www.lapurla.ch\/fr\/news\/netzwerkpartner-zeppelin-familien-startklar#primaryimage\"},\"image\":{\"@id\":\"https:\/\/www.lapurla.ch\/fr\/news\/netzwerkpartner-zeppelin-familien-startklar#primaryimage\"},\"thumbnailUrl\":\"https:\/\/www.lapurla.ch\/wp-content\/uploads\/2025\/03\/zeppelinrechteckFR.jpg\",\"datePublished\":\"2025-03-27T10:50:44+00:00\",\"dateModified\":\"2025-03-27T11:07:45+00:00\",\"description\":\"Partenaires du r\u00e9seau \u00abzeppelin \u2013 familien startklar\u00bb. C'est avec un grand plaisir que nous pr\u00e9sentons notre nouveau partenaire de r\u00e9seau ! \u00ab zeppelin - familien startklar \u00bb accompagne, forme et renforce les familles d\u00e8s le d\u00e9but et s'engage pour l'encouragement pr\u00e9coce d\u00e8s la naissance.\",\"breadcrumb\":{\"@id\":\"https:\/\/www.lapurla.ch\/fr\/news\/netzwerkpartner-zeppelin-familien-startklar#breadcrumb\"},\"inLanguage\":\"fr-FR\",\"potentialAction\":[{\"@type\":\"ReadAction\",\"target\":[\"https:\/\/www.lapurla.ch\/fr\/news\/netzwerkpartner-zeppelin-familien-startklar\"]}]},{\"@type\":\"ImageObject\",\"inLanguage\":\"fr-FR\",\"@id\":\"https:\/\/www.lapurla.ch\/fr\/news\/netzwerkpartner-zeppelin-familien-startklar#primaryimage\",\"url\":\"https:\/\/www.lapurla.ch\/wp-content\/uploads\/2025\/03\/zeppelinrechteckFR.jpg\",\"contentUrl\":\"https:\/\/www.lapurla.ch\/wp-content\/uploads\/2025\/03\/zeppelinrechteckFR.jpg\",\"width\":1920,\"height\":1440},{\"@type\":\"BreadcrumbList\",\"@id\":\"https:\/\/www.lapurla.ch\/fr\/news\/netzwerkpartner-zeppelin-familien-startklar#breadcrumb\",\"itemListElement\":[{\"@type\":\"ListItem\",\"position\":1,\"name\":\"Startseite\",\"item\":\"https:\/\/www.lapurla.ch\/fr\"},{\"@type\":\"ListItem\",\"position\":2,\"name\":\"News\",\"item\":\"https:\/\/www.lapurla.ch\/news\"},{\"@type\":\"ListItem\",\"position\":3,\"name\":\"Netzwerkpartner \u00abzeppelin \u2013 familien startklar\u00bb\"}]},{\"@type\":\"WebSite\",\"@id\":\"https:\/\/www.lapurla.ch\/#website\",\"url\":\"https:\/\/www.lapurla.ch\/\",\"name\":\"Lapurla\",\"description\":\"\",\"publisher\":{\"@id\":\"https:\/\/www.lapurla.ch\/#organization\"},\"potentialAction\":[{\"@type\":\"SearchAction\",\"target\":{\"@type\":\"EntryPoint\",\"urlTemplate\":\"https:\/\/www.lapurla.ch\/?s={search_term_string}\"},\"query-input\":{\"@type\":\"PropertyValueSpecification\",\"valueRequired\":true,\"valueName\":\"search_term_string\"}}],\"inLanguage\":\"fr-FR\"},{\"@type\":\"Organization\",\"@id\":\"https:\/\/www.lapurla.ch\/#organization\",\"name\":\"Lapurla\",\"url\":\"https:\/\/www.lapurla.ch\/\",\"logo\":{\"@type\":\"ImageObject\",\"inLanguage\":\"fr-FR\",\"@id\":\"https:\/\/www.lapurla.ch\/#\/schema\/logo\/image\/\",\"url\":\"https:\/\/www.lapurla.ch\/wp-content\/uploads\/2022\/03\/cropped-favicon.png\",\"contentUrl\":\"https:\/\/www.lapurla.ch\/wp-content\/uploads\/2022\/03\/cropped-favicon.png\",\"width\":512,\"height\":512,\"caption\":\"Lapurla\"},\"image\":{\"@id\":\"https:\/\/www.lapurla.ch\/#\/schema\/logo\/image\/\"}}]}<\/script>\n<!-- \/ Yoast SEO plugin. -->","yoast_head_json":{"title":"Netzwerkpartner \u00abzeppelin \u2013 familien startklar\u00bb &#8211; Lapurla","description":"Partenaires du r\u00e9seau \u00abzeppelin \u2013 familien startklar\u00bb. C'est avec un grand plaisir que nous pr\u00e9sentons notre nouveau partenaire de r\u00e9seau ! \u00ab zeppelin - familien startklar \u00bb accompagne, forme et renforce les familles d\u00e8s le d\u00e9but et s'engage pour l'encouragement pr\u00e9coce d\u00e8s la naissance.","robots":{"index":"index","follow":"follow","max-snippet":"max-snippet:-1","max-image-preview":"max-image-preview:large","max-video-preview":"max-video-preview:-1"},"canonical":"https:\/\/www.lapurla.ch\/fr\/news\/netzwerkpartner-zeppelin-familien-startklar","og_locale":"fr_FR","og_type":"article","og_title":"Netzwerkpartner \u00abzeppelin \u2013 familien startklar\u00bb &#8211; Lapurla","og_description":"Partenaires du r\u00e9seau \u00abzeppelin \u2013 familien startklar\u00bb. C'est avec un grand plaisir que nous pr\u00e9sentons notre nouveau partenaire de r\u00e9seau ! \u00ab zeppelin - familien startklar \u00bb accompagne, forme et renforce les familles d\u00e8s le d\u00e9but et s'engage pour l'encouragement pr\u00e9coce d\u00e8s la naissance.","og_url":"https:\/\/www.lapurla.ch\/fr\/news\/netzwerkpartner-zeppelin-familien-startklar","og_site_name":"Lapurla","article_modified_time":"2025-03-27T11:07:45+00:00","og_image":[{"width":1920,"height":1440,"url":"https:\/\/www.lapurla.ch\/wp-content\/uploads\/2025\/03\/zeppelinrechteckFR.jpg","type":"image\/jpeg"}],"twitter_card":"summary_large_image","twitter_misc":{"Dur\u00e9e de lecture estim\u00e9e":"2 minutes"},"schema":{"@context":"https:\/\/schema.org","@graph":[{"@type":"WebPage","@id":"https:\/\/www.lapurla.ch\/fr\/news\/netzwerkpartner-zeppelin-familien-startklar","url":"https:\/\/www.lapurla.ch\/fr\/news\/netzwerkpartner-zeppelin-familien-startklar","name":"Netzwerkpartner \u00abzeppelin \u2013 familien startklar\u00bb &#8211; Lapurla","isPartOf":{"@id":"https:\/\/www.lapurla.ch\/#website"},"primaryImageOfPage":{"@id":"https:\/\/www.lapurla.ch\/fr\/news\/netzwerkpartner-zeppelin-familien-startklar#primaryimage"},"image":{"@id":"https:\/\/www.lapurla.ch\/fr\/news\/netzwerkpartner-zeppelin-familien-startklar#primaryimage"},"thumbnailUrl":"https:\/\/www.lapurla.ch\/wp-content\/uploads\/2025\/03\/zeppelinrechteckFR.jpg","datePublished":"2025-03-27T10:50:44+00:00","dateModified":"2025-03-27T11:07:45+00:00","description":"Partenaires du r\u00e9seau \u00abzeppelin \u2013 familien startklar\u00bb. C'est avec un grand plaisir que nous pr\u00e9sentons notre nouveau partenaire de r\u00e9seau ! \u00ab zeppelin - familien startklar \u00bb accompagne, forme et renforce les familles d\u00e8s le d\u00e9but et s'engage pour l'encouragement pr\u00e9coce d\u00e8s la naissance.","breadcrumb":{"@id":"https:\/\/www.lapurla.ch\/fr\/news\/netzwerkpartner-zeppelin-familien-startklar#breadcrumb"},"inLanguage":"fr-FR","potentialAction":[{"@type":"ReadAction","target":["https:\/\/www.lapurla.ch\/fr\/news\/netzwerkpartner-zeppelin-familien-startklar"]}]},{"@type":"ImageObject","inLanguage":"fr-FR","@id":"https:\/\/www.lapurla.ch\/fr\/news\/netzwerkpartner-zeppelin-familien-startklar#primaryimage","url":"https:\/\/www.lapurla.ch\/wp-content\/uploads\/2025\/03\/zeppelinrechteckFR.jpg","contentUrl":"https:\/\/www.lapurla.ch\/wp-content\/uploads\/2025\/03\/zeppelinrechteckFR.jpg","width":1920,"height":1440},{"@type":"BreadcrumbList","@id":"https:\/\/www.lapurla.ch\/fr\/news\/netzwerkpartner-zeppelin-familien-startklar#breadcrumb","itemListElement":[{"@type":"ListItem","position":1,"name":"Startseite","item":"https:\/\/www.lapurla.ch\/fr"},{"@type":"ListItem","position":2,"name":"News","item":"https:\/\/www.lapurla.ch\/news"},{"@type":"ListItem","position":3,"name":"Netzwerkpartner \u00abzeppelin \u2013 familien startklar\u00bb"}]},{"@type":"WebSite","@id":"https:\/\/www.lapurla.ch\/#website","url":"https:\/\/www.lapurla.ch\/","name":"Lapurla","description":"","publisher":{"@id":"https:\/\/www.lapurla.ch\/#organization"},"potentialAction":[{"@type":"SearchAction","target":{"@type":"EntryPoint","urlTemplate":"https:\/\/www.lapurla.ch\/?s={search_term_string}"},"query-input":{"@type":"PropertyValueSpecification","valueRequired":true,"valueName":"search_term_string"}}],"inLanguage":"fr-FR"},{"@type":"Organization","@id":"https:\/\/www.lapurla.ch\/#organization","name":"Lapurla","url":"https:\/\/www.lapurla.ch\/","logo":{"@type":"ImageObject","inLanguage":"fr-FR","@id":"https:\/\/www.lapurla.ch\/#\/schema\/logo\/image\/","url":"https:\/\/www.lapurla.ch\/wp-content\/uploads\/2022\/03\/cropped-favicon.png","contentUrl":"https:\/\/www.lapurla.ch\/wp-content\/uploads\/2022\/03\/cropped-favicon.png","width":512,"height":512,"caption":"Lapurla"},"image":{"@id":"https:\/\/www.lapurla.ch\/#\/schema\/logo\/image\/"}}]}},"_links":{"self":[{"href":"https:\/\/www.lapurla.ch\/fr\/wp-json\/wp\/v2\/news\/28239","targetHints":{"allow":["GET"]}}],"collection":[{"href":"https:\/\/www.lapurla.ch\/fr\/wp-json\/wp\/v2\/news"}],"about":[{"href":"https:\/\/www.lapurla.ch\/fr\/wp-json\/wp\/v2\/types\/news"}],"version-history":[{"count":3,"href":"https:\/\/www.lapurla.ch\/fr\/wp-json\/wp\/v2\/news\/28239\/revisions"}],"predecessor-version":[{"id":28253,"href":"https:\/\/www.lapurla.ch\/fr\/wp-json\/wp\/v2\/news\/28239\/revisions\/28253"}],"wp:featuredmedia":[{"embeddable":true,"href":"https:\/\/www.lapurla.ch\/fr\/wp-json\/wp\/v2\/media\/28246"}],"wp:attachment":[{"href":"https:\/\/www.lapurla.ch\/fr\/wp-json\/wp\/v2\/media?parent=28239"}],"wp:term":[{"taxonomy":"category","embeddable":true,"href":"https:\/\/www.lapurla.ch\/fr\/wp-json\/wp\/v2\/categories?post=28239"}],"curies":[{"name":"wp","href":"https:\/\/api.w.org\/{rel}","templated":true}]}}