{"id":27429,"date":"2025-03-03T15:05:26","date_gmt":"2025-03-03T14:05:26","guid":{"rendered":"https:\/\/www.lapurla.ch\/?post_type=news&#038;p=27429"},"modified":"2025-03-03T15:06:12","modified_gmt":"2025-03-03T14:06:12","slug":"creativite-eteveil-esthetique","status":"publish","type":"news","link":"https:\/\/www.lapurla.ch\/fr\/news\/creativite-eteveil-esthetique","title":{"rendered":"Cr\u00e9ativit\u00e9 et \u00e9veil esth\u00e9tique"},"content":{"rendered":"\n<p><a href=\"https:\/\/www.lapurla.ch\/news\/netzwerk-sabine-germann\" target=\"_blank\" rel=\"noreferrer noopener\">Sabine Germann<\/a>, membre du r\u00e9seau Lapurla et conseill\u00e8re p\u00e9dagogique chez \u00ab partenaire enfance &amp; p\u00e9dagogie \u00bb (<a href=\"https:\/\/pep-vd.ch\/\" target=\"_blank\" rel=\"noreferrer noopener\">pep<\/a>) dans le canton de Vaud, a r\u00e9dig\u00e9 un article sur la cr\u00e9ativit\u00e9 et l&rsquo;\u00e9veil esth\u00e9tique pour le magazine de <a href=\"https:\/\/www.youplabouge.ch\/\" target=\"_blank\" rel=\"noreferrer noopener\">Youp&rsquo;l\u00e0 bouge<\/a>.<\/p>\n\n\n\n<p>Youp\u2019l\u00e0 bouge cr\u00e8che est un projet de promotion de la sant\u00e9 qui valorise un quotidien en mouvement et la sant\u00e9 psychique dans les structures d\u2019accueil (cr\u00e8ches, garderies, jardins d\u2019enfants). Il se base sur les recommandations f\u00e9d\u00e9rales en mati\u00e8re d\u2019activit\u00e9 physique et de sant\u00e9 psychique chez les jeunes enfants et certifie les structures d\u2019accueil d\u2019un label.<\/p>\n\n\n\n<p><a href=\"https:\/\/www.lapurla.ch\/wp-content\/uploads\/2025\/03\/idee-de-lhiver-2024-2025-final.pdf\" target=\"_blank\" rel=\"noreferrer noopener\">L&rsquo;article \u00ab Cr\u00e9ativit\u00e9 et \u00e9veil esth\u00e9tique<\/a><\/p>\n","protected":false},"excerpt":{"rendered":"<p>Sabine Germann, membre du r\u00e9seau Lapurla et conseill\u00e8re p\u00e9dagogique chez \u00ab partenaire enfance &amp; p\u00e9dagogie \u00bb (pep) dans le canton de Vaud, a r\u00e9dig\u00e9 un article sur la cr\u00e9ativit\u00e9 et l&rsquo;\u00e9veil esth\u00e9tique pour le magazine de Youp&rsquo;l\u00e0 bouge. Youp\u2019l\u00e0 bouge cr\u00e8che est un projet de promotion de la sant\u00e9 qui valorise un quotidien en mouvement [&hellip;]<\/p>\n","protected":false},"featured_media":27430,"template":"","meta":{"_acf_changed":false,"latitude":"","longitude":"","kurzbeschreibung":"Sabine Germann, membre du r\u00e9seau Lapurla et conseill\u00e8re p\u00e9dagogique chez \u00ab partenaire enfance & p\u00e9dagogie \u00bb (pep) dans le canton de Vaud, a r\u00e9dig\u00e9 un article sur la cr\u00e9ativit\u00e9 et l'\u00e9veil esth\u00e9tique pour le magazine de Youp'l\u00e0 bouge.","datum_von":"","footnotes":""},"categories":[],"class_list":["post-27429","news","type-news","status-publish","has-post-thumbnail","hentry"],"acf":[],"yoast_head":"<!-- This site is optimized with the Yoast SEO plugin v27.2 - https:\/\/yoast.com\/product\/yoast-seo-wordpress\/ -->\n<title>Cr\u00e9ativit\u00e9 et \u00e9veil esth\u00e9tique &#8211; Lapurla<\/title>\n<meta name=\"description\" content=\"Cr\u00e9ativit\u00e9 et\u00e9veil esth\u00e9tiqueSABINE\" \/>\n<meta name=\"robots\" content=\"index, follow, max-snippet:-1, max-image-preview:large, max-video-preview:-1\" \/>\n<link rel=\"canonical\" href=\"https:\/\/www.lapurla.ch\/fr\/news\/creativite-eteveil-esthetique\" \/>\n<meta property=\"og:locale\" content=\"fr_FR\" \/>\n<meta property=\"og:type\" content=\"article\" \/>\n<meta property=\"og:title\" content=\"Cr\u00e9ativit\u00e9 et \u00e9veil esth\u00e9tique &#8211; Lapurla\" \/>\n<meta property=\"og:description\" content=\"Cr\u00e9ativit\u00e9 et\u00e9veil esth\u00e9tiqueSABINE\" \/>\n<meta property=\"og:url\" content=\"https:\/\/www.lapurla.ch\/fr\/news\/creativite-eteveil-esthetique\" \/>\n<meta property=\"og:site_name\" content=\"Lapurla\" \/>\n<meta property=\"article:modified_time\" content=\"2025-03-03T14:06:12+00:00\" \/>\n<meta property=\"og:image\" content=\"https:\/\/www.lapurla.ch\/wp-content\/uploads\/2025\/03\/youplabouge.png\" \/>\n\t<meta property=\"og:image:width\" content=\"926\" \/>\n\t<meta property=\"og:image:height\" content=\"612\" \/>\n\t<meta property=\"og:image:type\" content=\"image\/png\" \/>\n<meta name=\"twitter:card\" content=\"summary_large_image\" \/>\n<meta name=\"twitter:label1\" content=\"Dur\u00e9e de lecture estim\u00e9e\" \/>\n\t<meta name=\"twitter:data1\" content=\"1 minute\" \/>\n<script type=\"application\/ld+json\" class=\"yoast-schema-graph\">{\"@context\":\"https:\/\/schema.org\",\"@graph\":[{\"@type\":\"WebPage\",\"@id\":\"https:\/\/www.lapurla.ch\/fr\/news\/creativite-eteveil-esthetique\",\"url\":\"https:\/\/www.lapurla.ch\/fr\/news\/creativite-eteveil-esthetique\",\"name\":\"Cr\u00e9ativit\u00e9 et \u00e9veil esth\u00e9tique &#8211; Lapurla\",\"isPartOf\":{\"@id\":\"https:\/\/www.lapurla.ch\/#website\"},\"primaryImageOfPage\":{\"@id\":\"https:\/\/www.lapurla.ch\/fr\/news\/creativite-eteveil-esthetique#primaryimage\"},\"image\":{\"@id\":\"https:\/\/www.lapurla.ch\/fr\/news\/creativite-eteveil-esthetique#primaryimage\"},\"thumbnailUrl\":\"https:\/\/www.lapurla.ch\/wp-content\/uploads\/2025\/03\/youplabouge.png\",\"datePublished\":\"2025-03-03T14:05:26+00:00\",\"dateModified\":\"2025-03-03T14:06:12+00:00\",\"description\":\"Cr\u00e9ativit\u00e9 et\u00e9veil esth\u00e9tiqueSABINE\",\"breadcrumb\":{\"@id\":\"https:\/\/www.lapurla.ch\/fr\/news\/creativite-eteveil-esthetique#breadcrumb\"},\"inLanguage\":\"fr-FR\",\"potentialAction\":[{\"@type\":\"ReadAction\",\"target\":[\"https:\/\/www.lapurla.ch\/fr\/news\/creativite-eteveil-esthetique\"]}]},{\"@type\":\"ImageObject\",\"inLanguage\":\"fr-FR\",\"@id\":\"https:\/\/www.lapurla.ch\/fr\/news\/creativite-eteveil-esthetique#primaryimage\",\"url\":\"https:\/\/www.lapurla.ch\/wp-content\/uploads\/2025\/03\/youplabouge.png\",\"contentUrl\":\"https:\/\/www.lapurla.ch\/wp-content\/uploads\/2025\/03\/youplabouge.png\",\"width\":926,\"height\":612},{\"@type\":\"BreadcrumbList\",\"@id\":\"https:\/\/www.lapurla.ch\/fr\/news\/creativite-eteveil-esthetique#breadcrumb\",\"itemListElement\":[{\"@type\":\"ListItem\",\"position\":1,\"name\":\"Startseite\",\"item\":\"https:\/\/www.lapurla.ch\/fr\"},{\"@type\":\"ListItem\",\"position\":2,\"name\":\"News\",\"item\":\"https:\/\/www.lapurla.ch\/news\"},{\"@type\":\"ListItem\",\"position\":3,\"name\":\"Cr\u00e9ativit\u00e9 et \u00e9veil esth\u00e9tique\"}]},{\"@type\":\"WebSite\",\"@id\":\"https:\/\/www.lapurla.ch\/#website\",\"url\":\"https:\/\/www.lapurla.ch\/\",\"name\":\"Lapurla\",\"description\":\"\",\"publisher\":{\"@id\":\"https:\/\/www.lapurla.ch\/#organization\"},\"potentialAction\":[{\"@type\":\"SearchAction\",\"target\":{\"@type\":\"EntryPoint\",\"urlTemplate\":\"https:\/\/www.lapurla.ch\/?s={search_term_string}\"},\"query-input\":{\"@type\":\"PropertyValueSpecification\",\"valueRequired\":true,\"valueName\":\"search_term_string\"}}],\"inLanguage\":\"fr-FR\"},{\"@type\":\"Organization\",\"@id\":\"https:\/\/www.lapurla.ch\/#organization\",\"name\":\"Lapurla\",\"url\":\"https:\/\/www.lapurla.ch\/\",\"logo\":{\"@type\":\"ImageObject\",\"inLanguage\":\"fr-FR\",\"@id\":\"https:\/\/www.lapurla.ch\/#\/schema\/logo\/image\/\",\"url\":\"https:\/\/www.lapurla.ch\/wp-content\/uploads\/2022\/03\/cropped-favicon.png\",\"contentUrl\":\"https:\/\/www.lapurla.ch\/wp-content\/uploads\/2022\/03\/cropped-favicon.png\",\"width\":512,\"height\":512,\"caption\":\"Lapurla\"},\"image\":{\"@id\":\"https:\/\/www.lapurla.ch\/#\/schema\/logo\/image\/\"}}]}<\/script>\n<!-- \/ Yoast SEO plugin. -->","yoast_head_json":{"title":"Cr\u00e9ativit\u00e9 et \u00e9veil esth\u00e9tique &#8211; Lapurla","description":"Cr\u00e9ativit\u00e9 et\u00e9veil esth\u00e9tiqueSABINE","robots":{"index":"index","follow":"follow","max-snippet":"max-snippet:-1","max-image-preview":"max-image-preview:large","max-video-preview":"max-video-preview:-1"},"canonical":"https:\/\/www.lapurla.ch\/fr\/news\/creativite-eteveil-esthetique","og_locale":"fr_FR","og_type":"article","og_title":"Cr\u00e9ativit\u00e9 et \u00e9veil esth\u00e9tique &#8211; Lapurla","og_description":"Cr\u00e9ativit\u00e9 et\u00e9veil esth\u00e9tiqueSABINE","og_url":"https:\/\/www.lapurla.ch\/fr\/news\/creativite-eteveil-esthetique","og_site_name":"Lapurla","article_modified_time":"2025-03-03T14:06:12+00:00","og_image":[{"width":926,"height":612,"url":"https:\/\/www.lapurla.ch\/wp-content\/uploads\/2025\/03\/youplabouge.png","type":"image\/png"}],"twitter_card":"summary_large_image","twitter_misc":{"Dur\u00e9e de lecture estim\u00e9e":"1 minute"},"schema":{"@context":"https:\/\/schema.org","@graph":[{"@type":"WebPage","@id":"https:\/\/www.lapurla.ch\/fr\/news\/creativite-eteveil-esthetique","url":"https:\/\/www.lapurla.ch\/fr\/news\/creativite-eteveil-esthetique","name":"Cr\u00e9ativit\u00e9 et \u00e9veil esth\u00e9tique &#8211; Lapurla","isPartOf":{"@id":"https:\/\/www.lapurla.ch\/#website"},"primaryImageOfPage":{"@id":"https:\/\/www.lapurla.ch\/fr\/news\/creativite-eteveil-esthetique#primaryimage"},"image":{"@id":"https:\/\/www.lapurla.ch\/fr\/news\/creativite-eteveil-esthetique#primaryimage"},"thumbnailUrl":"https:\/\/www.lapurla.ch\/wp-content\/uploads\/2025\/03\/youplabouge.png","datePublished":"2025-03-03T14:05:26+00:00","dateModified":"2025-03-03T14:06:12+00:00","description":"Cr\u00e9ativit\u00e9 et\u00e9veil esth\u00e9tiqueSABINE","breadcrumb":{"@id":"https:\/\/www.lapurla.ch\/fr\/news\/creativite-eteveil-esthetique#breadcrumb"},"inLanguage":"fr-FR","potentialAction":[{"@type":"ReadAction","target":["https:\/\/www.lapurla.ch\/fr\/news\/creativite-eteveil-esthetique"]}]},{"@type":"ImageObject","inLanguage":"fr-FR","@id":"https:\/\/www.lapurla.ch\/fr\/news\/creativite-eteveil-esthetique#primaryimage","url":"https:\/\/www.lapurla.ch\/wp-content\/uploads\/2025\/03\/youplabouge.png","contentUrl":"https:\/\/www.lapurla.ch\/wp-content\/uploads\/2025\/03\/youplabouge.png","width":926,"height":612},{"@type":"BreadcrumbList","@id":"https:\/\/www.lapurla.ch\/fr\/news\/creativite-eteveil-esthetique#breadcrumb","itemListElement":[{"@type":"ListItem","position":1,"name":"Startseite","item":"https:\/\/www.lapurla.ch\/fr"},{"@type":"ListItem","position":2,"name":"News","item":"https:\/\/www.lapurla.ch\/news"},{"@type":"ListItem","position":3,"name":"Cr\u00e9ativit\u00e9 et \u00e9veil esth\u00e9tique"}]},{"@type":"WebSite","@id":"https:\/\/www.lapurla.ch\/#website","url":"https:\/\/www.lapurla.ch\/","name":"Lapurla","description":"","publisher":{"@id":"https:\/\/www.lapurla.ch\/#organization"},"potentialAction":[{"@type":"SearchAction","target":{"@type":"EntryPoint","urlTemplate":"https:\/\/www.lapurla.ch\/?s={search_term_string}"},"query-input":{"@type":"PropertyValueSpecification","valueRequired":true,"valueName":"search_term_string"}}],"inLanguage":"fr-FR"},{"@type":"Organization","@id":"https:\/\/www.lapurla.ch\/#organization","name":"Lapurla","url":"https:\/\/www.lapurla.ch\/","logo":{"@type":"ImageObject","inLanguage":"fr-FR","@id":"https:\/\/www.lapurla.ch\/#\/schema\/logo\/image\/","url":"https:\/\/www.lapurla.ch\/wp-content\/uploads\/2022\/03\/cropped-favicon.png","contentUrl":"https:\/\/www.lapurla.ch\/wp-content\/uploads\/2022\/03\/cropped-favicon.png","width":512,"height":512,"caption":"Lapurla"},"image":{"@id":"https:\/\/www.lapurla.ch\/#\/schema\/logo\/image\/"}}]}},"_links":{"self":[{"href":"https:\/\/www.lapurla.ch\/fr\/wp-json\/wp\/v2\/news\/27429","targetHints":{"allow":["GET"]}}],"collection":[{"href":"https:\/\/www.lapurla.ch\/fr\/wp-json\/wp\/v2\/news"}],"about":[{"href":"https:\/\/www.lapurla.ch\/fr\/wp-json\/wp\/v2\/types\/news"}],"version-history":[{"count":2,"href":"https:\/\/www.lapurla.ch\/fr\/wp-json\/wp\/v2\/news\/27429\/revisions"}],"predecessor-version":[{"id":27437,"href":"https:\/\/www.lapurla.ch\/fr\/wp-json\/wp\/v2\/news\/27429\/revisions\/27437"}],"wp:featuredmedia":[{"embeddable":true,"href":"https:\/\/www.lapurla.ch\/fr\/wp-json\/wp\/v2\/media\/27430"}],"wp:attachment":[{"href":"https:\/\/www.lapurla.ch\/fr\/wp-json\/wp\/v2\/media?parent=27429"}],"wp:term":[{"taxonomy":"category","embeddable":true,"href":"https:\/\/www.lapurla.ch\/fr\/wp-json\/wp\/v2\/categories?post=27429"}],"curies":[{"name":"wp","href":"https:\/\/api.w.org\/{rel}","templated":true}]}}