{"id":27091,"date":"2025-01-20T10:08:18","date_gmt":"2025-01-20T09:08:18","guid":{"rendered":"https:\/\/www.lapurla.ch\/?post_type=news&#038;p=27091"},"modified":"2025-01-23T08:36:35","modified_gmt":"2025-01-23T07:36:35","slug":"le-cabinet-demerveille","status":"publish","type":"news","link":"https:\/\/www.lapurla.ch\/fr\/news\/le-cabinet-demerveille","title":{"rendered":"\u00abLe Cabinet d\u2019\u00c9merveille\u00bb"},"content":{"rendered":"\n<p>Une installation ludique pour tout-petits (1-4 ans) \u00e0 La julienne du 11 janvier au 16 f\u00e9vrier 2025.<\/p>\n\n\n\n<p>Plongez dans un espace po\u00e9tique o\u00f9 enfants et adultes peuvent toucher, manipuler, jouer librement avec une collection d\u2019objets artistiques, quotidiens ou insolites. Inspir\u00e9 des cabinets de curiosit\u00e9s des si\u00e8cles pass\u00e9s et du mouvement artistique Fluxus, le&nbsp;<a href=\"https:\/\/www.plan-les-ouates.ch\/cabinetdemerveille\" target=\"_blank\" rel=\"noreferrer noopener\">\u00ab Cabinet d\u2019\u00c9merveille \u00bb<\/a>, imagin\u00e9 par l\u2019association&nbsp;<a href=\"https:\/\/envies.ch\" target=\"_blank\" rel=\"noreferrer noopener\">EnVies<\/a>, offre une exp\u00e9rience culturelle unique qui stimulera l\u2019imagination et l\u2019ouverture au monde des petits et des grands.<\/p>\n\n\n\n<p>Le Cabinet d\u2019\u00c9merveille propose un univers de jeu libre sans jouets, \u00e0 la hauteur de la gourmandise et de la curiosit\u00e9 naturelle des tout petits. Cette exposition traite la question des univers dits \u00ab enfantins\u00bb qui, agissant comme un filtre sur le monde, n\u2019offrent qu\u2019une partie infime des possibles et privent les enfants de d\u00e9couvertes et d\u2019apprentissages extraordinaires.<\/p>\n\n\n\n<p><a href=\"https:\/\/www.plan-les-ouates.ch\/cabinetdemerveille\" target=\"_blank\" rel=\"noreferrer noopener\">Programme d\u00e9taill\u00e9<\/a><\/p>\n","protected":false},"excerpt":{"rendered":"<p>Une installation ludique pour tout-petits (1-4 ans) \u00e0 La julienne du 11 janvier au 16 f\u00e9vrier 2025. Plongez dans un espace po\u00e9tique o\u00f9 enfants et adultes peuvent toucher, manipuler, jouer librement avec une collection d\u2019objets artistiques, quotidiens ou insolites. Inspir\u00e9 des cabinets de curiosit\u00e9s des si\u00e8cles pass\u00e9s et du mouvement artistique Fluxus, le&nbsp;\u00ab Cabinet d\u2019\u00c9merveille [&hellip;]<\/p>\n","protected":false},"featured_media":27100,"template":"","meta":{"_acf_changed":false,"latitude":"","longitude":"","kurzbeschreibung":"Une installation ludique pour tout-petits (1-4 ans). Plongez dans un espace po\u00e9tique o\u00f9 enfants et adultes peuvent toucher, manipuler, jouer librement avec une collection d\u2019objets artistiques, quotidiens ou insolites.","datum_von":"","footnotes":""},"categories":[],"class_list":["post-27091","news","type-news","status-publish","has-post-thumbnail","hentry"],"acf":[],"yoast_head":"<!-- This site is optimized with the Yoast SEO plugin v27.2 - https:\/\/yoast.com\/product\/yoast-seo-wordpress\/ -->\n<title>\u00abLe Cabinet d\u2019\u00c9merveille\u00bb &#8211; Lapurla<\/title>\n<meta name=\"description\" content=\"Le Cabinet d\u2019\u00c9merveille\" \/>\n<meta name=\"robots\" content=\"index, follow, max-snippet:-1, max-image-preview:large, max-video-preview:-1\" \/>\n<link rel=\"canonical\" href=\"https:\/\/www.lapurla.ch\/fr\/news\/le-cabinet-demerveille\" \/>\n<meta property=\"og:locale\" content=\"fr_FR\" \/>\n<meta property=\"og:type\" content=\"article\" \/>\n<meta property=\"og:title\" content=\"\u00abLe Cabinet d\u2019\u00c9merveille\u00bb &#8211; Lapurla\" \/>\n<meta property=\"og:description\" content=\"Le Cabinet d\u2019\u00c9merveille\" \/>\n<meta property=\"og:url\" content=\"https:\/\/www.lapurla.ch\/fr\/news\/le-cabinet-demerveille\" \/>\n<meta property=\"og:site_name\" content=\"Lapurla\" \/>\n<meta property=\"article:modified_time\" content=\"2025-01-23T07:36:35+00:00\" \/>\n<meta property=\"og:image\" content=\"https:\/\/www.lapurla.ch\/wp-content\/uploads\/2025\/01\/cabinetemerveille1.jpg\" \/>\n\t<meta property=\"og:image:width\" content=\"1122\" \/>\n\t<meta property=\"og:image:height\" content=\"692\" \/>\n\t<meta property=\"og:image:type\" content=\"image\/jpeg\" \/>\n<meta name=\"twitter:card\" content=\"summary_large_image\" \/>\n<meta name=\"twitter:label1\" content=\"Dur\u00e9e de lecture estim\u00e9e\" \/>\n\t<meta name=\"twitter:data1\" content=\"1 minute\" \/>\n<script type=\"application\/ld+json\" class=\"yoast-schema-graph\">{\"@context\":\"https:\/\/schema.org\",\"@graph\":[{\"@type\":\"WebPage\",\"@id\":\"https:\/\/www.lapurla.ch\/fr\/news\/le-cabinet-demerveille\",\"url\":\"https:\/\/www.lapurla.ch\/fr\/news\/le-cabinet-demerveille\",\"name\":\"\u00abLe Cabinet d\u2019\u00c9merveille\u00bb &#8211; Lapurla\",\"isPartOf\":{\"@id\":\"https:\/\/www.lapurla.ch\/#website\"},\"primaryImageOfPage\":{\"@id\":\"https:\/\/www.lapurla.ch\/fr\/news\/le-cabinet-demerveille#primaryimage\"},\"image\":{\"@id\":\"https:\/\/www.lapurla.ch\/fr\/news\/le-cabinet-demerveille#primaryimage\"},\"thumbnailUrl\":\"https:\/\/www.lapurla.ch\/wp-content\/uploads\/2025\/01\/cabinetemerveille1.jpg\",\"datePublished\":\"2025-01-20T09:08:18+00:00\",\"dateModified\":\"2025-01-23T07:36:35+00:00\",\"description\":\"Le Cabinet d\u2019\u00c9merveille\",\"breadcrumb\":{\"@id\":\"https:\/\/www.lapurla.ch\/fr\/news\/le-cabinet-demerveille#breadcrumb\"},\"inLanguage\":\"fr-FR\",\"potentialAction\":[{\"@type\":\"ReadAction\",\"target\":[\"https:\/\/www.lapurla.ch\/fr\/news\/le-cabinet-demerveille\"]}]},{\"@type\":\"ImageObject\",\"inLanguage\":\"fr-FR\",\"@id\":\"https:\/\/www.lapurla.ch\/fr\/news\/le-cabinet-demerveille#primaryimage\",\"url\":\"https:\/\/www.lapurla.ch\/wp-content\/uploads\/2025\/01\/cabinetemerveille1.jpg\",\"contentUrl\":\"https:\/\/www.lapurla.ch\/wp-content\/uploads\/2025\/01\/cabinetemerveille1.jpg\",\"width\":1122,\"height\":692},{\"@type\":\"BreadcrumbList\",\"@id\":\"https:\/\/www.lapurla.ch\/fr\/news\/le-cabinet-demerveille#breadcrumb\",\"itemListElement\":[{\"@type\":\"ListItem\",\"position\":1,\"name\":\"Startseite\",\"item\":\"https:\/\/www.lapurla.ch\/fr\"},{\"@type\":\"ListItem\",\"position\":2,\"name\":\"News\",\"item\":\"https:\/\/www.lapurla.ch\/news\"},{\"@type\":\"ListItem\",\"position\":3,\"name\":\"\u00abLe Cabinet d\u2019\u00c9merveille\u00bb\"}]},{\"@type\":\"WebSite\",\"@id\":\"https:\/\/www.lapurla.ch\/#website\",\"url\":\"https:\/\/www.lapurla.ch\/\",\"name\":\"Lapurla\",\"description\":\"\",\"publisher\":{\"@id\":\"https:\/\/www.lapurla.ch\/#organization\"},\"potentialAction\":[{\"@type\":\"SearchAction\",\"target\":{\"@type\":\"EntryPoint\",\"urlTemplate\":\"https:\/\/www.lapurla.ch\/?s={search_term_string}\"},\"query-input\":{\"@type\":\"PropertyValueSpecification\",\"valueRequired\":true,\"valueName\":\"search_term_string\"}}],\"inLanguage\":\"fr-FR\"},{\"@type\":\"Organization\",\"@id\":\"https:\/\/www.lapurla.ch\/#organization\",\"name\":\"Lapurla\",\"url\":\"https:\/\/www.lapurla.ch\/\",\"logo\":{\"@type\":\"ImageObject\",\"inLanguage\":\"fr-FR\",\"@id\":\"https:\/\/www.lapurla.ch\/#\/schema\/logo\/image\/\",\"url\":\"https:\/\/www.lapurla.ch\/wp-content\/uploads\/2022\/03\/cropped-favicon.png\",\"contentUrl\":\"https:\/\/www.lapurla.ch\/wp-content\/uploads\/2022\/03\/cropped-favicon.png\",\"width\":512,\"height\":512,\"caption\":\"Lapurla\"},\"image\":{\"@id\":\"https:\/\/www.lapurla.ch\/#\/schema\/logo\/image\/\"}}]}<\/script>\n<!-- \/ Yoast SEO plugin. -->","yoast_head_json":{"title":"\u00abLe Cabinet d\u2019\u00c9merveille\u00bb &#8211; Lapurla","description":"Le Cabinet d\u2019\u00c9merveille","robots":{"index":"index","follow":"follow","max-snippet":"max-snippet:-1","max-image-preview":"max-image-preview:large","max-video-preview":"max-video-preview:-1"},"canonical":"https:\/\/www.lapurla.ch\/fr\/news\/le-cabinet-demerveille","og_locale":"fr_FR","og_type":"article","og_title":"\u00abLe Cabinet d\u2019\u00c9merveille\u00bb &#8211; Lapurla","og_description":"Le Cabinet d\u2019\u00c9merveille","og_url":"https:\/\/www.lapurla.ch\/fr\/news\/le-cabinet-demerveille","og_site_name":"Lapurla","article_modified_time":"2025-01-23T07:36:35+00:00","og_image":[{"width":1122,"height":692,"url":"https:\/\/www.lapurla.ch\/wp-content\/uploads\/2025\/01\/cabinetemerveille1.jpg","type":"image\/jpeg"}],"twitter_card":"summary_large_image","twitter_misc":{"Dur\u00e9e de lecture estim\u00e9e":"1 minute"},"schema":{"@context":"https:\/\/schema.org","@graph":[{"@type":"WebPage","@id":"https:\/\/www.lapurla.ch\/fr\/news\/le-cabinet-demerveille","url":"https:\/\/www.lapurla.ch\/fr\/news\/le-cabinet-demerveille","name":"\u00abLe Cabinet d\u2019\u00c9merveille\u00bb &#8211; Lapurla","isPartOf":{"@id":"https:\/\/www.lapurla.ch\/#website"},"primaryImageOfPage":{"@id":"https:\/\/www.lapurla.ch\/fr\/news\/le-cabinet-demerveille#primaryimage"},"image":{"@id":"https:\/\/www.lapurla.ch\/fr\/news\/le-cabinet-demerveille#primaryimage"},"thumbnailUrl":"https:\/\/www.lapurla.ch\/wp-content\/uploads\/2025\/01\/cabinetemerveille1.jpg","datePublished":"2025-01-20T09:08:18+00:00","dateModified":"2025-01-23T07:36:35+00:00","description":"Le Cabinet d\u2019\u00c9merveille","breadcrumb":{"@id":"https:\/\/www.lapurla.ch\/fr\/news\/le-cabinet-demerveille#breadcrumb"},"inLanguage":"fr-FR","potentialAction":[{"@type":"ReadAction","target":["https:\/\/www.lapurla.ch\/fr\/news\/le-cabinet-demerveille"]}]},{"@type":"ImageObject","inLanguage":"fr-FR","@id":"https:\/\/www.lapurla.ch\/fr\/news\/le-cabinet-demerveille#primaryimage","url":"https:\/\/www.lapurla.ch\/wp-content\/uploads\/2025\/01\/cabinetemerveille1.jpg","contentUrl":"https:\/\/www.lapurla.ch\/wp-content\/uploads\/2025\/01\/cabinetemerveille1.jpg","width":1122,"height":692},{"@type":"BreadcrumbList","@id":"https:\/\/www.lapurla.ch\/fr\/news\/le-cabinet-demerveille#breadcrumb","itemListElement":[{"@type":"ListItem","position":1,"name":"Startseite","item":"https:\/\/www.lapurla.ch\/fr"},{"@type":"ListItem","position":2,"name":"News","item":"https:\/\/www.lapurla.ch\/news"},{"@type":"ListItem","position":3,"name":"\u00abLe Cabinet d\u2019\u00c9merveille\u00bb"}]},{"@type":"WebSite","@id":"https:\/\/www.lapurla.ch\/#website","url":"https:\/\/www.lapurla.ch\/","name":"Lapurla","description":"","publisher":{"@id":"https:\/\/www.lapurla.ch\/#organization"},"potentialAction":[{"@type":"SearchAction","target":{"@type":"EntryPoint","urlTemplate":"https:\/\/www.lapurla.ch\/?s={search_term_string}"},"query-input":{"@type":"PropertyValueSpecification","valueRequired":true,"valueName":"search_term_string"}}],"inLanguage":"fr-FR"},{"@type":"Organization","@id":"https:\/\/www.lapurla.ch\/#organization","name":"Lapurla","url":"https:\/\/www.lapurla.ch\/","logo":{"@type":"ImageObject","inLanguage":"fr-FR","@id":"https:\/\/www.lapurla.ch\/#\/schema\/logo\/image\/","url":"https:\/\/www.lapurla.ch\/wp-content\/uploads\/2022\/03\/cropped-favicon.png","contentUrl":"https:\/\/www.lapurla.ch\/wp-content\/uploads\/2022\/03\/cropped-favicon.png","width":512,"height":512,"caption":"Lapurla"},"image":{"@id":"https:\/\/www.lapurla.ch\/#\/schema\/logo\/image\/"}}]}},"_links":{"self":[{"href":"https:\/\/www.lapurla.ch\/fr\/wp-json\/wp\/v2\/news\/27091","targetHints":{"allow":["GET"]}}],"collection":[{"href":"https:\/\/www.lapurla.ch\/fr\/wp-json\/wp\/v2\/news"}],"about":[{"href":"https:\/\/www.lapurla.ch\/fr\/wp-json\/wp\/v2\/types\/news"}],"version-history":[{"count":1,"href":"https:\/\/www.lapurla.ch\/fr\/wp-json\/wp\/v2\/news\/27091\/revisions"}],"predecessor-version":[{"id":27092,"href":"https:\/\/www.lapurla.ch\/fr\/wp-json\/wp\/v2\/news\/27091\/revisions\/27092"}],"wp:featuredmedia":[{"embeddable":true,"href":"https:\/\/www.lapurla.ch\/fr\/wp-json\/wp\/v2\/media\/27100"}],"wp:attachment":[{"href":"https:\/\/www.lapurla.ch\/fr\/wp-json\/wp\/v2\/media?parent=27091"}],"wp:term":[{"taxonomy":"category","embeddable":true,"href":"https:\/\/www.lapurla.ch\/fr\/wp-json\/wp\/v2\/categories?post=27091"}],"curies":[{"name":"wp","href":"https:\/\/api.w.org\/{rel}","templated":true}]}}