{"id":26895,"date":"2024-12-12T09:12:36","date_gmt":"2024-12-12T08:12:36","guid":{"rendered":"https:\/\/www.lapurla.ch\/news\/netzwerkpartner-assitej-liechtenstein"},"modified":"2024-12-12T09:18:46","modified_gmt":"2024-12-12T08:18:46","slug":"netzwerkpartner-assitej-liechtenstein","status":"publish","type":"news","link":"https:\/\/www.lapurla.ch\/fr\/news\/netzwerkpartner-assitej-liechtenstein","title":{"rendered":"Partenaire de r\u00e9seau Assitej Liechtenstein"},"content":{"rendered":"\n<p>En janvier d\u00e9j\u00e0, nous avons accueilli notre nouveau partenaire de r\u00e9seau, <a href=\"https:\/\/www.assitej.li\/startseite\/\" target=\"_blank\" rel=\"noreferrer noopener\">Assitej Liechtenstein<\/a> ! Nous pr\u00e9sentons ici bri\u00e8vement <strong>ASSITEJ Liechtenstein<\/strong> de mani\u00e8re plus d\u00e9taill\u00e9e. Assitej Liechtenstein s&rsquo;engage pour le d\u00e9veloppement, la pr\u00e9servation et la promotion du th\u00e9\u00e2tre, de l&rsquo;art et de la culture pour les enfants et les jeunes au Liechtenstein et d\u00e9fend le droit des enfants \u00e0 l&rsquo;art et \u00e0 la culture, inscrit \u00e0 l&rsquo;article 31 de la Convention des Nations Unies relative aux droits de l&rsquo;enfant. Elle r\u00e9unit des professionnels du th\u00e9\u00e2tre et des arts, des institutions th\u00e9\u00e2trales et des th\u00e9\u00e2tres ind\u00e9pendants, des mus\u00e9es ainsi que des organisations et des associations.<\/p>\n\n\n\n<p>Et pourquoi Assitej Liechtenstein soutient-elle les pr\u00e9occupations de Lapurla en tant que <strong>partenaire de r\u00e9seau<\/strong> ? Voici la r\u00e9ponse :<\/p>\n\n\n\n<blockquote class=\"wp-block-quote is-layout-flow wp-block-quote-is-layout-flow\">\n<p>\u00abASSITEJ Liechtenstein s&rsquo;engage depuis 2005 pour la promotion du th\u00e9\u00e2tre, de l&rsquo;art et de la culture pour les enfants et les jeunes.<br>Notre motivation \u00e0 faire partie du r\u00e9seau Lapurla repose sur la conviction que la participation culturelle d\u00e8s le plus jeune \u00e2ge joue un r\u00f4le fondamental dans le d\u00e9veloppement des enfants. Gr\u00e2ce \u00e0 Lapurla, nous avons la possibilit\u00e9 de collaborer avec d&rsquo;autres partenaires engag\u00e9s* et de nous engager en faveur d&rsquo;une m\u00e9diation culturelle vivante dans la petite enfance.<br>Lapurla place la perspective des enfants au centre et promeut des espaces dans lesquels ils peuvent faire des exp\u00e9riences culturelles de mani\u00e8re ludique et sans pression de performance. Cela ne renforce pas seulement le d\u00e9veloppement de l&rsquo;enfant, mais sensibilise \u00e9galement les adultes \u00e0 l&rsquo;importance de ces espaces d&rsquo;\u00e9panouissement libres et artistiques.<br>Nous profitons des id\u00e9es et des approches partag\u00e9es au sein du r\u00e9seau et pouvons les int\u00e9grer dans nos projets.\u00bb<\/p>\n<\/blockquote>\n\n\n\n<p>Nous nous r\u00e9jouissons de travailler ensemble !<\/p>\n\n\n\n<p><\/p>\n","protected":false},"excerpt":{"rendered":"<p>En janvier d\u00e9j\u00e0, nous avons accueilli notre nouveau partenaire de r\u00e9seau, Assitej Liechtenstein ! Nous pr\u00e9sentons ici bri\u00e8vement ASSITEJ Liechtenstein de mani\u00e8re plus d\u00e9taill\u00e9e. Assitej Liechtenstein s&rsquo;engage pour le d\u00e9veloppement, la pr\u00e9servation et la promotion du th\u00e9\u00e2tre, de l&rsquo;art et de la culture pour les enfants et les jeunes au Liechtenstein et d\u00e9fend le droit [&hellip;]<\/p>\n","protected":false},"featured_media":26897,"template":"","meta":{"_acf_changed":false,"latitude":"","longitude":"","kurzbeschreibung":"L'ASSITEJ Liechtenstein s'engage pour le d\u00e9veloppement, la pr\u00e9servation et la promotion du th\u00e9\u00e2tre, de l'art et de la culture pour les enfants et les jeunes. Assitej Liechtenstein nous a donn\u00e9 des informations sur ce qui la motive \u00e0 faire partie du r\u00e9seau Lapurla.","datum_von":"","footnotes":""},"categories":[],"class_list":["post-26895","news","type-news","status-publish","has-post-thumbnail","hentry"],"acf":[],"yoast_head":"<!-- This site is optimized with the Yoast SEO plugin v27.2 - https:\/\/yoast.com\/product\/yoast-seo-wordpress\/ -->\n<title>Partenaire de r\u00e9seau Assitej Liechtenstein &#8211; Lapurla<\/title>\n<meta name=\"description\" content=\"Partenaire de r\u00e9seau Assitej Liechtenstein\" \/>\n<meta name=\"robots\" content=\"index, follow, max-snippet:-1, max-image-preview:large, max-video-preview:-1\" \/>\n<link rel=\"canonical\" href=\"https:\/\/www.lapurla.ch\/fr\/news\/netzwerkpartner-assitej-liechtenstein\" \/>\n<meta property=\"og:locale\" content=\"fr_FR\" \/>\n<meta property=\"og:type\" content=\"article\" \/>\n<meta property=\"og:title\" content=\"Partenaire de r\u00e9seau Assitej Liechtenstein &#8211; Lapurla\" \/>\n<meta property=\"og:description\" content=\"Partenaire de r\u00e9seau Assitej Liechtenstein\" \/>\n<meta property=\"og:url\" content=\"https:\/\/www.lapurla.ch\/fr\/news\/netzwerkpartner-assitej-liechtenstein\" \/>\n<meta property=\"og:site_name\" content=\"Lapurla\" \/>\n<meta property=\"article:modified_time\" content=\"2024-12-12T08:18:46+00:00\" \/>\n<meta property=\"og:image\" content=\"https:\/\/www.lapurla.ch\/wp-content\/uploads\/2024\/12\/assitejwebFR.jpg\" \/>\n\t<meta property=\"og:image:width\" content=\"1920\" \/>\n\t<meta property=\"og:image:height\" content=\"1440\" \/>\n\t<meta property=\"og:image:type\" content=\"image\/jpeg\" \/>\n<meta name=\"twitter:card\" content=\"summary_large_image\" \/>\n<meta name=\"twitter:label1\" content=\"Dur\u00e9e de lecture estim\u00e9e\" \/>\n\t<meta name=\"twitter:data1\" content=\"1 minute\" \/>\n<script type=\"application\/ld+json\" class=\"yoast-schema-graph\">{\"@context\":\"https:\/\/schema.org\",\"@graph\":[{\"@type\":\"WebPage\",\"@id\":\"https:\/\/www.lapurla.ch\/fr\/news\/netzwerkpartner-assitej-liechtenstein\",\"url\":\"https:\/\/www.lapurla.ch\/fr\/news\/netzwerkpartner-assitej-liechtenstein\",\"name\":\"Partenaire de r\u00e9seau Assitej Liechtenstein &#8211; Lapurla\",\"isPartOf\":{\"@id\":\"https:\/\/www.lapurla.ch\/#website\"},\"primaryImageOfPage\":{\"@id\":\"https:\/\/www.lapurla.ch\/fr\/news\/netzwerkpartner-assitej-liechtenstein#primaryimage\"},\"image\":{\"@id\":\"https:\/\/www.lapurla.ch\/fr\/news\/netzwerkpartner-assitej-liechtenstein#primaryimage\"},\"thumbnailUrl\":\"https:\/\/www.lapurla.ch\/wp-content\/uploads\/2024\/12\/assitejwebFR.jpg\",\"datePublished\":\"2024-12-12T08:12:36+00:00\",\"dateModified\":\"2024-12-12T08:18:46+00:00\",\"description\":\"Partenaire de r\u00e9seau Assitej Liechtenstein\",\"breadcrumb\":{\"@id\":\"https:\/\/www.lapurla.ch\/fr\/news\/netzwerkpartner-assitej-liechtenstein#breadcrumb\"},\"inLanguage\":\"fr-FR\",\"potentialAction\":[{\"@type\":\"ReadAction\",\"target\":[\"https:\/\/www.lapurla.ch\/fr\/news\/netzwerkpartner-assitej-liechtenstein\"]}]},{\"@type\":\"ImageObject\",\"inLanguage\":\"fr-FR\",\"@id\":\"https:\/\/www.lapurla.ch\/fr\/news\/netzwerkpartner-assitej-liechtenstein#primaryimage\",\"url\":\"https:\/\/www.lapurla.ch\/wp-content\/uploads\/2024\/12\/assitejwebFR.jpg\",\"contentUrl\":\"https:\/\/www.lapurla.ch\/wp-content\/uploads\/2024\/12\/assitejwebFR.jpg\",\"width\":1920,\"height\":1440},{\"@type\":\"BreadcrumbList\",\"@id\":\"https:\/\/www.lapurla.ch\/fr\/news\/netzwerkpartner-assitej-liechtenstein#breadcrumb\",\"itemListElement\":[{\"@type\":\"ListItem\",\"position\":1,\"name\":\"Startseite\",\"item\":\"https:\/\/www.lapurla.ch\/fr\"},{\"@type\":\"ListItem\",\"position\":2,\"name\":\"News\",\"item\":\"https:\/\/www.lapurla.ch\/news\"},{\"@type\":\"ListItem\",\"position\":3,\"name\":\"Partenaire de r\u00e9seau Assitej Liechtenstein\"}]},{\"@type\":\"WebSite\",\"@id\":\"https:\/\/www.lapurla.ch\/#website\",\"url\":\"https:\/\/www.lapurla.ch\/\",\"name\":\"Lapurla\",\"description\":\"\",\"publisher\":{\"@id\":\"https:\/\/www.lapurla.ch\/#organization\"},\"potentialAction\":[{\"@type\":\"SearchAction\",\"target\":{\"@type\":\"EntryPoint\",\"urlTemplate\":\"https:\/\/www.lapurla.ch\/?s={search_term_string}\"},\"query-input\":{\"@type\":\"PropertyValueSpecification\",\"valueRequired\":true,\"valueName\":\"search_term_string\"}}],\"inLanguage\":\"fr-FR\"},{\"@type\":\"Organization\",\"@id\":\"https:\/\/www.lapurla.ch\/#organization\",\"name\":\"Lapurla\",\"url\":\"https:\/\/www.lapurla.ch\/\",\"logo\":{\"@type\":\"ImageObject\",\"inLanguage\":\"fr-FR\",\"@id\":\"https:\/\/www.lapurla.ch\/#\/schema\/logo\/image\/\",\"url\":\"https:\/\/www.lapurla.ch\/wp-content\/uploads\/2022\/03\/cropped-favicon.png\",\"contentUrl\":\"https:\/\/www.lapurla.ch\/wp-content\/uploads\/2022\/03\/cropped-favicon.png\",\"width\":512,\"height\":512,\"caption\":\"Lapurla\"},\"image\":{\"@id\":\"https:\/\/www.lapurla.ch\/#\/schema\/logo\/image\/\"}}]}<\/script>\n<!-- \/ Yoast SEO plugin. -->","yoast_head_json":{"title":"Partenaire de r\u00e9seau Assitej Liechtenstein &#8211; Lapurla","description":"Partenaire de r\u00e9seau Assitej Liechtenstein","robots":{"index":"index","follow":"follow","max-snippet":"max-snippet:-1","max-image-preview":"max-image-preview:large","max-video-preview":"max-video-preview:-1"},"canonical":"https:\/\/www.lapurla.ch\/fr\/news\/netzwerkpartner-assitej-liechtenstein","og_locale":"fr_FR","og_type":"article","og_title":"Partenaire de r\u00e9seau Assitej Liechtenstein &#8211; Lapurla","og_description":"Partenaire de r\u00e9seau Assitej Liechtenstein","og_url":"https:\/\/www.lapurla.ch\/fr\/news\/netzwerkpartner-assitej-liechtenstein","og_site_name":"Lapurla","article_modified_time":"2024-12-12T08:18:46+00:00","og_image":[{"width":1920,"height":1440,"url":"https:\/\/www.lapurla.ch\/wp-content\/uploads\/2024\/12\/assitejwebFR.jpg","type":"image\/jpeg"}],"twitter_card":"summary_large_image","twitter_misc":{"Dur\u00e9e de lecture estim\u00e9e":"1 minute"},"schema":{"@context":"https:\/\/schema.org","@graph":[{"@type":"WebPage","@id":"https:\/\/www.lapurla.ch\/fr\/news\/netzwerkpartner-assitej-liechtenstein","url":"https:\/\/www.lapurla.ch\/fr\/news\/netzwerkpartner-assitej-liechtenstein","name":"Partenaire de r\u00e9seau Assitej Liechtenstein &#8211; Lapurla","isPartOf":{"@id":"https:\/\/www.lapurla.ch\/#website"},"primaryImageOfPage":{"@id":"https:\/\/www.lapurla.ch\/fr\/news\/netzwerkpartner-assitej-liechtenstein#primaryimage"},"image":{"@id":"https:\/\/www.lapurla.ch\/fr\/news\/netzwerkpartner-assitej-liechtenstein#primaryimage"},"thumbnailUrl":"https:\/\/www.lapurla.ch\/wp-content\/uploads\/2024\/12\/assitejwebFR.jpg","datePublished":"2024-12-12T08:12:36+00:00","dateModified":"2024-12-12T08:18:46+00:00","description":"Partenaire de r\u00e9seau Assitej Liechtenstein","breadcrumb":{"@id":"https:\/\/www.lapurla.ch\/fr\/news\/netzwerkpartner-assitej-liechtenstein#breadcrumb"},"inLanguage":"fr-FR","potentialAction":[{"@type":"ReadAction","target":["https:\/\/www.lapurla.ch\/fr\/news\/netzwerkpartner-assitej-liechtenstein"]}]},{"@type":"ImageObject","inLanguage":"fr-FR","@id":"https:\/\/www.lapurla.ch\/fr\/news\/netzwerkpartner-assitej-liechtenstein#primaryimage","url":"https:\/\/www.lapurla.ch\/wp-content\/uploads\/2024\/12\/assitejwebFR.jpg","contentUrl":"https:\/\/www.lapurla.ch\/wp-content\/uploads\/2024\/12\/assitejwebFR.jpg","width":1920,"height":1440},{"@type":"BreadcrumbList","@id":"https:\/\/www.lapurla.ch\/fr\/news\/netzwerkpartner-assitej-liechtenstein#breadcrumb","itemListElement":[{"@type":"ListItem","position":1,"name":"Startseite","item":"https:\/\/www.lapurla.ch\/fr"},{"@type":"ListItem","position":2,"name":"News","item":"https:\/\/www.lapurla.ch\/news"},{"@type":"ListItem","position":3,"name":"Partenaire de r\u00e9seau Assitej Liechtenstein"}]},{"@type":"WebSite","@id":"https:\/\/www.lapurla.ch\/#website","url":"https:\/\/www.lapurla.ch\/","name":"Lapurla","description":"","publisher":{"@id":"https:\/\/www.lapurla.ch\/#organization"},"potentialAction":[{"@type":"SearchAction","target":{"@type":"EntryPoint","urlTemplate":"https:\/\/www.lapurla.ch\/?s={search_term_string}"},"query-input":{"@type":"PropertyValueSpecification","valueRequired":true,"valueName":"search_term_string"}}],"inLanguage":"fr-FR"},{"@type":"Organization","@id":"https:\/\/www.lapurla.ch\/#organization","name":"Lapurla","url":"https:\/\/www.lapurla.ch\/","logo":{"@type":"ImageObject","inLanguage":"fr-FR","@id":"https:\/\/www.lapurla.ch\/#\/schema\/logo\/image\/","url":"https:\/\/www.lapurla.ch\/wp-content\/uploads\/2022\/03\/cropped-favicon.png","contentUrl":"https:\/\/www.lapurla.ch\/wp-content\/uploads\/2022\/03\/cropped-favicon.png","width":512,"height":512,"caption":"Lapurla"},"image":{"@id":"https:\/\/www.lapurla.ch\/#\/schema\/logo\/image\/"}}]}},"_links":{"self":[{"href":"https:\/\/www.lapurla.ch\/fr\/wp-json\/wp\/v2\/news\/26895","targetHints":{"allow":["GET"]}}],"collection":[{"href":"https:\/\/www.lapurla.ch\/fr\/wp-json\/wp\/v2\/news"}],"about":[{"href":"https:\/\/www.lapurla.ch\/fr\/wp-json\/wp\/v2\/types\/news"}],"version-history":[{"count":1,"href":"https:\/\/www.lapurla.ch\/fr\/wp-json\/wp\/v2\/news\/26895\/revisions"}],"predecessor-version":[{"id":26901,"href":"https:\/\/www.lapurla.ch\/fr\/wp-json\/wp\/v2\/news\/26895\/revisions\/26901"}],"wp:featuredmedia":[{"embeddable":true,"href":"https:\/\/www.lapurla.ch\/fr\/wp-json\/wp\/v2\/media\/26897"}],"wp:attachment":[{"href":"https:\/\/www.lapurla.ch\/fr\/wp-json\/wp\/v2\/media?parent=26895"}],"wp:term":[{"taxonomy":"category","embeddable":true,"href":"https:\/\/www.lapurla.ch\/fr\/wp-json\/wp\/v2\/categories?post=26895"}],"curies":[{"name":"wp","href":"https:\/\/api.w.org\/{rel}","templated":true}]}}