{"id":26765,"date":"2024-12-03T21:01:14","date_gmt":"2024-12-03T20:01:14","guid":{"rendered":"https:\/\/www.lapurla.ch\/news\/artmini-kreieren-fuer-die-juengsten"},"modified":"2024-12-19T08:59:24","modified_gmt":"2024-12-19T07:59:24","slug":"artmini-kreieren-fuer-die-juengsten","status":"publish","type":"news","link":"https:\/\/www.lapurla.ch\/fr\/news\/artmini-kreieren-fuer-die-juengsten","title":{"rendered":"Art&rsquo;Mini : Cr\u00e9er pour les plus jeunes"},"content":{"rendered":"\n<p><a href=\"https:\/\/www.compagniedigestif.ch\/fr\/angebote\/artmini\/\" target=\"_blank\" rel=\"noreferrer noopener\">Art&rsquo;Mini<\/a> est un format de la <a href=\"https:\/\/www.compagniedigestif.ch\/fr\/\" target=\"_blank\" rel=\"noreferrer noopener\">Compagnie Digestif<\/a> qui met l&rsquo;accent sur les processus cr\u00e9atifs dans le d\u00e9veloppement de la petite enfance et qui implique les enfants et les personnes qui les accompagnent. Les enfants doivent \u00eatre encourag\u00e9s dans leur monde d&rsquo;exp\u00e9rience et leur soif de recherche et \u00eatre incit\u00e9s \u00e0 cr\u00e9er eux-m\u00eames. Avec les adultes qui les accompagnent et les artistes, ils doivent avoir la possibilit\u00e9 de se plonger dans des processus de co-construction et d&rsquo;apprendre les uns des autres et les uns avec les autres gr\u00e2ce \u00e0 des processus cr\u00e9atifs et cr\u00e9atifs. La Compagnie Digestif permet aux enfants d&rsquo;acc\u00e9der \u00e0 la culture et aux professionnels de la culture de diff\u00e9rentes disciplines de mettre en \u0153uvre un programme adapt\u00e9 au jeune public.<\/p>\n\n\n\n<p>Jennifer Skolovski, directrice artistique de la Compagnie Digestif, a remport\u00e9 un <a href=\"https:\/\/www.lapurla.ch\/fr\/projets-gagnants-lapurla-awards-2023\" target=\"_blank\" rel=\"noreferrer noopener\">Lapurla Award<\/a> en 2023 avec Art&rsquo;Mini.<\/p>\n\n\n\n<h3 class=\"wp-block-heading\"><strong>Call for participation&nbsp;pour les institutions \/ organisateurs<\/strong><\/h3>\n\n\n\n<p>As-tu envie de te lancer dans la co-construction d\u2019\u00e9venements pour enfants de 0-4 ans et leurs accompagnants?&nbsp;<\/p>\n\n\n\n<p><a href=\"https:\/\/www.compagniedigestif.ch\/appelaprojetartmini25_26_institution\/\" target=\"_blank\" rel=\"noreferrer noopener\">Call for participation\u00a0pour les institutions \/ organisateurs<\/a><\/p>\n\n\n\n<h3 class=\"wp-block-heading\"><strong>Call for project&nbsp;pour les artistes de toutes les disciplines \/ m\u00e9diateurs culturels<\/strong><\/h3>\n\n\n\n<p>As-tu envie de te lancer dans la cr\u00e9ation pour enfants de 0-4 ans et leurs accompagnants?<strong>&nbsp;<\/strong><\/p>\n\n\n\n<p><a href=\"https:\/\/www.compagniedigestif.ch\/appelaprojetartmini25_26\/\" target=\"_blank\" rel=\"noreferrer noopener\">Call for project&nbsp;pour les artistes de toutes les disciplines \/ m\u00e9diateurs culturels<\/a><\/p>\n\n\n\n<figure class=\"wp-block-image size-large\"><img loading=\"lazy\" decoding=\"async\" width=\"768\" height=\"1024\" src=\"https:\/\/www.lapurla.ch\/wp-content\/uploads\/2024\/12\/20230316143945-768x1024.jpg\" alt=\"\" class=\"wp-image-26695\" srcset=\"https:\/\/www.lapurla.ch\/wp-content\/uploads\/2024\/12\/20230316143945-768x1024.jpg 768w, https:\/\/www.lapurla.ch\/wp-content\/uploads\/2024\/12\/20230316143945-225x300.jpg 225w, https:\/\/www.lapurla.ch\/wp-content\/uploads\/2024\/12\/20230316143945-1152x1536.jpg 1152w, https:\/\/www.lapurla.ch\/wp-content\/uploads\/2024\/12\/20230316143945-1536x2048.jpg 1536w, https:\/\/www.lapurla.ch\/wp-content\/uploads\/2024\/12\/20230316143945-scaled.jpg 1920w\" sizes=\"auto, (max-width: 768px) 100vw, 768px\" \/><\/figure>\n\n\n\n<p><\/p>\n","protected":false},"excerpt":{"rendered":"<p>Art&rsquo;Mini est un format de la Compagnie Digestif qui met l&rsquo;accent sur les processus cr\u00e9atifs dans le d\u00e9veloppement de la petite enfance et qui implique les enfants et les personnes qui les accompagnent. Les enfants doivent \u00eatre encourag\u00e9s dans leur monde d&rsquo;exp\u00e9rience et leur soif de recherche et \u00eatre incit\u00e9s \u00e0 cr\u00e9er eux-m\u00eames. Avec les [&hellip;]<\/p>\n","protected":false},"featured_media":26696,"template":"","meta":{"_acf_changed":false,"latitude":"","longitude":"","kurzbeschreibung":"Tu as envie d'organiser des \u00e9v\u00e9nements pour les enfants de 0 \u00e0 4 ans et leurs accompagnateurs ? Ou tu souhaites cr\u00e9er des activit\u00e9s pour les tout-petits et leurs accompagnateurs ? Alors d\u00e9couvre ici Art'Mini et son Call for participation et Call for project.","datum_von":"","footnotes":""},"categories":[],"class_list":["post-26765","news","type-news","status-publish","has-post-thumbnail","hentry"],"acf":[],"yoast_head":"<!-- This site is optimized with the Yoast SEO plugin v27.2 - https:\/\/yoast.com\/product\/yoast-seo-wordpress\/ -->\n<title>Art&#039;Mini : Cr\u00e9er pour les plus jeunes &#8211; Lapurla<\/title>\n<meta name=\"description\" content=\"Art&#039;Mini : Cr\u00e9er pour les plus jeunes\" \/>\n<meta name=\"robots\" content=\"index, follow, max-snippet:-1, max-image-preview:large, max-video-preview:-1\" \/>\n<link rel=\"canonical\" href=\"https:\/\/www.lapurla.ch\/fr\/news\/artmini-kreieren-fuer-die-juengsten\" \/>\n<meta property=\"og:locale\" content=\"fr_FR\" \/>\n<meta property=\"og:type\" content=\"article\" \/>\n<meta property=\"og:title\" content=\"Art&#039;Mini : Cr\u00e9er pour les plus jeunes &#8211; Lapurla\" \/>\n<meta property=\"og:description\" content=\"Art&#039;Mini : Cr\u00e9er pour les plus jeunes\" \/>\n<meta property=\"og:url\" content=\"https:\/\/www.lapurla.ch\/fr\/news\/artmini-kreieren-fuer-die-juengsten\" \/>\n<meta property=\"og:site_name\" content=\"Lapurla\" \/>\n<meta property=\"article:modified_time\" content=\"2024-12-19T07:59:24+00:00\" \/>\n<meta property=\"og:image\" content=\"https:\/\/www.lapurla.ch\/wp-content\/uploads\/2024\/12\/20230316143945-scaled.jpg\" \/>\n\t<meta property=\"og:image:width\" content=\"1920\" \/>\n\t<meta property=\"og:image:height\" content=\"2560\" \/>\n\t<meta property=\"og:image:type\" content=\"image\/jpeg\" \/>\n<meta name=\"twitter:card\" content=\"summary_large_image\" \/>\n<meta name=\"twitter:label1\" content=\"Dur\u00e9e de lecture estim\u00e9e\" \/>\n\t<meta name=\"twitter:data1\" content=\"2 minutes\" \/>\n<script type=\"application\/ld+json\" class=\"yoast-schema-graph\">{\"@context\":\"https:\/\/schema.org\",\"@graph\":[{\"@type\":\"WebPage\",\"@id\":\"https:\/\/www.lapurla.ch\/fr\/news\/artmini-kreieren-fuer-die-juengsten\",\"url\":\"https:\/\/www.lapurla.ch\/fr\/news\/artmini-kreieren-fuer-die-juengsten\",\"name\":\"Art'Mini : Cr\u00e9er pour les plus jeunes &#8211; Lapurla\",\"isPartOf\":{\"@id\":\"https:\/\/www.lapurla.ch\/#website\"},\"primaryImageOfPage\":{\"@id\":\"https:\/\/www.lapurla.ch\/fr\/news\/artmini-kreieren-fuer-die-juengsten#primaryimage\"},\"image\":{\"@id\":\"https:\/\/www.lapurla.ch\/fr\/news\/artmini-kreieren-fuer-die-juengsten#primaryimage\"},\"thumbnailUrl\":\"https:\/\/www.lapurla.ch\/wp-content\/uploads\/2024\/12\/20230316143945-scaled.jpg\",\"datePublished\":\"2024-12-03T20:01:14+00:00\",\"dateModified\":\"2024-12-19T07:59:24+00:00\",\"description\":\"Art'Mini : Cr\u00e9er pour les plus jeunes\",\"breadcrumb\":{\"@id\":\"https:\/\/www.lapurla.ch\/fr\/news\/artmini-kreieren-fuer-die-juengsten#breadcrumb\"},\"inLanguage\":\"fr-FR\",\"potentialAction\":[{\"@type\":\"ReadAction\",\"target\":[\"https:\/\/www.lapurla.ch\/fr\/news\/artmini-kreieren-fuer-die-juengsten\"]}]},{\"@type\":\"ImageObject\",\"inLanguage\":\"fr-FR\",\"@id\":\"https:\/\/www.lapurla.ch\/fr\/news\/artmini-kreieren-fuer-die-juengsten#primaryimage\",\"url\":\"https:\/\/www.lapurla.ch\/wp-content\/uploads\/2024\/12\/20230316143945-scaled.jpg\",\"contentUrl\":\"https:\/\/www.lapurla.ch\/wp-content\/uploads\/2024\/12\/20230316143945-scaled.jpg\",\"width\":1920,\"height\":2560},{\"@type\":\"BreadcrumbList\",\"@id\":\"https:\/\/www.lapurla.ch\/fr\/news\/artmini-kreieren-fuer-die-juengsten#breadcrumb\",\"itemListElement\":[{\"@type\":\"ListItem\",\"position\":1,\"name\":\"Startseite\",\"item\":\"https:\/\/www.lapurla.ch\/fr\"},{\"@type\":\"ListItem\",\"position\":2,\"name\":\"News\",\"item\":\"https:\/\/www.lapurla.ch\/news\"},{\"@type\":\"ListItem\",\"position\":3,\"name\":\"Art&#8217;Mini : Cr\u00e9er pour les plus jeunes\"}]},{\"@type\":\"WebSite\",\"@id\":\"https:\/\/www.lapurla.ch\/#website\",\"url\":\"https:\/\/www.lapurla.ch\/\",\"name\":\"Lapurla\",\"description\":\"\",\"publisher\":{\"@id\":\"https:\/\/www.lapurla.ch\/#organization\"},\"potentialAction\":[{\"@type\":\"SearchAction\",\"target\":{\"@type\":\"EntryPoint\",\"urlTemplate\":\"https:\/\/www.lapurla.ch\/?s={search_term_string}\"},\"query-input\":{\"@type\":\"PropertyValueSpecification\",\"valueRequired\":true,\"valueName\":\"search_term_string\"}}],\"inLanguage\":\"fr-FR\"},{\"@type\":\"Organization\",\"@id\":\"https:\/\/www.lapurla.ch\/#organization\",\"name\":\"Lapurla\",\"url\":\"https:\/\/www.lapurla.ch\/\",\"logo\":{\"@type\":\"ImageObject\",\"inLanguage\":\"fr-FR\",\"@id\":\"https:\/\/www.lapurla.ch\/#\/schema\/logo\/image\/\",\"url\":\"https:\/\/www.lapurla.ch\/wp-content\/uploads\/2022\/03\/cropped-favicon.png\",\"contentUrl\":\"https:\/\/www.lapurla.ch\/wp-content\/uploads\/2022\/03\/cropped-favicon.png\",\"width\":512,\"height\":512,\"caption\":\"Lapurla\"},\"image\":{\"@id\":\"https:\/\/www.lapurla.ch\/#\/schema\/logo\/image\/\"}}]}<\/script>\n<!-- \/ Yoast SEO plugin. -->","yoast_head_json":{"title":"Art'Mini : Cr\u00e9er pour les plus jeunes &#8211; Lapurla","description":"Art'Mini : Cr\u00e9er pour les plus jeunes","robots":{"index":"index","follow":"follow","max-snippet":"max-snippet:-1","max-image-preview":"max-image-preview:large","max-video-preview":"max-video-preview:-1"},"canonical":"https:\/\/www.lapurla.ch\/fr\/news\/artmini-kreieren-fuer-die-juengsten","og_locale":"fr_FR","og_type":"article","og_title":"Art'Mini : Cr\u00e9er pour les plus jeunes &#8211; Lapurla","og_description":"Art'Mini : Cr\u00e9er pour les plus jeunes","og_url":"https:\/\/www.lapurla.ch\/fr\/news\/artmini-kreieren-fuer-die-juengsten","og_site_name":"Lapurla","article_modified_time":"2024-12-19T07:59:24+00:00","og_image":[{"width":1920,"height":2560,"url":"https:\/\/www.lapurla.ch\/wp-content\/uploads\/2024\/12\/20230316143945-scaled.jpg","type":"image\/jpeg"}],"twitter_card":"summary_large_image","twitter_misc":{"Dur\u00e9e de lecture estim\u00e9e":"2 minutes"},"schema":{"@context":"https:\/\/schema.org","@graph":[{"@type":"WebPage","@id":"https:\/\/www.lapurla.ch\/fr\/news\/artmini-kreieren-fuer-die-juengsten","url":"https:\/\/www.lapurla.ch\/fr\/news\/artmini-kreieren-fuer-die-juengsten","name":"Art'Mini : Cr\u00e9er pour les plus jeunes &#8211; Lapurla","isPartOf":{"@id":"https:\/\/www.lapurla.ch\/#website"},"primaryImageOfPage":{"@id":"https:\/\/www.lapurla.ch\/fr\/news\/artmini-kreieren-fuer-die-juengsten#primaryimage"},"image":{"@id":"https:\/\/www.lapurla.ch\/fr\/news\/artmini-kreieren-fuer-die-juengsten#primaryimage"},"thumbnailUrl":"https:\/\/www.lapurla.ch\/wp-content\/uploads\/2024\/12\/20230316143945-scaled.jpg","datePublished":"2024-12-03T20:01:14+00:00","dateModified":"2024-12-19T07:59:24+00:00","description":"Art'Mini : Cr\u00e9er pour les plus jeunes","breadcrumb":{"@id":"https:\/\/www.lapurla.ch\/fr\/news\/artmini-kreieren-fuer-die-juengsten#breadcrumb"},"inLanguage":"fr-FR","potentialAction":[{"@type":"ReadAction","target":["https:\/\/www.lapurla.ch\/fr\/news\/artmini-kreieren-fuer-die-juengsten"]}]},{"@type":"ImageObject","inLanguage":"fr-FR","@id":"https:\/\/www.lapurla.ch\/fr\/news\/artmini-kreieren-fuer-die-juengsten#primaryimage","url":"https:\/\/www.lapurla.ch\/wp-content\/uploads\/2024\/12\/20230316143945-scaled.jpg","contentUrl":"https:\/\/www.lapurla.ch\/wp-content\/uploads\/2024\/12\/20230316143945-scaled.jpg","width":1920,"height":2560},{"@type":"BreadcrumbList","@id":"https:\/\/www.lapurla.ch\/fr\/news\/artmini-kreieren-fuer-die-juengsten#breadcrumb","itemListElement":[{"@type":"ListItem","position":1,"name":"Startseite","item":"https:\/\/www.lapurla.ch\/fr"},{"@type":"ListItem","position":2,"name":"News","item":"https:\/\/www.lapurla.ch\/news"},{"@type":"ListItem","position":3,"name":"Art&#8217;Mini : Cr\u00e9er pour les plus jeunes"}]},{"@type":"WebSite","@id":"https:\/\/www.lapurla.ch\/#website","url":"https:\/\/www.lapurla.ch\/","name":"Lapurla","description":"","publisher":{"@id":"https:\/\/www.lapurla.ch\/#organization"},"potentialAction":[{"@type":"SearchAction","target":{"@type":"EntryPoint","urlTemplate":"https:\/\/www.lapurla.ch\/?s={search_term_string}"},"query-input":{"@type":"PropertyValueSpecification","valueRequired":true,"valueName":"search_term_string"}}],"inLanguage":"fr-FR"},{"@type":"Organization","@id":"https:\/\/www.lapurla.ch\/#organization","name":"Lapurla","url":"https:\/\/www.lapurla.ch\/","logo":{"@type":"ImageObject","inLanguage":"fr-FR","@id":"https:\/\/www.lapurla.ch\/#\/schema\/logo\/image\/","url":"https:\/\/www.lapurla.ch\/wp-content\/uploads\/2022\/03\/cropped-favicon.png","contentUrl":"https:\/\/www.lapurla.ch\/wp-content\/uploads\/2022\/03\/cropped-favicon.png","width":512,"height":512,"caption":"Lapurla"},"image":{"@id":"https:\/\/www.lapurla.ch\/#\/schema\/logo\/image\/"}}]}},"_links":{"self":[{"href":"https:\/\/www.lapurla.ch\/fr\/wp-json\/wp\/v2\/news\/26765","targetHints":{"allow":["GET"]}}],"collection":[{"href":"https:\/\/www.lapurla.ch\/fr\/wp-json\/wp\/v2\/news"}],"about":[{"href":"https:\/\/www.lapurla.ch\/fr\/wp-json\/wp\/v2\/types\/news"}],"version-history":[{"count":4,"href":"https:\/\/www.lapurla.ch\/fr\/wp-json\/wp\/v2\/news\/26765\/revisions"}],"predecessor-version":[{"id":26947,"href":"https:\/\/www.lapurla.ch\/fr\/wp-json\/wp\/v2\/news\/26765\/revisions\/26947"}],"wp:featuredmedia":[{"embeddable":true,"href":"https:\/\/www.lapurla.ch\/fr\/wp-json\/wp\/v2\/media\/26696"}],"wp:attachment":[{"href":"https:\/\/www.lapurla.ch\/fr\/wp-json\/wp\/v2\/media?parent=26765"}],"wp:term":[{"taxonomy":"category","embeddable":true,"href":"https:\/\/www.lapurla.ch\/fr\/wp-json\/wp\/v2\/categories?post=26765"}],"curies":[{"name":"wp","href":"https:\/\/api.w.org\/{rel}","templated":true}]}}