{"id":25345,"date":"2024-08-19T09:59:09","date_gmt":"2024-08-19T07:59:09","guid":{"rendered":"https:\/\/www.lapurla.ch\/news\/archivperle-nr-1"},"modified":"2024-08-29T11:04:14","modified_gmt":"2024-08-29T09:04:14","slug":"perle-darchive-n-1","status":"publish","type":"news","link":"https:\/\/www.lapurla.ch\/fr\/news\/perle-darchive-n-1","title":{"rendered":"Perle d&rsquo;archive n\u00b0 1 : \u00abAider l&rsquo;enfant ne le rend pas autonome\u00bb"},"content":{"rendered":"\n<p>Lapurla dispose d&rsquo;un mat\u00e9riel pr\u00e9cieux en abondance !<br>Nous sortons comme par magie des perles des archives de Lapurla et les partageons avec vous !<\/p>\n\n\n\n<p>La perle d&rsquo;archive n\u00b0 1 est constitu\u00e9e de d\u00e9clarations tir\u00e9es de l&rsquo;entretien <strong>\u00ab La cr\u00e9ativit\u00e9 en tant que comp\u00e9tence de r\u00e9solution de probl\u00e8mes et d&rsquo;organisation de la vie \u00bb <\/strong>avec <strong>Daniela Braun<\/strong>, professeure \u00e9m\u00e9rite et experte en enfance et cr\u00e9ativit\u00e9, men\u00e9 dans le cadre de la <a href=\"https:\/\/www.lapurla.ch\/fr\/event\/nationale-tagung-mit-netzwerkgruendung\" target=\"_blank\" rel=\"noreferrer noopener\">1\u00e8re conf\u00e9rence nationale<\/a> de Lapurla en 2021. Qu&rsquo;entend-on par \u00ab Aider l&rsquo;enfant ne le rend pas autonome \u00bb ? D\u00e9couvrez-en plus dans la vid\u00e9o ou regardez l&rsquo;enregistrement complet de l&rsquo;entretien <a href=\"https:\/\/www.lapurla.ch\/fr\/news\/17-18-mai-2022-nationale-tagung-mit-netzwerkgruendung\" target=\"_blank\" rel=\"noreferrer noopener\">ici<\/a> (en allemand).<\/p>\n\n\n\n<div id=\"video-block_ee0ba0c364361ad601c9fdf6ae2f9810\" class=\"mod-video\">\n\t        <div class=\"row\">\n            <div class=\"col-12\">\n                <a href=\"https:\/\/www.lapurla.ch\/wp-content\/uploads\/2024\/08\/HelfenmachthilfloskomplettFR.mp4\" class=\"js-video-lightbox video-link\">\n                    <figure class=\"video-block\">\n                        <div class=\"poster\">\n\t\t\t\t\t\t\t<div class=\"a-image js-a-image \"><picture class=\"a-image__picture js-a-image__picture\">           <source width=\"1320\" height=\"743\"  media=\"(min-width: 1400px)\" data-srcset=\"https:\/\/www.lapurla.ch\/wp-content\/uploads\/2024\/08\/LapurlaIconsSepcialsArchivperlenFR-1-1320x0.jpg 1x, https:\/\/www.lapurla.ch\/wp-content\/uploads\/2024\/08\/LapurlaIconsSepcialsArchivperlenFR-1-2640x0.jpg 2x\">           <source width=\"1140\" height=\"641\" media=\"(min-width: 1200px)\" data-srcset=\"https:\/\/www.lapurla.ch\/wp-content\/uploads\/2024\/08\/LapurlaIconsSepcialsArchivperlenFR-1-1140x0.jpg 1x, https:\/\/www.lapurla.ch\/wp-content\/uploads\/2024\/08\/LapurlaIconsSepcialsArchivperlenFR-1-2280x0.jpg 2x\">           <source width=\"960\" height=\"540\" media=\"(min-width: 992px)\" data-srcset=\"https:\/\/www.lapurla.ch\/wp-content\/uploads\/2024\/08\/LapurlaIconsSepcialsArchivperlenFR-1-960x0.jpg  1x, https:\/\/www.lapurla.ch\/wp-content\/uploads\/2024\/08\/LapurlaIconsSepcialsArchivperlenFR-1-1920x0.jpg 2x\">           <source width=\"720\" height=\"405\" media=\"(min-width: 768px)\" data-srcset=\"https:\/\/www.lapurla.ch\/wp-content\/uploads\/2024\/08\/LapurlaIconsSepcialsArchivperlenFR-1-720x0.jpg 1x, https:\/\/www.lapurla.ch\/wp-content\/uploads\/2024\/08\/LapurlaIconsSepcialsArchivperlenFR-1-1440x0.jpg 2x\">           <source width=\"540\" height=\"304\" media=\"(min-width: 576px)\" data-srcset=\"https:\/\/www.lapurla.ch\/wp-content\/uploads\/2024\/08\/LapurlaIconsSepcialsArchivperlenFR-1-540x0.jpg 1x, https:\/\/www.lapurla.ch\/wp-content\/uploads\/2024\/08\/LapurlaIconsSepcialsArchivperlenFR-1-1080x0.jpg 2x\">           <img loading=\"lazy\" decoding=\"async\" width=\"540\" height=\"304\"           class=\"a-image__image js-a-image__image lazyload\" src=\"data:image\/gif;base64,R0lGODlhAQABAAAAACH5BAEKAAEALAAAAAABAAEAAAICTAEAOw==\"           data-src=\"https:\/\/www.lapurla.ch\/wp-content\/uploads\/2024\/08\/LapurlaIconsSepcialsArchivperlenFR-1-540x0.jpg\" data-srcset=\"https:\/\/www.lapurla.ch\/wp-content\/uploads\/2024\/08\/LapurlaIconsSepcialsArchivperlenFR-1-1080x0.jpg 2x\" alt=\"\"\/>      <\/picture><\/div>                            <div class=\"icon\">\n\t\t\t\t\t\t\t\t<svg class=\"svg-icon icon-play\" xmlns=\"http:\/\/www.w3.org\/2000\/svg\"><use xmlns:xlink=\"http:\/\/www.w3.org\/1999\/xlink\" xlink:href=\"https:\/\/www.lapurla.ch\/wp-content\/themes\/lapurla\/dist\/icons.svg?f27dc72#play\"><\/use><\/svg>                            <\/div>\n                        <\/div>\n                        <figcaption><\/figcaption>\n                    <\/figure>\n                <\/a>\n            <\/div>\n        <\/div>\n\t<\/div>\n","protected":false},"excerpt":{"rendered":"<p>Lapurla dispose d&rsquo;un mat\u00e9riel pr\u00e9cieux en abondance !Nous sortons comme par magie des perles des archives de Lapurla et les partageons avec vous ! La perle d&rsquo;archive n\u00b0 1 est constitu\u00e9e de d\u00e9clarations tir\u00e9es de l&rsquo;entretien \u00ab La cr\u00e9ativit\u00e9 en tant que comp\u00e9tence de r\u00e9solution de probl\u00e8mes et d&rsquo;organisation de la vie \u00bb avec Daniela [&hellip;]<\/p>\n","protected":false},"featured_media":25474,"template":"","meta":{"_acf_changed":false,"latitude":"","longitude":"","kurzbeschreibung":"Lapurla dispose d'un mat\u00e9riel pr\u00e9cieux en abondance. Nous sortons comme par magie des perles des archives Lapurla et les partageons avec vous. Cela vaut la peine d'y jeter un coup d'\u0153il !","datum_von":"","footnotes":""},"categories":[],"class_list":["post-25345","news","type-news","status-publish","has-post-thumbnail","hentry"],"acf":[],"yoast_head":"<!-- This site is optimized with the Yoast SEO plugin v27.2 - https:\/\/yoast.com\/product\/yoast-seo-wordpress\/ -->\n<title>Perle d&#039;archive n\u00b0 1 : \u00abAider l&#039;enfant ne le rend pas autonome\u00bb &#8211; Lapurla<\/title>\n<meta name=\"description\" content=\"Perle d&#039;archive n\u00b0 1 : \u00abAider l&#039;enfant ne le rend pas autonome\u00bb\" \/>\n<meta name=\"robots\" content=\"index, follow, max-snippet:-1, max-image-preview:large, max-video-preview:-1\" \/>\n<link rel=\"canonical\" href=\"https:\/\/www.lapurla.ch\/fr\/news\/perle-darchive-n-1\" \/>\n<meta property=\"og:locale\" content=\"fr_FR\" \/>\n<meta property=\"og:type\" content=\"article\" \/>\n<meta property=\"og:title\" content=\"Perle d&#039;archive n\u00b0 1 : \u00abAider l&#039;enfant ne le rend pas autonome\u00bb &#8211; Lapurla\" \/>\n<meta property=\"og:description\" content=\"Perle d&#039;archive n\u00b0 1 : \u00abAider l&#039;enfant ne le rend pas autonome\u00bb\" \/>\n<meta property=\"og:url\" content=\"https:\/\/www.lapurla.ch\/fr\/news\/perle-darchive-n-1\" \/>\n<meta property=\"og:site_name\" content=\"Lapurla\" \/>\n<meta property=\"article:modified_time\" content=\"2024-08-29T09:04:14+00:00\" \/>\n<meta property=\"og:image\" content=\"https:\/\/www.lapurla.ch\/wp-content\/uploads\/2024\/08\/LapurlaIconsSepcialsArchivperlenFR-2.jpg\" \/>\n\t<meta property=\"og:image:width\" content=\"1920\" \/>\n\t<meta property=\"og:image:height\" content=\"1080\" \/>\n\t<meta property=\"og:image:type\" content=\"image\/jpeg\" \/>\n<meta name=\"twitter:card\" content=\"summary_large_image\" \/>\n<meta name=\"twitter:label1\" content=\"Dur\u00e9e de lecture estim\u00e9e\" \/>\n\t<meta name=\"twitter:data1\" content=\"1 minute\" \/>\n<script type=\"application\/ld+json\" class=\"yoast-schema-graph\">{\"@context\":\"https:\/\/schema.org\",\"@graph\":[{\"@type\":\"WebPage\",\"@id\":\"https:\/\/www.lapurla.ch\/fr\/news\/perle-darchive-n-1\",\"url\":\"https:\/\/www.lapurla.ch\/fr\/news\/perle-darchive-n-1\",\"name\":\"Perle d'archive n\u00b0 1 : \u00abAider l'enfant ne le rend pas autonome\u00bb &#8211; Lapurla\",\"isPartOf\":{\"@id\":\"https:\/\/www.lapurla.ch\/#website\"},\"primaryImageOfPage\":{\"@id\":\"https:\/\/www.lapurla.ch\/fr\/news\/perle-darchive-n-1#primaryimage\"},\"image\":{\"@id\":\"https:\/\/www.lapurla.ch\/fr\/news\/perle-darchive-n-1#primaryimage\"},\"thumbnailUrl\":\"https:\/\/www.lapurla.ch\/wp-content\/uploads\/2024\/08\/LapurlaIconsSepcialsArchivperlenFR-2.jpg\",\"datePublished\":\"2024-08-19T07:59:09+00:00\",\"dateModified\":\"2024-08-29T09:04:14+00:00\",\"description\":\"Perle d'archive n\u00b0 1 : \u00abAider l'enfant ne le rend pas autonome\u00bb\",\"breadcrumb\":{\"@id\":\"https:\/\/www.lapurla.ch\/fr\/news\/perle-darchive-n-1#breadcrumb\"},\"inLanguage\":\"fr-FR\",\"potentialAction\":[{\"@type\":\"ReadAction\",\"target\":[\"https:\/\/www.lapurla.ch\/fr\/news\/perle-darchive-n-1\"]}]},{\"@type\":\"ImageObject\",\"inLanguage\":\"fr-FR\",\"@id\":\"https:\/\/www.lapurla.ch\/fr\/news\/perle-darchive-n-1#primaryimage\",\"url\":\"https:\/\/www.lapurla.ch\/wp-content\/uploads\/2024\/08\/LapurlaIconsSepcialsArchivperlenFR-2.jpg\",\"contentUrl\":\"https:\/\/www.lapurla.ch\/wp-content\/uploads\/2024\/08\/LapurlaIconsSepcialsArchivperlenFR-2.jpg\",\"width\":1920,\"height\":1080},{\"@type\":\"BreadcrumbList\",\"@id\":\"https:\/\/www.lapurla.ch\/fr\/news\/perle-darchive-n-1#breadcrumb\",\"itemListElement\":[{\"@type\":\"ListItem\",\"position\":1,\"name\":\"Startseite\",\"item\":\"https:\/\/www.lapurla.ch\/fr\"},{\"@type\":\"ListItem\",\"position\":2,\"name\":\"News\",\"item\":\"https:\/\/www.lapurla.ch\/news\"},{\"@type\":\"ListItem\",\"position\":3,\"name\":\"Perle d&#8217;archive n\u00b0 1 : \u00abAider l&#8217;enfant ne le rend pas autonome\u00bb\"}]},{\"@type\":\"WebSite\",\"@id\":\"https:\/\/www.lapurla.ch\/#website\",\"url\":\"https:\/\/www.lapurla.ch\/\",\"name\":\"Lapurla\",\"description\":\"\",\"publisher\":{\"@id\":\"https:\/\/www.lapurla.ch\/#organization\"},\"potentialAction\":[{\"@type\":\"SearchAction\",\"target\":{\"@type\":\"EntryPoint\",\"urlTemplate\":\"https:\/\/www.lapurla.ch\/?s={search_term_string}\"},\"query-input\":{\"@type\":\"PropertyValueSpecification\",\"valueRequired\":true,\"valueName\":\"search_term_string\"}}],\"inLanguage\":\"fr-FR\"},{\"@type\":\"Organization\",\"@id\":\"https:\/\/www.lapurla.ch\/#organization\",\"name\":\"Lapurla\",\"url\":\"https:\/\/www.lapurla.ch\/\",\"logo\":{\"@type\":\"ImageObject\",\"inLanguage\":\"fr-FR\",\"@id\":\"https:\/\/www.lapurla.ch\/#\/schema\/logo\/image\/\",\"url\":\"https:\/\/www.lapurla.ch\/wp-content\/uploads\/2022\/03\/cropped-favicon.png\",\"contentUrl\":\"https:\/\/www.lapurla.ch\/wp-content\/uploads\/2022\/03\/cropped-favicon.png\",\"width\":512,\"height\":512,\"caption\":\"Lapurla\"},\"image\":{\"@id\":\"https:\/\/www.lapurla.ch\/#\/schema\/logo\/image\/\"}}]}<\/script>\n<!-- \/ Yoast SEO plugin. -->","yoast_head_json":{"title":"Perle d'archive n\u00b0 1 : \u00abAider l'enfant ne le rend pas autonome\u00bb &#8211; Lapurla","description":"Perle d'archive n\u00b0 1 : \u00abAider l'enfant ne le rend pas autonome\u00bb","robots":{"index":"index","follow":"follow","max-snippet":"max-snippet:-1","max-image-preview":"max-image-preview:large","max-video-preview":"max-video-preview:-1"},"canonical":"https:\/\/www.lapurla.ch\/fr\/news\/perle-darchive-n-1","og_locale":"fr_FR","og_type":"article","og_title":"Perle d'archive n\u00b0 1 : \u00abAider l'enfant ne le rend pas autonome\u00bb &#8211; Lapurla","og_description":"Perle d'archive n\u00b0 1 : \u00abAider l'enfant ne le rend pas autonome\u00bb","og_url":"https:\/\/www.lapurla.ch\/fr\/news\/perle-darchive-n-1","og_site_name":"Lapurla","article_modified_time":"2024-08-29T09:04:14+00:00","og_image":[{"width":1920,"height":1080,"url":"https:\/\/www.lapurla.ch\/wp-content\/uploads\/2024\/08\/LapurlaIconsSepcialsArchivperlenFR-2.jpg","type":"image\/jpeg"}],"twitter_card":"summary_large_image","twitter_misc":{"Dur\u00e9e de lecture estim\u00e9e":"1 minute"},"schema":{"@context":"https:\/\/schema.org","@graph":[{"@type":"WebPage","@id":"https:\/\/www.lapurla.ch\/fr\/news\/perle-darchive-n-1","url":"https:\/\/www.lapurla.ch\/fr\/news\/perle-darchive-n-1","name":"Perle d'archive n\u00b0 1 : \u00abAider l'enfant ne le rend pas autonome\u00bb &#8211; Lapurla","isPartOf":{"@id":"https:\/\/www.lapurla.ch\/#website"},"primaryImageOfPage":{"@id":"https:\/\/www.lapurla.ch\/fr\/news\/perle-darchive-n-1#primaryimage"},"image":{"@id":"https:\/\/www.lapurla.ch\/fr\/news\/perle-darchive-n-1#primaryimage"},"thumbnailUrl":"https:\/\/www.lapurla.ch\/wp-content\/uploads\/2024\/08\/LapurlaIconsSepcialsArchivperlenFR-2.jpg","datePublished":"2024-08-19T07:59:09+00:00","dateModified":"2024-08-29T09:04:14+00:00","description":"Perle d'archive n\u00b0 1 : \u00abAider l'enfant ne le rend pas autonome\u00bb","breadcrumb":{"@id":"https:\/\/www.lapurla.ch\/fr\/news\/perle-darchive-n-1#breadcrumb"},"inLanguage":"fr-FR","potentialAction":[{"@type":"ReadAction","target":["https:\/\/www.lapurla.ch\/fr\/news\/perle-darchive-n-1"]}]},{"@type":"ImageObject","inLanguage":"fr-FR","@id":"https:\/\/www.lapurla.ch\/fr\/news\/perle-darchive-n-1#primaryimage","url":"https:\/\/www.lapurla.ch\/wp-content\/uploads\/2024\/08\/LapurlaIconsSepcialsArchivperlenFR-2.jpg","contentUrl":"https:\/\/www.lapurla.ch\/wp-content\/uploads\/2024\/08\/LapurlaIconsSepcialsArchivperlenFR-2.jpg","width":1920,"height":1080},{"@type":"BreadcrumbList","@id":"https:\/\/www.lapurla.ch\/fr\/news\/perle-darchive-n-1#breadcrumb","itemListElement":[{"@type":"ListItem","position":1,"name":"Startseite","item":"https:\/\/www.lapurla.ch\/fr"},{"@type":"ListItem","position":2,"name":"News","item":"https:\/\/www.lapurla.ch\/news"},{"@type":"ListItem","position":3,"name":"Perle d&#8217;archive n\u00b0 1 : \u00abAider l&#8217;enfant ne le rend pas autonome\u00bb"}]},{"@type":"WebSite","@id":"https:\/\/www.lapurla.ch\/#website","url":"https:\/\/www.lapurla.ch\/","name":"Lapurla","description":"","publisher":{"@id":"https:\/\/www.lapurla.ch\/#organization"},"potentialAction":[{"@type":"SearchAction","target":{"@type":"EntryPoint","urlTemplate":"https:\/\/www.lapurla.ch\/?s={search_term_string}"},"query-input":{"@type":"PropertyValueSpecification","valueRequired":true,"valueName":"search_term_string"}}],"inLanguage":"fr-FR"},{"@type":"Organization","@id":"https:\/\/www.lapurla.ch\/#organization","name":"Lapurla","url":"https:\/\/www.lapurla.ch\/","logo":{"@type":"ImageObject","inLanguage":"fr-FR","@id":"https:\/\/www.lapurla.ch\/#\/schema\/logo\/image\/","url":"https:\/\/www.lapurla.ch\/wp-content\/uploads\/2022\/03\/cropped-favicon.png","contentUrl":"https:\/\/www.lapurla.ch\/wp-content\/uploads\/2022\/03\/cropped-favicon.png","width":512,"height":512,"caption":"Lapurla"},"image":{"@id":"https:\/\/www.lapurla.ch\/#\/schema\/logo\/image\/"}}]}},"_links":{"self":[{"href":"https:\/\/www.lapurla.ch\/fr\/wp-json\/wp\/v2\/news\/25345","targetHints":{"allow":["GET"]}}],"collection":[{"href":"https:\/\/www.lapurla.ch\/fr\/wp-json\/wp\/v2\/news"}],"about":[{"href":"https:\/\/www.lapurla.ch\/fr\/wp-json\/wp\/v2\/types\/news"}],"version-history":[{"count":4,"href":"https:\/\/www.lapurla.ch\/fr\/wp-json\/wp\/v2\/news\/25345\/revisions"}],"predecessor-version":[{"id":25478,"href":"https:\/\/www.lapurla.ch\/fr\/wp-json\/wp\/v2\/news\/25345\/revisions\/25478"}],"wp:featuredmedia":[{"embeddable":true,"href":"https:\/\/www.lapurla.ch\/fr\/wp-json\/wp\/v2\/media\/25474"}],"wp:attachment":[{"href":"https:\/\/www.lapurla.ch\/fr\/wp-json\/wp\/v2\/media?parent=25345"}],"wp:term":[{"taxonomy":"category","embeddable":true,"href":"https:\/\/www.lapurla.ch\/fr\/wp-json\/wp\/v2\/categories?post=25345"}],"curies":[{"name":"wp","href":"https:\/\/api.w.org\/{rel}","templated":true}]}}