{"id":25003,"date":"2024-07-01T09:17:29","date_gmt":"2024-07-01T07:17:29","guid":{"rendered":"https:\/\/www.lapurla.ch\/news\/bring-lapurla-zum-bluehen"},"modified":"2024-07-01T09:32:19","modified_gmt":"2024-07-01T07:32:19","slug":"faites-fleurir-lapurla","status":"publish","type":"news","link":"https:\/\/www.lapurla.ch\/fr\/news\/faites-fleurir-lapurla","title":{"rendered":"Faites fleurir Lapurla !"},"content":{"rendered":"\n<p>Aidez-nous \u00e0 faire de la <a href=\"https:\/\/www.lapurla.ch\/fr\/vision-und-ziele\" target=\"_blank\" rel=\"noreferrer noopener\">vision<\/a> de Lapurla une r\u00e9alit\u00e9, afin que chaque enfant puisse, d\u00e8s le d\u00e9but, d\u00e9marrer dans la vie en \u00e9tant renforc\u00e9 dans sa personnalit\u00e9, son bien-\u00eatre et sa r\u00e9silience. <\/p>\n\n\n\n<p>Il existe de nombreuses variantes pour <a href=\"https:\/\/www.lapurla.ch\/fr\/gutes-tun\" target=\"_blank\" rel=\"noreferrer noopener\">donner de l\u2019argent<\/a> : En tant qu\u2019individu, famille ou communaut\u00e9. Simplement comme \u00e7a, ou dans le cadre d\u2019un \u00e9v\u00e9nement : Qu&rsquo;il s&rsquo;agisse d&rsquo;une f\u00eate de quartier, d&rsquo;un anniversaire, d&rsquo;un jubil\u00e9, d&rsquo;une manifestation de parents ou d&rsquo;entreprise. T\u00e9l\u00e9charge nos <a href=\"https:\/\/www.lapurla.ch\/fr\/spendenaufruf\" target=\"_blank\" rel=\"noreferrer noopener\">flyers<\/a> et distribue-les dans ton rayon d&rsquo;action. <\/p>\n\n\n\n<p>Un grand merci pour ton soutien et : Let it grow !<\/p>\n\n\n\n<figure class=\"wp-block-image size-large\"><img loading=\"lazy\" decoding=\"async\" width=\"1024\" height=\"576\" src=\"https:\/\/www.lapurla.ch\/wp-content\/uploads\/2024\/07\/LapurlaIconsSepcialsSpendenaufruf11FR-1024x576.jpg\" alt=\"\" class=\"wp-image-25006\" srcset=\"https:\/\/www.lapurla.ch\/wp-content\/uploads\/2024\/07\/LapurlaIconsSepcialsSpendenaufruf11FR-1024x576.jpg 1024w, https:\/\/www.lapurla.ch\/wp-content\/uploads\/2024\/07\/LapurlaIconsSepcialsSpendenaufruf11FR-300x169.jpg 300w, https:\/\/www.lapurla.ch\/wp-content\/uploads\/2024\/07\/LapurlaIconsSepcialsSpendenaufruf11FR-768x432.jpg 768w, https:\/\/www.lapurla.ch\/wp-content\/uploads\/2024\/07\/LapurlaIconsSepcialsSpendenaufruf11FR-1536x864.jpg 1536w, https:\/\/www.lapurla.ch\/wp-content\/uploads\/2024\/07\/LapurlaIconsSepcialsSpendenaufruf11FR-2048x1152.jpg 2048w\" sizes=\"auto, (max-width: 1024px) 100vw, 1024px\" \/><\/figure>\n","protected":false},"excerpt":{"rendered":"<p>Aidez-nous \u00e0 faire de la vision de Lapurla une r\u00e9alit\u00e9, afin que chaque enfant puisse, d\u00e8s le d\u00e9but, d\u00e9marrer dans la vie en \u00e9tant renforc\u00e9 dans sa personnalit\u00e9, son bien-\u00eatre et sa r\u00e9silience. Il existe de nombreuses variantes pour donner de l\u2019argent : En tant qu\u2019individu, famille ou communaut\u00e9. Simplement comme \u00e7a, ou dans le [&hellip;]<\/p>\n","protected":false},"featured_media":25009,"template":"","meta":{"_acf_changed":false,"latitude":"","longitude":"","kurzbeschreibung":"Aidez-nous \u00e0 faire de la vision de Lapurla une r\u00e9alit\u00e9, afin que chaque enfant puisse, d\u00e8s le d\u00e9but, d\u00e9marrer dans la vie en \u00e9tant renforc\u00e9 dans sa personnalit\u00e9, son bien-\u00eatre et sa r\u00e9silience. D\u00e9couvre ici comment tu peux aider.","datum_von":"","footnotes":""},"categories":[],"class_list":["post-25003","news","type-news","status-publish","has-post-thumbnail","hentry"],"acf":[],"yoast_head":"<!-- This site is optimized with the Yoast SEO plugin v27.2 - https:\/\/yoast.com\/product\/yoast-seo-wordpress\/ -->\n<title>Faites fleurir Lapurla ! &#8211; Lapurla<\/title>\n<meta name=\"description\" content=\"Aidez-nous \u00e0 faire de la vision de Lapurla une r\u00e9alit\u00e9, afin que chaque enfant puisse, d\u00e8s le d\u00e9but, d\u00e9marrer dans la vie en \u00e9tant renforc\u00e9 dans sa personnalit\u00e9, son bien-\u00eatre et sa r\u00e9silience.\" \/>\n<meta name=\"robots\" content=\"index, follow, max-snippet:-1, max-image-preview:large, max-video-preview:-1\" \/>\n<link rel=\"canonical\" href=\"https:\/\/www.lapurla.ch\/fr\/news\/faites-fleurir-lapurla\" \/>\n<meta property=\"og:locale\" content=\"fr_FR\" \/>\n<meta property=\"og:type\" content=\"article\" \/>\n<meta property=\"og:title\" content=\"Faites fleurir Lapurla ! &#8211; Lapurla\" \/>\n<meta property=\"og:description\" content=\"Aidez-nous \u00e0 faire de la vision de Lapurla une r\u00e9alit\u00e9, afin que chaque enfant puisse, d\u00e8s le d\u00e9but, d\u00e9marrer dans la vie en \u00e9tant renforc\u00e9 dans sa personnalit\u00e9, son bien-\u00eatre et sa r\u00e9silience.\" \/>\n<meta property=\"og:url\" content=\"https:\/\/www.lapurla.ch\/fr\/news\/faites-fleurir-lapurla\" \/>\n<meta property=\"og:site_name\" content=\"Lapurla\" \/>\n<meta property=\"article:modified_time\" content=\"2024-07-01T07:32:19+00:00\" \/>\n<meta property=\"og:image\" content=\"https:\/\/www.lapurla.ch\/wp-content\/uploads\/2024\/07\/spendenwebsiteFR.jpg\" \/>\n\t<meta property=\"og:image:width\" content=\"2010\" \/>\n\t<meta property=\"og:image:height\" content=\"1248\" \/>\n\t<meta property=\"og:image:type\" content=\"image\/jpeg\" \/>\n<meta name=\"twitter:card\" content=\"summary_large_image\" \/>\n<meta name=\"twitter:label1\" content=\"Dur\u00e9e de lecture estim\u00e9e\" \/>\n\t<meta name=\"twitter:data1\" content=\"1 minute\" \/>\n<script type=\"application\/ld+json\" class=\"yoast-schema-graph\">{\"@context\":\"https:\/\/schema.org\",\"@graph\":[{\"@type\":\"WebPage\",\"@id\":\"https:\/\/www.lapurla.ch\/fr\/news\/faites-fleurir-lapurla\",\"url\":\"https:\/\/www.lapurla.ch\/fr\/news\/faites-fleurir-lapurla\",\"name\":\"Faites fleurir Lapurla ! &#8211; Lapurla\",\"isPartOf\":{\"@id\":\"https:\/\/www.lapurla.ch\/#website\"},\"primaryImageOfPage\":{\"@id\":\"https:\/\/www.lapurla.ch\/fr\/news\/faites-fleurir-lapurla#primaryimage\"},\"image\":{\"@id\":\"https:\/\/www.lapurla.ch\/fr\/news\/faites-fleurir-lapurla#primaryimage\"},\"thumbnailUrl\":\"https:\/\/www.lapurla.ch\/wp-content\/uploads\/2024\/07\/spendenwebsiteFR.jpg\",\"datePublished\":\"2024-07-01T07:17:29+00:00\",\"dateModified\":\"2024-07-01T07:32:19+00:00\",\"description\":\"Aidez-nous \u00e0 faire de la vision de Lapurla une r\u00e9alit\u00e9, afin que chaque enfant puisse, d\u00e8s le d\u00e9but, d\u00e9marrer dans la vie en \u00e9tant renforc\u00e9 dans sa personnalit\u00e9, son bien-\u00eatre et sa r\u00e9silience.\",\"breadcrumb\":{\"@id\":\"https:\/\/www.lapurla.ch\/fr\/news\/faites-fleurir-lapurla#breadcrumb\"},\"inLanguage\":\"fr-FR\",\"potentialAction\":[{\"@type\":\"ReadAction\",\"target\":[\"https:\/\/www.lapurla.ch\/fr\/news\/faites-fleurir-lapurla\"]}]},{\"@type\":\"ImageObject\",\"inLanguage\":\"fr-FR\",\"@id\":\"https:\/\/www.lapurla.ch\/fr\/news\/faites-fleurir-lapurla#primaryimage\",\"url\":\"https:\/\/www.lapurla.ch\/wp-content\/uploads\/2024\/07\/spendenwebsiteFR.jpg\",\"contentUrl\":\"https:\/\/www.lapurla.ch\/wp-content\/uploads\/2024\/07\/spendenwebsiteFR.jpg\",\"width\":2010,\"height\":1248,\"caption\":\"Screenshot\"},{\"@type\":\"BreadcrumbList\",\"@id\":\"https:\/\/www.lapurla.ch\/fr\/news\/faites-fleurir-lapurla#breadcrumb\",\"itemListElement\":[{\"@type\":\"ListItem\",\"position\":1,\"name\":\"Startseite\",\"item\":\"https:\/\/www.lapurla.ch\/fr\"},{\"@type\":\"ListItem\",\"position\":2,\"name\":\"News\",\"item\":\"https:\/\/www.lapurla.ch\/news\"},{\"@type\":\"ListItem\",\"position\":3,\"name\":\"Faites fleurir Lapurla !\"}]},{\"@type\":\"WebSite\",\"@id\":\"https:\/\/www.lapurla.ch\/#website\",\"url\":\"https:\/\/www.lapurla.ch\/\",\"name\":\"Lapurla\",\"description\":\"\",\"publisher\":{\"@id\":\"https:\/\/www.lapurla.ch\/#organization\"},\"potentialAction\":[{\"@type\":\"SearchAction\",\"target\":{\"@type\":\"EntryPoint\",\"urlTemplate\":\"https:\/\/www.lapurla.ch\/?s={search_term_string}\"},\"query-input\":{\"@type\":\"PropertyValueSpecification\",\"valueRequired\":true,\"valueName\":\"search_term_string\"}}],\"inLanguage\":\"fr-FR\"},{\"@type\":\"Organization\",\"@id\":\"https:\/\/www.lapurla.ch\/#organization\",\"name\":\"Lapurla\",\"url\":\"https:\/\/www.lapurla.ch\/\",\"logo\":{\"@type\":\"ImageObject\",\"inLanguage\":\"fr-FR\",\"@id\":\"https:\/\/www.lapurla.ch\/#\/schema\/logo\/image\/\",\"url\":\"https:\/\/www.lapurla.ch\/wp-content\/uploads\/2022\/03\/cropped-favicon.png\",\"contentUrl\":\"https:\/\/www.lapurla.ch\/wp-content\/uploads\/2022\/03\/cropped-favicon.png\",\"width\":512,\"height\":512,\"caption\":\"Lapurla\"},\"image\":{\"@id\":\"https:\/\/www.lapurla.ch\/#\/schema\/logo\/image\/\"}}]}<\/script>\n<!-- \/ Yoast SEO plugin. -->","yoast_head_json":{"title":"Faites fleurir Lapurla ! &#8211; Lapurla","description":"Aidez-nous \u00e0 faire de la vision de Lapurla une r\u00e9alit\u00e9, afin que chaque enfant puisse, d\u00e8s le d\u00e9but, d\u00e9marrer dans la vie en \u00e9tant renforc\u00e9 dans sa personnalit\u00e9, son bien-\u00eatre et sa r\u00e9silience.","robots":{"index":"index","follow":"follow","max-snippet":"max-snippet:-1","max-image-preview":"max-image-preview:large","max-video-preview":"max-video-preview:-1"},"canonical":"https:\/\/www.lapurla.ch\/fr\/news\/faites-fleurir-lapurla","og_locale":"fr_FR","og_type":"article","og_title":"Faites fleurir Lapurla ! &#8211; Lapurla","og_description":"Aidez-nous \u00e0 faire de la vision de Lapurla une r\u00e9alit\u00e9, afin que chaque enfant puisse, d\u00e8s le d\u00e9but, d\u00e9marrer dans la vie en \u00e9tant renforc\u00e9 dans sa personnalit\u00e9, son bien-\u00eatre et sa r\u00e9silience.","og_url":"https:\/\/www.lapurla.ch\/fr\/news\/faites-fleurir-lapurla","og_site_name":"Lapurla","article_modified_time":"2024-07-01T07:32:19+00:00","og_image":[{"width":2010,"height":1248,"url":"https:\/\/www.lapurla.ch\/wp-content\/uploads\/2024\/07\/spendenwebsiteFR.jpg","type":"image\/jpeg"}],"twitter_card":"summary_large_image","twitter_misc":{"Dur\u00e9e de lecture estim\u00e9e":"1 minute"},"schema":{"@context":"https:\/\/schema.org","@graph":[{"@type":"WebPage","@id":"https:\/\/www.lapurla.ch\/fr\/news\/faites-fleurir-lapurla","url":"https:\/\/www.lapurla.ch\/fr\/news\/faites-fleurir-lapurla","name":"Faites fleurir Lapurla ! &#8211; Lapurla","isPartOf":{"@id":"https:\/\/www.lapurla.ch\/#website"},"primaryImageOfPage":{"@id":"https:\/\/www.lapurla.ch\/fr\/news\/faites-fleurir-lapurla#primaryimage"},"image":{"@id":"https:\/\/www.lapurla.ch\/fr\/news\/faites-fleurir-lapurla#primaryimage"},"thumbnailUrl":"https:\/\/www.lapurla.ch\/wp-content\/uploads\/2024\/07\/spendenwebsiteFR.jpg","datePublished":"2024-07-01T07:17:29+00:00","dateModified":"2024-07-01T07:32:19+00:00","description":"Aidez-nous \u00e0 faire de la vision de Lapurla une r\u00e9alit\u00e9, afin que chaque enfant puisse, d\u00e8s le d\u00e9but, d\u00e9marrer dans la vie en \u00e9tant renforc\u00e9 dans sa personnalit\u00e9, son bien-\u00eatre et sa r\u00e9silience.","breadcrumb":{"@id":"https:\/\/www.lapurla.ch\/fr\/news\/faites-fleurir-lapurla#breadcrumb"},"inLanguage":"fr-FR","potentialAction":[{"@type":"ReadAction","target":["https:\/\/www.lapurla.ch\/fr\/news\/faites-fleurir-lapurla"]}]},{"@type":"ImageObject","inLanguage":"fr-FR","@id":"https:\/\/www.lapurla.ch\/fr\/news\/faites-fleurir-lapurla#primaryimage","url":"https:\/\/www.lapurla.ch\/wp-content\/uploads\/2024\/07\/spendenwebsiteFR.jpg","contentUrl":"https:\/\/www.lapurla.ch\/wp-content\/uploads\/2024\/07\/spendenwebsiteFR.jpg","width":2010,"height":1248,"caption":"Screenshot"},{"@type":"BreadcrumbList","@id":"https:\/\/www.lapurla.ch\/fr\/news\/faites-fleurir-lapurla#breadcrumb","itemListElement":[{"@type":"ListItem","position":1,"name":"Startseite","item":"https:\/\/www.lapurla.ch\/fr"},{"@type":"ListItem","position":2,"name":"News","item":"https:\/\/www.lapurla.ch\/news"},{"@type":"ListItem","position":3,"name":"Faites fleurir Lapurla !"}]},{"@type":"WebSite","@id":"https:\/\/www.lapurla.ch\/#website","url":"https:\/\/www.lapurla.ch\/","name":"Lapurla","description":"","publisher":{"@id":"https:\/\/www.lapurla.ch\/#organization"},"potentialAction":[{"@type":"SearchAction","target":{"@type":"EntryPoint","urlTemplate":"https:\/\/www.lapurla.ch\/?s={search_term_string}"},"query-input":{"@type":"PropertyValueSpecification","valueRequired":true,"valueName":"search_term_string"}}],"inLanguage":"fr-FR"},{"@type":"Organization","@id":"https:\/\/www.lapurla.ch\/#organization","name":"Lapurla","url":"https:\/\/www.lapurla.ch\/","logo":{"@type":"ImageObject","inLanguage":"fr-FR","@id":"https:\/\/www.lapurla.ch\/#\/schema\/logo\/image\/","url":"https:\/\/www.lapurla.ch\/wp-content\/uploads\/2022\/03\/cropped-favicon.png","contentUrl":"https:\/\/www.lapurla.ch\/wp-content\/uploads\/2022\/03\/cropped-favicon.png","width":512,"height":512,"caption":"Lapurla"},"image":{"@id":"https:\/\/www.lapurla.ch\/#\/schema\/logo\/image\/"}}]}},"_links":{"self":[{"href":"https:\/\/www.lapurla.ch\/fr\/wp-json\/wp\/v2\/news\/25003","targetHints":{"allow":["GET"]}}],"collection":[{"href":"https:\/\/www.lapurla.ch\/fr\/wp-json\/wp\/v2\/news"}],"about":[{"href":"https:\/\/www.lapurla.ch\/fr\/wp-json\/wp\/v2\/types\/news"}],"version-history":[{"count":1,"href":"https:\/\/www.lapurla.ch\/fr\/wp-json\/wp\/v2\/news\/25003\/revisions"}],"predecessor-version":[{"id":25012,"href":"https:\/\/www.lapurla.ch\/fr\/wp-json\/wp\/v2\/news\/25003\/revisions\/25012"}],"wp:featuredmedia":[{"embeddable":true,"href":"https:\/\/www.lapurla.ch\/fr\/wp-json\/wp\/v2\/media\/25009"}],"wp:attachment":[{"href":"https:\/\/www.lapurla.ch\/fr\/wp-json\/wp\/v2\/media?parent=25003"}],"wp:term":[{"taxonomy":"category","embeddable":true,"href":"https:\/\/www.lapurla.ch\/fr\/wp-json\/wp\/v2\/categories?post=25003"}],"curies":[{"name":"wp","href":"https:\/\/api.w.org\/{rel}","templated":true}]}}