{"id":23123,"date":"2024-02-13T10:53:55","date_gmt":"2024-02-13T09:53:55","guid":{"rendered":"https:\/\/www.lapurla.ch\/news\/rueckblick-rendez-vous-espaces-creatifs"},"modified":"2024-02-13T11:06:48","modified_gmt":"2024-02-13T10:06:48","slug":"retrospective-rendez-vous-espaces-creatifs","status":"publish","type":"news","link":"https:\/\/www.lapurla.ch\/fr\/news\/retrospective-rendez-vous-espaces-creatifs","title":{"rendered":"R\u00e9trospective du Rendez-vous \u00abEspaceS cr\u00e9atifS\u00bb"},"content":{"rendered":"\n<p>Lors de la\u00a0<a href=\"https:\/\/www.lapurla.ch\/fr\/event\/3-nationale-tagung-lapurla\" target=\"_blank\" rel=\"noreferrer noopener\">3e conf\u00e9rence nationale<\/a>\u00a0de Lapurla en novembre 2023, cinq projets novateurs visant \u00e0 concr\u00e9tiser le droit de l\u2019enfant de l\u2019ONU, \u00e0 savoir la participation culturelle dans le domaine de la petite enfance, ont \u00e9t\u00e9 r\u00e9compens\u00e9s par un prix.<br><a href=\"https:\/\/www.lapurla.ch\/fr\/projets-gagnants-lapurla-awards-2023\" target=\"_blank\" rel=\"noreferrer noopener\">Lapurla-Award<\/a>\u00a0ont \u00e9t\u00e9 r\u00e9compens\u00e9s. Les prix ont \u00e9t\u00e9 attribu\u00e9s dans les deux cat\u00e9gories \u00abBest Practice\u00bb et \u00abBest Newcomer\u00bb et une distinction a \u00e9t\u00e9 faite entre les settings \u00abAmener les enfants \u00e0 l\u2019art\u00bb, \u00abAmener l\u2019art aux enfants\u00bb et \u00abLapurla Family\u00bb.<\/p>\n\n\n\n<p><strong>Loyse Graf<\/strong> et <strong>C\u00e9lia Meirelles<\/strong> ont re\u00e7u un Award dans la cat\u00e9gorie\u00a0<strong>\u00abBest Practice\u00bb<\/strong>\u00a0pour le setting\u00a0<strong>\u00abAmener les enfants \u00e0 l\u2019art\u00bb<\/strong>\u00a0avec leur projet\u00a0<strong><a href=\"https:\/\/www.lapurla.ch\/wp-content\/uploads\/2023\/11\/magazine-vivre-geneve-88p31.pdf\" target=\"_blank\" rel=\"noreferrer noopener\">\u00abEspaceS cr\u00e9atifS\u00bb<\/a><\/strong>\u00a0au Mus\u00e9e d\u2019art et d\u2019histoire MAH \u00e0 Gen\u00e8ve. <\/p>\n\n\n\n<p>Dans ce Rendez-vous, Loyse Graf et C\u00e9lia Meirelles donnent un aper\u00e7u de leur projet \u00abEspaceS cr\u00e9atifS\u00bb. <strong>Comment se rendre au mus\u00e9e avec des enfants de la cr\u00e8che ?<\/strong> Regarde l&rsquo;enregistrement du Rendez-vous et laisse-toi inspirer par ce projet pr\u00e9curseur !<\/p>\n\n\n\n<h2 class=\"wp-block-heading\">Enregistrement du rendez-vous<\/h2>\n\n\n\n<div style=\"padding:56.25% 0 0 0;position:relative;\"><iframe src=\"https:\/\/player.vimeo.com\/video\/912518683?badge=0&amp;autopause=0&amp;player_id=0&amp;app_id=58479\" frameborder=\"0\" allow=\"autoplay; fullscreen; picture-in-picture\" style=\"position:absolute;top:0;left:0;width:100%;height:100%;\" title=\"2024 Rendez-vous \u00abEspaceS cr\u00e9atifS\u00bb\"><\/iframe><\/div><script src=\"https:\/\/player.vimeo.com\/api\/player.js\"><\/script>\n","protected":false},"excerpt":{"rendered":"<p>Lors de la\u00a03e conf\u00e9rence nationale\u00a0de Lapurla en novembre 2023, cinq projets novateurs visant \u00e0 concr\u00e9tiser le droit de l\u2019enfant de l\u2019ONU, \u00e0 savoir la participation culturelle dans le domaine de la petite enfance, ont \u00e9t\u00e9 r\u00e9compens\u00e9s par un prix.Lapurla-Award\u00a0ont \u00e9t\u00e9 r\u00e9compens\u00e9s. Les prix ont \u00e9t\u00e9 attribu\u00e9s dans les deux cat\u00e9gories \u00abBest Practice\u00bb et \u00abBest Newcomer\u00bb [&hellip;]<\/p>\n","protected":false},"featured_media":23409,"template":"","meta":{"_acf_changed":false,"latitude":"","longitude":"","kurzbeschreibung":"Loyse Graf (m\u00e9diatrice culturelle) et C\u00e9lia Meirelles (\u00e9ducatrice) ont remport\u00e9 un Lapurla Award dans la cat\u00e9gorie \u00abBest Practice\u00bb et dans le setting \u00abLes enfants \u00e0 l'art\u00bb. Dans le Rendez-vous, elles ont donn\u00e9 un aper\u00e7u de leur projet \u00abEspaceS cr\u00e9atifS\u00bb au Mus\u00e9e d'art et d'histoire MAH \u00e0 Gen\u00e8ve. Pour en savoir plus, consultez la r\u00e9trospective ici !","datum_von":"","footnotes":""},"categories":[],"class_list":["post-23123","news","type-news","status-publish","has-post-thumbnail","hentry"],"acf":[],"yoast_head":"<!-- This site is optimized with the Yoast SEO plugin v27.2 - https:\/\/yoast.com\/product\/yoast-seo-wordpress\/ -->\n<title>R\u00e9trospective du Rendez-vous \u00abEspaceS cr\u00e9atifS\u00bb &#8211; Lapurla<\/title>\n<meta name=\"description\" content=\"L&#039;enregistrement du Rendez-vous \u00abEspaceS cr\u00e9atifS\u00bb\" \/>\n<meta name=\"robots\" content=\"index, follow, max-snippet:-1, max-image-preview:large, max-video-preview:-1\" \/>\n<link rel=\"canonical\" href=\"https:\/\/www.lapurla.ch\/fr\/news\/retrospective-rendez-vous-espaces-creatifs\" \/>\n<meta property=\"og:locale\" content=\"fr_FR\" \/>\n<meta property=\"og:type\" content=\"article\" \/>\n<meta property=\"og:title\" content=\"R\u00e9trospective du Rendez-vous \u00abEspaceS cr\u00e9atifS\u00bb &#8211; Lapurla\" \/>\n<meta property=\"og:description\" content=\"L&#039;enregistrement du Rendez-vous \u00abEspaceS cr\u00e9atifS\u00bb\" \/>\n<meta property=\"og:url\" content=\"https:\/\/www.lapurla.ch\/fr\/news\/retrospective-rendez-vous-espaces-creatifs\" \/>\n<meta property=\"og:site_name\" content=\"Lapurla\" \/>\n<meta property=\"article:modified_time\" content=\"2024-02-13T10:06:48+00:00\" \/>\n<meta property=\"og:image\" content=\"https:\/\/www.lapurla.ch\/wp-content\/uploads\/2024\/02\/LapurlaAnlaesseRendezvous-1-1296x0.png.jpg\" \/>\n\t<meta property=\"og:image:width\" content=\"1000\" \/>\n\t<meta property=\"og:image:height\" content=\"563\" \/>\n\t<meta property=\"og:image:type\" content=\"image\/jpeg\" \/>\n<meta name=\"twitter:card\" content=\"summary_large_image\" \/>\n<meta name=\"twitter:label1\" content=\"Dur\u00e9e de lecture estim\u00e9e\" \/>\n\t<meta name=\"twitter:data1\" content=\"2 minutes\" \/>\n<script type=\"application\/ld+json\" class=\"yoast-schema-graph\">{\"@context\":\"https:\/\/schema.org\",\"@graph\":[{\"@type\":\"WebPage\",\"@id\":\"https:\/\/www.lapurla.ch\/fr\/news\/retrospective-rendez-vous-espaces-creatifs\",\"url\":\"https:\/\/www.lapurla.ch\/fr\/news\/retrospective-rendez-vous-espaces-creatifs\",\"name\":\"R\u00e9trospective du Rendez-vous \u00abEspaceS cr\u00e9atifS\u00bb &#8211; Lapurla\",\"isPartOf\":{\"@id\":\"https:\/\/www.lapurla.ch\/#website\"},\"primaryImageOfPage\":{\"@id\":\"https:\/\/www.lapurla.ch\/fr\/news\/retrospective-rendez-vous-espaces-creatifs#primaryimage\"},\"image\":{\"@id\":\"https:\/\/www.lapurla.ch\/fr\/news\/retrospective-rendez-vous-espaces-creatifs#primaryimage\"},\"thumbnailUrl\":\"https:\/\/www.lapurla.ch\/wp-content\/uploads\/2023\/12\/rendezvousespacescreatifsbutton-scaled.jpg\",\"datePublished\":\"2024-02-13T09:53:55+00:00\",\"dateModified\":\"2024-02-13T10:06:48+00:00\",\"description\":\"L'enregistrement du Rendez-vous \u00abEspaceS cr\u00e9atifS\u00bb\",\"breadcrumb\":{\"@id\":\"https:\/\/www.lapurla.ch\/fr\/news\/retrospective-rendez-vous-espaces-creatifs#breadcrumb\"},\"inLanguage\":\"fr-FR\",\"potentialAction\":[{\"@type\":\"ReadAction\",\"target\":[\"https:\/\/www.lapurla.ch\/fr\/news\/retrospective-rendez-vous-espaces-creatifs\"]}]},{\"@type\":\"ImageObject\",\"inLanguage\":\"fr-FR\",\"@id\":\"https:\/\/www.lapurla.ch\/fr\/news\/retrospective-rendez-vous-espaces-creatifs#primaryimage\",\"url\":\"https:\/\/www.lapurla.ch\/wp-content\/uploads\/2023\/12\/rendezvousespacescreatifsbutton-scaled.jpg\",\"contentUrl\":\"https:\/\/www.lapurla.ch\/wp-content\/uploads\/2023\/12\/rendezvousespacescreatifsbutton-scaled.jpg\",\"width\":2560,\"height\":1920},{\"@type\":\"BreadcrumbList\",\"@id\":\"https:\/\/www.lapurla.ch\/fr\/news\/retrospective-rendez-vous-espaces-creatifs#breadcrumb\",\"itemListElement\":[{\"@type\":\"ListItem\",\"position\":1,\"name\":\"Startseite\",\"item\":\"https:\/\/www.lapurla.ch\/fr\"},{\"@type\":\"ListItem\",\"position\":2,\"name\":\"News\",\"item\":\"https:\/\/www.lapurla.ch\/news\"},{\"@type\":\"ListItem\",\"position\":3,\"name\":\"R\u00e9trospective du Rendez-vous \u00abEspaceS cr\u00e9atifS\u00bb\"}]},{\"@type\":\"WebSite\",\"@id\":\"https:\/\/www.lapurla.ch\/#website\",\"url\":\"https:\/\/www.lapurla.ch\/\",\"name\":\"Lapurla\",\"description\":\"\",\"publisher\":{\"@id\":\"https:\/\/www.lapurla.ch\/#organization\"},\"potentialAction\":[{\"@type\":\"SearchAction\",\"target\":{\"@type\":\"EntryPoint\",\"urlTemplate\":\"https:\/\/www.lapurla.ch\/?s={search_term_string}\"},\"query-input\":{\"@type\":\"PropertyValueSpecification\",\"valueRequired\":true,\"valueName\":\"search_term_string\"}}],\"inLanguage\":\"fr-FR\"},{\"@type\":\"Organization\",\"@id\":\"https:\/\/www.lapurla.ch\/#organization\",\"name\":\"Lapurla\",\"url\":\"https:\/\/www.lapurla.ch\/\",\"logo\":{\"@type\":\"ImageObject\",\"inLanguage\":\"fr-FR\",\"@id\":\"https:\/\/www.lapurla.ch\/#\/schema\/logo\/image\/\",\"url\":\"https:\/\/www.lapurla.ch\/wp-content\/uploads\/2022\/03\/cropped-favicon.png\",\"contentUrl\":\"https:\/\/www.lapurla.ch\/wp-content\/uploads\/2022\/03\/cropped-favicon.png\",\"width\":512,\"height\":512,\"caption\":\"Lapurla\"},\"image\":{\"@id\":\"https:\/\/www.lapurla.ch\/#\/schema\/logo\/image\/\"}}]}<\/script>\n<!-- \/ Yoast SEO plugin. -->","yoast_head_json":{"title":"R\u00e9trospective du Rendez-vous \u00abEspaceS cr\u00e9atifS\u00bb &#8211; Lapurla","description":"L'enregistrement du Rendez-vous \u00abEspaceS cr\u00e9atifS\u00bb","robots":{"index":"index","follow":"follow","max-snippet":"max-snippet:-1","max-image-preview":"max-image-preview:large","max-video-preview":"max-video-preview:-1"},"canonical":"https:\/\/www.lapurla.ch\/fr\/news\/retrospective-rendez-vous-espaces-creatifs","og_locale":"fr_FR","og_type":"article","og_title":"R\u00e9trospective du Rendez-vous \u00abEspaceS cr\u00e9atifS\u00bb &#8211; Lapurla","og_description":"L'enregistrement du Rendez-vous \u00abEspaceS cr\u00e9atifS\u00bb","og_url":"https:\/\/www.lapurla.ch\/fr\/news\/retrospective-rendez-vous-espaces-creatifs","og_site_name":"Lapurla","article_modified_time":"2024-02-13T10:06:48+00:00","og_image":[{"width":1000,"height":563,"url":"https:\/\/www.lapurla.ch\/wp-content\/uploads\/2024\/02\/LapurlaAnlaesseRendezvous-1-1296x0.png.jpg","type":"image\/jpeg"}],"twitter_card":"summary_large_image","twitter_misc":{"Dur\u00e9e de lecture estim\u00e9e":"2 minutes"},"schema":{"@context":"https:\/\/schema.org","@graph":[{"@type":"WebPage","@id":"https:\/\/www.lapurla.ch\/fr\/news\/retrospective-rendez-vous-espaces-creatifs","url":"https:\/\/www.lapurla.ch\/fr\/news\/retrospective-rendez-vous-espaces-creatifs","name":"R\u00e9trospective du Rendez-vous \u00abEspaceS cr\u00e9atifS\u00bb &#8211; Lapurla","isPartOf":{"@id":"https:\/\/www.lapurla.ch\/#website"},"primaryImageOfPage":{"@id":"https:\/\/www.lapurla.ch\/fr\/news\/retrospective-rendez-vous-espaces-creatifs#primaryimage"},"image":{"@id":"https:\/\/www.lapurla.ch\/fr\/news\/retrospective-rendez-vous-espaces-creatifs#primaryimage"},"thumbnailUrl":"https:\/\/www.lapurla.ch\/wp-content\/uploads\/2023\/12\/rendezvousespacescreatifsbutton-scaled.jpg","datePublished":"2024-02-13T09:53:55+00:00","dateModified":"2024-02-13T10:06:48+00:00","description":"L'enregistrement du Rendez-vous \u00abEspaceS cr\u00e9atifS\u00bb","breadcrumb":{"@id":"https:\/\/www.lapurla.ch\/fr\/news\/retrospective-rendez-vous-espaces-creatifs#breadcrumb"},"inLanguage":"fr-FR","potentialAction":[{"@type":"ReadAction","target":["https:\/\/www.lapurla.ch\/fr\/news\/retrospective-rendez-vous-espaces-creatifs"]}]},{"@type":"ImageObject","inLanguage":"fr-FR","@id":"https:\/\/www.lapurla.ch\/fr\/news\/retrospective-rendez-vous-espaces-creatifs#primaryimage","url":"https:\/\/www.lapurla.ch\/wp-content\/uploads\/2023\/12\/rendezvousespacescreatifsbutton-scaled.jpg","contentUrl":"https:\/\/www.lapurla.ch\/wp-content\/uploads\/2023\/12\/rendezvousespacescreatifsbutton-scaled.jpg","width":2560,"height":1920},{"@type":"BreadcrumbList","@id":"https:\/\/www.lapurla.ch\/fr\/news\/retrospective-rendez-vous-espaces-creatifs#breadcrumb","itemListElement":[{"@type":"ListItem","position":1,"name":"Startseite","item":"https:\/\/www.lapurla.ch\/fr"},{"@type":"ListItem","position":2,"name":"News","item":"https:\/\/www.lapurla.ch\/news"},{"@type":"ListItem","position":3,"name":"R\u00e9trospective du Rendez-vous \u00abEspaceS cr\u00e9atifS\u00bb"}]},{"@type":"WebSite","@id":"https:\/\/www.lapurla.ch\/#website","url":"https:\/\/www.lapurla.ch\/","name":"Lapurla","description":"","publisher":{"@id":"https:\/\/www.lapurla.ch\/#organization"},"potentialAction":[{"@type":"SearchAction","target":{"@type":"EntryPoint","urlTemplate":"https:\/\/www.lapurla.ch\/?s={search_term_string}"},"query-input":{"@type":"PropertyValueSpecification","valueRequired":true,"valueName":"search_term_string"}}],"inLanguage":"fr-FR"},{"@type":"Organization","@id":"https:\/\/www.lapurla.ch\/#organization","name":"Lapurla","url":"https:\/\/www.lapurla.ch\/","logo":{"@type":"ImageObject","inLanguage":"fr-FR","@id":"https:\/\/www.lapurla.ch\/#\/schema\/logo\/image\/","url":"https:\/\/www.lapurla.ch\/wp-content\/uploads\/2022\/03\/cropped-favicon.png","contentUrl":"https:\/\/www.lapurla.ch\/wp-content\/uploads\/2022\/03\/cropped-favicon.png","width":512,"height":512,"caption":"Lapurla"},"image":{"@id":"https:\/\/www.lapurla.ch\/#\/schema\/logo\/image\/"}}]}},"_links":{"self":[{"href":"https:\/\/www.lapurla.ch\/fr\/wp-json\/wp\/v2\/news\/23123","targetHints":{"allow":["GET"]}}],"collection":[{"href":"https:\/\/www.lapurla.ch\/fr\/wp-json\/wp\/v2\/news"}],"about":[{"href":"https:\/\/www.lapurla.ch\/fr\/wp-json\/wp\/v2\/types\/news"}],"version-history":[{"count":1,"href":"https:\/\/www.lapurla.ch\/fr\/wp-json\/wp\/v2\/news\/23123\/revisions"}],"predecessor-version":[{"id":23126,"href":"https:\/\/www.lapurla.ch\/fr\/wp-json\/wp\/v2\/news\/23123\/revisions\/23126"}],"wp:featuredmedia":[{"embeddable":true,"href":"https:\/\/www.lapurla.ch\/fr\/wp-json\/wp\/v2\/media\/23409"}],"wp:attachment":[{"href":"https:\/\/www.lapurla.ch\/fr\/wp-json\/wp\/v2\/media?parent=23123"}],"wp:term":[{"taxonomy":"category","embeddable":true,"href":"https:\/\/www.lapurla.ch\/fr\/wp-json\/wp\/v2\/categories?post=23123"}],"curies":[{"name":"wp","href":"https:\/\/api.w.org\/{rel}","templated":true}]}}