{"id":20615,"date":"2023-11-13T15:47:14","date_gmt":"2023-11-13T14:47:14","guid":{"rendered":"https:\/\/www.lapurla.ch\/?post_type=news&#038;p=20615"},"modified":"2023-11-19T23:12:11","modified_gmt":"2023-11-19T22:12:11","slug":"and-the-winner-ist","status":"publish","type":"news","link":"https:\/\/www.lapurla.ch\/fr\/news\/and-the-winner-ist","title":{"rendered":"\u00abAnd the winners are \u2026\u00bb"},"content":{"rendered":"\n<p class=\"wp-block-paragraph\">Lapurla a d\u00e9cern\u00e9 pour la premi\u00e8re fois des prix pour des projets pionniers visant \u00e0 faire respecter les droits de l&rsquo;enfant de l&rsquo;ONU dans le domaine de la petite enfance dans deux cat\u00e9gories : \u00ab\u00a0Best Practice\u00a0\u00bb &amp; \u00ab\u00a0Best Newcomer\u00a0\u00bb. Les projets gagnants ont \u00e9t\u00e9 d\u00e9cern\u00e9s le 10 novembre 2023 dans le cadre du <a href=\"https:\/\/www.lapurla.ch\/fr\/event\/3-nationale-tagung-lapurla\">3e congr\u00e8s national <\/a>\u00e0 la Haute \u00e9cole des arts de Berne HEAB. Toutes nos f\u00e9licitations !<\/p>\n\n\n\n<div id=\"bildergalerie-block_220054357e8c392c4619439206e2e1ed\" class=\"mod-bildergalerie\">\n            <div class=\"col-12\">\n\t\t    \n<div class=\"mod-slider\">\n\t        <div id=\"slider-022fcfc9-222c-4027-a6a8-a0a2d8fcc63e\" class=\"swiper\">\n            <div class=\"swiper-wrapper\">\n\t\t\t\t                    <div class=\"swiper-slide\">\n                        <figure>\n\t\t\t\t\t\t\t<div class=\"a-image \">       <picture class=\"a-image__picture\">       \t<source width=\"1296\" height=\"972\" media=\"(min-width: 1400px)\" srcset=\"https:\/\/www.lapurla.ch\/wp-content\/uploads\/2023\/11\/NationaleTagungLaPurla2023MG7964-1296x972c.jpg 1x, https:\/\/www.lapurla.ch\/wp-content\/uploads\/2023\/11\/NationaleTagungLaPurla2023MG7964-2592x1944c.jpg 2x\">           <source width=\"1116\" height=\"837\" media=\"(min-width: 1200px)\" srcset=\"https:\/\/www.lapurla.ch\/wp-content\/uploads\/2023\/11\/NationaleTagungLaPurla2023MG7964-1116x837c.jpg 1x, https:\/\/www.lapurla.ch\/wp-content\/uploads\/2023\/11\/NationaleTagungLaPurla2023MG7964-2232x1674c.jpg 2x\">           <source width=\"936\" height=\"702\" media=\"(min-width: 992px)\" srcset=\"https:\/\/www.lapurla.ch\/wp-content\/uploads\/2023\/11\/NationaleTagungLaPurla2023MG7964-936x702c.jpg  1x, https:\/\/www.lapurla.ch\/wp-content\/uploads\/2023\/11\/NationaleTagungLaPurla2023MG7964-1872x1404c.jpg 2x\">           <source width=\"696\" height=\"522\" media=\"(min-width: 768px)\" srcset=\"https:\/\/www.lapurla.ch\/wp-content\/uploads\/2023\/11\/NationaleTagungLaPurla2023MG7964-696x522c.jpg 1x, https:\/\/www.lapurla.ch\/wp-content\/uploads\/2023\/11\/NationaleTagungLaPurla2023MG7964-1392x1044c.jpg 2x\">           <source width=\"516\" height=\"387\" media=\"(min-width: 576px)\" srcset=\"https:\/\/www.lapurla.ch\/wp-content\/uploads\/2023\/11\/NationaleTagungLaPurla2023MG7964-516x387c.jpg 1x, https:\/\/www.lapurla.ch\/wp-content\/uploads\/2023\/11\/NationaleTagungLaPurla2023MG7964-1032x774c.jpg 2x\">           <img loading=\"lazy\" decoding=\"async\" width=\"550\" height=\"413\"           class=\"a-image__image\"           src=\"https:\/\/www.lapurla.ch\/wp-content\/uploads\/2023\/11\/NationaleTagungLaPurla2023MG7964-550x413c.jpg\" data-srcset=\"https:\/\/www.lapurla.ch\/wp-content\/uploads\/2023\/11\/NationaleTagungLaPurla2023MG7964-1100x826c.jpg 2x\" alt=\"\"\/>       <\/picture> <\/div>                            <figcaption>\n\t\t\t\t\t\t\t\tDie Spannung steigt: Wer sind die Gewinner:innen?                            <\/figcaption>\n                        <\/figure>\n                    <\/div>\n\t\t\t\t                    <div class=\"swiper-slide\">\n                        <figure>\n\t\t\t\t\t\t\t<div class=\"a-image \">       <picture class=\"a-image__picture\">       \t<source width=\"1296\" height=\"972\" media=\"(min-width: 1400px)\" srcset=\"https:\/\/www.lapurla.ch\/wp-content\/uploads\/2023\/11\/NationaleTagungLaPurla2023MG8008-1296x972c.jpg 1x, https:\/\/www.lapurla.ch\/wp-content\/uploads\/2023\/11\/NationaleTagungLaPurla2023MG8008-2592x1944c.jpg 2x\">           <source width=\"1116\" height=\"837\" media=\"(min-width: 1200px)\" srcset=\"https:\/\/www.lapurla.ch\/wp-content\/uploads\/2023\/11\/NationaleTagungLaPurla2023MG8008-1116x837c.jpg 1x, https:\/\/www.lapurla.ch\/wp-content\/uploads\/2023\/11\/NationaleTagungLaPurla2023MG8008-2232x1674c.jpg 2x\">           <source width=\"936\" height=\"702\" media=\"(min-width: 992px)\" srcset=\"https:\/\/www.lapurla.ch\/wp-content\/uploads\/2023\/11\/NationaleTagungLaPurla2023MG8008-936x702c.jpg  1x, https:\/\/www.lapurla.ch\/wp-content\/uploads\/2023\/11\/NationaleTagungLaPurla2023MG8008-1872x1404c.jpg 2x\">           <source width=\"696\" height=\"522\" media=\"(min-width: 768px)\" srcset=\"https:\/\/www.lapurla.ch\/wp-content\/uploads\/2023\/11\/NationaleTagungLaPurla2023MG8008-696x522c.jpg 1x, https:\/\/www.lapurla.ch\/wp-content\/uploads\/2023\/11\/NationaleTagungLaPurla2023MG8008-1392x1044c.jpg 2x\">           <source width=\"516\" height=\"387\" media=\"(min-width: 576px)\" srcset=\"https:\/\/www.lapurla.ch\/wp-content\/uploads\/2023\/11\/NationaleTagungLaPurla2023MG8008-516x387c.jpg 1x, https:\/\/www.lapurla.ch\/wp-content\/uploads\/2023\/11\/NationaleTagungLaPurla2023MG8008-1032x774c.jpg 2x\">           <img loading=\"lazy\" decoding=\"async\" width=\"550\" height=\"413\"           class=\"a-image__image\"           src=\"https:\/\/www.lapurla.ch\/wp-content\/uploads\/2023\/11\/NationaleTagungLaPurla2023MG8008-550x413c.jpg\" data-srcset=\"https:\/\/www.lapurla.ch\/wp-content\/uploads\/2023\/11\/NationaleTagungLaPurla2023MG8008-1100x826c.jpg 2x\" alt=\"\"\/>       <\/picture> <\/div>                            <figcaption>\n\t\t\t\t\t\t\t\tHerzliche Gratulation an: Anna Beck-W\u00f6rner (links) &#038; Regina Dobler (Mitte) mit \u00abCHIKU\u00bb                            <\/figcaption>\n                        <\/figure>\n                    <\/div>\n\t\t\t\t                    <div class=\"swiper-slide\">\n                        <figure>\n\t\t\t\t\t\t\t<div class=\"a-image \">       <picture class=\"a-image__picture\">       \t<source width=\"1296\" height=\"972\" media=\"(min-width: 1400px)\" srcset=\"https:\/\/www.lapurla.ch\/wp-content\/uploads\/2023\/11\/NationaleTagungLaPurla2023MG8043-1296x972c.jpg 1x, https:\/\/www.lapurla.ch\/wp-content\/uploads\/2023\/11\/NationaleTagungLaPurla2023MG8043-2592x1944c.jpg 2x\">           <source width=\"1116\" height=\"837\" media=\"(min-width: 1200px)\" srcset=\"https:\/\/www.lapurla.ch\/wp-content\/uploads\/2023\/11\/NationaleTagungLaPurla2023MG8043-1116x837c.jpg 1x, https:\/\/www.lapurla.ch\/wp-content\/uploads\/2023\/11\/NationaleTagungLaPurla2023MG8043-2232x1674c.jpg 2x\">           <source width=\"936\" height=\"702\" media=\"(min-width: 992px)\" srcset=\"https:\/\/www.lapurla.ch\/wp-content\/uploads\/2023\/11\/NationaleTagungLaPurla2023MG8043-936x702c.jpg  1x, https:\/\/www.lapurla.ch\/wp-content\/uploads\/2023\/11\/NationaleTagungLaPurla2023MG8043-1872x1404c.jpg 2x\">           <source width=\"696\" height=\"522\" media=\"(min-width: 768px)\" srcset=\"https:\/\/www.lapurla.ch\/wp-content\/uploads\/2023\/11\/NationaleTagungLaPurla2023MG8043-696x522c.jpg 1x, https:\/\/www.lapurla.ch\/wp-content\/uploads\/2023\/11\/NationaleTagungLaPurla2023MG8043-1392x1044c.jpg 2x\">           <source width=\"516\" height=\"387\" media=\"(min-width: 576px)\" srcset=\"https:\/\/www.lapurla.ch\/wp-content\/uploads\/2023\/11\/NationaleTagungLaPurla2023MG8043-516x387c.jpg 1x, https:\/\/www.lapurla.ch\/wp-content\/uploads\/2023\/11\/NationaleTagungLaPurla2023MG8043-1032x774c.jpg 2x\">           <img loading=\"lazy\" decoding=\"async\" width=\"550\" height=\"413\"           class=\"a-image__image\"           src=\"https:\/\/www.lapurla.ch\/wp-content\/uploads\/2023\/11\/NationaleTagungLaPurla2023MG8043-550x413c.jpg\" data-srcset=\"https:\/\/www.lapurla.ch\/wp-content\/uploads\/2023\/11\/NationaleTagungLaPurla2023MG8043-1100x826c.jpg 2x\" alt=\"\"\/>       <\/picture> <\/div>                            <figcaption>\n\t\t\t\t\t\t\t\tLaudatio: Carolina LIebling, Vizedirektorin                             <\/figcaption>\n                        <\/figure>\n                    <\/div>\n\t\t\t\t                    <div class=\"swiper-slide\">\n                        <figure>\n\t\t\t\t\t\t\t<div class=\"a-image \">       <picture class=\"a-image__picture\">       \t<source width=\"1296\" height=\"972\" media=\"(min-width: 1400px)\" srcset=\"https:\/\/www.lapurla.ch\/wp-content\/uploads\/2023\/11\/NationaleTagungLaPurla2023MG8066-1296x972c.jpg 1x, https:\/\/www.lapurla.ch\/wp-content\/uploads\/2023\/11\/NationaleTagungLaPurla2023MG8066-2592x1944c.jpg 2x\">           <source width=\"1116\" height=\"837\" media=\"(min-width: 1200px)\" srcset=\"https:\/\/www.lapurla.ch\/wp-content\/uploads\/2023\/11\/NationaleTagungLaPurla2023MG8066-1116x837c.jpg 1x, https:\/\/www.lapurla.ch\/wp-content\/uploads\/2023\/11\/NationaleTagungLaPurla2023MG8066-2232x1674c.jpg 2x\">           <source width=\"936\" height=\"702\" media=\"(min-width: 992px)\" srcset=\"https:\/\/www.lapurla.ch\/wp-content\/uploads\/2023\/11\/NationaleTagungLaPurla2023MG8066-936x702c.jpg  1x, https:\/\/www.lapurla.ch\/wp-content\/uploads\/2023\/11\/NationaleTagungLaPurla2023MG8066-1872x1404c.jpg 2x\">           <source width=\"696\" height=\"522\" media=\"(min-width: 768px)\" srcset=\"https:\/\/www.lapurla.ch\/wp-content\/uploads\/2023\/11\/NationaleTagungLaPurla2023MG8066-696x522c.jpg 1x, https:\/\/www.lapurla.ch\/wp-content\/uploads\/2023\/11\/NationaleTagungLaPurla2023MG8066-1392x1044c.jpg 2x\">           <source width=\"516\" height=\"387\" media=\"(min-width: 576px)\" srcset=\"https:\/\/www.lapurla.ch\/wp-content\/uploads\/2023\/11\/NationaleTagungLaPurla2023MG8066-516x387c.jpg 1x, https:\/\/www.lapurla.ch\/wp-content\/uploads\/2023\/11\/NationaleTagungLaPurla2023MG8066-1032x774c.jpg 2x\">           <img loading=\"lazy\" decoding=\"async\" width=\"550\" height=\"413\"           class=\"a-image__image\"           src=\"https:\/\/www.lapurla.ch\/wp-content\/uploads\/2023\/11\/NationaleTagungLaPurla2023MG8066-550x413c.jpg\" data-srcset=\"https:\/\/www.lapurla.ch\/wp-content\/uploads\/2023\/11\/NationaleTagungLaPurla2023MG8066-1100x826c.jpg 2x\" alt=\"\"\/>       <\/picture> <\/div>                            <figcaption>\n\t\t\t\t\t\t\t\tHerzliche Gratulation: Loyse Graf (links) &#038; C\u00e9lia                             <\/figcaption>\n                        <\/figure>\n                    <\/div>\n\t\t\t\t                    <div class=\"swiper-slide\">\n                        <figure>\n\t\t\t\t\t\t\t<div class=\"a-image \">       <picture class=\"a-image__picture\">       \t<source width=\"1296\" height=\"972\" media=\"(min-width: 1400px)\" srcset=\"https:\/\/www.lapurla.ch\/wp-content\/uploads\/2023\/11\/NationaleTagungLaPurla2023MG8112-1296x972c.jpg 1x, https:\/\/www.lapurla.ch\/wp-content\/uploads\/2023\/11\/NationaleTagungLaPurla2023MG8112-2592x1944c.jpg 2x\">           <source width=\"1116\" height=\"837\" media=\"(min-width: 1200px)\" srcset=\"https:\/\/www.lapurla.ch\/wp-content\/uploads\/2023\/11\/NationaleTagungLaPurla2023MG8112-1116x837c.jpg 1x, https:\/\/www.lapurla.ch\/wp-content\/uploads\/2023\/11\/NationaleTagungLaPurla2023MG8112-2232x1674c.jpg 2x\">           <source width=\"936\" height=\"702\" media=\"(min-width: 992px)\" srcset=\"https:\/\/www.lapurla.ch\/wp-content\/uploads\/2023\/11\/NationaleTagungLaPurla2023MG8112-936x702c.jpg  1x, https:\/\/www.lapurla.ch\/wp-content\/uploads\/2023\/11\/NationaleTagungLaPurla2023MG8112-1872x1404c.jpg 2x\">           <source width=\"696\" height=\"522\" media=\"(min-width: 768px)\" srcset=\"https:\/\/www.lapurla.ch\/wp-content\/uploads\/2023\/11\/NationaleTagungLaPurla2023MG8112-696x522c.jpg 1x, https:\/\/www.lapurla.ch\/wp-content\/uploads\/2023\/11\/NationaleTagungLaPurla2023MG8112-1392x1044c.jpg 2x\">           <source width=\"516\" height=\"387\" media=\"(min-width: 576px)\" srcset=\"https:\/\/www.lapurla.ch\/wp-content\/uploads\/2023\/11\/NationaleTagungLaPurla2023MG8112-516x387c.jpg 1x, https:\/\/www.lapurla.ch\/wp-content\/uploads\/2023\/11\/NationaleTagungLaPurla2023MG8112-1032x774c.jpg 2x\">           <img loading=\"lazy\" decoding=\"async\" width=\"550\" height=\"413\"           class=\"a-image__image\"           src=\"https:\/\/www.lapurla.ch\/wp-content\/uploads\/2023\/11\/NationaleTagungLaPurla2023MG8112-550x413c.jpg\" data-srcset=\"https:\/\/www.lapurla.ch\/wp-content\/uploads\/2023\/11\/NationaleTagungLaPurla2023MG8112-1100x826c.jpg 2x\" alt=\"\"\/>       <\/picture> <\/div>                            <figcaption>\n\t\t\t\t\t\t\t\tLaudatio: Myriam Schleiss, Leitern Kulturelle Teilhabe, Bundesamt f\u00fcr Kultur                            <\/figcaption>\n                        <\/figure>\n                    <\/div>\n\t\t\t\t                    <div class=\"swiper-slide\">\n                        <figure>\n\t\t\t\t\t\t\t<div class=\"a-image \">       <picture class=\"a-image__picture\">       \t<source width=\"1296\" height=\"972\" media=\"(min-width: 1400px)\" srcset=\"https:\/\/www.lapurla.ch\/wp-content\/uploads\/2023\/11\/NationaleTagungLaPurla2023MG8152-1296x972c.jpg 1x, https:\/\/www.lapurla.ch\/wp-content\/uploads\/2023\/11\/NationaleTagungLaPurla2023MG8152-2592x1944c.jpg 2x\">           <source width=\"1116\" height=\"837\" media=\"(min-width: 1200px)\" srcset=\"https:\/\/www.lapurla.ch\/wp-content\/uploads\/2023\/11\/NationaleTagungLaPurla2023MG8152-1116x837c.jpg 1x, https:\/\/www.lapurla.ch\/wp-content\/uploads\/2023\/11\/NationaleTagungLaPurla2023MG8152-2232x1674c.jpg 2x\">           <source width=\"936\" height=\"702\" media=\"(min-width: 992px)\" srcset=\"https:\/\/www.lapurla.ch\/wp-content\/uploads\/2023\/11\/NationaleTagungLaPurla2023MG8152-936x702c.jpg  1x, https:\/\/www.lapurla.ch\/wp-content\/uploads\/2023\/11\/NationaleTagungLaPurla2023MG8152-1872x1404c.jpg 2x\">           <source width=\"696\" height=\"522\" media=\"(min-width: 768px)\" srcset=\"https:\/\/www.lapurla.ch\/wp-content\/uploads\/2023\/11\/NationaleTagungLaPurla2023MG8152-696x522c.jpg 1x, https:\/\/www.lapurla.ch\/wp-content\/uploads\/2023\/11\/NationaleTagungLaPurla2023MG8152-1392x1044c.jpg 2x\">           <source width=\"516\" height=\"387\" media=\"(min-width: 576px)\" srcset=\"https:\/\/www.lapurla.ch\/wp-content\/uploads\/2023\/11\/NationaleTagungLaPurla2023MG8152-516x387c.jpg 1x, https:\/\/www.lapurla.ch\/wp-content\/uploads\/2023\/11\/NationaleTagungLaPurla2023MG8152-1032x774c.jpg 2x\">           <img loading=\"lazy\" decoding=\"async\" width=\"550\" height=\"413\"           class=\"a-image__image\"           src=\"https:\/\/www.lapurla.ch\/wp-content\/uploads\/2023\/11\/NationaleTagungLaPurla2023MG8152-550x413c.jpg\" data-srcset=\"https:\/\/www.lapurla.ch\/wp-content\/uploads\/2023\/11\/NationaleTagungLaPurla2023MG8152-1100x826c.jpg 2x\" alt=\"\"\/>       <\/picture> <\/div>                            <figcaption>\n\t\t\t\t\t\t\t\tHerzliche Gratiulation an:                             <\/figcaption>\n                        <\/figure>\n                    <\/div>\n\t\t\t\t                    <div class=\"swiper-slide\">\n                        <figure>\n\t\t\t\t\t\t\t<div class=\"a-image \">       <picture class=\"a-image__picture\">       \t<source width=\"1296\" height=\"972\" media=\"(min-width: 1400px)\" srcset=\"https:\/\/www.lapurla.ch\/wp-content\/uploads\/2023\/11\/NationaleTagungLaPurla2023MG8166-1296x972c.jpg 1x, https:\/\/www.lapurla.ch\/wp-content\/uploads\/2023\/11\/NationaleTagungLaPurla2023MG8166-2592x1944c.jpg 2x\">           <source width=\"1116\" height=\"837\" media=\"(min-width: 1200px)\" srcset=\"https:\/\/www.lapurla.ch\/wp-content\/uploads\/2023\/11\/NationaleTagungLaPurla2023MG8166-1116x837c.jpg 1x, https:\/\/www.lapurla.ch\/wp-content\/uploads\/2023\/11\/NationaleTagungLaPurla2023MG8166-2232x1674c.jpg 2x\">           <source width=\"936\" height=\"702\" media=\"(min-width: 992px)\" srcset=\"https:\/\/www.lapurla.ch\/wp-content\/uploads\/2023\/11\/NationaleTagungLaPurla2023MG8166-936x702c.jpg  1x, https:\/\/www.lapurla.ch\/wp-content\/uploads\/2023\/11\/NationaleTagungLaPurla2023MG8166-1872x1404c.jpg 2x\">           <source width=\"696\" height=\"522\" media=\"(min-width: 768px)\" srcset=\"https:\/\/www.lapurla.ch\/wp-content\/uploads\/2023\/11\/NationaleTagungLaPurla2023MG8166-696x522c.jpg 1x, https:\/\/www.lapurla.ch\/wp-content\/uploads\/2023\/11\/NationaleTagungLaPurla2023MG8166-1392x1044c.jpg 2x\">           <source width=\"516\" height=\"387\" media=\"(min-width: 576px)\" srcset=\"https:\/\/www.lapurla.ch\/wp-content\/uploads\/2023\/11\/NationaleTagungLaPurla2023MG8166-516x387c.jpg 1x, https:\/\/www.lapurla.ch\/wp-content\/uploads\/2023\/11\/NationaleTagungLaPurla2023MG8166-1032x774c.jpg 2x\">           <img loading=\"lazy\" decoding=\"async\" width=\"550\" height=\"413\"           class=\"a-image__image\"           src=\"https:\/\/www.lapurla.ch\/wp-content\/uploads\/2023\/11\/NationaleTagungLaPurla2023MG8166-550x413c.jpg\" data-srcset=\"https:\/\/www.lapurla.ch\/wp-content\/uploads\/2023\/11\/NationaleTagungLaPurla2023MG8166-1100x826c.jpg 2x\" alt=\"\"\/>       <\/picture> <\/div>                            <figcaption>\n\t\t\t\t\t\t\t\tLaudation: Carolin Fedier,                             <\/figcaption>\n                        <\/figure>\n                    <\/div>\n\t\t\t\t                    <div class=\"swiper-slide\">\n                        <figure>\n\t\t\t\t\t\t\t<div class=\"a-image \">       <picture class=\"a-image__picture\">       \t<source width=\"1296\" height=\"972\" media=\"(min-width: 1400px)\" srcset=\"https:\/\/www.lapurla.ch\/wp-content\/uploads\/2023\/11\/NationaleTagungLaPurla2023MG8201-1296x972c.jpg 1x, https:\/\/www.lapurla.ch\/wp-content\/uploads\/2023\/11\/NationaleTagungLaPurla2023MG8201-2592x1944c.jpg 2x\">           <source width=\"1116\" height=\"837\" media=\"(min-width: 1200px)\" srcset=\"https:\/\/www.lapurla.ch\/wp-content\/uploads\/2023\/11\/NationaleTagungLaPurla2023MG8201-1116x837c.jpg 1x, https:\/\/www.lapurla.ch\/wp-content\/uploads\/2023\/11\/NationaleTagungLaPurla2023MG8201-2232x1674c.jpg 2x\">           <source width=\"936\" height=\"702\" media=\"(min-width: 992px)\" srcset=\"https:\/\/www.lapurla.ch\/wp-content\/uploads\/2023\/11\/NationaleTagungLaPurla2023MG8201-936x702c.jpg  1x, https:\/\/www.lapurla.ch\/wp-content\/uploads\/2023\/11\/NationaleTagungLaPurla2023MG8201-1872x1404c.jpg 2x\">           <source width=\"696\" height=\"522\" media=\"(min-width: 768px)\" srcset=\"https:\/\/www.lapurla.ch\/wp-content\/uploads\/2023\/11\/NationaleTagungLaPurla2023MG8201-696x522c.jpg 1x, https:\/\/www.lapurla.ch\/wp-content\/uploads\/2023\/11\/NationaleTagungLaPurla2023MG8201-1392x1044c.jpg 2x\">           <source width=\"516\" height=\"387\" media=\"(min-width: 576px)\" srcset=\"https:\/\/www.lapurla.ch\/wp-content\/uploads\/2023\/11\/NationaleTagungLaPurla2023MG8201-516x387c.jpg 1x, https:\/\/www.lapurla.ch\/wp-content\/uploads\/2023\/11\/NationaleTagungLaPurla2023MG8201-1032x774c.jpg 2x\">           <img loading=\"lazy\" decoding=\"async\" width=\"550\" height=\"413\"           class=\"a-image__image\"           src=\"https:\/\/www.lapurla.ch\/wp-content\/uploads\/2023\/11\/NationaleTagungLaPurla2023MG8201-550x413c.jpg\" data-srcset=\"https:\/\/www.lapurla.ch\/wp-content\/uploads\/2023\/11\/NationaleTagungLaPurla2023MG8201-1100x826c.jpg 2x\" alt=\"\"\/>       <\/picture> <\/div>                            <figcaption>\n\t\t\t\t\t\t\t\tHerzliche Gratulation an:                             <\/figcaption>\n                        <\/figure>\n                    <\/div>\n\t\t\t\t                    <div class=\"swiper-slide\">\n                        <figure>\n\t\t\t\t\t\t\t<div class=\"a-image \">       <picture class=\"a-image__picture\">       \t<source width=\"1296\" height=\"972\" media=\"(min-width: 1400px)\" srcset=\"https:\/\/www.lapurla.ch\/wp-content\/uploads\/2023\/11\/NationaleTagungLaPurla2023MG8233-1296x972c.jpg 1x, https:\/\/www.lapurla.ch\/wp-content\/uploads\/2023\/11\/NationaleTagungLaPurla2023MG8233-2592x1944c.jpg 2x\">           <source width=\"1116\" height=\"837\" media=\"(min-width: 1200px)\" srcset=\"https:\/\/www.lapurla.ch\/wp-content\/uploads\/2023\/11\/NationaleTagungLaPurla2023MG8233-1116x837c.jpg 1x, https:\/\/www.lapurla.ch\/wp-content\/uploads\/2023\/11\/NationaleTagungLaPurla2023MG8233-2232x1674c.jpg 2x\">           <source width=\"936\" height=\"702\" media=\"(min-width: 992px)\" srcset=\"https:\/\/www.lapurla.ch\/wp-content\/uploads\/2023\/11\/NationaleTagungLaPurla2023MG8233-936x702c.jpg  1x, https:\/\/www.lapurla.ch\/wp-content\/uploads\/2023\/11\/NationaleTagungLaPurla2023MG8233-1872x1404c.jpg 2x\">           <source width=\"696\" height=\"522\" media=\"(min-width: 768px)\" srcset=\"https:\/\/www.lapurla.ch\/wp-content\/uploads\/2023\/11\/NationaleTagungLaPurla2023MG8233-696x522c.jpg 1x, https:\/\/www.lapurla.ch\/wp-content\/uploads\/2023\/11\/NationaleTagungLaPurla2023MG8233-1392x1044c.jpg 2x\">           <source width=\"516\" height=\"387\" media=\"(min-width: 576px)\" srcset=\"https:\/\/www.lapurla.ch\/wp-content\/uploads\/2023\/11\/NationaleTagungLaPurla2023MG8233-516x387c.jpg 1x, https:\/\/www.lapurla.ch\/wp-content\/uploads\/2023\/11\/NationaleTagungLaPurla2023MG8233-1032x774c.jpg 2x\">           <img loading=\"lazy\" decoding=\"async\" width=\"550\" height=\"413\"           class=\"a-image__image\"           src=\"https:\/\/www.lapurla.ch\/wp-content\/uploads\/2023\/11\/NationaleTagungLaPurla2023MG8233-550x413c.jpg\" data-srcset=\"https:\/\/www.lapurla.ch\/wp-content\/uploads\/2023\/11\/NationaleTagungLaPurla2023MG8233-1100x826c.jpg 2x\" alt=\"\"\/>       <\/picture> <\/div>                            <figcaption>\n\t\t\t\t\t\t\t\tLaudatio: Jessica Schnelle, Leiterin Soziales, Migros-Kulturprozent                            <\/figcaption>\n                        <\/figure>\n                    <\/div>\n\t\t\t\t                    <div class=\"swiper-slide\">\n                        <figure>\n\t\t\t\t\t\t\t<div class=\"a-image \">       <picture class=\"a-image__picture\">       \t<source width=\"1296\" height=\"972\" media=\"(min-width: 1400px)\" srcset=\"https:\/\/www.lapurla.ch\/wp-content\/uploads\/2023\/11\/NationaleTagungLaPurla2023MG8297-1296x972c.jpg 1x, https:\/\/www.lapurla.ch\/wp-content\/uploads\/2023\/11\/NationaleTagungLaPurla2023MG8297-2592x1944c.jpg 2x\">           <source width=\"1116\" height=\"837\" media=\"(min-width: 1200px)\" srcset=\"https:\/\/www.lapurla.ch\/wp-content\/uploads\/2023\/11\/NationaleTagungLaPurla2023MG8297-1116x837c.jpg 1x, https:\/\/www.lapurla.ch\/wp-content\/uploads\/2023\/11\/NationaleTagungLaPurla2023MG8297-2232x1674c.jpg 2x\">           <source width=\"936\" height=\"702\" media=\"(min-width: 992px)\" srcset=\"https:\/\/www.lapurla.ch\/wp-content\/uploads\/2023\/11\/NationaleTagungLaPurla2023MG8297-936x702c.jpg  1x, https:\/\/www.lapurla.ch\/wp-content\/uploads\/2023\/11\/NationaleTagungLaPurla2023MG8297-1872x1404c.jpg 2x\">           <source width=\"696\" height=\"522\" media=\"(min-width: 768px)\" srcset=\"https:\/\/www.lapurla.ch\/wp-content\/uploads\/2023\/11\/NationaleTagungLaPurla2023MG8297-696x522c.jpg 1x, https:\/\/www.lapurla.ch\/wp-content\/uploads\/2023\/11\/NationaleTagungLaPurla2023MG8297-1392x1044c.jpg 2x\">           <source width=\"516\" height=\"387\" media=\"(min-width: 576px)\" srcset=\"https:\/\/www.lapurla.ch\/wp-content\/uploads\/2023\/11\/NationaleTagungLaPurla2023MG8297-516x387c.jpg 1x, https:\/\/www.lapurla.ch\/wp-content\/uploads\/2023\/11\/NationaleTagungLaPurla2023MG8297-1032x774c.jpg 2x\">           <img loading=\"lazy\" decoding=\"async\" width=\"550\" height=\"413\"           class=\"a-image__image\"           src=\"https:\/\/www.lapurla.ch\/wp-content\/uploads\/2023\/11\/NationaleTagungLaPurla2023MG8297-550x413c.jpg\" data-srcset=\"https:\/\/www.lapurla.ch\/wp-content\/uploads\/2023\/11\/NationaleTagungLaPurla2023MG8297-1100x826c.jpg 2x\" alt=\"\"\/>       <\/picture> <\/div>                            <figcaption>\n\t\t\t\t\t\t\t\tHerzliche Gratulation an: Teddy Amstad (links), Yvonne Amstad (Mitte) &#038;                             <\/figcaption>\n                        <\/figure>\n                    <\/div>\n\t\t\t\t            <\/div>\n            <div class=\"container\">\n                <div class=\"row\">\n                    <div class=\"col-12 position-relative\">\n                        <div class=\"pagination\"><\/div>\n                        <div class=\"button-wrapper\">\n                            <button class=\"swiper-button-prev\">\n\t\t\t\t\t\t\t\t<svg class=\"svg-icon icon-arrow-left\" xmlns=\"http:\/\/www.w3.org\/2000\/svg\"><use xmlns:xlink=\"http:\/\/www.w3.org\/1999\/xlink\" xlink:href=\"https:\/\/www.lapurla.ch\/wp-content\/themes\/lapurla\/dist\/icons.svg?f27dc72#arrow-left\"><\/use><\/svg>                                <span class=\"visually-hidden\">Pr\u00e9c\u00e9dent<\/span>\n                            <\/button>\n                            <button class=\"swiper-button-next\">\n\t\t\t\t\t\t\t\t<svg class=\"svg-icon icon-arrow-right\" xmlns=\"http:\/\/www.w3.org\/2000\/svg\"><use xmlns:xlink=\"http:\/\/www.w3.org\/1999\/xlink\" xlink:href=\"https:\/\/www.lapurla.ch\/wp-content\/themes\/lapurla\/dist\/icons.svg?f27dc72#arrow-right\"><\/use><\/svg>                                <span class=\"visually-hidden\">Suivant<\/span>\n                            <\/button>\n                        <\/div>\n                    <\/div>\n                <\/div>\n            <\/div>\n        <\/div>\n\t<\/div>\n        <\/div>\n    <\/div>\n\n\n\n<hr class=\"wp-block-separator has-alpha-channel-opacity\"\/>\n\n\n\n<div id=\"button-block_786f233fc538355af1965564cda5d0f5\" class=\"mod-button\">\n\t        <div class=\"block-button\">\n\t\t\t                <a href=\"https:\/\/www.lapurla.ch\/fr\/projets-gagnants-lapurla-awards-2023\" title=\"\" target=\"\" class=\"block-button__link\">\n\t\t\t\t\tVers les projets gagnants                <\/a>\n\t\t\t        <\/div>\n\t<\/div>\n","protected":false},"excerpt":{"rendered":"<p>Lapurla a d\u00e9cern\u00e9 pour la premi\u00e8re fois des prix pour des projets pionniers visant \u00e0 faire respecter les droits de l&rsquo;enfant de l&rsquo;ONU dans le domaine de la petite enfance dans deux cat\u00e9gories : \u00ab\u00a0Best Practice\u00a0\u00bb &amp; \u00ab\u00a0Best Newcomer\u00a0\u00bb. Les projets gagnants ont \u00e9t\u00e9 d\u00e9cern\u00e9s le 10 novembre 2023 dans le cadre du 3e congr\u00e8s [&hellip;]<\/p>\n","protected":false},"featured_media":20616,"template":"","meta":{"_acf_changed":false,"latitude":"","longitude":"","kurzbeschreibung":"Lapurla a d\u00e9cern\u00e9 pour la premi\u00e8re fois des prix pour des projets pionniers visant \u00e0 faire respecter les droits de l'enfant de l'ONU dans le domaine de la petite enfance dans deux cat\u00e9gories : \"Best Practice\" & \"Best Newcomer\". Les projets gagnants ont \u00e9t\u00e9 d\u00e9cern\u00e9s le 10 novembre 2023 dans le cadre du 3e congr\u00e8s national \u00e0 la Haute \u00e9cole des arts de Berne HEAB. Toutes nos f\u00e9licitations !","datum_von":"","footnotes":""},"categories":[],"class_list":["post-20615","news","type-news","status-publish","has-post-thumbnail","hentry"],"acf":[],"yoast_head":"<!-- This site is optimized with the Yoast SEO plugin v28.2 - https:\/\/yoast.com\/product\/yoast-seo-wordpress\/ -->\n<title>\u00abAnd the winners are \u2026\u00bb &#8211; Lapurla<\/title>\n<meta name=\"robots\" content=\"index, follow, max-snippet:-1, max-image-preview:large, max-video-preview:-1\" \/>\n<link rel=\"canonical\" href=\"https:\/\/www.lapurla.ch\/fr\/news\/and-the-winner-ist\" \/>\n<meta property=\"og:locale\" content=\"fr_FR\" \/>\n<meta property=\"og:type\" content=\"article\" \/>\n<meta property=\"og:title\" content=\"\u00abAnd the winners are \u2026\u00bb &#8211; Lapurla\" \/>\n<meta property=\"og:description\" content=\"Lapurla a d\u00e9cern\u00e9 pour la premi\u00e8re fois des prix pour des projets pionniers visant \u00e0 faire respecter les droits de l&rsquo;enfant de l&rsquo;ONU dans le domaine de la petite enfance dans deux cat\u00e9gories : \u00ab\u00a0Best Practice\u00a0\u00bb &amp; \u00ab\u00a0Best Newcomer\u00a0\u00bb. Les projets gagnants ont \u00e9t\u00e9 d\u00e9cern\u00e9s le 10 novembre 2023 dans le cadre du 3e congr\u00e8s [&hellip;]\" \/>\n<meta property=\"og:url\" content=\"https:\/\/www.lapurla.ch\/fr\/news\/and-the-winner-ist\" \/>\n<meta property=\"og:site_name\" content=\"Lapurla\" \/>\n<meta property=\"article:modified_time\" content=\"2023-11-19T22:12:11+00:00\" \/>\n<meta property=\"og:image\" content=\"https:\/\/www.lapurla.ch\/wp-content\/uploads\/2023\/11\/LapurlaAwardsprojetsgagnants.jpg\" \/>\n\t<meta property=\"og:image:width\" content=\"1535\" \/>\n\t<meta property=\"og:image:height\" content=\"1063\" \/>\n\t<meta property=\"og:image:type\" content=\"image\/jpeg\" \/>\n<meta name=\"twitter:card\" content=\"summary_large_image\" \/>\n<meta name=\"twitter:label1\" content=\"Dur\u00e9e de lecture estim\u00e9e\" \/>\n\t<meta name=\"twitter:data1\" content=\"1 minute\" \/>\n<script type=\"application\/ld+json\" class=\"yoast-schema-graph\">{\"@context\":\"https:\\\/\\\/schema.org\",\"@graph\":[{\"@type\":\"WebPage\",\"@id\":\"https:\\\/\\\/www.lapurla.ch\\\/fr\\\/news\\\/and-the-winner-ist\",\"url\":\"https:\\\/\\\/www.lapurla.ch\\\/fr\\\/news\\\/and-the-winner-ist\",\"name\":\"\u00abAnd the winners are \u2026\u00bb &#8211; Lapurla\",\"isPartOf\":{\"@id\":\"https:\\\/\\\/www.lapurla.ch\\\/#website\"},\"primaryImageOfPage\":{\"@id\":\"https:\\\/\\\/www.lapurla.ch\\\/fr\\\/news\\\/and-the-winner-ist#primaryimage\"},\"image\":{\"@id\":\"https:\\\/\\\/www.lapurla.ch\\\/fr\\\/news\\\/and-the-winner-ist#primaryimage\"},\"thumbnailUrl\":\"https:\\\/\\\/www.lapurla.ch\\\/wp-content\\\/uploads\\\/2023\\\/11\\\/LapurlaAwardsprojetsgagnants.jpg\",\"datePublished\":\"2023-11-13T14:47:14+00:00\",\"dateModified\":\"2023-11-19T22:12:11+00:00\",\"breadcrumb\":{\"@id\":\"https:\\\/\\\/www.lapurla.ch\\\/fr\\\/news\\\/and-the-winner-ist#breadcrumb\"},\"inLanguage\":\"fr-FR\",\"potentialAction\":[{\"@type\":\"ReadAction\",\"target\":[\"https:\\\/\\\/www.lapurla.ch\\\/fr\\\/news\\\/and-the-winner-ist\"]}]},{\"@type\":\"ImageObject\",\"inLanguage\":\"fr-FR\",\"@id\":\"https:\\\/\\\/www.lapurla.ch\\\/fr\\\/news\\\/and-the-winner-ist#primaryimage\",\"url\":\"https:\\\/\\\/www.lapurla.ch\\\/wp-content\\\/uploads\\\/2023\\\/11\\\/LapurlaAwardsprojetsgagnants.jpg\",\"contentUrl\":\"https:\\\/\\\/www.lapurla.ch\\\/wp-content\\\/uploads\\\/2023\\\/11\\\/LapurlaAwardsprojetsgagnants.jpg\",\"width\":1535,\"height\":1063},{\"@type\":\"BreadcrumbList\",\"@id\":\"https:\\\/\\\/www.lapurla.ch\\\/fr\\\/news\\\/and-the-winner-ist#breadcrumb\",\"itemListElement\":[{\"@type\":\"ListItem\",\"position\":1,\"name\":\"Startseite\",\"item\":\"https:\\\/\\\/www.lapurla.ch\\\/fr\"},{\"@type\":\"ListItem\",\"position\":2,\"name\":\"News\",\"item\":\"https:\\\/\\\/www.lapurla.ch\\\/news\"},{\"@type\":\"ListItem\",\"position\":3,\"name\":\"\u00abAnd the winners are \u2026\u00bb\"}]},{\"@type\":\"WebSite\",\"@id\":\"https:\\\/\\\/www.lapurla.ch\\\/#website\",\"url\":\"https:\\\/\\\/www.lapurla.ch\\\/\",\"name\":\"Lapurla\",\"description\":\"\",\"publisher\":{\"@id\":\"https:\\\/\\\/www.lapurla.ch\\\/#organization\"},\"potentialAction\":[{\"@type\":\"SearchAction\",\"target\":{\"@type\":\"EntryPoint\",\"urlTemplate\":\"https:\\\/\\\/www.lapurla.ch\\\/?s={search_term_string}\"},\"query-input\":{\"@type\":\"PropertyValueSpecification\",\"valueRequired\":true,\"valueName\":\"search_term_string\"}}],\"inLanguage\":\"fr-FR\"},{\"@type\":\"Organization\",\"@id\":\"https:\\\/\\\/www.lapurla.ch\\\/#organization\",\"name\":\"Lapurla\",\"url\":\"https:\\\/\\\/www.lapurla.ch\\\/\",\"logo\":{\"@type\":\"ImageObject\",\"inLanguage\":\"fr-FR\",\"@id\":\"https:\\\/\\\/www.lapurla.ch\\\/#\\\/schema\\\/logo\\\/image\\\/\",\"url\":\"https:\\\/\\\/www.lapurla.ch\\\/wp-content\\\/uploads\\\/2022\\\/03\\\/cropped-favicon.png\",\"contentUrl\":\"https:\\\/\\\/www.lapurla.ch\\\/wp-content\\\/uploads\\\/2022\\\/03\\\/cropped-favicon.png\",\"width\":512,\"height\":512,\"caption\":\"Lapurla\"},\"image\":{\"@id\":\"https:\\\/\\\/www.lapurla.ch\\\/#\\\/schema\\\/logo\\\/image\\\/\"}}]}<\/script>\n<!-- \/ Yoast SEO plugin. -->","yoast_head_json":{"title":"\u00abAnd the winners are \u2026\u00bb &#8211; Lapurla","robots":{"index":"index","follow":"follow","max-snippet":"max-snippet:-1","max-image-preview":"max-image-preview:large","max-video-preview":"max-video-preview:-1"},"canonical":"https:\/\/www.lapurla.ch\/fr\/news\/and-the-winner-ist","og_locale":"fr_FR","og_type":"article","og_title":"\u00abAnd the winners are \u2026\u00bb &#8211; Lapurla","og_description":"Lapurla a d\u00e9cern\u00e9 pour la premi\u00e8re fois des prix pour des projets pionniers visant \u00e0 faire respecter les droits de l&rsquo;enfant de l&rsquo;ONU dans le domaine de la petite enfance dans deux cat\u00e9gories : \u00ab\u00a0Best Practice\u00a0\u00bb &amp; \u00ab\u00a0Best Newcomer\u00a0\u00bb. Les projets gagnants ont \u00e9t\u00e9 d\u00e9cern\u00e9s le 10 novembre 2023 dans le cadre du 3e congr\u00e8s [&hellip;]","og_url":"https:\/\/www.lapurla.ch\/fr\/news\/and-the-winner-ist","og_site_name":"Lapurla","article_modified_time":"2023-11-19T22:12:11+00:00","og_image":[{"width":1535,"height":1063,"url":"https:\/\/www.lapurla.ch\/wp-content\/uploads\/2023\/11\/LapurlaAwardsprojetsgagnants.jpg","type":"image\/jpeg"}],"twitter_card":"summary_large_image","twitter_misc":{"Dur\u00e9e de lecture estim\u00e9e":"1 minute"},"schema":{"@context":"https:\/\/schema.org","@graph":[{"@type":"WebPage","@id":"https:\/\/www.lapurla.ch\/fr\/news\/and-the-winner-ist","url":"https:\/\/www.lapurla.ch\/fr\/news\/and-the-winner-ist","name":"\u00abAnd the winners are \u2026\u00bb &#8211; Lapurla","isPartOf":{"@id":"https:\/\/www.lapurla.ch\/#website"},"primaryImageOfPage":{"@id":"https:\/\/www.lapurla.ch\/fr\/news\/and-the-winner-ist#primaryimage"},"image":{"@id":"https:\/\/www.lapurla.ch\/fr\/news\/and-the-winner-ist#primaryimage"},"thumbnailUrl":"https:\/\/www.lapurla.ch\/wp-content\/uploads\/2023\/11\/LapurlaAwardsprojetsgagnants.jpg","datePublished":"2023-11-13T14:47:14+00:00","dateModified":"2023-11-19T22:12:11+00:00","breadcrumb":{"@id":"https:\/\/www.lapurla.ch\/fr\/news\/and-the-winner-ist#breadcrumb"},"inLanguage":"fr-FR","potentialAction":[{"@type":"ReadAction","target":["https:\/\/www.lapurla.ch\/fr\/news\/and-the-winner-ist"]}]},{"@type":"ImageObject","inLanguage":"fr-FR","@id":"https:\/\/www.lapurla.ch\/fr\/news\/and-the-winner-ist#primaryimage","url":"https:\/\/www.lapurla.ch\/wp-content\/uploads\/2023\/11\/LapurlaAwardsprojetsgagnants.jpg","contentUrl":"https:\/\/www.lapurla.ch\/wp-content\/uploads\/2023\/11\/LapurlaAwardsprojetsgagnants.jpg","width":1535,"height":1063},{"@type":"BreadcrumbList","@id":"https:\/\/www.lapurla.ch\/fr\/news\/and-the-winner-ist#breadcrumb","itemListElement":[{"@type":"ListItem","position":1,"name":"Startseite","item":"https:\/\/www.lapurla.ch\/fr"},{"@type":"ListItem","position":2,"name":"News","item":"https:\/\/www.lapurla.ch\/news"},{"@type":"ListItem","position":3,"name":"\u00abAnd the winners are \u2026\u00bb"}]},{"@type":"WebSite","@id":"https:\/\/www.lapurla.ch\/#website","url":"https:\/\/www.lapurla.ch\/","name":"Lapurla","description":"","publisher":{"@id":"https:\/\/www.lapurla.ch\/#organization"},"potentialAction":[{"@type":"SearchAction","target":{"@type":"EntryPoint","urlTemplate":"https:\/\/www.lapurla.ch\/?s={search_term_string}"},"query-input":{"@type":"PropertyValueSpecification","valueRequired":true,"valueName":"search_term_string"}}],"inLanguage":"fr-FR"},{"@type":"Organization","@id":"https:\/\/www.lapurla.ch\/#organization","name":"Lapurla","url":"https:\/\/www.lapurla.ch\/","logo":{"@type":"ImageObject","inLanguage":"fr-FR","@id":"https:\/\/www.lapurla.ch\/#\/schema\/logo\/image\/","url":"https:\/\/www.lapurla.ch\/wp-content\/uploads\/2022\/03\/cropped-favicon.png","contentUrl":"https:\/\/www.lapurla.ch\/wp-content\/uploads\/2022\/03\/cropped-favicon.png","width":512,"height":512,"caption":"Lapurla"},"image":{"@id":"https:\/\/www.lapurla.ch\/#\/schema\/logo\/image\/"}}]}},"_links":{"self":[{"href":"https:\/\/www.lapurla.ch\/fr\/wp-json\/wp\/v2\/news\/20615","targetHints":{"allow":["GET"]}}],"collection":[{"href":"https:\/\/www.lapurla.ch\/fr\/wp-json\/wp\/v2\/news"}],"about":[{"href":"https:\/\/www.lapurla.ch\/fr\/wp-json\/wp\/v2\/types\/news"}],"version-history":[{"count":8,"href":"https:\/\/www.lapurla.ch\/fr\/wp-json\/wp\/v2\/news\/20615\/revisions"}],"predecessor-version":[{"id":21412,"href":"https:\/\/www.lapurla.ch\/fr\/wp-json\/wp\/v2\/news\/20615\/revisions\/21412"}],"wp:featuredmedia":[{"embeddable":true,"href":"https:\/\/www.lapurla.ch\/fr\/wp-json\/wp\/v2\/media\/20616"}],"wp:attachment":[{"href":"https:\/\/www.lapurla.ch\/fr\/wp-json\/wp\/v2\/media?parent=20615"}],"wp:term":[{"taxonomy":"category","embeddable":true,"href":"https:\/\/www.lapurla.ch\/fr\/wp-json\/wp\/v2\/categories?post=20615"}],"curies":[{"name":"wp","href":"https:\/\/api.w.org\/{rel}","templated":true}]}}