{"id":19557,"date":"2023-10-09T10:41:44","date_gmt":"2023-10-09T08:41:44","guid":{"rendered":"https:\/\/www.lapurla.ch\/?post_type=news&#038;p=19557"},"modified":"2023-10-09T11:00:40","modified_gmt":"2023-10-09T09:00:40","slug":"rapport-de-la-manifestation-eveil-artistique-et-culturel-participation","status":"publish","type":"news","link":"https:\/\/www.lapurla.ch\/fr\/news\/rapport-de-la-manifestation-eveil-artistique-et-culturel-participation","title":{"rendered":"Rapport de la manifestation \u00ab\u00c9veil artistique et culturel &#038; participation\u00bb"},"content":{"rendered":"\n<p>En mars 2023 a eu lieu le colloque franco-allemand <strong>\u00ab\u00c9veil artistique et culturel &amp; participation. Quelle place pour les enfants ? Quelle place pour les enfants ?\u00bb<\/strong>. Renforcer les \u00e9changes europ\u00e9ens dans le domaine de l&rsquo;\u00e9veil artistique et culturel par le dialogue, la mise en r\u00e9seau des professionnels, le transfert de pratiques et de connaissances ainsi que soutenir les partenariats transfrontaliers : tels \u00e9taient les objectifs de cette conf\u00e9rence les 2 et 3 mars 2023 au ch\u00e2teau de Genshagen. Etaient pr\u00e9sent une cinquantaine de participants, des experts et des professionnels, issus des domaines de l&rsquo;art, de la culture, de la p\u00e9dagogie, de la recherche ou encore de l&rsquo;administration.<\/p>\n\n\n\n<p>Un rapport a \u00e9t\u00e9 r\u00e9dig\u00e9 \u00e0 l&rsquo;issue de la r\u00e9union. Le rapport r\u00e9sume les contributions au symposium et pr\u00e9sente les principaux r\u00e9sultats. Des extraits vid\u00e9o de certains moments du programme y sont joints, des photos et des citations restituent l&rsquo;ambiance et les courtes biographies des intervenantes et intervenants t\u00e9moignent du cumul de connaissances et d&rsquo;exp\u00e9rience pr\u00e9sent dans ce r\u00e9seau franco-allemand. L&rsquo;\u00e9veil et l\u2019\u00e9ducation artistiques et culturels ainsi que les arts ouvrent aux enfants des espaces de possibilit\u00e9s et peuvent \u00eatre un lieu d&rsquo;apprentissage en mati\u00e8re de d\u00e9mocratie d\u00e8s le plus jeune \u00e2ge si la participation et les droits de l&rsquo;enfant sont pris au s\u00e9rieux, tel le montre notre rapport.<\/p>\n\n\n\n<p><strong>Tu veux lire le rapport ?<\/strong> Le rapport du congr\u00e8s peut \u00eatre t\u00e9l\u00e9charg\u00e9 <a href=\"https:\/\/www.lapurla.ch\/wp-content\/uploads\/2023\/10\/Bericht-RapportFruehkindlicheKulturelleBildungPartizipation.pdf\" target=\"_blank\" rel=\"noreferrer noopener\">ici<\/a>.<\/p>\n\n\n\n<p>Et <a href=\"https:\/\/www.stiftung-genshagen.de\/fr\/publications\/eveil-artistique-et-culturel-et-participation-quelle-place-aux-enfants-welcher-platz-fuer-kinder-partizipation-quelle-place-aux-enfants-welcher-platz-fuer-kinder\/\" target=\"_blank\" rel=\"noreferrer noopener\">ici<\/a>, tu trouveras plus d&rsquo;informations sur le congr\u00e8s et la Fondation Genshangen.<\/p>\n\n\n\n<figure class=\"wp-block-image size-full\"><img loading=\"lazy\" decoding=\"async\" width=\"942\" height=\"666\" src=\"https:\/\/www.lapurla.ch\/wp-content\/uploads\/2023\/10\/csmFKBPTagungsbericht2023Cover-bildV1cb0eddf244.jpg\" alt=\"\" class=\"wp-image-19551\" srcset=\"https:\/\/www.lapurla.ch\/wp-content\/uploads\/2023\/10\/csmFKBPTagungsbericht2023Cover-bildV1cb0eddf244.jpg 942w, https:\/\/www.lapurla.ch\/wp-content\/uploads\/2023\/10\/csmFKBPTagungsbericht2023Cover-bildV1cb0eddf244-300x212.jpg 300w, https:\/\/www.lapurla.ch\/wp-content\/uploads\/2023\/10\/csmFKBPTagungsbericht2023Cover-bildV1cb0eddf244-768x543.jpg 768w\" sizes=\"auto, (max-width: 942px) 100vw, 942px\" \/><\/figure>\n","protected":false},"excerpt":{"rendered":"<p>En mars 2023 a eu lieu le colloque franco-allemand \u00ab\u00c9veil artistique et culturel &amp; participation. Quelle place pour les enfants ? Quelle place pour les enfants ?\u00bb. Renforcer les \u00e9changes europ\u00e9ens dans le domaine de l&rsquo;\u00e9veil artistique et culturel par le dialogue, la mise en r\u00e9seau des professionnels, le transfert de pratiques et de connaissances [&hellip;]<\/p>\n","protected":false},"featured_media":19551,"template":"","meta":{"_acf_changed":false,"latitude":"","longitude":"","kurzbeschreibung":"En mars 2023 a eu lieu le colloque franco-allemand \u00ab \u00c9veil artistique et culturel & participation. Quelle place aux enfants ? Welcher Platz f\u00fcr Kinder? \u00bb. Un rapport a \u00e9t\u00e9 r\u00e9dig\u00e9 \u00e0 la suite de ce colloque, tu peux le lire ici !","datum_von":"","footnotes":""},"categories":[],"class_list":["post-19557","news","type-news","status-publish","has-post-thumbnail","hentry"],"acf":[],"yoast_head":"<!-- This site is optimized with the Yoast SEO plugin v27.2 - https:\/\/yoast.com\/product\/yoast-seo-wordpress\/ -->\n<title>Rapport de la manifestation \u00ab\u00c9veil artistique et culturel &amp; participation\u00bb &#8211; Lapurla<\/title>\n<meta name=\"description\" content=\"En mars 2023 a eu lieu le colloque franco-allemand \u00ab \u00c9veil artistique et culturel &amp; participation. Quelle place aux enfants ? Welcher Platz f\u00fcr Kinder? \u00bb. Un rapport a \u00e9t\u00e9 r\u00e9dig\u00e9 \u00e0 la suite de ce colloque, tu peux le lire ici !\" \/>\n<meta name=\"robots\" content=\"index, follow, max-snippet:-1, max-image-preview:large, max-video-preview:-1\" \/>\n<link rel=\"canonical\" href=\"https:\/\/www.lapurla.ch\/fr\/news\/rapport-de-la-manifestation-eveil-artistique-et-culturel-participation\" \/>\n<meta property=\"og:locale\" content=\"fr_FR\" \/>\n<meta property=\"og:type\" content=\"article\" \/>\n<meta property=\"og:title\" content=\"Rapport de la manifestation \u00ab\u00c9veil artistique et culturel &amp; participation\u00bb &#8211; Lapurla\" \/>\n<meta property=\"og:description\" content=\"En mars 2023 a eu lieu le colloque franco-allemand \u00ab \u00c9veil artistique et culturel &amp; participation. Quelle place aux enfants ? Welcher Platz f\u00fcr Kinder? \u00bb. Un rapport a \u00e9t\u00e9 r\u00e9dig\u00e9 \u00e0 la suite de ce colloque, tu peux le lire ici !\" \/>\n<meta property=\"og:url\" content=\"https:\/\/www.lapurla.ch\/fr\/news\/rapport-de-la-manifestation-eveil-artistique-et-culturel-participation\" \/>\n<meta property=\"og:site_name\" content=\"Lapurla\" \/>\n<meta property=\"article:modified_time\" content=\"2023-10-09T09:00:40+00:00\" \/>\n<meta property=\"og:image\" content=\"https:\/\/www.lapurla.ch\/wp-content\/uploads\/2023\/10\/csmFKBPTagungsbericht2023Cover-bildV1cb0eddf244.jpg\" \/>\n\t<meta property=\"og:image:width\" content=\"942\" \/>\n\t<meta property=\"og:image:height\" content=\"666\" \/>\n\t<meta property=\"og:image:type\" content=\"image\/jpeg\" \/>\n<meta name=\"twitter:card\" content=\"summary_large_image\" \/>\n<meta name=\"twitter:label1\" content=\"Dur\u00e9e de lecture estim\u00e9e\" \/>\n\t<meta name=\"twitter:data1\" content=\"2 minutes\" \/>\n<script type=\"application\/ld+json\" class=\"yoast-schema-graph\">{\"@context\":\"https:\/\/schema.org\",\"@graph\":[{\"@type\":\"WebPage\",\"@id\":\"https:\/\/www.lapurla.ch\/fr\/news\/rapport-de-la-manifestation-eveil-artistique-et-culturel-participation\",\"url\":\"https:\/\/www.lapurla.ch\/fr\/news\/rapport-de-la-manifestation-eveil-artistique-et-culturel-participation\",\"name\":\"Rapport de la manifestation \u00ab\u00c9veil artistique et culturel & participation\u00bb &#8211; Lapurla\",\"isPartOf\":{\"@id\":\"https:\/\/www.lapurla.ch\/#website\"},\"primaryImageOfPage\":{\"@id\":\"https:\/\/www.lapurla.ch\/fr\/news\/rapport-de-la-manifestation-eveil-artistique-et-culturel-participation#primaryimage\"},\"image\":{\"@id\":\"https:\/\/www.lapurla.ch\/fr\/news\/rapport-de-la-manifestation-eveil-artistique-et-culturel-participation#primaryimage\"},\"thumbnailUrl\":\"https:\/\/www.lapurla.ch\/wp-content\/uploads\/2023\/10\/csmFKBPTagungsbericht2023Cover-bildV1cb0eddf244.jpg\",\"datePublished\":\"2023-10-09T08:41:44+00:00\",\"dateModified\":\"2023-10-09T09:00:40+00:00\",\"description\":\"En mars 2023 a eu lieu le colloque franco-allemand \u00ab \u00c9veil artistique et culturel & participation. Quelle place aux enfants ? Welcher Platz f\u00fcr Kinder? \u00bb. Un rapport a \u00e9t\u00e9 r\u00e9dig\u00e9 \u00e0 la suite de ce colloque, tu peux le lire ici !\",\"breadcrumb\":{\"@id\":\"https:\/\/www.lapurla.ch\/fr\/news\/rapport-de-la-manifestation-eveil-artistique-et-culturel-participation#breadcrumb\"},\"inLanguage\":\"fr-FR\",\"potentialAction\":[{\"@type\":\"ReadAction\",\"target\":[\"https:\/\/www.lapurla.ch\/fr\/news\/rapport-de-la-manifestation-eveil-artistique-et-culturel-participation\"]}]},{\"@type\":\"ImageObject\",\"inLanguage\":\"fr-FR\",\"@id\":\"https:\/\/www.lapurla.ch\/fr\/news\/rapport-de-la-manifestation-eveil-artistique-et-culturel-participation#primaryimage\",\"url\":\"https:\/\/www.lapurla.ch\/wp-content\/uploads\/2023\/10\/csmFKBPTagungsbericht2023Cover-bildV1cb0eddf244.jpg\",\"contentUrl\":\"https:\/\/www.lapurla.ch\/wp-content\/uploads\/2023\/10\/csmFKBPTagungsbericht2023Cover-bildV1cb0eddf244.jpg\",\"width\":942,\"height\":666},{\"@type\":\"BreadcrumbList\",\"@id\":\"https:\/\/www.lapurla.ch\/fr\/news\/rapport-de-la-manifestation-eveil-artistique-et-culturel-participation#breadcrumb\",\"itemListElement\":[{\"@type\":\"ListItem\",\"position\":1,\"name\":\"Startseite\",\"item\":\"https:\/\/www.lapurla.ch\/fr\"},{\"@type\":\"ListItem\",\"position\":2,\"name\":\"News\",\"item\":\"https:\/\/www.lapurla.ch\/news\"},{\"@type\":\"ListItem\",\"position\":3,\"name\":\"Rapport de la manifestation \u00ab\u00c9veil artistique et culturel &#038; participation\u00bb\"}]},{\"@type\":\"WebSite\",\"@id\":\"https:\/\/www.lapurla.ch\/#website\",\"url\":\"https:\/\/www.lapurla.ch\/\",\"name\":\"Lapurla\",\"description\":\"\",\"publisher\":{\"@id\":\"https:\/\/www.lapurla.ch\/#organization\"},\"potentialAction\":[{\"@type\":\"SearchAction\",\"target\":{\"@type\":\"EntryPoint\",\"urlTemplate\":\"https:\/\/www.lapurla.ch\/?s={search_term_string}\"},\"query-input\":{\"@type\":\"PropertyValueSpecification\",\"valueRequired\":true,\"valueName\":\"search_term_string\"}}],\"inLanguage\":\"fr-FR\"},{\"@type\":\"Organization\",\"@id\":\"https:\/\/www.lapurla.ch\/#organization\",\"name\":\"Lapurla\",\"url\":\"https:\/\/www.lapurla.ch\/\",\"logo\":{\"@type\":\"ImageObject\",\"inLanguage\":\"fr-FR\",\"@id\":\"https:\/\/www.lapurla.ch\/#\/schema\/logo\/image\/\",\"url\":\"https:\/\/www.lapurla.ch\/wp-content\/uploads\/2022\/03\/cropped-favicon.png\",\"contentUrl\":\"https:\/\/www.lapurla.ch\/wp-content\/uploads\/2022\/03\/cropped-favicon.png\",\"width\":512,\"height\":512,\"caption\":\"Lapurla\"},\"image\":{\"@id\":\"https:\/\/www.lapurla.ch\/#\/schema\/logo\/image\/\"}}]}<\/script>\n<!-- \/ Yoast SEO plugin. -->","yoast_head_json":{"title":"Rapport de la manifestation \u00ab\u00c9veil artistique et culturel & participation\u00bb &#8211; Lapurla","description":"En mars 2023 a eu lieu le colloque franco-allemand \u00ab \u00c9veil artistique et culturel & participation. Quelle place aux enfants ? Welcher Platz f\u00fcr Kinder? \u00bb. Un rapport a \u00e9t\u00e9 r\u00e9dig\u00e9 \u00e0 la suite de ce colloque, tu peux le lire ici !","robots":{"index":"index","follow":"follow","max-snippet":"max-snippet:-1","max-image-preview":"max-image-preview:large","max-video-preview":"max-video-preview:-1"},"canonical":"https:\/\/www.lapurla.ch\/fr\/news\/rapport-de-la-manifestation-eveil-artistique-et-culturel-participation","og_locale":"fr_FR","og_type":"article","og_title":"Rapport de la manifestation \u00ab\u00c9veil artistique et culturel & participation\u00bb &#8211; Lapurla","og_description":"En mars 2023 a eu lieu le colloque franco-allemand \u00ab \u00c9veil artistique et culturel & participation. Quelle place aux enfants ? Welcher Platz f\u00fcr Kinder? \u00bb. Un rapport a \u00e9t\u00e9 r\u00e9dig\u00e9 \u00e0 la suite de ce colloque, tu peux le lire ici !","og_url":"https:\/\/www.lapurla.ch\/fr\/news\/rapport-de-la-manifestation-eveil-artistique-et-culturel-participation","og_site_name":"Lapurla","article_modified_time":"2023-10-09T09:00:40+00:00","og_image":[{"width":942,"height":666,"url":"https:\/\/www.lapurla.ch\/wp-content\/uploads\/2023\/10\/csmFKBPTagungsbericht2023Cover-bildV1cb0eddf244.jpg","type":"image\/jpeg"}],"twitter_card":"summary_large_image","twitter_misc":{"Dur\u00e9e de lecture estim\u00e9e":"2 minutes"},"schema":{"@context":"https:\/\/schema.org","@graph":[{"@type":"WebPage","@id":"https:\/\/www.lapurla.ch\/fr\/news\/rapport-de-la-manifestation-eveil-artistique-et-culturel-participation","url":"https:\/\/www.lapurla.ch\/fr\/news\/rapport-de-la-manifestation-eveil-artistique-et-culturel-participation","name":"Rapport de la manifestation \u00ab\u00c9veil artistique et culturel & participation\u00bb &#8211; Lapurla","isPartOf":{"@id":"https:\/\/www.lapurla.ch\/#website"},"primaryImageOfPage":{"@id":"https:\/\/www.lapurla.ch\/fr\/news\/rapport-de-la-manifestation-eveil-artistique-et-culturel-participation#primaryimage"},"image":{"@id":"https:\/\/www.lapurla.ch\/fr\/news\/rapport-de-la-manifestation-eveil-artistique-et-culturel-participation#primaryimage"},"thumbnailUrl":"https:\/\/www.lapurla.ch\/wp-content\/uploads\/2023\/10\/csmFKBPTagungsbericht2023Cover-bildV1cb0eddf244.jpg","datePublished":"2023-10-09T08:41:44+00:00","dateModified":"2023-10-09T09:00:40+00:00","description":"En mars 2023 a eu lieu le colloque franco-allemand \u00ab \u00c9veil artistique et culturel & participation. Quelle place aux enfants ? Welcher Platz f\u00fcr Kinder? \u00bb. Un rapport a \u00e9t\u00e9 r\u00e9dig\u00e9 \u00e0 la suite de ce colloque, tu peux le lire ici !","breadcrumb":{"@id":"https:\/\/www.lapurla.ch\/fr\/news\/rapport-de-la-manifestation-eveil-artistique-et-culturel-participation#breadcrumb"},"inLanguage":"fr-FR","potentialAction":[{"@type":"ReadAction","target":["https:\/\/www.lapurla.ch\/fr\/news\/rapport-de-la-manifestation-eveil-artistique-et-culturel-participation"]}]},{"@type":"ImageObject","inLanguage":"fr-FR","@id":"https:\/\/www.lapurla.ch\/fr\/news\/rapport-de-la-manifestation-eveil-artistique-et-culturel-participation#primaryimage","url":"https:\/\/www.lapurla.ch\/wp-content\/uploads\/2023\/10\/csmFKBPTagungsbericht2023Cover-bildV1cb0eddf244.jpg","contentUrl":"https:\/\/www.lapurla.ch\/wp-content\/uploads\/2023\/10\/csmFKBPTagungsbericht2023Cover-bildV1cb0eddf244.jpg","width":942,"height":666},{"@type":"BreadcrumbList","@id":"https:\/\/www.lapurla.ch\/fr\/news\/rapport-de-la-manifestation-eveil-artistique-et-culturel-participation#breadcrumb","itemListElement":[{"@type":"ListItem","position":1,"name":"Startseite","item":"https:\/\/www.lapurla.ch\/fr"},{"@type":"ListItem","position":2,"name":"News","item":"https:\/\/www.lapurla.ch\/news"},{"@type":"ListItem","position":3,"name":"Rapport de la manifestation \u00ab\u00c9veil artistique et culturel &#038; participation\u00bb"}]},{"@type":"WebSite","@id":"https:\/\/www.lapurla.ch\/#website","url":"https:\/\/www.lapurla.ch\/","name":"Lapurla","description":"","publisher":{"@id":"https:\/\/www.lapurla.ch\/#organization"},"potentialAction":[{"@type":"SearchAction","target":{"@type":"EntryPoint","urlTemplate":"https:\/\/www.lapurla.ch\/?s={search_term_string}"},"query-input":{"@type":"PropertyValueSpecification","valueRequired":true,"valueName":"search_term_string"}}],"inLanguage":"fr-FR"},{"@type":"Organization","@id":"https:\/\/www.lapurla.ch\/#organization","name":"Lapurla","url":"https:\/\/www.lapurla.ch\/","logo":{"@type":"ImageObject","inLanguage":"fr-FR","@id":"https:\/\/www.lapurla.ch\/#\/schema\/logo\/image\/","url":"https:\/\/www.lapurla.ch\/wp-content\/uploads\/2022\/03\/cropped-favicon.png","contentUrl":"https:\/\/www.lapurla.ch\/wp-content\/uploads\/2022\/03\/cropped-favicon.png","width":512,"height":512,"caption":"Lapurla"},"image":{"@id":"https:\/\/www.lapurla.ch\/#\/schema\/logo\/image\/"}}]}},"_links":{"self":[{"href":"https:\/\/www.lapurla.ch\/fr\/wp-json\/wp\/v2\/news\/19557","targetHints":{"allow":["GET"]}}],"collection":[{"href":"https:\/\/www.lapurla.ch\/fr\/wp-json\/wp\/v2\/news"}],"about":[{"href":"https:\/\/www.lapurla.ch\/fr\/wp-json\/wp\/v2\/types\/news"}],"version-history":[{"count":4,"href":"https:\/\/www.lapurla.ch\/fr\/wp-json\/wp\/v2\/news\/19557\/revisions"}],"predecessor-version":[{"id":19561,"href":"https:\/\/www.lapurla.ch\/fr\/wp-json\/wp\/v2\/news\/19557\/revisions\/19561"}],"wp:featuredmedia":[{"embeddable":true,"href":"https:\/\/www.lapurla.ch\/fr\/wp-json\/wp\/v2\/media\/19551"}],"wp:attachment":[{"href":"https:\/\/www.lapurla.ch\/fr\/wp-json\/wp\/v2\/media?parent=19557"}],"wp:term":[{"taxonomy":"category","embeddable":true,"href":"https:\/\/www.lapurla.ch\/fr\/wp-json\/wp\/v2\/categories?post=19557"}],"curies":[{"name":"wp","href":"https:\/\/api.w.org\/{rel}","templated":true}]}}