{"id":18628,"date":"2023-08-14T10:46:26","date_gmt":"2023-08-14T08:46:26","guid":{"rendered":"https:\/\/www.lapurla.ch\/?post_type=news&#038;p=18628"},"modified":"2023-08-14T10:57:36","modified_gmt":"2023-08-14T08:57:36","slug":"anpac","status":"publish","type":"news","link":"https:\/\/www.lapurla.ch\/fr\/news\/anpac","title":{"rendered":"L&rsquo;association ANPAC 0-6 vient de voir le jour dans le canton de Neuch\u00e2tel !\u00a0"},"content":{"rendered":"\n<p>L\u2019ANPAC 0-6 (Association neuch\u00e2teloise de la promotion artistique et culturelle pour les 0-6 ans) a \u00e9t\u00e9 cr\u00e9\u00e9 tout derni\u00e8rement par un comit\u00e9 enti\u00e8rement b\u00e9n\u00e9vole. V\u00e9ronique Saucy, Sophie Liechti, Elodie Javet et Evodie Z\u00fcrcher, toutes les quatre sp\u00e9cialistes de la petite enfance, extr\u00eamement motiv\u00e9es, s&rsquo;engagent \u00e0 mettre tout en \u0153uvre afin d\u2019ouvrir, dans un avenir proche, un espace d\u00e9di\u00e9 \u00e0 l&rsquo;\u00e9veil culturel et la cr\u00e9ativit\u00e9 dans le canton de Neuch\u00e2tel.&nbsp;<\/p>\n\n\n\n<div id=\"bildergalerie-block_241e94f71355670cea0fb23922dca14e\" class=\"mod-bildergalerie\">\n            <div class=\"col-12\">\n\t\t    \n<div class=\"mod-slider\">\n\t        <div id=\"slider-d159fb50-93df-460b-aca7-d19e5dbba3bc\" class=\"swiper-solo\">\n            <div class=\"swiper-wrapper\">\n\t\t\t\t                    <div class=\"swiper-slide\">\n                        <figure>\n\t\t\t\t\t\t\t<div class=\"a-image \">       <picture class=\"a-image__picture\">       \t<source width=\"1296\" height=\"972\" media=\"(min-width: 1400px)\" srcset=\"https:\/\/www.lapurla.ch\/wp-content\/uploads\/2023\/08\/maison-de-la-creativite-neuchatel-1296x972c.jpg 1x, https:\/\/www.lapurla.ch\/wp-content\/uploads\/2023\/08\/maison-de-la-creativite-neuchatel-2592x1944c.jpg 2x\">           <source width=\"1116\" height=\"837\" media=\"(min-width: 1200px)\" srcset=\"https:\/\/www.lapurla.ch\/wp-content\/uploads\/2023\/08\/maison-de-la-creativite-neuchatel-1116x837c.jpg 1x, https:\/\/www.lapurla.ch\/wp-content\/uploads\/2023\/08\/maison-de-la-creativite-neuchatel-2232x1674c.jpg 2x\">           <source width=\"936\" height=\"702\" media=\"(min-width: 992px)\" srcset=\"https:\/\/www.lapurla.ch\/wp-content\/uploads\/2023\/08\/maison-de-la-creativite-neuchatel-936x702c.jpg  1x, https:\/\/www.lapurla.ch\/wp-content\/uploads\/2023\/08\/maison-de-la-creativite-neuchatel-1872x1404c.jpg 2x\">           <source width=\"696\" height=\"522\" media=\"(min-width: 768px)\" srcset=\"https:\/\/www.lapurla.ch\/wp-content\/uploads\/2023\/08\/maison-de-la-creativite-neuchatel-696x522c.jpg 1x, https:\/\/www.lapurla.ch\/wp-content\/uploads\/2023\/08\/maison-de-la-creativite-neuchatel-1392x1044c.jpg 2x\">           <source width=\"516\" height=\"387\" media=\"(min-width: 576px)\" srcset=\"https:\/\/www.lapurla.ch\/wp-content\/uploads\/2023\/08\/maison-de-la-creativite-neuchatel-516x387c.jpg 1x, https:\/\/www.lapurla.ch\/wp-content\/uploads\/2023\/08\/maison-de-la-creativite-neuchatel-1032x774c.jpg 2x\">           <img loading=\"lazy\" decoding=\"async\" width=\"550\" height=\"413\"           class=\"a-image__image\"           src=\"https:\/\/www.lapurla.ch\/wp-content\/uploads\/2023\/08\/maison-de-la-creativite-neuchatel-550x413c.jpg\" data-srcset=\"https:\/\/www.lapurla.ch\/wp-content\/uploads\/2023\/08\/maison-de-la-creativite-neuchatel-1100x826c.jpg 2x\" alt=\"\"\/>       <\/picture> <\/div>                            <figcaption>\n\t\t\t\t\t\t\t\t                            <\/figcaption>\n                        <\/figure>\n                    <\/div>\n\t\t\t\t            <\/div>\n            <div class=\"container\">\n                <div class=\"row\">\n                    <div class=\"col-12 position-relative\">\n                        <div class=\"pagination\"><\/div>\n                        <div class=\"button-wrapper\">\n                            <button class=\"swiper-button-prev\">\n\t\t\t\t\t\t\t\t<svg class=\"svg-icon icon-arrow-left\" xmlns=\"http:\/\/www.w3.org\/2000\/svg\"><use xmlns:xlink=\"http:\/\/www.w3.org\/1999\/xlink\" xlink:href=\"https:\/\/www.lapurla.ch\/wp-content\/themes\/lapurla\/dist\/icons.svg?f27dc72#arrow-left\"><\/use><\/svg>                                <span class=\"visually-hidden\">Pr\u00e9c\u00e9dent<\/span>\n                            <\/button>\n                            <button class=\"swiper-button-next\">\n\t\t\t\t\t\t\t\t<svg class=\"svg-icon icon-arrow-right\" xmlns=\"http:\/\/www.w3.org\/2000\/svg\"><use xmlns:xlink=\"http:\/\/www.w3.org\/1999\/xlink\" xlink:href=\"https:\/\/www.lapurla.ch\/wp-content\/themes\/lapurla\/dist\/icons.svg?f27dc72#arrow-right\"><\/use><\/svg>                                <span class=\"visually-hidden\">Suivant<\/span>\n                            <\/button>\n                        <\/div>\n                    <\/div>\n                <\/div>\n            <\/div>\n        <\/div>\n\t<\/div>\n        <\/div>\n    <\/div>\n\n\n\n<p>Leur projet s&rsquo;inscrit dans une d\u00e9marche transdisciplinaire visant \u00e0 rapprocher les milieux de la petite enfance et de la m\u00e9diation culturelle.&nbsp;<\/p>\n\n\n\n<p>L&rsquo;ouverture d&rsquo;un espace d\u00e9di\u00e9 \u00e0 l&rsquo;\u00e9veil culturel et la cr\u00e9ativit\u00e9 dans le canton de Neuch\u00e2tel offrirait aux enfants et \u00e0 leurs familles un lieu unique qui donnerait l&rsquo;opportunit\u00e9 de d\u00e9couvrir, d&rsquo;explorer, de jouer pour d\u00e9velopper la cr\u00e9ativit\u00e9 et l&rsquo;imaginaire, tout en visant un d\u00e9veloppement harmonieux des enfants \u00e2g\u00e9s entre 0 et 6 ans et en garantissant l&rsquo;\u00e9galit\u00e9 des chances.&nbsp;<\/p>\n\n\n\n<p>Ce lieu ambitionne un large rayonnement, car actuellement des familles neuch\u00e2teloises vont jusqu&rsquo;\u00e0 la Maison de la Cr\u00e9ativit\u00e9 de Gen\u00e8ve pour trouver ce genre de lieu d&rsquo;\u00e9veil culturel.&nbsp;<\/p>\n\n\n\n<p>De plus, les \u00e9coles (pour les jeunes \u00e9l\u00e8ves de 4 \u00e0 6 ans) ainsi que les cr\u00e8ches et parascolaires seraient concern\u00e9es. Pour l&rsquo;Accueil familial de jour comme pour les familles qui font l&rsquo;\u00e9cole \u00e0 la maison, ce lieu serait aussi int\u00e9ressant. On le voit, c&rsquo;est l&rsquo;enfance dans diff\u00e9rents contextes qui serait aux premi\u00e8res loges de ce projet.&nbsp;&nbsp;<\/p>\n\n\n\n<p>En parall\u00e8le, l\u2019ANPAC 0-6 souhaite \u00e9galement inciter les professionnel\u00b7les de la petite enfance, les artistes et les institutions culturelles \u00e0 travailler ensemble pour nourrir ce champ \u00e9ducatif.&nbsp;&nbsp;<\/p>\n\n\n\n<p>Un des buts souhait\u00e9s par l\u2019association est de cr\u00e9er un r\u00e9seau de soutien en apportant le projet aupr\u00e8s de responsables des domaines politique, culturel et artistique du canton de Neuch\u00e2tel. A ce jour, quelques partenaires pr\u00eats \u00e0 soutenir leur d\u00e9marche se sont d\u00e9j\u00e0 annonc\u00e9s. Il s\u2019agit, entre autres, de : David Lemaire, directeur et conservateur du Mus\u00e9e des Beaux-Arts de la Chaux-de-Fonds; Corinna Weiss, directrice du QG \u00e0 la Chaux-de-Fonds; Sandrine Bavaud, secr\u00e9taire g\u00e9n\u00e9rale de proenfance; Catherine Louis, illustratrice neuch\u00e2teloise; Catherine Garrigues, de Sens Egaux et Bill Holden, trompettiste et animateur musical \u00e0 la Sonorie, \u00e0 La Chaux de Fonds.&nbsp;<\/p>\n\n\n\n<p>Aujourd\u2019hui, les membres du comit\u00e9 sont pr\u00eates \u00e0 s\u2019investir b\u00e9n\u00e9volement. L\u2019association n\u2019a pas de fonds propres autres que les comp\u00e9tences de son comit\u00e9 b\u00e9n\u00e9vole et le projet en est \u00e0 ses pr\u00e9mices. L\u2019ANPAC 0-6 n\u2019a pas obtenu d\u2019aides publiques \u00e0 ce jour et recherche activement des m\u00e9c\u00e8nes et donateurs. Si leur d\u00e9marche retient votre attention, si vous souhaitez les soutenir ou obtenir des informations compl\u00e9mentaires, le comit\u00e9 se fera un plaisir de vous r\u00e9pondre\u202f! \u00c9crivez-leur \u00e0 <a href=\"mailto:lespacedecreativite@gmail.com\" target=\"_blank\" rel=\"noreferrer noopener\">lespacedecreativite@gmail.com<\/a>&nbsp;<\/p>\n","protected":false},"excerpt":{"rendered":"<p>L\u2019ANPAC 0-6 (Association neuch\u00e2teloise de la promotion artistique et culturelle pour les 0-6 ans) a \u00e9t\u00e9 cr\u00e9\u00e9 tout derni\u00e8rement par un comit\u00e9 enti\u00e8rement b\u00e9n\u00e9vole. V\u00e9ronique Saucy, Sophie Liechti, Elodie Javet et Evodie Z\u00fcrcher, toutes les quatre sp\u00e9cialistes de la petite enfance, extr\u00eamement motiv\u00e9es, s&rsquo;engagent \u00e0 mettre tout en \u0153uvre afin d\u2019ouvrir, dans un avenir proche, [&hellip;]<\/p>\n","protected":false},"featured_media":18629,"template":"","meta":{"_acf_changed":false,"latitude":"","longitude":"","kurzbeschreibung":"L\u2019ANPAC 0-6 (Association neuch\u00e2teloise de la promotion artistique et culturelle pour les 0-6 ans) a \u00e9t\u00e9 cr\u00e9\u00e9 tout derni\u00e8rement par un comit\u00e9 enti\u00e8rement b\u00e9n\u00e9vole. V\u00e9ronique Saucy, Sophie Liechti, Elodie Javet et Evodie Z\u00fcrcher, toutes les quatre sp\u00e9cialistes de la petite enfance, extr\u00eamement motiv\u00e9es, s'engagent \u00e0 mettre tout en \u0153uvre afin d\u2019ouvrir, dans un avenir proche, un espace d\u00e9di\u00e9 \u00e0 l'\u00e9veil culturel et la cr\u00e9ativit\u00e9 dans le canton de Neuch\u00e2tel.\u00a0","datum_von":"","footnotes":""},"categories":[],"class_list":["post-18628","news","type-news","status-publish","has-post-thumbnail","hentry"],"acf":[],"yoast_head":"<!-- This site is optimized with the Yoast SEO plugin v27.2 - https:\/\/yoast.com\/product\/yoast-seo-wordpress\/ -->\n<title>L&#039;association ANPAC 0-6 vient de voir le jour dans le canton de Neuch\u00e2tel !\u00a0 &#8211; Lapurla<\/title>\n<meta name=\"description\" content=\"L\u2019ANPAC 0-6 (Association neuch\u00e2teloise de la promotion artistique et culturelle pour les 0-6 ans) a \u00e9t\u00e9 cr\u00e9\u00e9 tout derni\u00e8rement par un comit\u00e9 enti\u00e8rement b\u00e9n\u00e9vole. V\u00e9ronique Saucy, Sophie Liechti, Elodie Javet et Evodie Z\u00fcrcher, toutes les quatre sp\u00e9cialistes de la petite enfance, extr\u00eamement motiv\u00e9es, s&#039;engagent \u00e0 mettre tout en \u0153uvre afin d\u2019ouvrir, dans un avenir proche, un espace d\u00e9di\u00e9 \u00e0 l&#039;\u00e9veil culturel et la cr\u00e9ativit\u00e9 dans le canton de Neuch\u00e2tel.\u00a0\" \/>\n<meta name=\"robots\" content=\"index, follow, max-snippet:-1, max-image-preview:large, max-video-preview:-1\" \/>\n<link rel=\"canonical\" href=\"https:\/\/www.lapurla.ch\/fr\/news\/anpac\" \/>\n<meta property=\"og:locale\" content=\"fr_FR\" \/>\n<meta property=\"og:type\" content=\"article\" \/>\n<meta property=\"og:title\" content=\"L&#039;association ANPAC 0-6 vient de voir le jour dans le canton de Neuch\u00e2tel !\u00a0 &#8211; Lapurla\" \/>\n<meta property=\"og:description\" content=\"L\u2019ANPAC 0-6 (Association neuch\u00e2teloise de la promotion artistique et culturelle pour les 0-6 ans) a \u00e9t\u00e9 cr\u00e9\u00e9 tout derni\u00e8rement par un comit\u00e9 enti\u00e8rement b\u00e9n\u00e9vole. V\u00e9ronique Saucy, Sophie Liechti, Elodie Javet et Evodie Z\u00fcrcher, toutes les quatre sp\u00e9cialistes de la petite enfance, extr\u00eamement motiv\u00e9es, s&#039;engagent \u00e0 mettre tout en \u0153uvre afin d\u2019ouvrir, dans un avenir proche, un espace d\u00e9di\u00e9 \u00e0 l&#039;\u00e9veil culturel et la cr\u00e9ativit\u00e9 dans le canton de Neuch\u00e2tel.\u00a0\" \/>\n<meta property=\"og:url\" content=\"https:\/\/www.lapurla.ch\/fr\/news\/anpac\" \/>\n<meta property=\"og:site_name\" content=\"Lapurla\" \/>\n<meta property=\"article:modified_time\" content=\"2023-08-14T08:57:36+00:00\" \/>\n<meta property=\"og:image\" content=\"https:\/\/www.lapurla.ch\/wp-content\/uploads\/2023\/08\/maison-de-la-creativite-neuchatel.jpg\" \/>\n\t<meta property=\"og:image:width\" content=\"2000\" \/>\n\t<meta property=\"og:image:height\" content=\"1500\" \/>\n\t<meta property=\"og:image:type\" content=\"image\/jpeg\" \/>\n<meta name=\"twitter:card\" content=\"summary_large_image\" \/>\n<meta name=\"twitter:label1\" content=\"Dur\u00e9e de lecture estim\u00e9e\" \/>\n\t<meta name=\"twitter:data1\" content=\"3 minutes\" \/>\n<script type=\"application\/ld+json\" class=\"yoast-schema-graph\">{\"@context\":\"https:\/\/schema.org\",\"@graph\":[{\"@type\":\"WebPage\",\"@id\":\"https:\/\/www.lapurla.ch\/fr\/news\/anpac\",\"url\":\"https:\/\/www.lapurla.ch\/fr\/news\/anpac\",\"name\":\"L'association ANPAC 0-6 vient de voir le jour dans le canton de Neuch\u00e2tel !\u00a0 &#8211; Lapurla\",\"isPartOf\":{\"@id\":\"https:\/\/www.lapurla.ch\/#website\"},\"primaryImageOfPage\":{\"@id\":\"https:\/\/www.lapurla.ch\/fr\/news\/anpac#primaryimage\"},\"image\":{\"@id\":\"https:\/\/www.lapurla.ch\/fr\/news\/anpac#primaryimage\"},\"thumbnailUrl\":\"https:\/\/www.lapurla.ch\/wp-content\/uploads\/2023\/08\/maison-de-la-creativite-neuchatel.jpg\",\"datePublished\":\"2023-08-14T08:46:26+00:00\",\"dateModified\":\"2023-08-14T08:57:36+00:00\",\"description\":\"L\u2019ANPAC 0-6 (Association neuch\u00e2teloise de la promotion artistique et culturelle pour les 0-6 ans) a \u00e9t\u00e9 cr\u00e9\u00e9 tout derni\u00e8rement par un comit\u00e9 enti\u00e8rement b\u00e9n\u00e9vole. V\u00e9ronique Saucy, Sophie Liechti, Elodie Javet et Evodie Z\u00fcrcher, toutes les quatre sp\u00e9cialistes de la petite enfance, extr\u00eamement motiv\u00e9es, s'engagent \u00e0 mettre tout en \u0153uvre afin d\u2019ouvrir, dans un avenir proche, un espace d\u00e9di\u00e9 \u00e0 l'\u00e9veil culturel et la cr\u00e9ativit\u00e9 dans le canton de Neuch\u00e2tel.\u00a0\",\"breadcrumb\":{\"@id\":\"https:\/\/www.lapurla.ch\/fr\/news\/anpac#breadcrumb\"},\"inLanguage\":\"fr-FR\",\"potentialAction\":[{\"@type\":\"ReadAction\",\"target\":[\"https:\/\/www.lapurla.ch\/fr\/news\/anpac\"]}]},{\"@type\":\"ImageObject\",\"inLanguage\":\"fr-FR\",\"@id\":\"https:\/\/www.lapurla.ch\/fr\/news\/anpac#primaryimage\",\"url\":\"https:\/\/www.lapurla.ch\/wp-content\/uploads\/2023\/08\/maison-de-la-creativite-neuchatel.jpg\",\"contentUrl\":\"https:\/\/www.lapurla.ch\/wp-content\/uploads\/2023\/08\/maison-de-la-creativite-neuchatel.jpg\",\"width\":2000,\"height\":1500},{\"@type\":\"BreadcrumbList\",\"@id\":\"https:\/\/www.lapurla.ch\/fr\/news\/anpac#breadcrumb\",\"itemListElement\":[{\"@type\":\"ListItem\",\"position\":1,\"name\":\"Startseite\",\"item\":\"https:\/\/www.lapurla.ch\/fr\"},{\"@type\":\"ListItem\",\"position\":2,\"name\":\"News\",\"item\":\"https:\/\/www.lapurla.ch\/news\"},{\"@type\":\"ListItem\",\"position\":3,\"name\":\"L&#8217;association ANPAC 0-6 vient de voir le jour dans le canton de Neuch\u00e2tel !\u00a0\"}]},{\"@type\":\"WebSite\",\"@id\":\"https:\/\/www.lapurla.ch\/#website\",\"url\":\"https:\/\/www.lapurla.ch\/\",\"name\":\"Lapurla\",\"description\":\"\",\"publisher\":{\"@id\":\"https:\/\/www.lapurla.ch\/#organization\"},\"potentialAction\":[{\"@type\":\"SearchAction\",\"target\":{\"@type\":\"EntryPoint\",\"urlTemplate\":\"https:\/\/www.lapurla.ch\/?s={search_term_string}\"},\"query-input\":{\"@type\":\"PropertyValueSpecification\",\"valueRequired\":true,\"valueName\":\"search_term_string\"}}],\"inLanguage\":\"fr-FR\"},{\"@type\":\"Organization\",\"@id\":\"https:\/\/www.lapurla.ch\/#organization\",\"name\":\"Lapurla\",\"url\":\"https:\/\/www.lapurla.ch\/\",\"logo\":{\"@type\":\"ImageObject\",\"inLanguage\":\"fr-FR\",\"@id\":\"https:\/\/www.lapurla.ch\/#\/schema\/logo\/image\/\",\"url\":\"https:\/\/www.lapurla.ch\/wp-content\/uploads\/2022\/03\/cropped-favicon.png\",\"contentUrl\":\"https:\/\/www.lapurla.ch\/wp-content\/uploads\/2022\/03\/cropped-favicon.png\",\"width\":512,\"height\":512,\"caption\":\"Lapurla\"},\"image\":{\"@id\":\"https:\/\/www.lapurla.ch\/#\/schema\/logo\/image\/\"}}]}<\/script>\n<!-- \/ Yoast SEO plugin. -->","yoast_head_json":{"title":"L'association ANPAC 0-6 vient de voir le jour dans le canton de Neuch\u00e2tel !\u00a0 &#8211; Lapurla","description":"L\u2019ANPAC 0-6 (Association neuch\u00e2teloise de la promotion artistique et culturelle pour les 0-6 ans) a \u00e9t\u00e9 cr\u00e9\u00e9 tout derni\u00e8rement par un comit\u00e9 enti\u00e8rement b\u00e9n\u00e9vole. V\u00e9ronique Saucy, Sophie Liechti, Elodie Javet et Evodie Z\u00fcrcher, toutes les quatre sp\u00e9cialistes de la petite enfance, extr\u00eamement motiv\u00e9es, s'engagent \u00e0 mettre tout en \u0153uvre afin d\u2019ouvrir, dans un avenir proche, un espace d\u00e9di\u00e9 \u00e0 l'\u00e9veil culturel et la cr\u00e9ativit\u00e9 dans le canton de Neuch\u00e2tel.\u00a0","robots":{"index":"index","follow":"follow","max-snippet":"max-snippet:-1","max-image-preview":"max-image-preview:large","max-video-preview":"max-video-preview:-1"},"canonical":"https:\/\/www.lapurla.ch\/fr\/news\/anpac","og_locale":"fr_FR","og_type":"article","og_title":"L'association ANPAC 0-6 vient de voir le jour dans le canton de Neuch\u00e2tel !\u00a0 &#8211; Lapurla","og_description":"L\u2019ANPAC 0-6 (Association neuch\u00e2teloise de la promotion artistique et culturelle pour les 0-6 ans) a \u00e9t\u00e9 cr\u00e9\u00e9 tout derni\u00e8rement par un comit\u00e9 enti\u00e8rement b\u00e9n\u00e9vole. V\u00e9ronique Saucy, Sophie Liechti, Elodie Javet et Evodie Z\u00fcrcher, toutes les quatre sp\u00e9cialistes de la petite enfance, extr\u00eamement motiv\u00e9es, s'engagent \u00e0 mettre tout en \u0153uvre afin d\u2019ouvrir, dans un avenir proche, un espace d\u00e9di\u00e9 \u00e0 l'\u00e9veil culturel et la cr\u00e9ativit\u00e9 dans le canton de Neuch\u00e2tel.\u00a0","og_url":"https:\/\/www.lapurla.ch\/fr\/news\/anpac","og_site_name":"Lapurla","article_modified_time":"2023-08-14T08:57:36+00:00","og_image":[{"width":2000,"height":1500,"url":"https:\/\/www.lapurla.ch\/wp-content\/uploads\/2023\/08\/maison-de-la-creativite-neuchatel.jpg","type":"image\/jpeg"}],"twitter_card":"summary_large_image","twitter_misc":{"Dur\u00e9e de lecture estim\u00e9e":"3 minutes"},"schema":{"@context":"https:\/\/schema.org","@graph":[{"@type":"WebPage","@id":"https:\/\/www.lapurla.ch\/fr\/news\/anpac","url":"https:\/\/www.lapurla.ch\/fr\/news\/anpac","name":"L'association ANPAC 0-6 vient de voir le jour dans le canton de Neuch\u00e2tel !\u00a0 &#8211; Lapurla","isPartOf":{"@id":"https:\/\/www.lapurla.ch\/#website"},"primaryImageOfPage":{"@id":"https:\/\/www.lapurla.ch\/fr\/news\/anpac#primaryimage"},"image":{"@id":"https:\/\/www.lapurla.ch\/fr\/news\/anpac#primaryimage"},"thumbnailUrl":"https:\/\/www.lapurla.ch\/wp-content\/uploads\/2023\/08\/maison-de-la-creativite-neuchatel.jpg","datePublished":"2023-08-14T08:46:26+00:00","dateModified":"2023-08-14T08:57:36+00:00","description":"L\u2019ANPAC 0-6 (Association neuch\u00e2teloise de la promotion artistique et culturelle pour les 0-6 ans) a \u00e9t\u00e9 cr\u00e9\u00e9 tout derni\u00e8rement par un comit\u00e9 enti\u00e8rement b\u00e9n\u00e9vole. V\u00e9ronique Saucy, Sophie Liechti, Elodie Javet et Evodie Z\u00fcrcher, toutes les quatre sp\u00e9cialistes de la petite enfance, extr\u00eamement motiv\u00e9es, s'engagent \u00e0 mettre tout en \u0153uvre afin d\u2019ouvrir, dans un avenir proche, un espace d\u00e9di\u00e9 \u00e0 l'\u00e9veil culturel et la cr\u00e9ativit\u00e9 dans le canton de Neuch\u00e2tel.\u00a0","breadcrumb":{"@id":"https:\/\/www.lapurla.ch\/fr\/news\/anpac#breadcrumb"},"inLanguage":"fr-FR","potentialAction":[{"@type":"ReadAction","target":["https:\/\/www.lapurla.ch\/fr\/news\/anpac"]}]},{"@type":"ImageObject","inLanguage":"fr-FR","@id":"https:\/\/www.lapurla.ch\/fr\/news\/anpac#primaryimage","url":"https:\/\/www.lapurla.ch\/wp-content\/uploads\/2023\/08\/maison-de-la-creativite-neuchatel.jpg","contentUrl":"https:\/\/www.lapurla.ch\/wp-content\/uploads\/2023\/08\/maison-de-la-creativite-neuchatel.jpg","width":2000,"height":1500},{"@type":"BreadcrumbList","@id":"https:\/\/www.lapurla.ch\/fr\/news\/anpac#breadcrumb","itemListElement":[{"@type":"ListItem","position":1,"name":"Startseite","item":"https:\/\/www.lapurla.ch\/fr"},{"@type":"ListItem","position":2,"name":"News","item":"https:\/\/www.lapurla.ch\/news"},{"@type":"ListItem","position":3,"name":"L&#8217;association ANPAC 0-6 vient de voir le jour dans le canton de Neuch\u00e2tel !\u00a0"}]},{"@type":"WebSite","@id":"https:\/\/www.lapurla.ch\/#website","url":"https:\/\/www.lapurla.ch\/","name":"Lapurla","description":"","publisher":{"@id":"https:\/\/www.lapurla.ch\/#organization"},"potentialAction":[{"@type":"SearchAction","target":{"@type":"EntryPoint","urlTemplate":"https:\/\/www.lapurla.ch\/?s={search_term_string}"},"query-input":{"@type":"PropertyValueSpecification","valueRequired":true,"valueName":"search_term_string"}}],"inLanguage":"fr-FR"},{"@type":"Organization","@id":"https:\/\/www.lapurla.ch\/#organization","name":"Lapurla","url":"https:\/\/www.lapurla.ch\/","logo":{"@type":"ImageObject","inLanguage":"fr-FR","@id":"https:\/\/www.lapurla.ch\/#\/schema\/logo\/image\/","url":"https:\/\/www.lapurla.ch\/wp-content\/uploads\/2022\/03\/cropped-favicon.png","contentUrl":"https:\/\/www.lapurla.ch\/wp-content\/uploads\/2022\/03\/cropped-favicon.png","width":512,"height":512,"caption":"Lapurla"},"image":{"@id":"https:\/\/www.lapurla.ch\/#\/schema\/logo\/image\/"}}]}},"_links":{"self":[{"href":"https:\/\/www.lapurla.ch\/fr\/wp-json\/wp\/v2\/news\/18628","targetHints":{"allow":["GET"]}}],"collection":[{"href":"https:\/\/www.lapurla.ch\/fr\/wp-json\/wp\/v2\/news"}],"about":[{"href":"https:\/\/www.lapurla.ch\/fr\/wp-json\/wp\/v2\/types\/news"}],"version-history":[{"count":3,"href":"https:\/\/www.lapurla.ch\/fr\/wp-json\/wp\/v2\/news\/18628\/revisions"}],"predecessor-version":[{"id":18636,"href":"https:\/\/www.lapurla.ch\/fr\/wp-json\/wp\/v2\/news\/18628\/revisions\/18636"}],"wp:featuredmedia":[{"embeddable":true,"href":"https:\/\/www.lapurla.ch\/fr\/wp-json\/wp\/v2\/media\/18629"}],"wp:attachment":[{"href":"https:\/\/www.lapurla.ch\/fr\/wp-json\/wp\/v2\/media?parent=18628"}],"wp:term":[{"taxonomy":"category","embeddable":true,"href":"https:\/\/www.lapurla.ch\/fr\/wp-json\/wp\/v2\/categories?post=18628"}],"curies":[{"name":"wp","href":"https:\/\/api.w.org\/{rel}","templated":true}]}}