{"id":16510,"date":"2023-04-11T22:29:20","date_gmt":"2023-04-11T20:29:20","guid":{"rendered":"https:\/\/www.lapurla.ch\/?post_type=news&#038;p=16510"},"modified":"2023-05-01T10:56:36","modified_gmt":"2023-05-01T08:56:36","slug":"lets-play-des-formats-culturels-pour-la-generation-suivante","status":"publish","type":"news","link":"https:\/\/www.lapurla.ch\/fr\/news\/lets-play-des-formats-culturels-pour-la-generation-suivante","title":{"rendered":"Let\u2019s play: des formats culturels pour la g\u00e9n\u00e9ration suivante"},"content":{"rendered":"\n<p>Avec la mise au concours \u00abLet\u2019s play\u00bb, le Pour-cent culturel Migros recherchons des projets qui abordent le jeune public sur un pied d\u2019\u00e9galit\u00e9; des projets en phase avec les besoins des enfants et des jeunes, tant dans l\u2019\u00e9tape de d\u00e9veloppement que dans la mise en \u0153uvre; des projets dans lesquels les contenus et les formats sont cr\u00e9\u00e9s conjointement et de mani\u00e8re participative avec les jeunes. Car le jeune public d\u2019aujourd\u2019hui s\u2019int\u00e9ressera demain \u00e0 une offre culturelle diversifi\u00e9e.<\/p>\n\n\n\n<p>La pr\u00e9f\u00e9rence sera donn\u00e9e \u00e0 de nouveaux projets et contenus racontant les r\u00e9alit\u00e9s de la vie des enfants et des jeunes dans leur propre langage et abordant de mani\u00e8re cibl\u00e9e des th\u00e8mes socialement pertinents et actuels, notamment la diversit\u00e9, l\u2019inclusion, le climat ou l\u2019intelligence artificielle.&nbsp;<\/p>\n\n\n\n<p>Avez-vous un projet de ce type, qui s\u2019int\u00e9resse de mani\u00e8re approfondie au jeune public d&rsquo;aujourd\u2019hui? Le projet a-t-il une port\u00e9e suprar\u00e9gionale voire nationale?&nbsp;<\/p>\n\n\n\n<p>Les projets culturels issus des cat\u00e9gories suivantes peuvent \u00eatre soutenus: arts plastiques, bande dessin\u00e9e, culture num\u00e9rique, film, jazz, musique classique, petites sc\u00e8nes, litt\u00e9rature, musique pop, danse, th\u00e9\u00e2tre et projets interdisciplinaires. La pr\u00e9f\u00e9rence sera donn\u00e9e \u00e0 des projets issus de la sc\u00e8ne ind\u00e9pendante et en dehors des institutions existantes.<\/p>\n\n\n\n<p>La soumission est possible jusqu\u2019au <strong>15 mai 2023 \u00e0 17 h<\/strong>.<\/p>\n\n\n\n<p><a href=\"https:\/\/engagement.migros.ch\/fr\/subvention\/mises-au-concours\/lets-play\">Vers l&rsquo;appel \u00e0 projets<\/a><\/p>\n\n\n\n<div id=\"bildergalerie-block_8466fcb53193ecf740094f894ca922c5\" class=\"mod-bildergalerie\">\n            <div class=\"col-12\">\n\t\t    \n<div class=\"mod-slider\">\n\t        <div id=\"slider-27075c2e-d28a-4398-9d3b-8ae278f14785\" class=\"swiper-solo\">\n            <div class=\"swiper-wrapper\">\n\t\t\t\t                    <div class=\"swiper-slide\">\n                        <figure>\n\t\t\t\t\t\t\t<div class=\"a-image \">       <picture class=\"a-image__picture\">       \t<source width=\"1296\" height=\"972\" media=\"(min-width: 1400px)\" srcset=\"https:\/\/www.lapurla.ch\/wp-content\/uploads\/2023\/04\/3005-ausschreibungen-migros-kulturprozent-neu-1296x972c.jpg 1x, https:\/\/www.lapurla.ch\/wp-content\/uploads\/2023\/04\/3005-ausschreibungen-migros-kulturprozent-neu-2592x1944c.jpg 2x\">           <source width=\"1116\" height=\"837\" media=\"(min-width: 1200px)\" srcset=\"https:\/\/www.lapurla.ch\/wp-content\/uploads\/2023\/04\/3005-ausschreibungen-migros-kulturprozent-neu-1116x837c.jpg 1x, https:\/\/www.lapurla.ch\/wp-content\/uploads\/2023\/04\/3005-ausschreibungen-migros-kulturprozent-neu-2232x1674c.jpg 2x\">           <source width=\"936\" height=\"702\" media=\"(min-width: 992px)\" srcset=\"https:\/\/www.lapurla.ch\/wp-content\/uploads\/2023\/04\/3005-ausschreibungen-migros-kulturprozent-neu-936x702c.jpg  1x, https:\/\/www.lapurla.ch\/wp-content\/uploads\/2023\/04\/3005-ausschreibungen-migros-kulturprozent-neu-1872x1404c.jpg 2x\">           <source width=\"696\" height=\"522\" media=\"(min-width: 768px)\" srcset=\"https:\/\/www.lapurla.ch\/wp-content\/uploads\/2023\/04\/3005-ausschreibungen-migros-kulturprozent-neu-696x522c.jpg 1x, https:\/\/www.lapurla.ch\/wp-content\/uploads\/2023\/04\/3005-ausschreibungen-migros-kulturprozent-neu-1392x1044c.jpg 2x\">           <source width=\"516\" height=\"387\" media=\"(min-width: 576px)\" srcset=\"https:\/\/www.lapurla.ch\/wp-content\/uploads\/2023\/04\/3005-ausschreibungen-migros-kulturprozent-neu-516x387c.jpg 1x, https:\/\/www.lapurla.ch\/wp-content\/uploads\/2023\/04\/3005-ausschreibungen-migros-kulturprozent-neu-1032x774c.jpg 2x\">           <img loading=\"lazy\" decoding=\"async\" width=\"550\" height=\"413\"           class=\"a-image__image\"           src=\"https:\/\/www.lapurla.ch\/wp-content\/uploads\/2023\/04\/3005-ausschreibungen-migros-kulturprozent-neu-550x413c.jpg\" data-srcset=\"https:\/\/www.lapurla.ch\/wp-content\/uploads\/2023\/04\/3005-ausschreibungen-migros-kulturprozent-neu-1100x826c.jpg 2x\" alt=\"\"\/>       <\/picture> <\/div>                            <figcaption>\n\t\t\t\t\t\t\t\t                            <\/figcaption>\n                        <\/figure>\n                    <\/div>\n\t\t\t\t            <\/div>\n            <div class=\"container\">\n                <div class=\"row\">\n                    <div class=\"col-12 position-relative\">\n                        <div class=\"pagination\"><\/div>\n                        <div class=\"button-wrapper\">\n                            <button class=\"swiper-button-prev\">\n\t\t\t\t\t\t\t\t<svg class=\"svg-icon icon-arrow-left\" xmlns=\"http:\/\/www.w3.org\/2000\/svg\"><use xmlns:xlink=\"http:\/\/www.w3.org\/1999\/xlink\" xlink:href=\"https:\/\/www.lapurla.ch\/wp-content\/themes\/lapurla\/dist\/icons.svg?f27dc72#arrow-left\"><\/use><\/svg>                                <span class=\"visually-hidden\">Pr\u00e9c\u00e9dent<\/span>\n                            <\/button>\n                            <button class=\"swiper-button-next\">\n\t\t\t\t\t\t\t\t<svg class=\"svg-icon icon-arrow-right\" xmlns=\"http:\/\/www.w3.org\/2000\/svg\"><use xmlns:xlink=\"http:\/\/www.w3.org\/1999\/xlink\" xlink:href=\"https:\/\/www.lapurla.ch\/wp-content\/themes\/lapurla\/dist\/icons.svg?f27dc72#arrow-right\"><\/use><\/svg>                                <span class=\"visually-hidden\">Suivant<\/span>\n                            <\/button>\n                        <\/div>\n                    <\/div>\n                <\/div>\n            <\/div>\n        <\/div>\n\t<\/div>\n        <\/div>\n    <\/div>\n","protected":false},"excerpt":{"rendered":"<p>Avec la mise au concours \u00abLet\u2019s play\u00bb, le Pour-cent culturel Migros recherchons des projets qui abordent le jeune public sur un pied d\u2019\u00e9galit\u00e9; des projets en phase avec les besoins des enfants et des jeunes, tant dans l\u2019\u00e9tape de d\u00e9veloppement que dans la mise en \u0153uvre; des projets dans lesquels les contenus et les formats [&hellip;]<\/p>\n","protected":false},"featured_media":16507,"template":"","meta":{"_acf_changed":false,"latitude":"","longitude":"","kurzbeschreibung":"Avec la mise au concours \u00abLet\u2019s play\u00bb, le Pour-cent culturel Migros recherchons des projets qui abordent le jeune public sur un pied d\u2019\u00e9galit\u00e9; des projets en phase avec les besoins des enfants et des jeunes, tant dans l\u2019\u00e9tape de d\u00e9veloppement que dans la mise en \u0153uvre; des projets dans lesquels les contenus et les formats sont cr\u00e9\u00e9s conjointement et de mani\u00e8re participative avec les jeunes. Car le jeune public d\u2019aujourd\u2019hui s\u2019int\u00e9ressera demain \u00e0 une offre culturelle diversifi\u00e9e. La soumission est possible jusqu\u2019au 15 mai 2023 \u00e0 17 h.","datum_von":"","footnotes":""},"categories":[],"class_list":["post-16510","news","type-news","status-publish","has-post-thumbnail","hentry"],"acf":[],"yoast_head":"<!-- This site is optimized with the Yoast SEO plugin v27.2 - https:\/\/yoast.com\/product\/yoast-seo-wordpress\/ -->\n<title>Let\u2019s play: des formats culturels pour la g\u00e9n\u00e9ration suivante &#8211; Lapurla<\/title>\n<meta name=\"robots\" content=\"index, follow, max-snippet:-1, max-image-preview:large, max-video-preview:-1\" \/>\n<link rel=\"canonical\" href=\"https:\/\/www.lapurla.ch\/fr\/news\/lets-play-des-formats-culturels-pour-la-generation-suivante\" \/>\n<meta property=\"og:locale\" content=\"fr_FR\" \/>\n<meta property=\"og:type\" content=\"article\" \/>\n<meta property=\"og:title\" content=\"Let\u2019s play: des formats culturels pour la g\u00e9n\u00e9ration suivante &#8211; Lapurla\" \/>\n<meta property=\"og:description\" content=\"Avec la mise au concours \u00abLet\u2019s play\u00bb, le Pour-cent culturel Migros recherchons des projets qui abordent le jeune public sur un pied d\u2019\u00e9galit\u00e9; des projets en phase avec les besoins des enfants et des jeunes, tant dans l\u2019\u00e9tape de d\u00e9veloppement que dans la mise en \u0153uvre; des projets dans lesquels les contenus et les formats [&hellip;]\" \/>\n<meta property=\"og:url\" content=\"https:\/\/www.lapurla.ch\/fr\/news\/lets-play-des-formats-culturels-pour-la-generation-suivante\" \/>\n<meta property=\"og:site_name\" content=\"Lapurla\" \/>\n<meta property=\"article:modified_time\" content=\"2023-05-01T08:56:36+00:00\" \/>\n<meta property=\"og:image\" content=\"https:\/\/www.lapurla.ch\/wp-content\/uploads\/2023\/04\/3005-ausschreibungen-migros-kulturprozent-neu.jpg\" \/>\n\t<meta property=\"og:image:width\" content=\"1328\" \/>\n\t<meta property=\"og:image:height\" content=\"886\" \/>\n\t<meta property=\"og:image:type\" content=\"image\/jpeg\" \/>\n<meta name=\"twitter:card\" content=\"summary_large_image\" \/>\n<meta name=\"twitter:label1\" content=\"Dur\u00e9e de lecture estim\u00e9e\" \/>\n\t<meta name=\"twitter:data1\" content=\"2 minutes\" \/>\n<script type=\"application\/ld+json\" class=\"yoast-schema-graph\">{\"@context\":\"https:\/\/schema.org\",\"@graph\":[{\"@type\":\"WebPage\",\"@id\":\"https:\/\/www.lapurla.ch\/fr\/news\/lets-play-des-formats-culturels-pour-la-generation-suivante\",\"url\":\"https:\/\/www.lapurla.ch\/fr\/news\/lets-play-des-formats-culturels-pour-la-generation-suivante\",\"name\":\"Let\u2019s play: des formats culturels pour la g\u00e9n\u00e9ration suivante &#8211; Lapurla\",\"isPartOf\":{\"@id\":\"https:\/\/www.lapurla.ch\/#website\"},\"primaryImageOfPage\":{\"@id\":\"https:\/\/www.lapurla.ch\/fr\/news\/lets-play-des-formats-culturels-pour-la-generation-suivante#primaryimage\"},\"image\":{\"@id\":\"https:\/\/www.lapurla.ch\/fr\/news\/lets-play-des-formats-culturels-pour-la-generation-suivante#primaryimage\"},\"thumbnailUrl\":\"https:\/\/www.lapurla.ch\/wp-content\/uploads\/2023\/04\/3005-ausschreibungen-migros-kulturprozent-neu.jpg\",\"datePublished\":\"2023-04-11T20:29:20+00:00\",\"dateModified\":\"2023-05-01T08:56:36+00:00\",\"breadcrumb\":{\"@id\":\"https:\/\/www.lapurla.ch\/fr\/news\/lets-play-des-formats-culturels-pour-la-generation-suivante#breadcrumb\"},\"inLanguage\":\"fr-FR\",\"potentialAction\":[{\"@type\":\"ReadAction\",\"target\":[\"https:\/\/www.lapurla.ch\/fr\/news\/lets-play-des-formats-culturels-pour-la-generation-suivante\"]}]},{\"@type\":\"ImageObject\",\"inLanguage\":\"fr-FR\",\"@id\":\"https:\/\/www.lapurla.ch\/fr\/news\/lets-play-des-formats-culturels-pour-la-generation-suivante#primaryimage\",\"url\":\"https:\/\/www.lapurla.ch\/wp-content\/uploads\/2023\/04\/3005-ausschreibungen-migros-kulturprozent-neu.jpg\",\"contentUrl\":\"https:\/\/www.lapurla.ch\/wp-content\/uploads\/2023\/04\/3005-ausschreibungen-migros-kulturprozent-neu.jpg\",\"width\":1328,\"height\":886},{\"@type\":\"BreadcrumbList\",\"@id\":\"https:\/\/www.lapurla.ch\/fr\/news\/lets-play-des-formats-culturels-pour-la-generation-suivante#breadcrumb\",\"itemListElement\":[{\"@type\":\"ListItem\",\"position\":1,\"name\":\"Startseite\",\"item\":\"https:\/\/www.lapurla.ch\/fr\"},{\"@type\":\"ListItem\",\"position\":2,\"name\":\"News\",\"item\":\"https:\/\/www.lapurla.ch\/news\"},{\"@type\":\"ListItem\",\"position\":3,\"name\":\"Let\u2019s play: des formats culturels pour la g\u00e9n\u00e9ration suivante\"}]},{\"@type\":\"WebSite\",\"@id\":\"https:\/\/www.lapurla.ch\/#website\",\"url\":\"https:\/\/www.lapurla.ch\/\",\"name\":\"Lapurla\",\"description\":\"\",\"publisher\":{\"@id\":\"https:\/\/www.lapurla.ch\/#organization\"},\"potentialAction\":[{\"@type\":\"SearchAction\",\"target\":{\"@type\":\"EntryPoint\",\"urlTemplate\":\"https:\/\/www.lapurla.ch\/?s={search_term_string}\"},\"query-input\":{\"@type\":\"PropertyValueSpecification\",\"valueRequired\":true,\"valueName\":\"search_term_string\"}}],\"inLanguage\":\"fr-FR\"},{\"@type\":\"Organization\",\"@id\":\"https:\/\/www.lapurla.ch\/#organization\",\"name\":\"Lapurla\",\"url\":\"https:\/\/www.lapurla.ch\/\",\"logo\":{\"@type\":\"ImageObject\",\"inLanguage\":\"fr-FR\",\"@id\":\"https:\/\/www.lapurla.ch\/#\/schema\/logo\/image\/\",\"url\":\"https:\/\/www.lapurla.ch\/wp-content\/uploads\/2022\/03\/cropped-favicon.png\",\"contentUrl\":\"https:\/\/www.lapurla.ch\/wp-content\/uploads\/2022\/03\/cropped-favicon.png\",\"width\":512,\"height\":512,\"caption\":\"Lapurla\"},\"image\":{\"@id\":\"https:\/\/www.lapurla.ch\/#\/schema\/logo\/image\/\"}}]}<\/script>\n<!-- \/ Yoast SEO plugin. -->","yoast_head_json":{"title":"Let\u2019s play: des formats culturels pour la g\u00e9n\u00e9ration suivante &#8211; Lapurla","robots":{"index":"index","follow":"follow","max-snippet":"max-snippet:-1","max-image-preview":"max-image-preview:large","max-video-preview":"max-video-preview:-1"},"canonical":"https:\/\/www.lapurla.ch\/fr\/news\/lets-play-des-formats-culturels-pour-la-generation-suivante","og_locale":"fr_FR","og_type":"article","og_title":"Let\u2019s play: des formats culturels pour la g\u00e9n\u00e9ration suivante &#8211; Lapurla","og_description":"Avec la mise au concours \u00abLet\u2019s play\u00bb, le Pour-cent culturel Migros recherchons des projets qui abordent le jeune public sur un pied d\u2019\u00e9galit\u00e9; des projets en phase avec les besoins des enfants et des jeunes, tant dans l\u2019\u00e9tape de d\u00e9veloppement que dans la mise en \u0153uvre; des projets dans lesquels les contenus et les formats [&hellip;]","og_url":"https:\/\/www.lapurla.ch\/fr\/news\/lets-play-des-formats-culturels-pour-la-generation-suivante","og_site_name":"Lapurla","article_modified_time":"2023-05-01T08:56:36+00:00","og_image":[{"width":1328,"height":886,"url":"https:\/\/www.lapurla.ch\/wp-content\/uploads\/2023\/04\/3005-ausschreibungen-migros-kulturprozent-neu.jpg","type":"image\/jpeg"}],"twitter_card":"summary_large_image","twitter_misc":{"Dur\u00e9e de lecture estim\u00e9e":"2 minutes"},"schema":{"@context":"https:\/\/schema.org","@graph":[{"@type":"WebPage","@id":"https:\/\/www.lapurla.ch\/fr\/news\/lets-play-des-formats-culturels-pour-la-generation-suivante","url":"https:\/\/www.lapurla.ch\/fr\/news\/lets-play-des-formats-culturels-pour-la-generation-suivante","name":"Let\u2019s play: des formats culturels pour la g\u00e9n\u00e9ration suivante &#8211; Lapurla","isPartOf":{"@id":"https:\/\/www.lapurla.ch\/#website"},"primaryImageOfPage":{"@id":"https:\/\/www.lapurla.ch\/fr\/news\/lets-play-des-formats-culturels-pour-la-generation-suivante#primaryimage"},"image":{"@id":"https:\/\/www.lapurla.ch\/fr\/news\/lets-play-des-formats-culturels-pour-la-generation-suivante#primaryimage"},"thumbnailUrl":"https:\/\/www.lapurla.ch\/wp-content\/uploads\/2023\/04\/3005-ausschreibungen-migros-kulturprozent-neu.jpg","datePublished":"2023-04-11T20:29:20+00:00","dateModified":"2023-05-01T08:56:36+00:00","breadcrumb":{"@id":"https:\/\/www.lapurla.ch\/fr\/news\/lets-play-des-formats-culturels-pour-la-generation-suivante#breadcrumb"},"inLanguage":"fr-FR","potentialAction":[{"@type":"ReadAction","target":["https:\/\/www.lapurla.ch\/fr\/news\/lets-play-des-formats-culturels-pour-la-generation-suivante"]}]},{"@type":"ImageObject","inLanguage":"fr-FR","@id":"https:\/\/www.lapurla.ch\/fr\/news\/lets-play-des-formats-culturels-pour-la-generation-suivante#primaryimage","url":"https:\/\/www.lapurla.ch\/wp-content\/uploads\/2023\/04\/3005-ausschreibungen-migros-kulturprozent-neu.jpg","contentUrl":"https:\/\/www.lapurla.ch\/wp-content\/uploads\/2023\/04\/3005-ausschreibungen-migros-kulturprozent-neu.jpg","width":1328,"height":886},{"@type":"BreadcrumbList","@id":"https:\/\/www.lapurla.ch\/fr\/news\/lets-play-des-formats-culturels-pour-la-generation-suivante#breadcrumb","itemListElement":[{"@type":"ListItem","position":1,"name":"Startseite","item":"https:\/\/www.lapurla.ch\/fr"},{"@type":"ListItem","position":2,"name":"News","item":"https:\/\/www.lapurla.ch\/news"},{"@type":"ListItem","position":3,"name":"Let\u2019s play: des formats culturels pour la g\u00e9n\u00e9ration suivante"}]},{"@type":"WebSite","@id":"https:\/\/www.lapurla.ch\/#website","url":"https:\/\/www.lapurla.ch\/","name":"Lapurla","description":"","publisher":{"@id":"https:\/\/www.lapurla.ch\/#organization"},"potentialAction":[{"@type":"SearchAction","target":{"@type":"EntryPoint","urlTemplate":"https:\/\/www.lapurla.ch\/?s={search_term_string}"},"query-input":{"@type":"PropertyValueSpecification","valueRequired":true,"valueName":"search_term_string"}}],"inLanguage":"fr-FR"},{"@type":"Organization","@id":"https:\/\/www.lapurla.ch\/#organization","name":"Lapurla","url":"https:\/\/www.lapurla.ch\/","logo":{"@type":"ImageObject","inLanguage":"fr-FR","@id":"https:\/\/www.lapurla.ch\/#\/schema\/logo\/image\/","url":"https:\/\/www.lapurla.ch\/wp-content\/uploads\/2022\/03\/cropped-favicon.png","contentUrl":"https:\/\/www.lapurla.ch\/wp-content\/uploads\/2022\/03\/cropped-favicon.png","width":512,"height":512,"caption":"Lapurla"},"image":{"@id":"https:\/\/www.lapurla.ch\/#\/schema\/logo\/image\/"}}]}},"_links":{"self":[{"href":"https:\/\/www.lapurla.ch\/fr\/wp-json\/wp\/v2\/news\/16510","targetHints":{"allow":["GET"]}}],"collection":[{"href":"https:\/\/www.lapurla.ch\/fr\/wp-json\/wp\/v2\/news"}],"about":[{"href":"https:\/\/www.lapurla.ch\/fr\/wp-json\/wp\/v2\/types\/news"}],"version-history":[{"count":4,"href":"https:\/\/www.lapurla.ch\/fr\/wp-json\/wp\/v2\/news\/16510\/revisions"}],"predecessor-version":[{"id":16724,"href":"https:\/\/www.lapurla.ch\/fr\/wp-json\/wp\/v2\/news\/16510\/revisions\/16724"}],"wp:featuredmedia":[{"embeddable":true,"href":"https:\/\/www.lapurla.ch\/fr\/wp-json\/wp\/v2\/media\/16507"}],"wp:attachment":[{"href":"https:\/\/www.lapurla.ch\/fr\/wp-json\/wp\/v2\/media?parent=16510"}],"wp:term":[{"taxonomy":"category","embeddable":true,"href":"https:\/\/www.lapurla.ch\/fr\/wp-json\/wp\/v2\/categories?post=16510"}],"curies":[{"name":"wp","href":"https:\/\/api.w.org\/{rel}","templated":true}]}}